{"id":4569,"date":"2020-10-08T16:55:00","date_gmt":"2020-10-08T21:55:00","guid":{"rendered":"http:\/\/www.pro-corp.net\/bck\/?p=4569"},"modified":"2021-10-27T11:56:03","modified_gmt":"2021-10-27T16:56:03","slug":"sefardi","status":"publish","type":"post","link":"https:\/\/www.pro-corp.net\/bck\/sefardi\/","title":{"rendered":"Sefard\u00ed: el origen que te permite la concesi\u00f3n de la nacionalidad espa\u00f1ola o portuguesa"},"content":{"rendered":"<p>\u00bfTienes apellido de origen <strong>sefard\u00ed<\/strong>? En este art\u00edculo te explicamos todo lo que deber\u00edas saber sobre la historia de esta comunidad jud\u00eda. Adem\u00e1s, te contamos sobre las leyes que existen en Espa\u00f1a y Portugal para brindarles la nacionalidad a las personas con esta ascendencia.<\/p>\n<p>Y es que, en la actualidad, diversas asociaciones calculan que existen al menos dos millones de personas con origen <strong>sefard\u00ed<\/strong> en el mundo. Estos son los descendientes de los jud\u00edos contra quienes los Reyes de Espa\u00f1a, Fernando e Isabel, firmaron el edicto de expulsi\u00f3n el 31 de marzo de 1492.<\/p>\n<h2>Historia de la comunidad <strong>sefard\u00ed<\/strong><\/h2>\n<p>Para hacer un poco de historia, durante este a\u00f1o (1492) los miembros de la comunidad jud\u00eda y sus descendientes<strong>, <\/strong>que viv\u00edan en la Corona de Castilla y la Corona de Arag\u00f3n, fueron expulsados por los Reyes Cat\u00f3licos de Espa\u00f1a por no querer convertirse al catolicismo.<\/p>\n<p>Aunque les estaba permitido llevarse bienes muebles, se les prohibi\u00f3 sacar oro, plata, monedas, armas y caballos. Esto complic\u00f3 que los jud\u00edos pudieran iniciar nuevos negocios en otros territorios.<\/p>\n<p>As\u00ed, un gran n\u00famero de ellos, obligados a dejar su pa\u00eds de origen, se establecieron al norte de \u00c1frica, v\u00eda Portugal. All\u00ed, crearon varias comunidades en las ciudades de Lisboa, \u00c9vora y Beja.<\/p>\n<p>Sin embargo, a\u00f1os m\u00e1s tarde, tambi\u00e9n tuvieron que emigrar bajo el mismo mandato: si no se convert\u00edan al catolicismo, deb\u00edan abandonar el pa\u00eds. La decisi\u00f3n puso fin a 1.500 a\u00f1os de presencia jud\u00eda en la Pen\u00ednsula Ib\u00e9rica.<\/p>\n<h2>Comunidad <strong>sefard\u00ed<\/strong> en Latinoam\u00e9rica<\/h2>\n<p>Exiliados de la Pen\u00ednsula Ib\u00e9rica, muchos jud\u00edos emigraron al Nuevo Mundo concentr\u00e1ndose principalmente en Estados Unidos, M\u00e9xico, Brasil y Argentina. Este \u00faltimo pa\u00eds alberga la comunidad principal de Latinoam\u00e9rica (aproximadamente 280.000 personas) y es la s\u00e9ptima poblaci\u00f3n <strong>sefard\u00ed<\/strong> m\u00e1s importante del mundo.<\/p>\n<p>Por esta raz\u00f3n, miles de latinoamericanos tienen origen <strong>sefard\u00ed. <\/strong>Sus antepasados, que se establecieron en el nuevo territorio, transmitieron de generaci\u00f3n en generaci\u00f3n la esencia de una historia y tradici\u00f3n latente.<\/p>\n<p>\u00bfSab\u00edas que los gobiernos de Espa\u00f1a y Portugal, conscientes de este innegable hecho hist\u00f3rico, consideraron la necesidad de reparar un da\u00f1o que oblig\u00f3 a dejar su hogar a cientos de miembros de la milenaria comunidad?.<\/p>\n<p>Por eso, si eres descendiente de los jud\u00edos que habitaron estas regiones en los siglos XV y XVI, es posible que participes de esa herencia centenaria que por justicia te pertenece.<\/p>\n<h2><strong>&nbsp;<\/strong>\u00bfC\u00f3mo puedes obtener la nacionalidad espa\u00f1ola o portuguesa?<\/h2>\n<p>La concesi\u00f3n de la nacionalidad para ambos pa\u00edses persigue un mismo fin: restituir la nacionalidad a los descendientes de quienes fueron jud\u00edos y ciudadanos de pleno derecho de Espa\u00f1a y Portugal. Estos, aun despu\u00e9s de 5 siglos, y a pesar de la expulsi\u00f3n, tienen derecho a sus tradiciones, costumbres, v\u00ednculos religiosos, culturales y emocionales con estos pa\u00edses.<\/p>\n<p>Por eso, es necesario que conozcas en qu\u00e9 consiste la ley de cada pa\u00eds y cu\u00e1les son sus diferencias. A continuaci\u00f3n, te explicamos las particularidades de cada una.<\/p>\n<h3>Espa\u00f1a: Ley de Concesi\u00f3n de Nacionalidad Espa\u00f1ola<\/h3>\n<p>En 2015, el Congreso de los Diputados del Gobierno Espa\u00f1ol aprob\u00f3 una ley para conceder la nacionalidad espa\u00f1ola <strong>sefard\u00ed<\/strong>. Esta fue publicada el 24 de junio de ese mismo a\u00f1o y se estableci\u00f3 espec\u00edficamente para los descendientes de los jud\u00edos hispano-portugueses que vivieron en la Pen\u00ednsula Ib\u00e9rica hasta 1497.<\/p>\n<p>Se conoce con el nombre de Real Decreto\/893 de 2015. En t\u00e9rminos generales, se trata de un ajuste al c\u00f3digo civil por medio de la Ley 12\/2015 que busca brindarles la <a href=\"http:\/\/www.exteriores.gob.es\/Consulados\/LOSANGELES\/es\/ServiciosConsulares\/Paginas\/SCLA\/Nacionalidad-para-Sefar.aspx\">nacionalidad<\/a> a personas con origen <strong>sefard\u00ed<\/strong>.<\/p>\n<h4>Aspectos m\u00e1s resaltantes de la ley<\/h4>\n<p>Seg\u00fan la Federaci\u00f3n de Comunidades Jud\u00edas de Espa\u00f1a (<a href=\"https:\/\/www.fcje.org\/\">FCJE<\/a>), la comunidad <strong>sefard\u00ed<\/strong> puede adquirir la nacionalidad espa\u00f1ola a trav\u00e9s de dos v\u00edas:<\/p>\n<ul>\n<li>Por plazo privilegiado del art\u00edculo 22 del C\u00f3digo Civil: nacionalidad por residencia de dos a\u00f1os.<\/li>\n<li>Por concesi\u00f3n discrecional del gobierno espa\u00f1ol: nacionalidad por carta de naturaleza.<\/li>\n<\/ul>\n<p>Adem\u00e1s, para los hijos menores de edad ya nacidos se les otorga la ciudadan\u00eda espa\u00f1ola de forma autom\u00e1tica y gratuita, una vez que uno de los padres la tenga. Incluso, la nacionalidad la pueden tramitar menores de edad. Tambi\u00e9n, este decreto permite acreditar el origen a trav\u00e9s de un informe de linaje <strong>sefard\u00ed<\/strong>.<\/p>\n<p>Ahora, la legislaci\u00f3n libera la obligatoriedad de residir en el pa\u00eds y no exige la renuncia de la nacionalidad anterior. Sin embargo, s\u00ed establece que debes viajar a Espa\u00f1a para firmar la solicitud y exige vinculaciones con la naci\u00f3n.<\/p>\n<p>Ten presente que esta <a href=\"https:\/\/www.boe.es\/boe\/dias\/2015\/06\/25\/pdfs\/BOE-A-2015-7045.pdf\">ley<\/a> impone la obligaci\u00f3n de hacer un examen de conocimientos constitucionales y socioculturales espa\u00f1oles. Tambi\u00e9n, un examen de idiomas a las personas que no tienen un pasaporte hispanoamericano.<\/p>\n<p>Ambos ex\u00e1menes deben ser aprobados ante el Instituto Cervantes y est\u00e1n exentos para menores de 18 a\u00f1os y mayores de 70 a\u00f1os, as\u00ed como para las personas con capacidad modificada judicialmente.<\/p>\n<h3>Portugal: Decreto Ley portugu\u00e9s N\u00b030 A\/2015<\/h3>\n<p>En Portugal, por otro lado, se aprob\u00f3 el 27 de febrero de 2015 el Decreto Ley portugu\u00e9s N\u00ba30-A\/2015. Tambi\u00e9n conocida como la Ley <strong>sefard\u00ed<\/strong> de retorno. Por medio de esta normativa se habilita a los descendientes de jud\u00edos sefard\u00edes para que puedan convertirse en ciudadanos de este pa\u00eds. <strong>&nbsp;<\/strong><\/p>\n<p>Para solicitar la nacionalidad portuguesa <strong>sefard\u00ed<\/strong>, la ley no exige que el solicitante hable o conozca el idioma portugu\u00e9s. Ni siquiera que tenga ascendencia ni vinculaci\u00f3n portuguesa por ahora. Sin embargo, hay un proyecto de ley para cambiar esto desde 2022. Asimismo, es una legislaci\u00f3n que no tiene fecha de caducidad, lo que implica que puedes realizar los tr\u00e1mites cuando lo desees y sin limitaciones de tiempo.<\/p>\n<h4>Aspectos m\u00e1s importantes de la ley<\/h4>\n<p>Seg\u00fan el Ministerio de Justicia de Portugal, los sefard\u00edes descendientes de Espa\u00f1a son considerados a su vez descendientes de Portugal. La comunidad <strong>sefard\u00ed<\/strong> puede tener la nacionalidad en dos pasos:<\/p>\n<ul>\n<li>La emisi\u00f3n de un certificado de ascendencia <strong>sefard\u00ed <\/strong>por parte de las comunidades jud\u00edas.<\/li>\n<li>La petici\u00f3n de la nacionalidad ante el Ministerio de Justicia de Portugal con la presentaci\u00f3n de los documentos exigidos.<\/li>\n<\/ul>\n<p>A diferencia de Espa\u00f1a, la <a href=\"https:\/\/dre.pt\/web\/guest\/pesquisa\/-\/search\/66619927\/details\/normal?q=N%C2%BA30-A%2F2015\">ley portuguesa<\/a> no concede la ciudadan\u00eda autom\u00e1tica a los hijos menores que nacieron antes de que el padre o la madre obtuvieran la nacionalidad.<\/p>\n<p>Por otro lado, este decreto no impone la obligatoriedad de un examen sociocultural, ni de idiomas, como s\u00ed lo exige Espa\u00f1a. Adem\u00e1s, no requiere que residas en el pa\u00eds, ni obliga a viajar a Portugal para la firma ante una notar\u00eda, pues todos los tr\u00e1mites pueden realizarse mediante un poder otorgado a un despacho de abogados.<\/p>\n<h2>Realizaci\u00f3n de tr\u00e1mites y apoyo de expertos<\/h2>\n<p>Para ambos casos, la ley de nacionalidad para sefard\u00edes requiere demostrar una conexi\u00f3n directa o colateral con alg\u00fan jud\u00edo <strong>sefard\u00ed<\/strong>. Una de las formas es el estudio y la certificaci\u00f3n del \u00e1rbol geneal\u00f3gico. Es importante que sepas que para iniciar el tr\u00e1mite de la solicitud de nacionalidad no necesitas ser un jud\u00edo practicante.<\/p>\n<p>Ten en cuenta que la posibilidad de contar con un pasaporte europeo puede trazar un camino favorable para el goce de innumerables oportunidades. Por ejemplo, estudiar en cualquier universidad de los 27 pa\u00edses de la Uni\u00f3n Europea.<\/p>\n<p>Tambi\u00e9n, podr\u00e1s invertir dinero, hacer negocios o encontrar el empleo ideal. Si quieres aplicar a la nacionalidad espa\u00f1ola o portuguesa por origen <strong>sefard\u00ed<\/strong>, es necesario que te asesores con expertos en temas legales y geneal\u00f3gicos.<\/p>\n<p>En Pro-Corp contamos con un equipo interdisciplinar de abogados expertos y genealogistas de la Academia Colombiana de Genealog\u00eda. Tenemos presencia en Madrid (Espa\u00f1a), Lisboa (Portugal) y Colombia para ofrecerte el mejor servicio y acompa\u00f1amiento en cada una de las etapas del proceso. Desde el estudio de viabilidad geneal\u00f3gica, hasta la manera en la que deber\u00e1s presentar cada uno de tus documentos.<\/p>\n<h3>Descubre tu origen <strong>sefard\u00ed<\/strong> con Pro-Corp<\/h3>\n<p>Para la obtenci\u00f3n de la nacionalidad espa\u00f1ola o la nacionalidad portuguesa<strong> sefard\u00ed<\/strong>, nuestro despacho de abogados te ofrece<strong>: <\/strong><\/p>\n<p><strong>&nbsp;<\/strong><strong>Asesor\u00eda geneal\u00f3gica:<\/strong> somos genealogistas de la Academia Colombiana de Genealog\u00eda, expertos en Latinoam\u00e9rica. Te ayudamos a probar tu ascendencia sefard\u00ed, sin importar tu nacionalidad.<\/p>\n<ul>\n<li><strong>Servicio personalizado:<\/strong> durante todo el proceso un experto legal te acompa\u00f1ar\u00e1 para guiarte e informarte, seg\u00fan las particularidades y necesidades de tu caso.<\/li>\n<li><strong>Gesti\u00f3n documental:<\/strong> te ofrecemos un equipo capacitado que evaluar\u00e1 los requerimientos de tu caso. Este te acompa\u00f1ar\u00e1 en la obtenci\u00f3n de los documentos necesarios para completar tu solicitud exitosamente. \u200b<\/li>\n<li><strong>Asesor\u00eda jur\u00eddica:<\/strong> somos abogados expertos en la normatividad espa\u00f1ola y portuguesa, por lo que podremos asesorarte a lo largo del proceso en nuestras oficinas de Colombia, Portugal y Espa\u00f1a.<\/li>\n<li><strong>Asesor\u00eda tributaria:<\/strong> contar\u00e1s con un experto legal que te brindar\u00e1 asesor\u00eda tributaria para que aproveches al m\u00e1ximo los beneficios de tus nacionalidades.<\/li>\n<\/ul>\n<p>Como puedes ver, tu origen <strong>sefard\u00ed<\/strong> te abre las puertas a un nuevo mundo junto a tu familia. Ser\u00e1 maravilloso poder acompa\u00f1arte a descubrirlo y ayudarte en el proceso de la solicitud de tu nacionalidad. Recuerda que con ella podr\u00e1s obtener oportunidades de viajes, estudios y negocios. \u00a1An\u00edmate a hacer tus sue\u00f1os realidad!<\/p>\n\n\n<div class=\"wp-container-69f17b1d08255 wp-block-buttons is-content-justification-center\">\n<div class=\"wp-block-button is-style-fill\"><a class=\"wp-block-button__link has-white-color has-text-color has-background\" href=\"http:\/\/www.pro-corp.net\/bck\/asesoria\/\" style=\"border-radius:2px;background-color:#b70000\" target=\"_blank\" rel=\"noopener\">Empieza tu estudio de investigaci\u00f3n geneal\u00f3gica ac\u00e1<\/a><\/div>\n<\/div>\n","protected":false},"excerpt":{"rendered":"<p>\u00bfTienes apellido de origen sefard\u00ed? En este art\u00edculo te explicamos todo lo que deber\u00edas saber sobre la historia de esta comunidad jud\u00eda. Adem\u00e1s, te contamos sobre las leyes que existen en Espa\u00f1a y Portugal para brindarles la nacionalidad a las personas con esta ascendencia. Y es que, en la actualidad, diversas asociaciones calculan que existen [&hellip;]<\/p>\n","protected":false},"author":1656,"featured_media":7922,"comment_status":"open","ping_status":"open","sticky":false,"template":"","format":"standard","meta":[],"categories":[56],"tags":[74,72,77,76,75,71,73],"yoast_head":"<!-- This site is optimized with the Yoast SEO plugin v18.2 - https:\/\/yoast.com\/wordpress\/plugins\/seo\/ -->\n<title>Sefard\u00ed: todo lo que debes saber sobre tu ascendencia - Pro-corp<\/title>\n<meta name=\"description\" content=\"Si tienes origen sefard\u00ed, puedes optar por la nacionalidad espa\u00f1ola y portuguesa. Aqu\u00ed te contamos tu historia y los aspectos de esta concesi\u00f3n.\" \/>\n<meta name=\"robots\" content=\"index, follow, max-snippet:-1, max-image-preview:large, max-video-preview:-1\" \/>\n<link rel=\"canonical\" href=\"https:\/\/www.pro-corp.net\/bck\/sefardi\/\" \/>\n<meta property=\"og:locale\" content=\"es_ES\" \/>\n<meta property=\"og:type\" content=\"article\" \/>\n<meta property=\"og:title\" content=\"Sefard\u00ed: todo lo que debes saber sobre tu ascendencia - Pro-corp\" \/>\n<meta property=\"og:description\" content=\"Si tienes origen sefard\u00ed, puedes optar por la nacionalidad espa\u00f1ola y portuguesa. Aqu\u00ed te contamos tu historia y los aspectos de esta concesi\u00f3n.\" \/>\n<meta property=\"og:url\" content=\"https:\/\/www.pro-corp.net\/bck\/sefardi\/\" \/>\n<meta property=\"og:site_name\" content=\"Pro Corp Corporate Development\" \/>\n<meta property=\"article:publisher\" content=\"https:\/\/www.facebook.com\/Pro-Corp-Asesoria-legal-y-empresarial-105779337842842\/\" \/>\n<meta property=\"article:published_time\" content=\"2020-10-08T21:55:00+00:00\" \/>\n<meta property=\"article:modified_time\" content=\"2021-10-27T16:56:03+00:00\" \/>\n<meta property=\"og:image\" content=\"https:\/\/www.pro-corp.net\/bck\/wp-content\/uploads\/2020\/06\/logo-PXRecurso-3.png\" \/>\n\t<meta property=\"og:image:width\" content=\"220\" \/>\n\t<meta property=\"og:image:height\" content=\"41\" \/>\n\t<meta property=\"og:image:type\" content=\"image\/png\" \/>\n<meta name=\"twitter:card\" content=\"summary_large_image\" \/>\n<meta name=\"twitter:creator\" content=\"@Pro_Corp\" \/>\n<meta name=\"twitter:site\" content=\"@Pro_Corp\" \/>\n<meta name=\"twitter:label1\" content=\"Escrito por\" \/>\n\t<meta name=\"twitter:data1\" content=\"Christian Andres\" \/>\n\t<meta name=\"twitter:label2\" content=\"Tiempo de lectura\" \/>\n\t<meta name=\"twitter:data2\" content=\"7 minutos\" \/>\n<script type=\"application\/ld+json\" class=\"yoast-schema-graph\">{\"@context\":\"https:\/\/schema.org\",\"@graph\":[{\"@type\":\"Organization\",\"@id\":\"https:\/\/www.pro-corp.net\/bck\/#organization\",\"name\":\"Pro Corp Corporate Development\",\"url\":\"https:\/\/www.pro-corp.net\/bck\/\",\"sameAs\":[\"https:\/\/www.facebook.com\/Pro-Corp-Asesoria-legal-y-empresarial-105779337842842\/\",\"https:\/\/twitter.com\/Pro_Corp\"],\"logo\":{\"@type\":\"ImageObject\",\"@id\":\"https:\/\/www.pro-corp.net\/bck\/#logo\",\"inLanguage\":\"es\",\"url\":\"http:\/\/www.pro-corp.net\/bck\/wp-content\/uploads\/2020\/06\/icon.png\",\"contentUrl\":\"http:\/\/www.pro-corp.net\/bck\/wp-content\/uploads\/2020\/06\/icon.png\",\"width\":640,\"height\":640,\"caption\":\"Pro Corp Corporate Development\"},\"image\":{\"@id\":\"https:\/\/www.pro-corp.net\/bck\/#logo\"}},{\"@type\":\"WebSite\",\"@id\":\"https:\/\/www.pro-corp.net\/bck\/#website\",\"url\":\"https:\/\/www.pro-corp.net\/bck\/\",\"name\":\"Pro Corp Corporate Development\",\"description\":\"Nacionalidad Europea por Ley Sefard\u00ed\",\"publisher\":{\"@id\":\"https:\/\/www.pro-corp.net\/bck\/#organization\"},\"potentialAction\":[{\"@type\":\"SearchAction\",\"target\":{\"@type\":\"EntryPoint\",\"urlTemplate\":\"https:\/\/www.pro-corp.net\/bck\/?s={search_term_string}\"},\"query-input\":\"required name=search_term_string\"}],\"inLanguage\":\"es\"},{\"@type\":\"ImageObject\",\"@id\":\"https:\/\/www.pro-corp.net\/bck\/sefardi\/#primaryimage\",\"inLanguage\":\"es\",\"url\":\"https:\/\/www.pro-corp.net\/bck\/wp-content\/uploads\/2021\/10\/11.-Ago-Todo-lo-que-debes-saber-sobre-el-origen-sefardi-en-Espana-y-Portugal-scaled-1.webp\",\"contentUrl\":\"https:\/\/www.pro-corp.net\/bck\/wp-content\/uploads\/2021\/10\/11.-Ago-Todo-lo-que-debes-saber-sobre-el-origen-sefardi-en-Espana-y-Portugal-scaled-1.webp\",\"width\":1280,\"height\":915,\"caption\":\"Sefard\u00ed: todo lo que debes saber sobre tu ascendencia\"},{\"@type\":\"WebPage\",\"@id\":\"https:\/\/www.pro-corp.net\/bck\/sefardi\/#webpage\",\"url\":\"https:\/\/www.pro-corp.net\/bck\/sefardi\/\",\"name\":\"Sefard\u00ed: todo lo que debes saber sobre tu ascendencia - Pro-corp\",\"isPartOf\":{\"@id\":\"https:\/\/www.pro-corp.net\/bck\/#website\"},\"primaryImageOfPage\":{\"@id\":\"https:\/\/www.pro-corp.net\/bck\/sefardi\/#primaryimage\"},\"datePublished\":\"2020-10-08T21:55:00+00:00\",\"dateModified\":\"2021-10-27T16:56:03+00:00\",\"description\":\"Si tienes origen sefard\u00ed, puedes optar por la nacionalidad espa\u00f1ola y portuguesa. Aqu\u00ed te contamos tu historia y los aspectos de esta concesi\u00f3n.\",\"breadcrumb\":{\"@id\":\"https:\/\/www.pro-corp.net\/bck\/sefardi\/#breadcrumb\"},\"inLanguage\":\"es\",\"potentialAction\":[{\"@type\":\"ReadAction\",\"target\":[\"https:\/\/www.pro-corp.net\/bck\/sefardi\/\"]}]},{\"@type\":\"BreadcrumbList\",\"@id\":\"https:\/\/www.pro-corp.net\/bck\/sefardi\/#breadcrumb\",\"itemListElement\":[{\"@type\":\"ListItem\",\"position\":1,\"name\":\"Sefard\u00ed: el origen que te permite la concesi\u00f3n de la nacionalidad espa\u00f1ola o portuguesa\"}]},{\"@type\":\"Article\",\"@id\":\"https:\/\/www.pro-corp.net\/bck\/sefardi\/#article\",\"isPartOf\":{\"@id\":\"https:\/\/www.pro-corp.net\/bck\/sefardi\/#webpage\"},\"author\":{\"@id\":\"https:\/\/www.pro-corp.net\/bck\/#\/schema\/person\/d6eda375fcca981cadf1e8f102bb8966\"},\"headline\":\"Sefard\u00ed: el origen que te permite la concesi\u00f3n de la nacionalidad espa\u00f1ola o portuguesa\",\"datePublished\":\"2020-10-08T21:55:00+00:00\",\"dateModified\":\"2021-10-27T16:56:03+00:00\",\"mainEntityOfPage\":{\"@id\":\"https:\/\/www.pro-corp.net\/bck\/sefardi\/#webpage\"},\"wordCount\":1629,\"commentCount\":0,\"publisher\":{\"@id\":\"https:\/\/www.pro-corp.net\/bck\/#organization\"},\"image\":{\"@id\":\"https:\/\/www.pro-corp.net\/bck\/sefardi\/#primaryimage\"},\"thumbnailUrl\":\"https:\/\/www.pro-corp.net\/bck\/wp-content\/uploads\/2021\/10\/11.-Ago-Todo-lo-que-debes-saber-sobre-el-origen-sefardi-en-Espana-y-Portugal-scaled-1.webp\",\"keywords\":[\"Comunidades jud\u00edas\",\"Concesi\u00f3n de la nacionalidad\",\"Gobierno espa\u00f1ol\",\"Ley de nacionalidad para sefard\u00edes\",\"Nacionalidad espa\u00f1ola sefard\u00ed\",\"Nacionalidad portuguesa sefard\u00ed\",\"Origen sefard\u00ed\"],\"articleSection\":[\"Ciudadan\u00eda europea\"],\"inLanguage\":\"es\",\"potentialAction\":[{\"@type\":\"CommentAction\",\"name\":\"Comment\",\"target\":[\"https:\/\/www.pro-corp.net\/bck\/sefardi\/#respond\"]}]},{\"@type\":\"Person\",\"@id\":\"https:\/\/www.pro-corp.net\/bck\/#\/schema\/person\/d6eda375fcca981cadf1e8f102bb8966\",\"name\":\"Christian Andres\",\"image\":{\"@type\":\"ImageObject\",\"@id\":\"https:\/\/www.pro-corp.net\/bck\/#personlogo\",\"inLanguage\":\"es\",\"url\":\"https:\/\/secure.gravatar.com\/avatar\/87676f1df919f3ff761ee73fc0e15532?s=96&d=mm&r=g\",\"contentUrl\":\"https:\/\/secure.gravatar.com\/avatar\/87676f1df919f3ff761ee73fc0e15532?s=96&d=mm&r=g\",\"caption\":\"Christian Andres\"}}]}<\/script>\n<!-- \/ Yoast SEO plugin. -->","yoast_head_json":{"title":"Sefard\u00ed: todo lo que debes saber sobre tu ascendencia - Pro-corp","description":"Si tienes origen sefard\u00ed, puedes optar por la nacionalidad espa\u00f1ola y portuguesa. Aqu\u00ed te contamos tu historia y los aspectos de esta concesi\u00f3n.","robots":{"index":"index","follow":"follow","max-snippet":"max-snippet:-1","max-image-preview":"max-image-preview:large","max-video-preview":"max-video-preview:-1"},"canonical":"https:\/\/www.pro-corp.net\/bck\/sefardi\/","og_locale":"es_ES","og_type":"article","og_title":"Sefard\u00ed: todo lo que debes saber sobre tu ascendencia - Pro-corp","og_description":"Si tienes origen sefard\u00ed, puedes optar por la nacionalidad espa\u00f1ola y portuguesa. Aqu\u00ed te contamos tu historia y los aspectos de esta concesi\u00f3n.","og_url":"https:\/\/www.pro-corp.net\/bck\/sefardi\/","og_site_name":"Pro Corp Corporate Development","article_publisher":"https:\/\/www.facebook.com\/Pro-Corp-Asesoria-legal-y-empresarial-105779337842842\/","article_published_time":"2020-10-08T21:55:00+00:00","article_modified_time":"2021-10-27T16:56:03+00:00","og_image":[{"width":220,"height":41,"url":"https:\/\/www.pro-corp.net\/bck\/wp-content\/uploads\/2020\/06\/logo-PXRecurso-3.png","type":"image\/png"}],"twitter_card":"summary_large_image","twitter_creator":"@Pro_Corp","twitter_site":"@Pro_Corp","twitter_misc":{"Escrito por":"Christian Andres","Tiempo de lectura":"7 minutos"},"schema":{"@context":"https:\/\/schema.org","@graph":[{"@type":"Organization","@id":"https:\/\/www.pro-corp.net\/bck\/#organization","name":"Pro Corp Corporate Development","url":"https:\/\/www.pro-corp.net\/bck\/","sameAs":["https:\/\/www.facebook.com\/Pro-Corp-Asesoria-legal-y-empresarial-105779337842842\/","https:\/\/twitter.com\/Pro_Corp"],"logo":{"@type":"ImageObject","@id":"https:\/\/www.pro-corp.net\/bck\/#logo","inLanguage":"es","url":"http:\/\/www.pro-corp.net\/bck\/wp-content\/uploads\/2020\/06\/icon.png","contentUrl":"http:\/\/www.pro-corp.net\/bck\/wp-content\/uploads\/2020\/06\/icon.png","width":640,"height":640,"caption":"Pro Corp Corporate Development"},"image":{"@id":"https:\/\/www.pro-corp.net\/bck\/#logo"}},{"@type":"WebSite","@id":"https:\/\/www.pro-corp.net\/bck\/#website","url":"https:\/\/www.pro-corp.net\/bck\/","name":"Pro Corp Corporate Development","description":"Nacionalidad Europea por Ley Sefard\u00ed","publisher":{"@id":"https:\/\/www.pro-corp.net\/bck\/#organization"},"potentialAction":[{"@type":"SearchAction","target":{"@type":"EntryPoint","urlTemplate":"https:\/\/www.pro-corp.net\/bck\/?s={search_term_string}"},"query-input":"required name=search_term_string"}],"inLanguage":"es"},{"@type":"ImageObject","@id":"https:\/\/www.pro-corp.net\/bck\/sefardi\/#primaryimage","inLanguage":"es","url":"https:\/\/www.pro-corp.net\/bck\/wp-content\/uploads\/2021\/10\/11.-Ago-Todo-lo-que-debes-saber-sobre-el-origen-sefardi-en-Espana-y-Portugal-scaled-1.webp","contentUrl":"https:\/\/www.pro-corp.net\/bck\/wp-content\/uploads\/2021\/10\/11.-Ago-Todo-lo-que-debes-saber-sobre-el-origen-sefardi-en-Espana-y-Portugal-scaled-1.webp","width":1280,"height":915,"caption":"Sefard\u00ed: todo lo que debes saber sobre tu ascendencia"},{"@type":"WebPage","@id":"https:\/\/www.pro-corp.net\/bck\/sefardi\/#webpage","url":"https:\/\/www.pro-corp.net\/bck\/sefardi\/","name":"Sefard\u00ed: todo lo que debes saber sobre tu ascendencia - Pro-corp","isPartOf":{"@id":"https:\/\/www.pro-corp.net\/bck\/#website"},"primaryImageOfPage":{"@id":"https:\/\/www.pro-corp.net\/bck\/sefardi\/#primaryimage"},"datePublished":"2020-10-08T21:55:00+00:00","dateModified":"2021-10-27T16:56:03+00:00","description":"Si tienes origen sefard\u00ed, puedes optar por la nacionalidad espa\u00f1ola y portuguesa. Aqu\u00ed te contamos tu historia y los aspectos de esta concesi\u00f3n.","breadcrumb":{"@id":"https:\/\/www.pro-corp.net\/bck\/sefardi\/#breadcrumb"},"inLanguage":"es","potentialAction":[{"@type":"ReadAction","target":["https:\/\/www.pro-corp.net\/bck\/sefardi\/"]}]},{"@type":"BreadcrumbList","@id":"https:\/\/www.pro-corp.net\/bck\/sefardi\/#breadcrumb","itemListElement":[{"@type":"ListItem","position":1,"name":"Sefard\u00ed: el origen que te permite la concesi\u00f3n de la nacionalidad espa\u00f1ola o portuguesa"}]},{"@type":"Article","@id":"https:\/\/www.pro-corp.net\/bck\/sefardi\/#article","isPartOf":{"@id":"https:\/\/www.pro-corp.net\/bck\/sefardi\/#webpage"},"author":{"@id":"https:\/\/www.pro-corp.net\/bck\/#\/schema\/person\/d6eda375fcca981cadf1e8f102bb8966"},"headline":"Sefard\u00ed: el origen que te permite la concesi\u00f3n de la nacionalidad espa\u00f1ola o portuguesa","datePublished":"2020-10-08T21:55:00+00:00","dateModified":"2021-10-27T16:56:03+00:00","mainEntityOfPage":{"@id":"https:\/\/www.pro-corp.net\/bck\/sefardi\/#webpage"},"wordCount":1629,"commentCount":0,"publisher":{"@id":"https:\/\/www.pro-corp.net\/bck\/#organization"},"image":{"@id":"https:\/\/www.pro-corp.net\/bck\/sefardi\/#primaryimage"},"thumbnailUrl":"https:\/\/www.pro-corp.net\/bck\/wp-content\/uploads\/2021\/10\/11.-Ago-Todo-lo-que-debes-saber-sobre-el-origen-sefardi-en-Espana-y-Portugal-scaled-1.webp","keywords":["Comunidades jud\u00edas","Concesi\u00f3n de la nacionalidad","Gobierno espa\u00f1ol","Ley de nacionalidad para sefard\u00edes","Nacionalidad espa\u00f1ola sefard\u00ed","Nacionalidad portuguesa sefard\u00ed","Origen sefard\u00ed"],"articleSection":["Ciudadan\u00eda europea"],"inLanguage":"es","potentialAction":[{"@type":"CommentAction","name":"Comment","target":["https:\/\/www.pro-corp.net\/bck\/sefardi\/#respond"]}]},{"@type":"Person","@id":"https:\/\/www.pro-corp.net\/bck\/#\/schema\/person\/d6eda375fcca981cadf1e8f102bb8966","name":"Christian Andres","image":{"@type":"ImageObject","@id":"https:\/\/www.pro-corp.net\/bck\/#personlogo","inLanguage":"es","url":"https:\/\/secure.gravatar.com\/avatar\/87676f1df919f3ff761ee73fc0e15532?s=96&d=mm&r=g","contentUrl":"https:\/\/secure.gravatar.com\/avatar\/87676f1df919f3ff761ee73fc0e15532?s=96&d=mm&r=g","caption":"Christian Andres"}}]}},"_links":{"self":[{"href":"https:\/\/www.pro-corp.net\/bck\/wp-json\/wp\/v2\/posts\/4569"}],"collection":[{"href":"https:\/\/www.pro-corp.net\/bck\/wp-json\/wp\/v2\/posts"}],"about":[{"href":"https:\/\/www.pro-corp.net\/bck\/wp-json\/wp\/v2\/types\/post"}],"author":[{"embeddable":true,"href":"https:\/\/www.pro-corp.net\/bck\/wp-json\/wp\/v2\/users\/1656"}],"replies":[{"embeddable":true,"href":"https:\/\/www.pro-corp.net\/bck\/wp-json\/wp\/v2\/comments?post=4569"}],"version-history":[{"count":4,"href":"https:\/\/www.pro-corp.net\/bck\/wp-json\/wp\/v2\/posts\/4569\/revisions"}],"predecessor-version":[{"id":7292,"href":"https:\/\/www.pro-corp.net\/bck\/wp-json\/wp\/v2\/posts\/4569\/revisions\/7292"}],"wp:featuredmedia":[{"embeddable":true,"href":"https:\/\/www.pro-corp.net\/bck\/wp-json\/wp\/v2\/media\/7922"}],"wp:attachment":[{"href":"https:\/\/www.pro-corp.net\/bck\/wp-json\/wp\/v2\/media?parent=4569"}],"wp:term":[{"taxonomy":"category","embeddable":true,"href":"https:\/\/www.pro-corp.net\/bck\/wp-json\/wp\/v2\/categories?post=4569"},{"taxonomy":"post_tag","embeddable":true,"href":"https:\/\/www.pro-corp.net\/bck\/wp-json\/wp\/v2\/tags?post=4569"}],"curies":[{"name":"wp","href":"https:\/\/api.w.org\/{rel}","templated":true}]}}