{"id":5652,"date":"2020-11-12T22:59:58","date_gmt":"2020-11-13T03:59:58","guid":{"rendered":"http:\/\/www.pro-corp.net\/bck\/?p=5652"},"modified":"2021-10-25T14:37:31","modified_gmt":"2021-10-25T19:37:31","slug":"comunicado-pro-corp","status":"publish","type":"post","link":"https:\/\/www.pro-corp.net\/bck\/comunicado-pro-corp\/","title":{"rendered":"Comunicado de Pro Corp respecto a las noticias sobre la Circular de la Direcci\u00f3n General de Seguridad Jur\u00eddica y Fe P\u00fablica con relaci\u00f3n a la documentaci\u00f3n de los expedientes de nacionalidad Espa\u00f1ola por ascendencia sefard\u00ed (Ley 12\/2015)."},"content":{"rendered":"\t\t<div data-elementor-type=\"wp-post\" data-elementor-id=\"5652\" class=\"elementor elementor-5652\" data-elementor-settings=\"[]\">\n\t\t\t\t\t\t<div class=\"elementor-inner\">\n\t\t\t\t\t\t\t<div class=\"elementor-section-wrap\">\n\t\t\t\t\t\t\t<section class=\"elementor-section elementor-top-section elementor-element elementor-element-62c6b67 elementor-section-boxed elementor-section-height-default elementor-section-height-default\" data-id=\"62c6b67\" data-element_type=\"section\">\n\t\t\t\t\t\t<div class=\"elementor-container elementor-column-gap-default\">\n\t\t\t\t\t\t\t<div class=\"elementor-row\">\n\t\t\t\t\t<div class=\"elementor-column elementor-col-100 elementor-top-column elementor-element elementor-element-161e144\" data-id=\"161e144\" data-element_type=\"column\">\n\t\t\t<div class=\"elementor-column-wrap\">\n\t\t\t\t\t\t\t<div class=\"elementor-widget-wrap\">\n\t\t\t\t\t\t\t\t<\/div>\n\t\t\t\t\t<\/div>\n\t\t<\/div>\n\t\t\t\t\t\t\t\t<\/div>\n\t\t\t\t\t<\/div>\n\t\t<\/section>\n\t\t\t\t<section class=\"elementor-section elementor-top-section elementor-element elementor-element-565eecc elementor-section-boxed elementor-section-height-default elementor-section-height-default\" data-id=\"565eecc\" data-element_type=\"section\">\n\t\t\t\t\t\t<div class=\"elementor-container elementor-column-gap-default\">\n\t\t\t\t\t\t\t<div class=\"elementor-row\">\n\t\t\t\t\t<div class=\"elementor-column elementor-col-100 elementor-top-column elementor-element elementor-element-54d9b33\" data-id=\"54d9b33\" data-element_type=\"column\">\n\t\t\t<div class=\"elementor-column-wrap elementor-element-populated\">\n\t\t\t\t\t\t\t<div class=\"elementor-widget-wrap\">\n\t\t\t\t\t\t<div class=\"elementor-element elementor-element-060f5c0 elementor-widget elementor-widget-spacer\" data-id=\"060f5c0\" data-element_type=\"widget\" data-widget_type=\"spacer.default\">\n\t\t\t\t<div class=\"elementor-widget-container\">\n\t\t\t\t\t<div class=\"elementor-spacer\">\n\t\t\t<div class=\"elementor-spacer-inner\"><\/div>\n\t\t<\/div>\n\t\t\t\t<\/div>\n\t\t\t\t<\/div>\n\t\t\t\t\t\t<\/div>\n\t\t\t\t\t<\/div>\n\t\t<\/div>\n\t\t\t\t\t\t\t\t<\/div>\n\t\t\t\t\t<\/div>\n\t\t<\/section>\n\t\t\t\t\t\t<\/div>\n\t\t\t\t\t\t<\/div>\n\t\t\t\t\t<\/div>\n\t\t","protected":false},"excerpt":{"rendered":"","protected":false},"author":1656,"featured_media":5660,"comment_status":"open","ping_status":"open","sticky":false,"template":"","format":"standard","meta":[],"categories":[57],"tags":[84,75,93],"yoast_head":"<!-- This site is optimized with the Yoast SEO plugin v18.2 - https:\/\/yoast.com\/wordpress\/plugins\/seo\/ -->\n<title>Circular de la Direcci\u00f3n General de Seguridad Jur\u00eddica y Fe P\u00fablica.- Pro-corp<\/title>\n<meta name=\"description\" content=\"A\u00fan antes de que fuera publicado el mencionado documento, por diferentes medios se gener\u00f3 mucho movimiento por interpretaciones sin base legal de lo que estipula la mencionada ley 12\/2015, mencionando supuestos cambios de criterios en la calificaci\u00f3n delas solicitudes de nacionalidad espa\u00f1ola de sefard\u00edes.\" \/>\n<meta name=\"robots\" content=\"index, follow, max-snippet:-1, max-image-preview:large, max-video-preview:-1\" \/>\n<link rel=\"canonical\" href=\"https:\/\/www.pro-corp.net\/bck\/comunicado-pro-corp\/\" \/>\n<meta property=\"og:locale\" content=\"es_ES\" \/>\n<meta property=\"og:type\" content=\"article\" \/>\n<meta property=\"og:title\" content=\"Circular de la Direcci\u00f3n General de Seguridad Jur\u00eddica y Fe P\u00fablica.- Pro-corp\" \/>\n<meta property=\"og:description\" content=\"A\u00fan antes de que fuera publicado el mencionado documento, por diferentes medios se gener\u00f3 mucho movimiento por interpretaciones sin base legal de lo que estipula la mencionada ley 12\/2015, mencionando supuestos cambios de criterios en la calificaci\u00f3n delas solicitudes de nacionalidad espa\u00f1ola de sefard\u00edes.\" \/>\n<meta property=\"og:url\" content=\"https:\/\/www.pro-corp.net\/bck\/comunicado-pro-corp\/\" \/>\n<meta property=\"og:site_name\" content=\"Pro Corp Corporate Development\" \/>\n<meta property=\"article:publisher\" content=\"https:\/\/www.facebook.com\/Pro-Corp-Asesoria-legal-y-empresarial-105779337842842\/\" \/>\n<meta property=\"article:published_time\" content=\"2020-11-13T03:59:58+00:00\" \/>\n<meta property=\"article:modified_time\" content=\"2021-10-25T19:37:31+00:00\" \/>\n<meta property=\"og:image\" content=\"https:\/\/www.pro-corp.net\/bck\/wp-content\/uploads\/2020\/11\/shutterstock_136093154-1280x720-1.jpg\" \/>\n\t<meta property=\"og:image:width\" content=\"1280\" \/>\n\t<meta property=\"og:image:height\" content=\"720\" \/>\n\t<meta property=\"og:image:type\" content=\"image\/jpeg\" \/>\n<meta name=\"twitter:card\" content=\"summary_large_image\" \/>\n<meta name=\"twitter:creator\" content=\"@Pro_Corp\" \/>\n<meta name=\"twitter:site\" content=\"@Pro_Corp\" \/>\n<meta name=\"twitter:label1\" content=\"Escrito por\" \/>\n\t<meta name=\"twitter:data1\" content=\"Christian Andres\" \/>\n<script type=\"application\/ld+json\" class=\"yoast-schema-graph\">{\"@context\":\"https:\/\/schema.org\",\"@graph\":[{\"@type\":\"Organization\",\"@id\":\"https:\/\/www.pro-corp.net\/bck\/#organization\",\"name\":\"Pro Corp Corporate Development\",\"url\":\"https:\/\/www.pro-corp.net\/bck\/\",\"sameAs\":[\"https:\/\/www.facebook.com\/Pro-Corp-Asesoria-legal-y-empresarial-105779337842842\/\",\"https:\/\/twitter.com\/Pro_Corp\"],\"logo\":{\"@type\":\"ImageObject\",\"@id\":\"https:\/\/www.pro-corp.net\/bck\/#logo\",\"inLanguage\":\"es\",\"url\":\"http:\/\/www.pro-corp.net\/bck\/wp-content\/uploads\/2020\/06\/icon.png\",\"contentUrl\":\"http:\/\/www.pro-corp.net\/bck\/wp-content\/uploads\/2020\/06\/icon.png\",\"width\":640,\"height\":640,\"caption\":\"Pro Corp Corporate Development\"},\"image\":{\"@id\":\"https:\/\/www.pro-corp.net\/bck\/#logo\"}},{\"@type\":\"WebSite\",\"@id\":\"https:\/\/www.pro-corp.net\/bck\/#website\",\"url\":\"https:\/\/www.pro-corp.net\/bck\/\",\"name\":\"Pro Corp Corporate Development\",\"description\":\"Nacionalidad Europea por Ley Sefard\u00ed\",\"publisher\":{\"@id\":\"https:\/\/www.pro-corp.net\/bck\/#organization\"},\"potentialAction\":[{\"@type\":\"SearchAction\",\"target\":{\"@type\":\"EntryPoint\",\"urlTemplate\":\"https:\/\/www.pro-corp.net\/bck\/?s={search_term_string}\"},\"query-input\":\"required name=search_term_string\"}],\"inLanguage\":\"es\"},{\"@type\":\"ImageObject\",\"@id\":\"https:\/\/www.pro-corp.net\/bck\/comunicado-pro-corp\/#primaryimage\",\"inLanguage\":\"es\",\"url\":\"https:\/\/www.pro-corp.net\/bck\/wp-content\/uploads\/2020\/11\/shutterstock_136093154-1280x720-1.jpg\",\"contentUrl\":\"https:\/\/www.pro-corp.net\/bck\/wp-content\/uploads\/2020\/11\/shutterstock_136093154-1280x720-1.jpg\",\"width\":1280,\"height\":720,\"caption\":\"A\u00fan antes de que fuera publicado el mencionado documento, por diferentes medios se gener\u00f3 mucho movimiento por interpretaciones sin base legal de lo que estipula la mencionada ley 12\/2015\"},{\"@type\":\"WebPage\",\"@id\":\"https:\/\/www.pro-corp.net\/bck\/comunicado-pro-corp\/#webpage\",\"url\":\"https:\/\/www.pro-corp.net\/bck\/comunicado-pro-corp\/\",\"name\":\"Circular de la Direcci\u00f3n General de Seguridad Jur\u00eddica y Fe P\u00fablica.- Pro-corp\",\"isPartOf\":{\"@id\":\"https:\/\/www.pro-corp.net\/bck\/#website\"},\"primaryImageOfPage\":{\"@id\":\"https:\/\/www.pro-corp.net\/bck\/comunicado-pro-corp\/#primaryimage\"},\"datePublished\":\"2020-11-13T03:59:58+00:00\",\"dateModified\":\"2021-10-25T19:37:31+00:00\",\"description\":\"A\u00fan antes de que fuera publicado el mencionado documento, por diferentes medios se gener\u00f3 mucho movimiento por interpretaciones sin base legal de lo que estipula la mencionada ley 12\/2015, mencionando supuestos cambios de criterios en la calificaci\u00f3n delas solicitudes de nacionalidad espa\u00f1ola de sefard\u00edes.\",\"breadcrumb\":{\"@id\":\"https:\/\/www.pro-corp.net\/bck\/comunicado-pro-corp\/#breadcrumb\"},\"inLanguage\":\"es\",\"potentialAction\":[{\"@type\":\"ReadAction\",\"target\":[\"https:\/\/www.pro-corp.net\/bck\/comunicado-pro-corp\/\"]}]},{\"@type\":\"BreadcrumbList\",\"@id\":\"https:\/\/www.pro-corp.net\/bck\/comunicado-pro-corp\/#breadcrumb\",\"itemListElement\":[{\"@type\":\"ListItem\",\"position\":1,\"name\":\"Comunicado de Pro Corp respecto a las noticias sobre la Circular de la Direcci\u00f3n General de Seguridad Jur\u00eddica y Fe P\u00fablica con relaci\u00f3n a la documentaci\u00f3n de los expedientes de nacionalidad Espa\u00f1ola por ascendencia sefard\u00ed (Ley 12\/2015).\"}]},{\"@type\":\"Article\",\"@id\":\"https:\/\/www.pro-corp.net\/bck\/comunicado-pro-corp\/#article\",\"isPartOf\":{\"@id\":\"https:\/\/www.pro-corp.net\/bck\/comunicado-pro-corp\/#webpage\"},\"author\":{\"@id\":\"https:\/\/www.pro-corp.net\/bck\/#\/schema\/person\/d6eda375fcca981cadf1e8f102bb8966\"},\"headline\":\"Comunicado de Pro Corp respecto a las noticias sobre la Circular de la Direcci\u00f3n General de Seguridad Jur\u00eddica y Fe P\u00fablica con relaci\u00f3n a la documentaci\u00f3n de los expedientes de nacionalidad Espa\u00f1ola por ascendencia sefard\u00ed (Ley 12\/2015).\",\"datePublished\":\"2020-11-13T03:59:58+00:00\",\"dateModified\":\"2021-10-25T19:37:31+00:00\",\"mainEntityOfPage\":{\"@id\":\"https:\/\/www.pro-corp.net\/bck\/comunicado-pro-corp\/#webpage\"},\"wordCount\":42,\"commentCount\":0,\"publisher\":{\"@id\":\"https:\/\/www.pro-corp.net\/bck\/#organization\"},\"image\":{\"@id\":\"https:\/\/www.pro-corp.net\/bck\/comunicado-pro-corp\/#primaryimage\"},\"thumbnailUrl\":\"https:\/\/www.pro-corp.net\/bck\/wp-content\/uploads\/2020\/11\/shutterstock_136093154-1280x720-1.jpg\",\"keywords\":[\"ley sefard\u00ed\",\"Nacionalidad espa\u00f1ola sefard\u00ed\",\"Sefard\u00edes\"],\"articleSection\":[\"Emigrar a Espa\u00f1a\"],\"inLanguage\":\"es\",\"potentialAction\":[{\"@type\":\"CommentAction\",\"name\":\"Comment\",\"target\":[\"https:\/\/www.pro-corp.net\/bck\/comunicado-pro-corp\/#respond\"]}]},{\"@type\":\"Person\",\"@id\":\"https:\/\/www.pro-corp.net\/bck\/#\/schema\/person\/d6eda375fcca981cadf1e8f102bb8966\",\"name\":\"Christian Andres\",\"image\":{\"@type\":\"ImageObject\",\"@id\":\"https:\/\/www.pro-corp.net\/bck\/#personlogo\",\"inLanguage\":\"es\",\"url\":\"https:\/\/secure.gravatar.com\/avatar\/87676f1df919f3ff761ee73fc0e15532?s=96&d=mm&r=g\",\"contentUrl\":\"https:\/\/secure.gravatar.com\/avatar\/87676f1df919f3ff761ee73fc0e15532?s=96&d=mm&r=g\",\"caption\":\"Christian Andres\"}}]}<\/script>\n<!-- \/ Yoast SEO plugin. -->","yoast_head_json":{"title":"Circular de la Direcci\u00f3n General de Seguridad Jur\u00eddica y Fe P\u00fablica.- Pro-corp","description":"A\u00fan antes de que fuera publicado el mencionado documento, por diferentes medios se gener\u00f3 mucho movimiento por interpretaciones sin base legal de lo que estipula la mencionada ley 12\/2015, mencionando supuestos cambios de criterios en la calificaci\u00f3n delas solicitudes de nacionalidad espa\u00f1ola de sefard\u00edes.","robots":{"index":"index","follow":"follow","max-snippet":"max-snippet:-1","max-image-preview":"max-image-preview:large","max-video-preview":"max-video-preview:-1"},"canonical":"https:\/\/www.pro-corp.net\/bck\/comunicado-pro-corp\/","og_locale":"es_ES","og_type":"article","og_title":"Circular de la Direcci\u00f3n General de Seguridad Jur\u00eddica y Fe P\u00fablica.- Pro-corp","og_description":"A\u00fan antes de que fuera publicado el mencionado documento, por diferentes medios se gener\u00f3 mucho movimiento por interpretaciones sin base legal de lo que estipula la mencionada ley 12\/2015, mencionando supuestos cambios de criterios en la calificaci\u00f3n delas solicitudes de nacionalidad espa\u00f1ola de sefard\u00edes.","og_url":"https:\/\/www.pro-corp.net\/bck\/comunicado-pro-corp\/","og_site_name":"Pro Corp Corporate Development","article_publisher":"https:\/\/www.facebook.com\/Pro-Corp-Asesoria-legal-y-empresarial-105779337842842\/","article_published_time":"2020-11-13T03:59:58+00:00","article_modified_time":"2021-10-25T19:37:31+00:00","og_image":[{"width":1280,"height":720,"url":"https:\/\/www.pro-corp.net\/bck\/wp-content\/uploads\/2020\/11\/shutterstock_136093154-1280x720-1.jpg","type":"image\/jpeg"}],"twitter_card":"summary_large_image","twitter_creator":"@Pro_Corp","twitter_site":"@Pro_Corp","twitter_misc":{"Escrito por":"Christian Andres"},"schema":{"@context":"https:\/\/schema.org","@graph":[{"@type":"Organization","@id":"https:\/\/www.pro-corp.net\/bck\/#organization","name":"Pro Corp Corporate Development","url":"https:\/\/www.pro-corp.net\/bck\/","sameAs":["https:\/\/www.facebook.com\/Pro-Corp-Asesoria-legal-y-empresarial-105779337842842\/","https:\/\/twitter.com\/Pro_Corp"],"logo":{"@type":"ImageObject","@id":"https:\/\/www.pro-corp.net\/bck\/#logo","inLanguage":"es","url":"http:\/\/www.pro-corp.net\/bck\/wp-content\/uploads\/2020\/06\/icon.png","contentUrl":"http:\/\/www.pro-corp.net\/bck\/wp-content\/uploads\/2020\/06\/icon.png","width":640,"height":640,"caption":"Pro Corp Corporate Development"},"image":{"@id":"https:\/\/www.pro-corp.net\/bck\/#logo"}},{"@type":"WebSite","@id":"https:\/\/www.pro-corp.net\/bck\/#website","url":"https:\/\/www.pro-corp.net\/bck\/","name":"Pro Corp Corporate Development","description":"Nacionalidad Europea por Ley Sefard\u00ed","publisher":{"@id":"https:\/\/www.pro-corp.net\/bck\/#organization"},"potentialAction":[{"@type":"SearchAction","target":{"@type":"EntryPoint","urlTemplate":"https:\/\/www.pro-corp.net\/bck\/?s={search_term_string}"},"query-input":"required name=search_term_string"}],"inLanguage":"es"},{"@type":"ImageObject","@id":"https:\/\/www.pro-corp.net\/bck\/comunicado-pro-corp\/#primaryimage","inLanguage":"es","url":"https:\/\/www.pro-corp.net\/bck\/wp-content\/uploads\/2020\/11\/shutterstock_136093154-1280x720-1.jpg","contentUrl":"https:\/\/www.pro-corp.net\/bck\/wp-content\/uploads\/2020\/11\/shutterstock_136093154-1280x720-1.jpg","width":1280,"height":720,"caption":"A\u00fan antes de que fuera publicado el mencionado documento, por diferentes medios se gener\u00f3 mucho movimiento por interpretaciones sin base legal de lo que estipula la mencionada ley 12\/2015"},{"@type":"WebPage","@id":"https:\/\/www.pro-corp.net\/bck\/comunicado-pro-corp\/#webpage","url":"https:\/\/www.pro-corp.net\/bck\/comunicado-pro-corp\/","name":"Circular de la Direcci\u00f3n General de Seguridad Jur\u00eddica y Fe P\u00fablica.- Pro-corp","isPartOf":{"@id":"https:\/\/www.pro-corp.net\/bck\/#website"},"primaryImageOfPage":{"@id":"https:\/\/www.pro-corp.net\/bck\/comunicado-pro-corp\/#primaryimage"},"datePublished":"2020-11-13T03:59:58+00:00","dateModified":"2021-10-25T19:37:31+00:00","description":"A\u00fan antes de que fuera publicado el mencionado documento, por diferentes medios se gener\u00f3 mucho movimiento por interpretaciones sin base legal de lo que estipula la mencionada ley 12\/2015, mencionando supuestos cambios de criterios en la calificaci\u00f3n delas solicitudes de nacionalidad espa\u00f1ola de sefard\u00edes.","breadcrumb":{"@id":"https:\/\/www.pro-corp.net\/bck\/comunicado-pro-corp\/#breadcrumb"},"inLanguage":"es","potentialAction":[{"@type":"ReadAction","target":["https:\/\/www.pro-corp.net\/bck\/comunicado-pro-corp\/"]}]},{"@type":"BreadcrumbList","@id":"https:\/\/www.pro-corp.net\/bck\/comunicado-pro-corp\/#breadcrumb","itemListElement":[{"@type":"ListItem","position":1,"name":"Comunicado de Pro Corp respecto a las noticias sobre la Circular de la Direcci\u00f3n General de Seguridad Jur\u00eddica y Fe P\u00fablica con relaci\u00f3n a la documentaci\u00f3n de los expedientes de nacionalidad Espa\u00f1ola por ascendencia sefard\u00ed (Ley 12\/2015)."}]},{"@type":"Article","@id":"https:\/\/www.pro-corp.net\/bck\/comunicado-pro-corp\/#article","isPartOf":{"@id":"https:\/\/www.pro-corp.net\/bck\/comunicado-pro-corp\/#webpage"},"author":{"@id":"https:\/\/www.pro-corp.net\/bck\/#\/schema\/person\/d6eda375fcca981cadf1e8f102bb8966"},"headline":"Comunicado de Pro Corp respecto a las noticias sobre la Circular de la Direcci\u00f3n General de Seguridad Jur\u00eddica y Fe P\u00fablica con relaci\u00f3n a la documentaci\u00f3n de los expedientes de nacionalidad Espa\u00f1ola por ascendencia sefard\u00ed (Ley 12\/2015).","datePublished":"2020-11-13T03:59:58+00:00","dateModified":"2021-10-25T19:37:31+00:00","mainEntityOfPage":{"@id":"https:\/\/www.pro-corp.net\/bck\/comunicado-pro-corp\/#webpage"},"wordCount":42,"commentCount":0,"publisher":{"@id":"https:\/\/www.pro-corp.net\/bck\/#organization"},"image":{"@id":"https:\/\/www.pro-corp.net\/bck\/comunicado-pro-corp\/#primaryimage"},"thumbnailUrl":"https:\/\/www.pro-corp.net\/bck\/wp-content\/uploads\/2020\/11\/shutterstock_136093154-1280x720-1.jpg","keywords":["ley sefard\u00ed","Nacionalidad espa\u00f1ola sefard\u00ed","Sefard\u00edes"],"articleSection":["Emigrar a Espa\u00f1a"],"inLanguage":"es","potentialAction":[{"@type":"CommentAction","name":"Comment","target":["https:\/\/www.pro-corp.net\/bck\/comunicado-pro-corp\/#respond"]}]},{"@type":"Person","@id":"https:\/\/www.pro-corp.net\/bck\/#\/schema\/person\/d6eda375fcca981cadf1e8f102bb8966","name":"Christian Andres","image":{"@type":"ImageObject","@id":"https:\/\/www.pro-corp.net\/bck\/#personlogo","inLanguage":"es","url":"https:\/\/secure.gravatar.com\/avatar\/87676f1df919f3ff761ee73fc0e15532?s=96&d=mm&r=g","contentUrl":"https:\/\/secure.gravatar.com\/avatar\/87676f1df919f3ff761ee73fc0e15532?s=96&d=mm&r=g","caption":"Christian Andres"}}]}},"_links":{"self":[{"href":"https:\/\/www.pro-corp.net\/bck\/wp-json\/wp\/v2\/posts\/5652"}],"collection":[{"href":"https:\/\/www.pro-corp.net\/bck\/wp-json\/wp\/v2\/posts"}],"about":[{"href":"https:\/\/www.pro-corp.net\/bck\/wp-json\/wp\/v2\/types\/post"}],"author":[{"embeddable":true,"href":"https:\/\/www.pro-corp.net\/bck\/wp-json\/wp\/v2\/users\/1656"}],"replies":[{"embeddable":true,"href":"https:\/\/www.pro-corp.net\/bck\/wp-json\/wp\/v2\/comments?post=5652"}],"version-history":[{"count":33,"href":"https:\/\/www.pro-corp.net\/bck\/wp-json\/wp\/v2\/posts\/5652\/revisions"}],"predecessor-version":[{"id":5703,"href":"https:\/\/www.pro-corp.net\/bck\/wp-json\/wp\/v2\/posts\/5652\/revisions\/5703"}],"wp:featuredmedia":[{"embeddable":true,"href":"https:\/\/www.pro-corp.net\/bck\/wp-json\/wp\/v2\/media\/5660"}],"wp:attachment":[{"href":"https:\/\/www.pro-corp.net\/bck\/wp-json\/wp\/v2\/media?parent=5652"}],"wp:term":[{"taxonomy":"category","embeddable":true,"href":"https:\/\/www.pro-corp.net\/bck\/wp-json\/wp\/v2\/categories?post=5652"},{"taxonomy":"post_tag","embeddable":true,"href":"https:\/\/www.pro-corp.net\/bck\/wp-json\/wp\/v2\/tags?post=5652"}],"curies":[{"name":"wp","href":"https:\/\/api.w.org\/{rel}","templated":true}]}}