{"id":5748,"date":"2020-11-25T14:13:20","date_gmt":"2020-11-25T19:13:20","guid":{"rendered":"http:\/\/www.pro-corp.net\/bck\/?p=5748"},"modified":"2021-08-13T17:05:47","modified_gmt":"2021-08-13T22:05:47","slug":"ciudadania-espanola","status":"publish","type":"post","link":"https:\/\/www.pro-corp.net\/bck\/ciudadania-espanola\/","title":{"rendered":"Portugal: una alternativa a la ciudadan\u00eda espa\u00f1ola por ley sefard\u00ed"},"content":{"rendered":"<p>\u00bfQuisiste obtener la <strong>ciudadan\u00eda espa\u00f1ola<\/strong>, pero no llegaste a tiempo? \u00bfHas pensado en solicitar la nacionalidad portuguesa?<\/p>\n<p>En 1492, los Reyes Cat\u00f3licos expulsaron de Espa\u00f1a a los jud\u00edos. Portugal los acogi\u00f3 pero, en 1947, los expuls\u00f3. En reparaci\u00f3n de este hecho hist\u00f3rico, existen facilidades legales para personas de origen <a href=\"http:\/\/www.pro-corp.net\/bck\/ciudadania-europea\/sefardi\/\">sefard\u00ed<\/a> que quieren nacionalizarse en la tierra de sus antepasados. Sea esta Espa\u00f1a o Portugal.<\/p>\n<h2>\u00bfC\u00f3mo se obtiene la ciudadan\u00eda espa\u00f1ola por origen sefard\u00ed?<\/h2>\n<p>La <a href=\"https:\/\/www.boe.es\/buscar\/pdf\/2015\/BOE-A-2015-7045-consolidado.pdf\" target=\"_blank\" rel=\"noopener\">Ley 12\/2015<\/a>, para descendientes sefard\u00edes, facilit\u00f3 que m\u00e1s de 130.000 personas, en su mayor\u00eda latinoamericanos, solicitaran la nacionalidad espa\u00f1ola. Pero el Ministerio de Justicia&nbsp;de Espa\u00f1a cerr\u00f3 el plazo de solicitud el pasado 1 de octubre de 2019.<\/p>\n<p>Si no te alcanz\u00f3 el tiempo para pedir la <strong>ciudadan\u00eda espa\u00f1ola<\/strong>, no te desanimes: a\u00fan puedes solicitar la nacionalidad portuguesa. A continuaci\u00f3n, te explicamos por qu\u00e9 es una buena oportunidad y qu\u00e9 necesitas para obtenerla.<\/p>\n<h2>\u00bfC\u00f3mo se obtiene la nacionalidad portuguesa por origen sefard\u00ed?<\/h2>\n<p>El Decreto-ley n\u00ba 30-A de 2015, permite que, si tienes ascendencia judeosefard\u00ed, puedas solicitar la ciudadan\u00eda de Portugal.<\/p>\n<h3>\u00bfCu\u00e1les son los requisitos para obtener la ciudadan\u00eda portuguesa si no alcanc\u00e9 a la ciudadan\u00eda espa\u00f1ola?<\/h3>\n<p>En primer lugar, demostrar tu origen <a href=\"http:\/\/www.pro-corp.net\/bck\/ciudadania-europea\/sefardi\/\">sefard\u00ed<\/a> a trav\u00e9s de un certificado original de la Comunidad Jud\u00eda de Lisboa, u Oporto. En cuanto a la edad, debes ser mayor edad o estar emancipado seg\u00fan lo considera la ley portuguesa.<\/p>\n<p>Es imprescindible no tener antecedentes graves: no haber sido condenado por un crimen que la ley portuguesa castigue con tres o m\u00e1s a\u00f1os de c\u00e1rcel.<\/p>\n<p>Por \u00faltimo, hay que presentar toda la documentaci\u00f3n requerida: petici\u00f3n de nacionalidad, certificado de ascendencia <a href=\"http:\/\/www.pro-corp.net\/bck\/ciudadania-europea\/sefardi\/\">sefard\u00ed<\/a>, copia del pasaporte, certificado de nacimiento apostillado.<\/p>\n<h3>\u00bfCu\u00e1les son los beneficios de tener nacionalidad portuguesa?<\/h3>\n<p>Al ser ciudadano europeo, dispondr\u00e1s de libre circulaci\u00f3n para viajar y vivir en cualquier lugar de la Uni\u00f3n Europea. Y disfrutar\u00e1s de todos los derechos europeos (pensiones, seguridad social, posibilidad de participar en la vida pol\u00edtica, etc.).<\/p>\n<p>No necesitar\u00e1s visa para viajar a <a href=\"https:\/\/embassy-finder.com\/es\/travel-with_portugal_passport\">83 pa\u00edses<\/a>. Como Canad\u00e1, M\u00e9xico, Panam\u00e1, Argentina, El Salvador, Jap\u00f3n, Kenya, Marruecos, Nueva Zelanda, Senegal, Turqu\u00eda. Algo fundamental a tener en cuenta es que no deber\u00e1s renunciar a tu nacionalidad primera (los derechos de tu pa\u00eds de origen o de residencia).<\/p>\n<h3>Ventajas del tr\u00e1mite para obtener nacionalidad portuguesa, frente a la ley espa\u00f1ola<\/h3>\n<p>En primer lugar, no tiene fecha de caducidad, por lo que a\u00fan est\u00e1s a tiempo de hacerlo. En segundo lugar, no te exige demostrar vinculaci\u00f3n con el pa\u00eds ni realizar ex\u00e1menes sobre Portugal o idioma portugu\u00e9s.<\/p>\n<p>Los c\u00f3nyuges de los nacionalizados pueden solicitar su ciudadan\u00eda sin necesidad de vivir en Portugal. Esto facilita la reagrupaci\u00f3n familiar. Todos los documentos requeridos pueden firmarse mediante poder, a trav\u00e9s de un despacho de abogados, sin necesidad de viajar a Portugal.<\/p>\n<p>Ahora ya conoces una alternativa a la <strong>ciudadan\u00eda espa\u00f1ola<\/strong>. Con toda esta informaci\u00f3n, an\u00edmate a realizar el tr\u00e1mite y disfrutar de las ventajas de la nacionalidad portuguesa.<\/p>\n\n\n<div class=\"wp-container-69f17dbbb9d9c wp-block-buttons is-content-justification-center\">\n<div class=\"wp-block-button is-style-fill\"><a class=\"wp-block-button__link has-white-color has-text-color has-background\" href=\"http:\/\/www.pro-corp.net\/bck\/asesoria\/\" style=\"border-radius:2px;background-color:#b70000\" target=\"_blank\" rel=\"noopener\">Empieza tu estudio de investigaci\u00f3n geneal\u00f3gica ac\u00e1<\/a><\/div>\n<\/div>\n","protected":false},"excerpt":{"rendered":"<p>\u00bfQuisiste obtener la ciudadan\u00eda espa\u00f1ola, pero no llegaste a tiempo? \u00bfHas pensado en solicitar la nacionalidad portuguesa? En 1492, los Reyes Cat\u00f3licos expulsaron de Espa\u00f1a a los jud\u00edos. Portugal los acogi\u00f3 pero, en 1947, los expuls\u00f3. En reparaci\u00f3n de este hecho hist\u00f3rico, existen facilidades legales para personas de origen sefard\u00ed que quieren nacionalizarse en la [&hellip;]<\/p>\n","protected":false},"author":1656,"featured_media":5752,"comment_status":"open","ping_status":"open","sticky":false,"template":"","format":"standard","meta":[],"categories":[58],"tags":[82],"yoast_head":"<!-- This site is optimized with the Yoast SEO plugin v18.2 - https:\/\/yoast.com\/wordpress\/plugins\/seo\/ -->\n<title>Ciudadan\u00eda espa\u00f1ola: \u00bfqu\u00e9 hacer si no pudiste conseguirla? - Pro-corp<\/title>\n<meta name=\"description\" content=\"\u00bfNo llegaste a tiempo para solicitar la ciudadan\u00eda espa\u00f1ola por origen judeosefard\u00ed? \u00a1Puedes pedir la nacionalidad portuguesa! Descubre sus ventajas.\" \/>\n<meta name=\"robots\" content=\"index, follow, max-snippet:-1, max-image-preview:large, max-video-preview:-1\" \/>\n<link rel=\"canonical\" href=\"https:\/\/www.pro-corp.net\/bck\/ciudadania-espanola\/\" \/>\n<meta property=\"og:locale\" content=\"es_ES\" \/>\n<meta property=\"og:type\" content=\"article\" \/>\n<meta property=\"og:title\" content=\"Ciudadan\u00eda espa\u00f1ola: \u00bfqu\u00e9 hacer si no pudiste conseguirla? - Pro-corp\" \/>\n<meta property=\"og:description\" content=\"\u00bfNo llegaste a tiempo para solicitar la ciudadan\u00eda espa\u00f1ola por origen judeosefard\u00ed? \u00a1Puedes pedir la nacionalidad portuguesa! Descubre sus ventajas.\" \/>\n<meta property=\"og:url\" content=\"https:\/\/www.pro-corp.net\/bck\/ciudadania-espanola\/\" \/>\n<meta property=\"og:site_name\" content=\"Pro Corp Corporate Development\" \/>\n<meta property=\"article:publisher\" content=\"https:\/\/www.facebook.com\/Pro-Corp-Asesoria-legal-y-empresarial-105779337842842\/\" \/>\n<meta property=\"article:published_time\" content=\"2020-11-25T19:13:20+00:00\" \/>\n<meta property=\"article:modified_time\" content=\"2021-08-13T22:05:47+00:00\" \/>\n<meta property=\"og:image\" content=\"https:\/\/www.pro-corp.net\/bck\/wp-content\/uploads\/2020\/11\/\u00bfCuales-son-las-alternativas-si-no-alcanzaste-a-optar-por-la-ciudadania-espanola-\u00a1Piensa-en-Portugal-scaled.jpg\" \/>\n\t<meta property=\"og:image:width\" content=\"2560\" \/>\n\t<meta property=\"og:image:height\" content=\"1708\" \/>\n\t<meta property=\"og:image:type\" content=\"image\/jpeg\" \/>\n<meta name=\"twitter:card\" content=\"summary_large_image\" \/>\n<meta name=\"twitter:creator\" content=\"@Pro_Corp\" \/>\n<meta name=\"twitter:site\" content=\"@Pro_Corp\" \/>\n<meta name=\"twitter:label1\" content=\"Escrito por\" \/>\n\t<meta name=\"twitter:data1\" content=\"Christian Andres\" \/>\n\t<meta name=\"twitter:label2\" content=\"Tiempo de lectura\" \/>\n\t<meta name=\"twitter:data2\" content=\"3 minutos\" \/>\n<script type=\"application\/ld+json\" class=\"yoast-schema-graph\">{\"@context\":\"https:\/\/schema.org\",\"@graph\":[{\"@type\":\"Organization\",\"@id\":\"https:\/\/www.pro-corp.net\/bck\/#organization\",\"name\":\"Pro Corp Corporate Development\",\"url\":\"https:\/\/www.pro-corp.net\/bck\/\",\"sameAs\":[\"https:\/\/www.facebook.com\/Pro-Corp-Asesoria-legal-y-empresarial-105779337842842\/\",\"https:\/\/twitter.com\/Pro_Corp\"],\"logo\":{\"@type\":\"ImageObject\",\"@id\":\"https:\/\/www.pro-corp.net\/bck\/#logo\",\"inLanguage\":\"es\",\"url\":\"http:\/\/www.pro-corp.net\/bck\/wp-content\/uploads\/2020\/06\/icon.png\",\"contentUrl\":\"http:\/\/www.pro-corp.net\/bck\/wp-content\/uploads\/2020\/06\/icon.png\",\"width\":640,\"height\":640,\"caption\":\"Pro Corp Corporate Development\"},\"image\":{\"@id\":\"https:\/\/www.pro-corp.net\/bck\/#logo\"}},{\"@type\":\"WebSite\",\"@id\":\"https:\/\/www.pro-corp.net\/bck\/#website\",\"url\":\"https:\/\/www.pro-corp.net\/bck\/\",\"name\":\"Pro Corp Corporate Development\",\"description\":\"Nacionalidad Europea por Ley Sefard\u00ed\",\"publisher\":{\"@id\":\"https:\/\/www.pro-corp.net\/bck\/#organization\"},\"potentialAction\":[{\"@type\":\"SearchAction\",\"target\":{\"@type\":\"EntryPoint\",\"urlTemplate\":\"https:\/\/www.pro-corp.net\/bck\/?s={search_term_string}\"},\"query-input\":\"required name=search_term_string\"}],\"inLanguage\":\"es\"},{\"@type\":\"ImageObject\",\"@id\":\"https:\/\/www.pro-corp.net\/bck\/ciudadania-espanola\/#primaryimage\",\"inLanguage\":\"es\",\"url\":\"https:\/\/www.pro-corp.net\/bck\/wp-content\/uploads\/2020\/11\/\u00bfCuales-son-las-alternativas-si-no-alcanzaste-a-optar-por-la-ciudadania-espanola-\u00a1Piensa-en-Portugal-scaled.jpg\",\"contentUrl\":\"https:\/\/www.pro-corp.net\/bck\/wp-content\/uploads\/2020\/11\/\u00bfCuales-son-las-alternativas-si-no-alcanzaste-a-optar-por-la-ciudadania-espanola-\u00a1Piensa-en-Portugal-scaled.jpg\",\"width\":2560,\"height\":1708,\"caption\":\"\u00bfNo llegaste a tiempo para solicitar la ciudadan\u00eda espa\u00f1ola por origen judeosefard\u00ed? \u00a1Puedes pedir la nacionalidad portuguesa! Descubre sus ventajas.\"},{\"@type\":\"WebPage\",\"@id\":\"https:\/\/www.pro-corp.net\/bck\/ciudadania-espanola\/#webpage\",\"url\":\"https:\/\/www.pro-corp.net\/bck\/ciudadania-espanola\/\",\"name\":\"Ciudadan\u00eda espa\u00f1ola: \u00bfqu\u00e9 hacer si no pudiste conseguirla? - Pro-corp\",\"isPartOf\":{\"@id\":\"https:\/\/www.pro-corp.net\/bck\/#website\"},\"primaryImageOfPage\":{\"@id\":\"https:\/\/www.pro-corp.net\/bck\/ciudadania-espanola\/#primaryimage\"},\"datePublished\":\"2020-11-25T19:13:20+00:00\",\"dateModified\":\"2021-08-13T22:05:47+00:00\",\"description\":\"\u00bfNo llegaste a tiempo para solicitar la ciudadan\u00eda espa\u00f1ola por origen judeosefard\u00ed? \u00a1Puedes pedir la nacionalidad portuguesa! Descubre sus ventajas.\",\"breadcrumb\":{\"@id\":\"https:\/\/www.pro-corp.net\/bck\/ciudadania-espanola\/#breadcrumb\"},\"inLanguage\":\"es\",\"potentialAction\":[{\"@type\":\"ReadAction\",\"target\":[\"https:\/\/www.pro-corp.net\/bck\/ciudadania-espanola\/\"]}]},{\"@type\":\"BreadcrumbList\",\"@id\":\"https:\/\/www.pro-corp.net\/bck\/ciudadania-espanola\/#breadcrumb\",\"itemListElement\":[{\"@type\":\"ListItem\",\"position\":1,\"name\":\"Portugal: una alternativa a la ciudadan\u00eda espa\u00f1ola por ley sefard\u00ed\"}]},{\"@type\":\"Article\",\"@id\":\"https:\/\/www.pro-corp.net\/bck\/ciudadania-espanola\/#article\",\"isPartOf\":{\"@id\":\"https:\/\/www.pro-corp.net\/bck\/ciudadania-espanola\/#webpage\"},\"author\":{\"@id\":\"https:\/\/www.pro-corp.net\/bck\/#\/schema\/person\/d6eda375fcca981cadf1e8f102bb8966\"},\"headline\":\"Portugal: una alternativa a la ciudadan\u00eda espa\u00f1ola por ley sefard\u00ed\",\"datePublished\":\"2020-11-25T19:13:20+00:00\",\"dateModified\":\"2021-08-13T22:05:47+00:00\",\"mainEntityOfPage\":{\"@id\":\"https:\/\/www.pro-corp.net\/bck\/ciudadania-espanola\/#webpage\"},\"wordCount\":554,\"commentCount\":0,\"publisher\":{\"@id\":\"https:\/\/www.pro-corp.net\/bck\/#organization\"},\"image\":{\"@id\":\"https:\/\/www.pro-corp.net\/bck\/ciudadania-espanola\/#primaryimage\"},\"thumbnailUrl\":\"https:\/\/www.pro-corp.net\/bck\/wp-content\/uploads\/2020\/11\/\u00bfCuales-son-las-alternativas-si-no-alcanzaste-a-optar-por-la-ciudadania-espanola-\u00a1Piensa-en-Portugal-scaled.jpg\",\"keywords\":[\"sefard\u00ed\"],\"articleSection\":[\"Emigrar a Portugal\"],\"inLanguage\":\"es\",\"potentialAction\":[{\"@type\":\"CommentAction\",\"name\":\"Comment\",\"target\":[\"https:\/\/www.pro-corp.net\/bck\/ciudadania-espanola\/#respond\"]}]},{\"@type\":\"Person\",\"@id\":\"https:\/\/www.pro-corp.net\/bck\/#\/schema\/person\/d6eda375fcca981cadf1e8f102bb8966\",\"name\":\"Christian Andres\",\"image\":{\"@type\":\"ImageObject\",\"@id\":\"https:\/\/www.pro-corp.net\/bck\/#personlogo\",\"inLanguage\":\"es\",\"url\":\"https:\/\/secure.gravatar.com\/avatar\/87676f1df919f3ff761ee73fc0e15532?s=96&d=mm&r=g\",\"contentUrl\":\"https:\/\/secure.gravatar.com\/avatar\/87676f1df919f3ff761ee73fc0e15532?s=96&d=mm&r=g\",\"caption\":\"Christian Andres\"}}]}<\/script>\n<!-- \/ Yoast SEO plugin. -->","yoast_head_json":{"title":"Ciudadan\u00eda espa\u00f1ola: \u00bfqu\u00e9 hacer si no pudiste conseguirla? - Pro-corp","description":"\u00bfNo llegaste a tiempo para solicitar la ciudadan\u00eda espa\u00f1ola por origen judeosefard\u00ed? \u00a1Puedes pedir la nacionalidad portuguesa! Descubre sus ventajas.","robots":{"index":"index","follow":"follow","max-snippet":"max-snippet:-1","max-image-preview":"max-image-preview:large","max-video-preview":"max-video-preview:-1"},"canonical":"https:\/\/www.pro-corp.net\/bck\/ciudadania-espanola\/","og_locale":"es_ES","og_type":"article","og_title":"Ciudadan\u00eda espa\u00f1ola: \u00bfqu\u00e9 hacer si no pudiste conseguirla? - Pro-corp","og_description":"\u00bfNo llegaste a tiempo para solicitar la ciudadan\u00eda espa\u00f1ola por origen judeosefard\u00ed? \u00a1Puedes pedir la nacionalidad portuguesa! Descubre sus ventajas.","og_url":"https:\/\/www.pro-corp.net\/bck\/ciudadania-espanola\/","og_site_name":"Pro Corp Corporate Development","article_publisher":"https:\/\/www.facebook.com\/Pro-Corp-Asesoria-legal-y-empresarial-105779337842842\/","article_published_time":"2020-11-25T19:13:20+00:00","article_modified_time":"2021-08-13T22:05:47+00:00","og_image":[{"width":2560,"height":1708,"url":"https:\/\/www.pro-corp.net\/bck\/wp-content\/uploads\/2020\/11\/\u00bfCuales-son-las-alternativas-si-no-alcanzaste-a-optar-por-la-ciudadania-espanola-\u00a1Piensa-en-Portugal-scaled.jpg","type":"image\/jpeg"}],"twitter_card":"summary_large_image","twitter_creator":"@Pro_Corp","twitter_site":"@Pro_Corp","twitter_misc":{"Escrito por":"Christian Andres","Tiempo de lectura":"3 minutos"},"schema":{"@context":"https:\/\/schema.org","@graph":[{"@type":"Organization","@id":"https:\/\/www.pro-corp.net\/bck\/#organization","name":"Pro Corp Corporate Development","url":"https:\/\/www.pro-corp.net\/bck\/","sameAs":["https:\/\/www.facebook.com\/Pro-Corp-Asesoria-legal-y-empresarial-105779337842842\/","https:\/\/twitter.com\/Pro_Corp"],"logo":{"@type":"ImageObject","@id":"https:\/\/www.pro-corp.net\/bck\/#logo","inLanguage":"es","url":"http:\/\/www.pro-corp.net\/bck\/wp-content\/uploads\/2020\/06\/icon.png","contentUrl":"http:\/\/www.pro-corp.net\/bck\/wp-content\/uploads\/2020\/06\/icon.png","width":640,"height":640,"caption":"Pro Corp Corporate Development"},"image":{"@id":"https:\/\/www.pro-corp.net\/bck\/#logo"}},{"@type":"WebSite","@id":"https:\/\/www.pro-corp.net\/bck\/#website","url":"https:\/\/www.pro-corp.net\/bck\/","name":"Pro Corp Corporate Development","description":"Nacionalidad Europea por Ley Sefard\u00ed","publisher":{"@id":"https:\/\/www.pro-corp.net\/bck\/#organization"},"potentialAction":[{"@type":"SearchAction","target":{"@type":"EntryPoint","urlTemplate":"https:\/\/www.pro-corp.net\/bck\/?s={search_term_string}"},"query-input":"required name=search_term_string"}],"inLanguage":"es"},{"@type":"ImageObject","@id":"https:\/\/www.pro-corp.net\/bck\/ciudadania-espanola\/#primaryimage","inLanguage":"es","url":"https:\/\/www.pro-corp.net\/bck\/wp-content\/uploads\/2020\/11\/\u00bfCuales-son-las-alternativas-si-no-alcanzaste-a-optar-por-la-ciudadania-espanola-\u00a1Piensa-en-Portugal-scaled.jpg","contentUrl":"https:\/\/www.pro-corp.net\/bck\/wp-content\/uploads\/2020\/11\/\u00bfCuales-son-las-alternativas-si-no-alcanzaste-a-optar-por-la-ciudadania-espanola-\u00a1Piensa-en-Portugal-scaled.jpg","width":2560,"height":1708,"caption":"\u00bfNo llegaste a tiempo para solicitar la ciudadan\u00eda espa\u00f1ola por origen judeosefard\u00ed? \u00a1Puedes pedir la nacionalidad portuguesa! Descubre sus ventajas."},{"@type":"WebPage","@id":"https:\/\/www.pro-corp.net\/bck\/ciudadania-espanola\/#webpage","url":"https:\/\/www.pro-corp.net\/bck\/ciudadania-espanola\/","name":"Ciudadan\u00eda espa\u00f1ola: \u00bfqu\u00e9 hacer si no pudiste conseguirla? - Pro-corp","isPartOf":{"@id":"https:\/\/www.pro-corp.net\/bck\/#website"},"primaryImageOfPage":{"@id":"https:\/\/www.pro-corp.net\/bck\/ciudadania-espanola\/#primaryimage"},"datePublished":"2020-11-25T19:13:20+00:00","dateModified":"2021-08-13T22:05:47+00:00","description":"\u00bfNo llegaste a tiempo para solicitar la ciudadan\u00eda espa\u00f1ola por origen judeosefard\u00ed? \u00a1Puedes pedir la nacionalidad portuguesa! Descubre sus ventajas.","breadcrumb":{"@id":"https:\/\/www.pro-corp.net\/bck\/ciudadania-espanola\/#breadcrumb"},"inLanguage":"es","potentialAction":[{"@type":"ReadAction","target":["https:\/\/www.pro-corp.net\/bck\/ciudadania-espanola\/"]}]},{"@type":"BreadcrumbList","@id":"https:\/\/www.pro-corp.net\/bck\/ciudadania-espanola\/#breadcrumb","itemListElement":[{"@type":"ListItem","position":1,"name":"Portugal: una alternativa a la ciudadan\u00eda espa\u00f1ola por ley sefard\u00ed"}]},{"@type":"Article","@id":"https:\/\/www.pro-corp.net\/bck\/ciudadania-espanola\/#article","isPartOf":{"@id":"https:\/\/www.pro-corp.net\/bck\/ciudadania-espanola\/#webpage"},"author":{"@id":"https:\/\/www.pro-corp.net\/bck\/#\/schema\/person\/d6eda375fcca981cadf1e8f102bb8966"},"headline":"Portugal: una alternativa a la ciudadan\u00eda espa\u00f1ola por ley sefard\u00ed","datePublished":"2020-11-25T19:13:20+00:00","dateModified":"2021-08-13T22:05:47+00:00","mainEntityOfPage":{"@id":"https:\/\/www.pro-corp.net\/bck\/ciudadania-espanola\/#webpage"},"wordCount":554,"commentCount":0,"publisher":{"@id":"https:\/\/www.pro-corp.net\/bck\/#organization"},"image":{"@id":"https:\/\/www.pro-corp.net\/bck\/ciudadania-espanola\/#primaryimage"},"thumbnailUrl":"https:\/\/www.pro-corp.net\/bck\/wp-content\/uploads\/2020\/11\/\u00bfCuales-son-las-alternativas-si-no-alcanzaste-a-optar-por-la-ciudadania-espanola-\u00a1Piensa-en-Portugal-scaled.jpg","keywords":["sefard\u00ed"],"articleSection":["Emigrar a Portugal"],"inLanguage":"es","potentialAction":[{"@type":"CommentAction","name":"Comment","target":["https:\/\/www.pro-corp.net\/bck\/ciudadania-espanola\/#respond"]}]},{"@type":"Person","@id":"https:\/\/www.pro-corp.net\/bck\/#\/schema\/person\/d6eda375fcca981cadf1e8f102bb8966","name":"Christian Andres","image":{"@type":"ImageObject","@id":"https:\/\/www.pro-corp.net\/bck\/#personlogo","inLanguage":"es","url":"https:\/\/secure.gravatar.com\/avatar\/87676f1df919f3ff761ee73fc0e15532?s=96&d=mm&r=g","contentUrl":"https:\/\/secure.gravatar.com\/avatar\/87676f1df919f3ff761ee73fc0e15532?s=96&d=mm&r=g","caption":"Christian Andres"}}]}},"_links":{"self":[{"href":"https:\/\/www.pro-corp.net\/bck\/wp-json\/wp\/v2\/posts\/5748"}],"collection":[{"href":"https:\/\/www.pro-corp.net\/bck\/wp-json\/wp\/v2\/posts"}],"about":[{"href":"https:\/\/www.pro-corp.net\/bck\/wp-json\/wp\/v2\/types\/post"}],"author":[{"embeddable":true,"href":"https:\/\/www.pro-corp.net\/bck\/wp-json\/wp\/v2\/users\/1656"}],"replies":[{"embeddable":true,"href":"https:\/\/www.pro-corp.net\/bck\/wp-json\/wp\/v2\/comments?post=5748"}],"version-history":[{"count":6,"href":"https:\/\/www.pro-corp.net\/bck\/wp-json\/wp\/v2\/posts\/5748\/revisions"}],"predecessor-version":[{"id":7291,"href":"https:\/\/www.pro-corp.net\/bck\/wp-json\/wp\/v2\/posts\/5748\/revisions\/7291"}],"wp:featuredmedia":[{"embeddable":true,"href":"https:\/\/www.pro-corp.net\/bck\/wp-json\/wp\/v2\/media\/5752"}],"wp:attachment":[{"href":"https:\/\/www.pro-corp.net\/bck\/wp-json\/wp\/v2\/media?parent=5748"}],"wp:term":[{"taxonomy":"category","embeddable":true,"href":"https:\/\/www.pro-corp.net\/bck\/wp-json\/wp\/v2\/categories?post=5748"},{"taxonomy":"post_tag","embeddable":true,"href":"https:\/\/www.pro-corp.net\/bck\/wp-json\/wp\/v2\/tags?post=5748"}],"curies":[{"name":"wp","href":"https:\/\/api.w.org\/{rel}","templated":true}]}}