{"id":5756,"date":"2020-11-30T04:00:00","date_gmt":"2020-11-30T09:00:00","guid":{"rendered":"http:\/\/www.pro-corp.net\/bck\/?p=5756"},"modified":"2021-02-08T16:02:25","modified_gmt":"2021-02-08T21:02:25","slug":"economia-de-espana","status":"publish","type":"post","link":"https:\/\/www.pro-corp.net\/bck\/economia-de-espana\/","title":{"rendered":"La econom\u00eda de Espa\u00f1a y sus oportunidades para los latinoamericanos"},"content":{"rendered":"<p>\u00bfQuieres conocer la <strong>econom\u00eda de Espa\u00f1a<\/strong>? Si piensas visitar el pa\u00eds, invertir o jubilarte en \u00e9l, te contamos su situaci\u00f3n econ\u00f3mica y las oportunidades que ofrece para ti.<\/p>\n<h2><strong>Econom\u00eda de Espa\u00f1a<\/strong><\/h2>\n<p>La <strong>econom\u00eda de Espa\u00f1a<\/strong> creci\u00f3 en 2019 aunque un poco menos que en 2018. Se cre\u00f3 menos empleo pero la econom\u00eda espa\u00f1ola present\u00f3 mayor resistencia que el \u00e1rea del euro. La inflaci\u00f3n se mantuvo. En 2020, la crisis del Covid-19 fue una gran disrupci\u00f3n cuyo desenlace es incierto (Banco de Espa\u00f1a, 2020).<\/p>\n<h2>Econom\u00eda latinoamericana<\/h2>\n<p>Actualmente, a diferencia de la <strong>econom\u00eda de Espa\u00f1a<\/strong>, atraviesa un per\u00edodo muy complejo, empeorado por el Covid-19. El Fondo Monetario Internacional predice una ca\u00edda del PIB del 9,4%. La Comisi\u00f3n Econ\u00f3mica para Latinoam\u00e9rica y el Caribe anticipa un incremento de pobreza, desigualdad e informalidad. Pasar\u00eda de 185,5 millones de personas en situaci\u00f3n de pobreza en 2019, a 230,9 millones (Malamud, 2020).<\/p>\n<p>En Am\u00e9rica Latina es dif\u00edcil la inserci\u00f3n laboral, hay mucha econom\u00eda informal y la inflaci\u00f3n es alt\u00edsima. Este panorama hace que Espa\u00f1a, a\u00fan en la crisis actual, te ofrezca oportunidades para invertir o vivir all\u00ed.<\/p>\n<h2>Por qu\u00e9 conviene a los latinoamericanos Espa\u00f1a<\/h2>\n<p>Hay oportunidades de empleo y una gran <a href=\"http:\/\/hdr.undp.org\/sites\/all\/themes\/hdr_theme\/country-notes\/es\/ESP.pdf\" target=\"_blank\" rel=\"noopener\">calidad de vida<\/a>. Est\u00e1 en el puesto 34 en PIB per c\u00e1pita, de un ranking de 196 pa\u00edses. Tiene un buen <a href=\"http:\/\/hdr.undp.org\/sites\/default\/files\/hdr_2019_overview_-_spanish.pdf\" target=\"_blank\" rel=\"noopener\">\u00cdndice de Desarrollo Humano<\/a> (IDH) que incluye indicadores cualitativos como salud y educaci\u00f3n. Adem\u00e1s, el precio de vida en Espa\u00f1a es relativamente bajo, en comparaci\u00f3n con otros pa\u00edses europeos.<\/p>\n<h2>Condiciones de trabajo para latinoamericanos<\/h2>\n<p>Antes de aventurarte e incursionar en la <strong>econom\u00eda de Espa\u00f1a<\/strong>, debes saber cu\u00e1les son los requisitos que necesitas cumplir para empezar a trabajar en ese pa\u00eds. Aqu\u00ed te los contamos.<\/p>\n<h3>Requisitos legales<\/h3>\n<ul>\n<li>Necesitas un permiso de residencia para <a href=\"http:\/\/www.pro-corp.net\/bck\/emigrar-a-espana\/vivir-en-espana\/\">vivir en Espa\u00f1a<\/a>.<\/li>\n<li>Un permiso de trabajo para trabajar en Espa\u00f1a: este lo tramitas en el Consulado General de Espa\u00f1a en tu pa\u00eds. Tiene una duraci\u00f3n de un a\u00f1o (prorrogable) y refiere a un \u00e1mbito geogr\u00e1fico y una ocupaci\u00f3n.<\/li>\n<li>Una Tarjeta de Identidad de Extranjero (TIE): esta la solicitas en la Oficina de Extranjeros o la comisar\u00eda de polic\u00eda de tu provincia.<\/li>\n<li>El N\u00famero de Identidad de Extranjero (NIE): puedes solicitarlo en la oficina consular de Espa\u00f1a en tu pa\u00eds.<\/li>\n<li>Y, finalmente, un N\u00famero de afiliaci\u00f3n a la Seguridad Social: lo tramitas en una oficina de la Tesorer\u00eda de la Seguridad Social.<\/li>\n<\/ul>\n<p>La normativa acaba de cambiar: en 2020 no se aprueban contrataciones estables, solo temporales o por obra y servicio, y se establecen 5.000 visados de trabajo para hijos o nietos de espa\u00f1oles (Yerro, 2020).<\/p>\n<h3>Perfiles profesionales m\u00e1s demandados<\/h3>\n<p>Algunos de ellos son: administraci\u00f3n de empresas, ingenier\u00eda, psicolog\u00eda, enfermer\u00eda, derecho, medicina, hosteler\u00eda, arquitectura, biolog\u00eda (Me Quiero Ir, s.f.).<\/p>\n<h3>Sectores econ\u00f3micos que generan empleo en Espa\u00f1a<\/h3>\n<p>El sector servicios genera 70% de nuevos empleos y abarca: turismo y hosteler\u00eda, salud, bienestar, banca y finanzas, telecomunicaciones, industria (MeQuieroIr, s.f.).<\/p>\n<p>Si sue\u00f1as con vivir o invertir en Espa\u00f1a, te hemos ofrecido un panorama general de su econom\u00eda y requisitos para hacer tus tr\u00e1mites. Aprovecha la <strong>econom\u00eda de Espa\u00f1a<\/strong> actual y an\u00edmate a viajar. \u00a1Mucha suerte!<\/p>\n","protected":false},"excerpt":{"rendered":"<p>\u00bfQuieres conocer la econom\u00eda de Espa\u00f1a? Si piensas visitar el pa\u00eds, invertir o jubilarte en \u00e9l, te contamos su situaci\u00f3n econ\u00f3mica y las oportunidades que ofrece para ti. Econom\u00eda de Espa\u00f1a La econom\u00eda de Espa\u00f1a creci\u00f3 en 2019 aunque un poco menos que en 2018. Se cre\u00f3 menos empleo pero la econom\u00eda espa\u00f1ola present\u00f3 mayor [&hellip;]<\/p>\n","protected":false},"author":1656,"featured_media":5807,"comment_status":"open","ping_status":"open","sticky":false,"template":"","format":"standard","meta":[],"categories":[57],"tags":[96,94,95],"yoast_head":"<!-- This site is optimized with the Yoast SEO plugin v18.2 - https:\/\/yoast.com\/wordpress\/plugins\/seo\/ -->\n<title>Econom\u00eda de Espa\u00f1a y sus oportunidades para latinoamericanos - Pro-corp<\/title>\n<meta name=\"description\" content=\"Te explicamos la situaci\u00f3n actual de la econom\u00eda de Espa\u00f1a y qu\u00e9 oportunidades ofrece a los latinoamericanos.\" \/>\n<meta name=\"robots\" content=\"index, follow, max-snippet:-1, max-image-preview:large, max-video-preview:-1\" \/>\n<link rel=\"canonical\" href=\"https:\/\/www.pro-corp.net\/bck\/economia-de-espana\/\" \/>\n<meta property=\"og:locale\" content=\"es_ES\" \/>\n<meta property=\"og:type\" content=\"article\" \/>\n<meta property=\"og:title\" content=\"Econom\u00eda de Espa\u00f1a y sus oportunidades para latinoamericanos - Pro-corp\" \/>\n<meta property=\"og:description\" content=\"Te explicamos la situaci\u00f3n actual de la econom\u00eda de Espa\u00f1a y qu\u00e9 oportunidades ofrece a los latinoamericanos.\" \/>\n<meta property=\"og:url\" content=\"https:\/\/www.pro-corp.net\/bck\/economia-de-espana\/\" \/>\n<meta property=\"og:site_name\" content=\"Pro Corp Corporate Development\" \/>\n<meta property=\"article:publisher\" content=\"https:\/\/www.facebook.com\/Pro-Corp-Asesoria-legal-y-empresarial-105779337842842\/\" \/>\n<meta property=\"article:published_time\" content=\"2020-11-30T09:00:00+00:00\" \/>\n<meta property=\"article:modified_time\" content=\"2021-02-08T21:02:25+00:00\" \/>\n<meta property=\"og:image\" content=\"https:\/\/www.pro-corp.net\/bck\/wp-content\/uploads\/2020\/11\/La-economia-de-Espana-y-sus-oportunidades-para-los-latinoamericanos-scaled.jpg\" \/>\n\t<meta property=\"og:image:width\" content=\"2560\" \/>\n\t<meta property=\"og:image:height\" content=\"1704\" \/>\n\t<meta property=\"og:image:type\" content=\"image\/jpeg\" \/>\n<meta name=\"twitter:card\" content=\"summary_large_image\" \/>\n<meta name=\"twitter:creator\" content=\"@Pro_Corp\" \/>\n<meta name=\"twitter:site\" content=\"@Pro_Corp\" \/>\n<meta name=\"twitter:label1\" content=\"Escrito por\" \/>\n\t<meta name=\"twitter:data1\" content=\"Christian Andres\" \/>\n\t<meta name=\"twitter:label2\" content=\"Tiempo de lectura\" \/>\n\t<meta name=\"twitter:data2\" content=\"3 minutos\" \/>\n<script type=\"application\/ld+json\" class=\"yoast-schema-graph\">{\"@context\":\"https:\/\/schema.org\",\"@graph\":[{\"@type\":\"Organization\",\"@id\":\"https:\/\/www.pro-corp.net\/bck\/#organization\",\"name\":\"Pro Corp Corporate Development\",\"url\":\"https:\/\/www.pro-corp.net\/bck\/\",\"sameAs\":[\"https:\/\/www.facebook.com\/Pro-Corp-Asesoria-legal-y-empresarial-105779337842842\/\",\"https:\/\/twitter.com\/Pro_Corp\"],\"logo\":{\"@type\":\"ImageObject\",\"@id\":\"https:\/\/www.pro-corp.net\/bck\/#logo\",\"inLanguage\":\"es\",\"url\":\"http:\/\/www.pro-corp.net\/bck\/wp-content\/uploads\/2020\/06\/icon.png\",\"contentUrl\":\"http:\/\/www.pro-corp.net\/bck\/wp-content\/uploads\/2020\/06\/icon.png\",\"width\":640,\"height\":640,\"caption\":\"Pro Corp Corporate Development\"},\"image\":{\"@id\":\"https:\/\/www.pro-corp.net\/bck\/#logo\"}},{\"@type\":\"WebSite\",\"@id\":\"https:\/\/www.pro-corp.net\/bck\/#website\",\"url\":\"https:\/\/www.pro-corp.net\/bck\/\",\"name\":\"Pro Corp Corporate Development\",\"description\":\"Nacionalidad Europea por Ley Sefard\u00ed\",\"publisher\":{\"@id\":\"https:\/\/www.pro-corp.net\/bck\/#organization\"},\"potentialAction\":[{\"@type\":\"SearchAction\",\"target\":{\"@type\":\"EntryPoint\",\"urlTemplate\":\"https:\/\/www.pro-corp.net\/bck\/?s={search_term_string}\"},\"query-input\":\"required name=search_term_string\"}],\"inLanguage\":\"es\"},{\"@type\":\"ImageObject\",\"@id\":\"https:\/\/www.pro-corp.net\/bck\/economia-de-espana\/#primaryimage\",\"inLanguage\":\"es\",\"url\":\"https:\/\/www.pro-corp.net\/bck\/wp-content\/uploads\/2020\/11\/La-economia-de-Espana-y-sus-oportunidades-para-los-latinoamericanos-scaled.jpg\",\"contentUrl\":\"https:\/\/www.pro-corp.net\/bck\/wp-content\/uploads\/2020\/11\/La-economia-de-Espana-y-sus-oportunidades-para-los-latinoamericanos-scaled.jpg\",\"width\":2560,\"height\":1704,\"caption\":\"Te explicamos la situaci\u00f3n actual de la econom\u00eda de Espa\u00f1a y qu\u00e9 oportunidades ofrece a los latinoamericanos.\"},{\"@type\":\"WebPage\",\"@id\":\"https:\/\/www.pro-corp.net\/bck\/economia-de-espana\/#webpage\",\"url\":\"https:\/\/www.pro-corp.net\/bck\/economia-de-espana\/\",\"name\":\"Econom\u00eda de Espa\u00f1a y sus oportunidades para latinoamericanos - Pro-corp\",\"isPartOf\":{\"@id\":\"https:\/\/www.pro-corp.net\/bck\/#website\"},\"primaryImageOfPage\":{\"@id\":\"https:\/\/www.pro-corp.net\/bck\/economia-de-espana\/#primaryimage\"},\"datePublished\":\"2020-11-30T09:00:00+00:00\",\"dateModified\":\"2021-02-08T21:02:25+00:00\",\"description\":\"Te explicamos la situaci\u00f3n actual de la econom\u00eda de Espa\u00f1a y qu\u00e9 oportunidades ofrece a los latinoamericanos.\",\"breadcrumb\":{\"@id\":\"https:\/\/www.pro-corp.net\/bck\/economia-de-espana\/#breadcrumb\"},\"inLanguage\":\"es\",\"potentialAction\":[{\"@type\":\"ReadAction\",\"target\":[\"https:\/\/www.pro-corp.net\/bck\/economia-de-espana\/\"]}]},{\"@type\":\"BreadcrumbList\",\"@id\":\"https:\/\/www.pro-corp.net\/bck\/economia-de-espana\/#breadcrumb\",\"itemListElement\":[{\"@type\":\"ListItem\",\"position\":1,\"name\":\"La econom\u00eda de Espa\u00f1a y sus oportunidades para los latinoamericanos\"}]},{\"@type\":\"Article\",\"@id\":\"https:\/\/www.pro-corp.net\/bck\/economia-de-espana\/#article\",\"isPartOf\":{\"@id\":\"https:\/\/www.pro-corp.net\/bck\/economia-de-espana\/#webpage\"},\"author\":{\"@id\":\"https:\/\/www.pro-corp.net\/bck\/#\/schema\/person\/d6eda375fcca981cadf1e8f102bb8966\"},\"headline\":\"La econom\u00eda de Espa\u00f1a y sus oportunidades para los latinoamericanos\",\"datePublished\":\"2020-11-30T09:00:00+00:00\",\"dateModified\":\"2021-02-08T21:02:25+00:00\",\"mainEntityOfPage\":{\"@id\":\"https:\/\/www.pro-corp.net\/bck\/economia-de-espana\/#webpage\"},\"wordCount\":588,\"commentCount\":0,\"publisher\":{\"@id\":\"https:\/\/www.pro-corp.net\/bck\/#organization\"},\"image\":{\"@id\":\"https:\/\/www.pro-corp.net\/bck\/economia-de-espana\/#primaryimage\"},\"thumbnailUrl\":\"https:\/\/www.pro-corp.net\/bck\/wp-content\/uploads\/2020\/11\/La-economia-de-Espana-y-sus-oportunidades-para-los-latinoamericanos-scaled.jpg\",\"keywords\":[\"precio de vida en Espa\u00f1a\",\"trabajar en Espa\u00f1a\",\"Vivir en Espa\u00f1a\"],\"articleSection\":[\"Emigrar a Espa\u00f1a\"],\"inLanguage\":\"es\",\"potentialAction\":[{\"@type\":\"CommentAction\",\"name\":\"Comment\",\"target\":[\"https:\/\/www.pro-corp.net\/bck\/economia-de-espana\/#respond\"]}]},{\"@type\":\"Person\",\"@id\":\"https:\/\/www.pro-corp.net\/bck\/#\/schema\/person\/d6eda375fcca981cadf1e8f102bb8966\",\"name\":\"Christian Andres\",\"image\":{\"@type\":\"ImageObject\",\"@id\":\"https:\/\/www.pro-corp.net\/bck\/#personlogo\",\"inLanguage\":\"es\",\"url\":\"https:\/\/secure.gravatar.com\/avatar\/87676f1df919f3ff761ee73fc0e15532?s=96&d=mm&r=g\",\"contentUrl\":\"https:\/\/secure.gravatar.com\/avatar\/87676f1df919f3ff761ee73fc0e15532?s=96&d=mm&r=g\",\"caption\":\"Christian Andres\"}}]}<\/script>\n<!-- \/ Yoast SEO plugin. -->","yoast_head_json":{"title":"Econom\u00eda de Espa\u00f1a y sus oportunidades para latinoamericanos - Pro-corp","description":"Te explicamos la situaci\u00f3n actual de la econom\u00eda de Espa\u00f1a y qu\u00e9 oportunidades ofrece a los latinoamericanos.","robots":{"index":"index","follow":"follow","max-snippet":"max-snippet:-1","max-image-preview":"max-image-preview:large","max-video-preview":"max-video-preview:-1"},"canonical":"https:\/\/www.pro-corp.net\/bck\/economia-de-espana\/","og_locale":"es_ES","og_type":"article","og_title":"Econom\u00eda de Espa\u00f1a y sus oportunidades para latinoamericanos - Pro-corp","og_description":"Te explicamos la situaci\u00f3n actual de la econom\u00eda de Espa\u00f1a y qu\u00e9 oportunidades ofrece a los latinoamericanos.","og_url":"https:\/\/www.pro-corp.net\/bck\/economia-de-espana\/","og_site_name":"Pro Corp Corporate Development","article_publisher":"https:\/\/www.facebook.com\/Pro-Corp-Asesoria-legal-y-empresarial-105779337842842\/","article_published_time":"2020-11-30T09:00:00+00:00","article_modified_time":"2021-02-08T21:02:25+00:00","og_image":[{"width":2560,"height":1704,"url":"https:\/\/www.pro-corp.net\/bck\/wp-content\/uploads\/2020\/11\/La-economia-de-Espana-y-sus-oportunidades-para-los-latinoamericanos-scaled.jpg","type":"image\/jpeg"}],"twitter_card":"summary_large_image","twitter_creator":"@Pro_Corp","twitter_site":"@Pro_Corp","twitter_misc":{"Escrito por":"Christian Andres","Tiempo de lectura":"3 minutos"},"schema":{"@context":"https:\/\/schema.org","@graph":[{"@type":"Organization","@id":"https:\/\/www.pro-corp.net\/bck\/#organization","name":"Pro Corp Corporate Development","url":"https:\/\/www.pro-corp.net\/bck\/","sameAs":["https:\/\/www.facebook.com\/Pro-Corp-Asesoria-legal-y-empresarial-105779337842842\/","https:\/\/twitter.com\/Pro_Corp"],"logo":{"@type":"ImageObject","@id":"https:\/\/www.pro-corp.net\/bck\/#logo","inLanguage":"es","url":"http:\/\/www.pro-corp.net\/bck\/wp-content\/uploads\/2020\/06\/icon.png","contentUrl":"http:\/\/www.pro-corp.net\/bck\/wp-content\/uploads\/2020\/06\/icon.png","width":640,"height":640,"caption":"Pro Corp Corporate Development"},"image":{"@id":"https:\/\/www.pro-corp.net\/bck\/#logo"}},{"@type":"WebSite","@id":"https:\/\/www.pro-corp.net\/bck\/#website","url":"https:\/\/www.pro-corp.net\/bck\/","name":"Pro Corp Corporate Development","description":"Nacionalidad Europea por Ley Sefard\u00ed","publisher":{"@id":"https:\/\/www.pro-corp.net\/bck\/#organization"},"potentialAction":[{"@type":"SearchAction","target":{"@type":"EntryPoint","urlTemplate":"https:\/\/www.pro-corp.net\/bck\/?s={search_term_string}"},"query-input":"required name=search_term_string"}],"inLanguage":"es"},{"@type":"ImageObject","@id":"https:\/\/www.pro-corp.net\/bck\/economia-de-espana\/#primaryimage","inLanguage":"es","url":"https:\/\/www.pro-corp.net\/bck\/wp-content\/uploads\/2020\/11\/La-economia-de-Espana-y-sus-oportunidades-para-los-latinoamericanos-scaled.jpg","contentUrl":"https:\/\/www.pro-corp.net\/bck\/wp-content\/uploads\/2020\/11\/La-economia-de-Espana-y-sus-oportunidades-para-los-latinoamericanos-scaled.jpg","width":2560,"height":1704,"caption":"Te explicamos la situaci\u00f3n actual de la econom\u00eda de Espa\u00f1a y qu\u00e9 oportunidades ofrece a los latinoamericanos."},{"@type":"WebPage","@id":"https:\/\/www.pro-corp.net\/bck\/economia-de-espana\/#webpage","url":"https:\/\/www.pro-corp.net\/bck\/economia-de-espana\/","name":"Econom\u00eda de Espa\u00f1a y sus oportunidades para latinoamericanos - Pro-corp","isPartOf":{"@id":"https:\/\/www.pro-corp.net\/bck\/#website"},"primaryImageOfPage":{"@id":"https:\/\/www.pro-corp.net\/bck\/economia-de-espana\/#primaryimage"},"datePublished":"2020-11-30T09:00:00+00:00","dateModified":"2021-02-08T21:02:25+00:00","description":"Te explicamos la situaci\u00f3n actual de la econom\u00eda de Espa\u00f1a y qu\u00e9 oportunidades ofrece a los latinoamericanos.","breadcrumb":{"@id":"https:\/\/www.pro-corp.net\/bck\/economia-de-espana\/#breadcrumb"},"inLanguage":"es","potentialAction":[{"@type":"ReadAction","target":["https:\/\/www.pro-corp.net\/bck\/economia-de-espana\/"]}]},{"@type":"BreadcrumbList","@id":"https:\/\/www.pro-corp.net\/bck\/economia-de-espana\/#breadcrumb","itemListElement":[{"@type":"ListItem","position":1,"name":"La econom\u00eda de Espa\u00f1a y sus oportunidades para los latinoamericanos"}]},{"@type":"Article","@id":"https:\/\/www.pro-corp.net\/bck\/economia-de-espana\/#article","isPartOf":{"@id":"https:\/\/www.pro-corp.net\/bck\/economia-de-espana\/#webpage"},"author":{"@id":"https:\/\/www.pro-corp.net\/bck\/#\/schema\/person\/d6eda375fcca981cadf1e8f102bb8966"},"headline":"La econom\u00eda de Espa\u00f1a y sus oportunidades para los latinoamericanos","datePublished":"2020-11-30T09:00:00+00:00","dateModified":"2021-02-08T21:02:25+00:00","mainEntityOfPage":{"@id":"https:\/\/www.pro-corp.net\/bck\/economia-de-espana\/#webpage"},"wordCount":588,"commentCount":0,"publisher":{"@id":"https:\/\/www.pro-corp.net\/bck\/#organization"},"image":{"@id":"https:\/\/www.pro-corp.net\/bck\/economia-de-espana\/#primaryimage"},"thumbnailUrl":"https:\/\/www.pro-corp.net\/bck\/wp-content\/uploads\/2020\/11\/La-economia-de-Espana-y-sus-oportunidades-para-los-latinoamericanos-scaled.jpg","keywords":["precio de vida en Espa\u00f1a","trabajar en Espa\u00f1a","Vivir en Espa\u00f1a"],"articleSection":["Emigrar a Espa\u00f1a"],"inLanguage":"es","potentialAction":[{"@type":"CommentAction","name":"Comment","target":["https:\/\/www.pro-corp.net\/bck\/economia-de-espana\/#respond"]}]},{"@type":"Person","@id":"https:\/\/www.pro-corp.net\/bck\/#\/schema\/person\/d6eda375fcca981cadf1e8f102bb8966","name":"Christian Andres","image":{"@type":"ImageObject","@id":"https:\/\/www.pro-corp.net\/bck\/#personlogo","inLanguage":"es","url":"https:\/\/secure.gravatar.com\/avatar\/87676f1df919f3ff761ee73fc0e15532?s=96&d=mm&r=g","contentUrl":"https:\/\/secure.gravatar.com\/avatar\/87676f1df919f3ff761ee73fc0e15532?s=96&d=mm&r=g","caption":"Christian Andres"}}]}},"_links":{"self":[{"href":"https:\/\/www.pro-corp.net\/bck\/wp-json\/wp\/v2\/posts\/5756"}],"collection":[{"href":"https:\/\/www.pro-corp.net\/bck\/wp-json\/wp\/v2\/posts"}],"about":[{"href":"https:\/\/www.pro-corp.net\/bck\/wp-json\/wp\/v2\/types\/post"}],"author":[{"embeddable":true,"href":"https:\/\/www.pro-corp.net\/bck\/wp-json\/wp\/v2\/users\/1656"}],"replies":[{"embeddable":true,"href":"https:\/\/www.pro-corp.net\/bck\/wp-json\/wp\/v2\/comments?post=5756"}],"version-history":[{"count":2,"href":"https:\/\/www.pro-corp.net\/bck\/wp-json\/wp\/v2\/posts\/5756\/revisions"}],"predecessor-version":[{"id":6402,"href":"https:\/\/www.pro-corp.net\/bck\/wp-json\/wp\/v2\/posts\/5756\/revisions\/6402"}],"wp:featuredmedia":[{"embeddable":true,"href":"https:\/\/www.pro-corp.net\/bck\/wp-json\/wp\/v2\/media\/5807"}],"wp:attachment":[{"href":"https:\/\/www.pro-corp.net\/bck\/wp-json\/wp\/v2\/media?parent=5756"}],"wp:term":[{"taxonomy":"category","embeddable":true,"href":"https:\/\/www.pro-corp.net\/bck\/wp-json\/wp\/v2\/categories?post=5756"},{"taxonomy":"post_tag","embeddable":true,"href":"https:\/\/www.pro-corp.net\/bck\/wp-json\/wp\/v2\/tags?post=5756"}],"curies":[{"name":"wp","href":"https:\/\/api.w.org\/{rel}","templated":true}]}}