{"id":5759,"date":"2020-12-03T04:00:00","date_gmt":"2020-12-03T09:00:00","guid":{"rendered":"http:\/\/www.pro-corp.net\/bck\/?p=5759"},"modified":"2021-09-27T09:27:56","modified_gmt":"2021-09-27T14:27:56","slug":"cultura-de-portugal","status":"publish","type":"post","link":"https:\/\/www.pro-corp.net\/bck\/cultura-de-portugal\/","title":{"rendered":"Cultura de Portugal: normas de comportamiento y seguridad"},"content":{"rendered":"<p>La <strong>cultura de Portugal<\/strong> es fascinante. Si est\u00e1s pensando en adquirir la <a href=\"http:\/\/www.pro-corp.net\/bck\/emigrar-a-portugal\/nacionalidad-portuguesa\/\">nacionalidad portuguesa<\/a> y vivir en Portugal, o viajar all\u00ed durante tus vacaciones, te ofrecemos algunos datos \u00fatiles. Descubre algunas de sus convenciones sociales y el nivel de seguridad que hay en sus ciudades.<\/p>\n<h2>Seguridad en Portugal<\/h2>\n<p>Es uno de los pa\u00edses m\u00e1s seguros del mundo: nunca ha habido amenazas terroristas y hay poca actividad delictiva. A\u00fan as\u00ed, ten cuidado con los carteristas, sobre todo en los lugares tur\u00edsticos, como Oporto o los tranv\u00edas de Lisboa (G\u00f3mez, 2019).<\/p>\n<p>Los conductores son imprudentes y no respetan el c\u00f3digo de circulaci\u00f3n (por ejemplo, manejando a gran velocidad). Hay que tener mucho cuidado en la carretera y, como peat\u00f3n, en rotondas, cruces y sem\u00e1foros (Debrincat, 2015).<\/p>\n<h2>Convenciones sociales de la cultura de Portugal<\/h2>\n<p>Ten en cuenta las siguientes claves de la <strong>cultura de Portugal<\/strong>, que te permitir\u00e1n comprender y relacionarte mejor con los portugueses. Con estas pistas, te ser\u00e1 f\u00e1cil adaptarte a las costumbres locales.<\/p>\n<h3>Rasgos del car\u00e1cter portugu\u00e9s<\/h3>\n<p>Son conservadores y reservados. La forma de expresarse es amable pero directa y el volumen al hablar, un poco alto. Valoran que los visitantes aprendan algunas palabras portuguesas. Por ejemplo, \u201cbom dia\u201d (buen d\u00eda), \u201cobrigado\u201d (gracias). Afortunadamente, se ofrecen clases gratuitas de portugu\u00e9s.<\/p>\n<p>Las personas que viven en el \u00e1mbito urbano, de clase media y alta, visten formalmente. Esto se considera un signo de respeto. Puede sorprenderte el reflejo del duelo en la vestimenta. El luto puede durar a\u00f1os (para algunas viudas en \u00e1reas rurales, incluso toda la vida) (Urbano, s.f.).<\/p>\n<h3>Manejo del tiempo<\/h3>\n<p>Est\u00e1 mal visto llegar tarde (ya sea a una reuni\u00f3n de trabajo o a una cita con amigos), pero se considera \u201cretraso\u201d la demora de m\u00e1s de 15 minutos. En cuanto a los horarios habituales, se almuerza a partir de las 12 y se cena a partir de las 8 (Mart\u00edn, 2018).<\/p>\n<p>Si trabajas en Portugal, ten en cuenta que en las reuniones se \u201cpierde tiempo\u201d hablando de temas personales. Es un modo de conocerse y, en realidad, las decisiones suelen tomarse fuera de ellas (Urbano, s.f.).<\/p>\n<h3>Saludo y trato en la cultura de Portugal<\/h3>\n<p>Es importante el saludo: los hombres se dan un apret\u00f3n de manos y, si tienen confianza, un abrazo. Las mujeres, un solo beso en la mejilla. Si te invitan a una casa, lleva un peque\u00f1o regalo, como chocolates o flores.<\/p>\n<p>S\u00e9 formal en el trato. No te dirijas a las personas con t\u00edtulos como \u201csenhor\u201d (se\u00f1or), \u201csenhora\u201d (se\u00f1ora), \u201cdoutor\u201d (doctor), \u201cdoutora\u201d (doctora). A menos que te inviten espec\u00edficamente a no hacerlo (Urbano, s.f.).<\/p>\n<h3>Vida social en la cultura de Portugal<\/h3>\n<p>La familia es muy importante en la <strong>cultura de Portugal<\/strong>: se hacen reuniones, comidas e incluso, se crean muchas empresas familiares. Y, en general, se tiene mucha consideraci\u00f3n a los ni\u00f1os (Urbano, s.f.).<\/p>\n<p>Puede llamarte la atenci\u00f3n que se fume en los restaurantes. Rige una ley que permite la convivencia de fumadores y no fumadores, separando los espacios, pero en la pr\u00e1ctica no se hace. Tambi\u00e9n es habitual beber en la calle (Mart\u00edn, 2018).<\/p>\n<p>Por \u00faltimo, un dato importante para quedar bien con las personas con quienes compartas una comida. Se considera de buena educaci\u00f3n dejar algunos restos en el plato (Urbano, s.f.).<\/p>\n<p>Tanto si est\u00e1s pensando <a href=\"http:\/\/www.pro-corp.net\/bck\/emigrar-a-portugal\/nacionalidad-portuguesa\/\">vivir en Portugal<\/a> como si vas a conocer el <a href=\"https:\/\/viajes.nationalgeographic.com.es\/p\/portugal\" target=\"_blank\" rel=\"noopener\">pa\u00eds<\/a> en tus vacaciones, estas claves culturales te ser\u00e1n de mucha utilidad. An\u00edmate a disfrutar de un pa\u00eds muy seguro, lleno de belleza y <a href=\"https:\/\/www.idealista.pt\/es\/news\/estilo-de-vida-en-portugal\/2019\/07\/31\/393-patrimonio-de-la-humanidad-de-la-unesco-visita\" target=\"_blank\" rel=\"noopener\">riqueza cultural<\/a>.<\/p>\n\n\n<p><\/p>\n\n\n\n<div class=\"wp-container-69f17b1f4cdff wp-block-buttons is-content-justification-center\">\n<div class=\"wp-block-button is-style-fill\"><a class=\"wp-block-button__link has-white-color has-text-color has-background\" href=\"http:\/\/www.pro-corp.net\/bck\/asesoria\/\" style=\"border-radius:2px;background-color:#b70000\" target=\"_blank\" rel=\"noopener\">Empieza tu estudio de investigaci\u00f3n geneal\u00f3gica ac\u00e1<\/a><\/div>\n<\/div>\n","protected":false},"excerpt":{"rendered":"<p>La cultura de Portugal es fascinante. Si est\u00e1s pensando en adquirir la nacionalidad portuguesa y vivir en Portugal, o viajar all\u00ed durante tus vacaciones, te ofrecemos algunos datos \u00fatiles. Descubre algunas de sus convenciones sociales y el nivel de seguridad que hay en sus ciudades. Seguridad en Portugal Es uno de los pa\u00edses m\u00e1s seguros [&hellip;]<\/p>\n","protected":false},"author":1656,"featured_media":5760,"comment_status":"open","ping_status":"open","sticky":false,"template":"","format":"standard","meta":[],"categories":[58],"tags":[69],"yoast_head":"<!-- This site is optimized with the Yoast SEO plugin v18.2 - https:\/\/yoast.com\/wordpress\/plugins\/seo\/ -->\n<title>Cultura de Portugal: seguridad y normas de comportamiento - Pro-corp<\/title>\n<meta name=\"description\" content=\"Descubre la cultura de Portugal: algunas de sus costumbres, normas de comportamiento, y su nivel de seguridad.\" \/>\n<meta name=\"robots\" content=\"index, follow, max-snippet:-1, max-image-preview:large, max-video-preview:-1\" \/>\n<link rel=\"canonical\" href=\"https:\/\/www.pro-corp.net\/bck\/cultura-de-portugal\/\" \/>\n<meta property=\"og:locale\" content=\"es_ES\" \/>\n<meta property=\"og:type\" content=\"article\" \/>\n<meta property=\"og:title\" content=\"Cultura de Portugal: seguridad y normas de comportamiento - Pro-corp\" \/>\n<meta property=\"og:description\" content=\"Descubre la cultura de Portugal: algunas de sus costumbres, normas de comportamiento, y su nivel de seguridad.\" \/>\n<meta property=\"og:url\" content=\"https:\/\/www.pro-corp.net\/bck\/cultura-de-portugal\/\" \/>\n<meta property=\"og:site_name\" content=\"Pro Corp Corporate Development\" \/>\n<meta property=\"article:publisher\" content=\"https:\/\/www.facebook.com\/Pro-Corp-Asesoria-legal-y-empresarial-105779337842842\/\" \/>\n<meta property=\"article:published_time\" content=\"2020-12-03T09:00:00+00:00\" \/>\n<meta property=\"article:modified_time\" content=\"2021-09-27T14:27:56+00:00\" \/>\n<meta property=\"og:image\" content=\"https:\/\/www.pro-corp.net\/bck\/wp-content\/uploads\/2020\/11\/9.-Oct-Cultura-de-Portugal-seguridad-urbana-y-normas-de-comportamiento-que-todo-ciudadano-portugues-deberia-cumplir-scaled.jpg\" \/>\n\t<meta property=\"og:image:width\" content=\"2560\" \/>\n\t<meta property=\"og:image:height\" content=\"1706\" \/>\n\t<meta property=\"og:image:type\" content=\"image\/jpeg\" \/>\n<meta name=\"twitter:card\" content=\"summary_large_image\" \/>\n<meta name=\"twitter:creator\" content=\"@Pro_Corp\" \/>\n<meta name=\"twitter:site\" content=\"@Pro_Corp\" \/>\n<meta name=\"twitter:label1\" content=\"Escrito por\" \/>\n\t<meta name=\"twitter:data1\" content=\"Christian Andres\" \/>\n\t<meta name=\"twitter:label2\" content=\"Tiempo de lectura\" \/>\n\t<meta name=\"twitter:data2\" content=\"3 minutos\" \/>\n<script type=\"application\/ld+json\" class=\"yoast-schema-graph\">{\"@context\":\"https:\/\/schema.org\",\"@graph\":[{\"@type\":\"Organization\",\"@id\":\"https:\/\/www.pro-corp.net\/bck\/#organization\",\"name\":\"Pro Corp Corporate Development\",\"url\":\"https:\/\/www.pro-corp.net\/bck\/\",\"sameAs\":[\"https:\/\/www.facebook.com\/Pro-Corp-Asesoria-legal-y-empresarial-105779337842842\/\",\"https:\/\/twitter.com\/Pro_Corp\"],\"logo\":{\"@type\":\"ImageObject\",\"@id\":\"https:\/\/www.pro-corp.net\/bck\/#logo\",\"inLanguage\":\"es\",\"url\":\"http:\/\/www.pro-corp.net\/bck\/wp-content\/uploads\/2020\/06\/icon.png\",\"contentUrl\":\"http:\/\/www.pro-corp.net\/bck\/wp-content\/uploads\/2020\/06\/icon.png\",\"width\":640,\"height\":640,\"caption\":\"Pro Corp Corporate Development\"},\"image\":{\"@id\":\"https:\/\/www.pro-corp.net\/bck\/#logo\"}},{\"@type\":\"WebSite\",\"@id\":\"https:\/\/www.pro-corp.net\/bck\/#website\",\"url\":\"https:\/\/www.pro-corp.net\/bck\/\",\"name\":\"Pro Corp Corporate Development\",\"description\":\"Nacionalidad Europea por Ley Sefard\u00ed\",\"publisher\":{\"@id\":\"https:\/\/www.pro-corp.net\/bck\/#organization\"},\"potentialAction\":[{\"@type\":\"SearchAction\",\"target\":{\"@type\":\"EntryPoint\",\"urlTemplate\":\"https:\/\/www.pro-corp.net\/bck\/?s={search_term_string}\"},\"query-input\":\"required name=search_term_string\"}],\"inLanguage\":\"es\"},{\"@type\":\"ImageObject\",\"@id\":\"https:\/\/www.pro-corp.net\/bck\/cultura-de-portugal\/#primaryimage\",\"inLanguage\":\"es\",\"url\":\"https:\/\/www.pro-corp.net\/bck\/wp-content\/uploads\/2020\/11\/9.-Oct-Cultura-de-Portugal-seguridad-urbana-y-normas-de-comportamiento-que-todo-ciudadano-portugues-deberia-cumplir-scaled.jpg\",\"contentUrl\":\"https:\/\/www.pro-corp.net\/bck\/wp-content\/uploads\/2020\/11\/9.-Oct-Cultura-de-Portugal-seguridad-urbana-y-normas-de-comportamiento-que-todo-ciudadano-portugues-deberia-cumplir-scaled.jpg\",\"width\":2560,\"height\":1706,\"caption\":\"Descubre la cultura de Portugal: algunas de sus costumbres, normas de comportamiento, y su nivel de seguridad.\"},{\"@type\":\"WebPage\",\"@id\":\"https:\/\/www.pro-corp.net\/bck\/cultura-de-portugal\/#webpage\",\"url\":\"https:\/\/www.pro-corp.net\/bck\/cultura-de-portugal\/\",\"name\":\"Cultura de Portugal: seguridad y normas de comportamiento - Pro-corp\",\"isPartOf\":{\"@id\":\"https:\/\/www.pro-corp.net\/bck\/#website\"},\"primaryImageOfPage\":{\"@id\":\"https:\/\/www.pro-corp.net\/bck\/cultura-de-portugal\/#primaryimage\"},\"datePublished\":\"2020-12-03T09:00:00+00:00\",\"dateModified\":\"2021-09-27T14:27:56+00:00\",\"description\":\"Descubre la cultura de Portugal: algunas de sus costumbres, normas de comportamiento, y su nivel de seguridad.\",\"breadcrumb\":{\"@id\":\"https:\/\/www.pro-corp.net\/bck\/cultura-de-portugal\/#breadcrumb\"},\"inLanguage\":\"es\",\"potentialAction\":[{\"@type\":\"ReadAction\",\"target\":[\"https:\/\/www.pro-corp.net\/bck\/cultura-de-portugal\/\"]}]},{\"@type\":\"BreadcrumbList\",\"@id\":\"https:\/\/www.pro-corp.net\/bck\/cultura-de-portugal\/#breadcrumb\",\"itemListElement\":[{\"@type\":\"ListItem\",\"position\":1,\"name\":\"Cultura de Portugal: normas de comportamiento y seguridad\"}]},{\"@type\":\"Article\",\"@id\":\"https:\/\/www.pro-corp.net\/bck\/cultura-de-portugal\/#article\",\"isPartOf\":{\"@id\":\"https:\/\/www.pro-corp.net\/bck\/cultura-de-portugal\/#webpage\"},\"author\":{\"@id\":\"https:\/\/www.pro-corp.net\/bck\/#\/schema\/person\/d6eda375fcca981cadf1e8f102bb8966\"},\"headline\":\"Cultura de Portugal: normas de comportamiento y seguridad\",\"datePublished\":\"2020-12-03T09:00:00+00:00\",\"dateModified\":\"2021-09-27T14:27:56+00:00\",\"mainEntityOfPage\":{\"@id\":\"https:\/\/www.pro-corp.net\/bck\/cultura-de-portugal\/#webpage\"},\"wordCount\":623,\"commentCount\":0,\"publisher\":{\"@id\":\"https:\/\/www.pro-corp.net\/bck\/#organization\"},\"image\":{\"@id\":\"https:\/\/www.pro-corp.net\/bck\/cultura-de-portugal\/#primaryimage\"},\"thumbnailUrl\":\"https:\/\/www.pro-corp.net\/bck\/wp-content\/uploads\/2020\/11\/9.-Oct-Cultura-de-Portugal-seguridad-urbana-y-normas-de-comportamiento-que-todo-ciudadano-portugues-deberia-cumplir-scaled.jpg\",\"keywords\":[\"nacionalidad portuguesa\"],\"articleSection\":[\"Emigrar a Portugal\"],\"inLanguage\":\"es\",\"potentialAction\":[{\"@type\":\"CommentAction\",\"name\":\"Comment\",\"target\":[\"https:\/\/www.pro-corp.net\/bck\/cultura-de-portugal\/#respond\"]}]},{\"@type\":\"Person\",\"@id\":\"https:\/\/www.pro-corp.net\/bck\/#\/schema\/person\/d6eda375fcca981cadf1e8f102bb8966\",\"name\":\"Christian Andres\",\"image\":{\"@type\":\"ImageObject\",\"@id\":\"https:\/\/www.pro-corp.net\/bck\/#personlogo\",\"inLanguage\":\"es\",\"url\":\"https:\/\/secure.gravatar.com\/avatar\/87676f1df919f3ff761ee73fc0e15532?s=96&d=mm&r=g\",\"contentUrl\":\"https:\/\/secure.gravatar.com\/avatar\/87676f1df919f3ff761ee73fc0e15532?s=96&d=mm&r=g\",\"caption\":\"Christian Andres\"}}]}<\/script>\n<!-- \/ Yoast SEO plugin. -->","yoast_head_json":{"title":"Cultura de Portugal: seguridad y normas de comportamiento - Pro-corp","description":"Descubre la cultura de Portugal: algunas de sus costumbres, normas de comportamiento, y su nivel de seguridad.","robots":{"index":"index","follow":"follow","max-snippet":"max-snippet:-1","max-image-preview":"max-image-preview:large","max-video-preview":"max-video-preview:-1"},"canonical":"https:\/\/www.pro-corp.net\/bck\/cultura-de-portugal\/","og_locale":"es_ES","og_type":"article","og_title":"Cultura de Portugal: seguridad y normas de comportamiento - Pro-corp","og_description":"Descubre la cultura de Portugal: algunas de sus costumbres, normas de comportamiento, y su nivel de seguridad.","og_url":"https:\/\/www.pro-corp.net\/bck\/cultura-de-portugal\/","og_site_name":"Pro Corp Corporate Development","article_publisher":"https:\/\/www.facebook.com\/Pro-Corp-Asesoria-legal-y-empresarial-105779337842842\/","article_published_time":"2020-12-03T09:00:00+00:00","article_modified_time":"2021-09-27T14:27:56+00:00","og_image":[{"width":2560,"height":1706,"url":"https:\/\/www.pro-corp.net\/bck\/wp-content\/uploads\/2020\/11\/9.-Oct-Cultura-de-Portugal-seguridad-urbana-y-normas-de-comportamiento-que-todo-ciudadano-portugues-deberia-cumplir-scaled.jpg","type":"image\/jpeg"}],"twitter_card":"summary_large_image","twitter_creator":"@Pro_Corp","twitter_site":"@Pro_Corp","twitter_misc":{"Escrito por":"Christian Andres","Tiempo de lectura":"3 minutos"},"schema":{"@context":"https:\/\/schema.org","@graph":[{"@type":"Organization","@id":"https:\/\/www.pro-corp.net\/bck\/#organization","name":"Pro Corp Corporate Development","url":"https:\/\/www.pro-corp.net\/bck\/","sameAs":["https:\/\/www.facebook.com\/Pro-Corp-Asesoria-legal-y-empresarial-105779337842842\/","https:\/\/twitter.com\/Pro_Corp"],"logo":{"@type":"ImageObject","@id":"https:\/\/www.pro-corp.net\/bck\/#logo","inLanguage":"es","url":"http:\/\/www.pro-corp.net\/bck\/wp-content\/uploads\/2020\/06\/icon.png","contentUrl":"http:\/\/www.pro-corp.net\/bck\/wp-content\/uploads\/2020\/06\/icon.png","width":640,"height":640,"caption":"Pro Corp Corporate Development"},"image":{"@id":"https:\/\/www.pro-corp.net\/bck\/#logo"}},{"@type":"WebSite","@id":"https:\/\/www.pro-corp.net\/bck\/#website","url":"https:\/\/www.pro-corp.net\/bck\/","name":"Pro Corp Corporate Development","description":"Nacionalidad Europea por Ley Sefard\u00ed","publisher":{"@id":"https:\/\/www.pro-corp.net\/bck\/#organization"},"potentialAction":[{"@type":"SearchAction","target":{"@type":"EntryPoint","urlTemplate":"https:\/\/www.pro-corp.net\/bck\/?s={search_term_string}"},"query-input":"required name=search_term_string"}],"inLanguage":"es"},{"@type":"ImageObject","@id":"https:\/\/www.pro-corp.net\/bck\/cultura-de-portugal\/#primaryimage","inLanguage":"es","url":"https:\/\/www.pro-corp.net\/bck\/wp-content\/uploads\/2020\/11\/9.-Oct-Cultura-de-Portugal-seguridad-urbana-y-normas-de-comportamiento-que-todo-ciudadano-portugues-deberia-cumplir-scaled.jpg","contentUrl":"https:\/\/www.pro-corp.net\/bck\/wp-content\/uploads\/2020\/11\/9.-Oct-Cultura-de-Portugal-seguridad-urbana-y-normas-de-comportamiento-que-todo-ciudadano-portugues-deberia-cumplir-scaled.jpg","width":2560,"height":1706,"caption":"Descubre la cultura de Portugal: algunas de sus costumbres, normas de comportamiento, y su nivel de seguridad."},{"@type":"WebPage","@id":"https:\/\/www.pro-corp.net\/bck\/cultura-de-portugal\/#webpage","url":"https:\/\/www.pro-corp.net\/bck\/cultura-de-portugal\/","name":"Cultura de Portugal: seguridad y normas de comportamiento - Pro-corp","isPartOf":{"@id":"https:\/\/www.pro-corp.net\/bck\/#website"},"primaryImageOfPage":{"@id":"https:\/\/www.pro-corp.net\/bck\/cultura-de-portugal\/#primaryimage"},"datePublished":"2020-12-03T09:00:00+00:00","dateModified":"2021-09-27T14:27:56+00:00","description":"Descubre la cultura de Portugal: algunas de sus costumbres, normas de comportamiento, y su nivel de seguridad.","breadcrumb":{"@id":"https:\/\/www.pro-corp.net\/bck\/cultura-de-portugal\/#breadcrumb"},"inLanguage":"es","potentialAction":[{"@type":"ReadAction","target":["https:\/\/www.pro-corp.net\/bck\/cultura-de-portugal\/"]}]},{"@type":"BreadcrumbList","@id":"https:\/\/www.pro-corp.net\/bck\/cultura-de-portugal\/#breadcrumb","itemListElement":[{"@type":"ListItem","position":1,"name":"Cultura de Portugal: normas de comportamiento y seguridad"}]},{"@type":"Article","@id":"https:\/\/www.pro-corp.net\/bck\/cultura-de-portugal\/#article","isPartOf":{"@id":"https:\/\/www.pro-corp.net\/bck\/cultura-de-portugal\/#webpage"},"author":{"@id":"https:\/\/www.pro-corp.net\/bck\/#\/schema\/person\/d6eda375fcca981cadf1e8f102bb8966"},"headline":"Cultura de Portugal: normas de comportamiento y seguridad","datePublished":"2020-12-03T09:00:00+00:00","dateModified":"2021-09-27T14:27:56+00:00","mainEntityOfPage":{"@id":"https:\/\/www.pro-corp.net\/bck\/cultura-de-portugal\/#webpage"},"wordCount":623,"commentCount":0,"publisher":{"@id":"https:\/\/www.pro-corp.net\/bck\/#organization"},"image":{"@id":"https:\/\/www.pro-corp.net\/bck\/cultura-de-portugal\/#primaryimage"},"thumbnailUrl":"https:\/\/www.pro-corp.net\/bck\/wp-content\/uploads\/2020\/11\/9.-Oct-Cultura-de-Portugal-seguridad-urbana-y-normas-de-comportamiento-que-todo-ciudadano-portugues-deberia-cumplir-scaled.jpg","keywords":["nacionalidad portuguesa"],"articleSection":["Emigrar a Portugal"],"inLanguage":"es","potentialAction":[{"@type":"CommentAction","name":"Comment","target":["https:\/\/www.pro-corp.net\/bck\/cultura-de-portugal\/#respond"]}]},{"@type":"Person","@id":"https:\/\/www.pro-corp.net\/bck\/#\/schema\/person\/d6eda375fcca981cadf1e8f102bb8966","name":"Christian Andres","image":{"@type":"ImageObject","@id":"https:\/\/www.pro-corp.net\/bck\/#personlogo","inLanguage":"es","url":"https:\/\/secure.gravatar.com\/avatar\/87676f1df919f3ff761ee73fc0e15532?s=96&d=mm&r=g","contentUrl":"https:\/\/secure.gravatar.com\/avatar\/87676f1df919f3ff761ee73fc0e15532?s=96&d=mm&r=g","caption":"Christian Andres"}}]}},"_links":{"self":[{"href":"https:\/\/www.pro-corp.net\/bck\/wp-json\/wp\/v2\/posts\/5759"}],"collection":[{"href":"https:\/\/www.pro-corp.net\/bck\/wp-json\/wp\/v2\/posts"}],"about":[{"href":"https:\/\/www.pro-corp.net\/bck\/wp-json\/wp\/v2\/types\/post"}],"author":[{"embeddable":true,"href":"https:\/\/www.pro-corp.net\/bck\/wp-json\/wp\/v2\/users\/1656"}],"replies":[{"embeddable":true,"href":"https:\/\/www.pro-corp.net\/bck\/wp-json\/wp\/v2\/comments?post=5759"}],"version-history":[{"count":4,"href":"https:\/\/www.pro-corp.net\/bck\/wp-json\/wp\/v2\/posts\/5759\/revisions"}],"predecessor-version":[{"id":7489,"href":"https:\/\/www.pro-corp.net\/bck\/wp-json\/wp\/v2\/posts\/5759\/revisions\/7489"}],"wp:featuredmedia":[{"embeddable":true,"href":"https:\/\/www.pro-corp.net\/bck\/wp-json\/wp\/v2\/media\/5760"}],"wp:attachment":[{"href":"https:\/\/www.pro-corp.net\/bck\/wp-json\/wp\/v2\/media?parent=5759"}],"wp:term":[{"taxonomy":"category","embeddable":true,"href":"https:\/\/www.pro-corp.net\/bck\/wp-json\/wp\/v2\/categories?post=5759"},{"taxonomy":"post_tag","embeddable":true,"href":"https:\/\/www.pro-corp.net\/bck\/wp-json\/wp\/v2\/tags?post=5759"}],"curies":[{"name":"wp","href":"https:\/\/api.w.org\/{rel}","templated":true}]}}