{"id":5826,"date":"2020-12-14T04:00:00","date_gmt":"2020-12-14T09:00:00","guid":{"rendered":"http:\/\/www.pro-corp.net\/bck\/?p=5826"},"modified":"2021-09-24T17:57:57","modified_gmt":"2021-09-24T22:57:57","slug":"costumbres-y-tradiciones-de-espana","status":"publish","type":"post","link":"https:\/\/www.pro-corp.net\/bck\/costumbres-y-tradiciones-de-espana\/","title":{"rendered":"Costumbres y tradiciones de Espa\u00f1a: descubre su riqueza cultural"},"content":{"rendered":"<p>Es importante que te familiarices con las <strong>costumbres y tradiciones de Espa\u00f1a<\/strong> si vas a viajar o decidiste mudarte a ese pa\u00eds. Eso te ayudar\u00e1 a adaptarte m\u00e1s r\u00e1pido y a evitar situaciones inc\u00f3modas. Aqu\u00ed te contamos un poco sobre la cultura espa\u00f1ola y sus convenciones sociales.<\/p>\n<h2>Costumbres<\/h2>\n<p>La hora de la comida, es decir, del almuerzo, es entre las 2 y las 3 de la tarde. Se cena tambi\u00e9n tarde: entre las 9 y las 10 de la noche. Adem\u00e1s, seg\u00fan El Mundo OK (s.f.), se tiene la costumbre de comer en casa con la familia y dormir la siesta.<\/p>\n<p>De acuerdo con Lusa Realty (2018), muchos espa\u00f1oles no se independizan hasta sus 30 o 40 a\u00f1os, se emparejan y tienen hijos tarde. Pero, en general, son compa\u00f1eros y padres, fieles y entregados. Adem\u00e1s, entablan conversaciones en cualquier lugar, incluso con desconocidos. Hacerlo se considera de buena educaci\u00f3n.<\/p>\n<p>Los espa\u00f1oles tambi\u00e9n trabajan mucho. Seg\u00fan estad\u00edsticas sobre <a href=\"http:\/\/www.pro-corp.net\/bck\/emigrar-a-espana\/economia-de-espana\/\">econom\u00eda de Espa\u00f1a<\/a>, incluso m\u00e1s horas que los europeos del norte. Crean un ambiente laboral agradable y no pisan a sus colegas. No son ambiciosos y valoran m\u00e1s su comodidad y tiempo libre que un buen salario.<\/p>\n<h2>Convenciones sociales<\/h2>\n<p>Los espa\u00f1oles son alegres, honestos, confiados y orgullosos. Tienen un car\u00e1cter hospitalario, abierto y cordial, pero se esfuerzan por conservar sus tradiciones. Pueden tener problemas, pero no pierden la alegr\u00eda.<\/p>\n<p>Una de las <strong>costumbres y tradiciones de Espa\u00f1a<\/strong> es el saludo con dos besos, uno en cada mejilla. Esta es la mayor cortes\u00eda f\u00edsica que ofrecen. Otros tipos de contactos f\u00edsicos m\u00e1s expresivos se reservan a las parejas o viejos amigos. Los hombres se saludan con un apret\u00f3n de manos.<\/p>\n<p>El habla de los espa\u00f1oles es r\u00e1pida y el tono imperativo, sin que esto implique superioridad. Los espa\u00f1oles son muy directos y expresivos en sus opiniones, que defienden con argumentos honestos y francos.<\/p>\n<h2>Costumbres y tradiciones de Espa\u00f1a: un poco sobre la cultura<\/h2>\n<p>La diversidad provincial se expresa en los bailes regionales, en los deportes tradicionales y en las comidas t\u00edpicas. Incluso en los idiomas oficiales, como el euskera y el catal\u00e1n. Estas son algunas de las <strong>costumbres y tradiciones de Espa\u00f1a<\/strong> asociadas a su cultura:<\/p>\n<h3>Gastronom\u00eda<\/h3>\n<p>Dos peculiaridades gastron\u00f3micas espa\u00f1olas son las siguientes:<\/p>\n<ul>\n<li><a href=\"https:\/\/www.animalgourmet.com\/2020\/07\/02\/recetas-tapas-espanolas\/\" target=\"_blank\" rel=\"noopener\">Tapas<\/a>: Acompa\u00f1an a las bebidas y algunas son gratis. Si queremos disfrutar m\u00e1s de la que nos ha gustado, podemos pedir una raci\u00f3n de patatas bravas, gambas, jam\u00f3n serrano, queso, etc. Dato curioso: Ir \u201cde tapas\u201d o \u201cde tapeo\u201d, es ir de un bar a otro<\/li>\n<li><a href=\"https:\/\/www.barcelo.com\/pinandtravel\/es\/san-sebastian-pinchos-vascos-pintxos-bilbao\/amp\/\" target=\"_blank\" rel=\"noopener\">Pinchos<\/a>: Los pinchos o <em>pintxos<\/em> son peque\u00f1as porciones de alimento sobre una base de pan y, a veces, atravesadas por un palillo. Son muy elaborados. Ir \u201cde <em>pintxos<\/em>\u00bb es muy popular en el norte de Espa\u00f1a.<\/li>\n<\/ul>\n<h3>Tradiciones<\/h3>\n<p>Algunas de las <strong>costumbres y tradiciones de Espa\u00f1a<\/strong> m\u00e1s populares son las siguientes:<\/p>\n<ul>\n<li>Los Sanfermines se celebran el 7 de julio en Pamplona. Se hacen encerronas soltando a los toros por las calles para que los \u201cmozos\u201d corran delante de ellos.<\/li>\n<li>El flamenco es una tradici\u00f3n folcl\u00f3rica que se vive en escenarios y fiestas, pero tambi\u00e9n en las calles de Andaluc\u00eda.<\/li>\n<li>El Camino de Santiago es una ruta de peregrinaci\u00f3n cristiana. Tiene origen medieval y se dirige a la tumba de Santiago el Mayor, situada en la Catedral de Santiago de Compostela. Lo hace mucha gente de todo el mundo.<\/li>\n<\/ul>\n<p>Si vas a <a href=\"http:\/\/www.pro-corp.net\/bck\/emigrar-a-espana\/vivir-en-espana\/\">vivir en Espa\u00f1a<\/a>, ten en cuenta estos datos sobre el car\u00e1cter de los espa\u00f1oles, sus convenciones sociales y las <strong>costumbres y tradiciones de Espa\u00f1a.<\/strong> Y \u00e1brete a disfrutar de la alegr\u00eda, apertura y hospitalidad local.<\/p>\n\n\n<div class=\"wp-container-69f17b203f552 wp-block-buttons is-content-justification-center\">\n<div class=\"wp-block-button is-style-fill\"><a class=\"wp-block-button__link has-white-color has-text-color has-background\" href=\"http:\/\/www.pro-corp.net\/bck\/asesoria\/\" style=\"border-radius:2px;background-color:#b70000\" target=\"_blank\" rel=\"noopener\">Empieza tu estudio de investigaci\u00f3n geneal\u00f3gica ac\u00e1<\/a><\/div>\n<\/div>\n","protected":false},"excerpt":{"rendered":"<p>Es importante que te familiarices con las costumbres y tradiciones de Espa\u00f1a si vas a viajar o decidiste mudarte a ese pa\u00eds. Eso te ayudar\u00e1 a adaptarte m\u00e1s r\u00e1pido y a evitar situaciones inc\u00f3modas. Aqu\u00ed te contamos un poco sobre la cultura espa\u00f1ola y sus convenciones sociales. Costumbres La hora de la comida, es decir, [&hellip;]<\/p>\n","protected":false},"author":1656,"featured_media":5829,"comment_status":"open","ping_status":"open","sticky":false,"template":"","format":"standard","meta":[],"categories":[57],"tags":[98,95],"yoast_head":"<!-- This site is optimized with the Yoast SEO plugin v18.2 - https:\/\/yoast.com\/wordpress\/plugins\/seo\/ -->\n<title>Costumbres y tradiciones de Espa\u00f1a: familiar\u00edzate con ellas - Pro-corp<\/title>\n<meta name=\"description\" content=\"Aqu\u00ed te contamos sobre las costumbres y tradiciones de Espa\u00f1a, el car\u00e1cter de los espa\u00f1oles y algunas de sus convenciones sociales.\" \/>\n<meta name=\"robots\" content=\"index, follow, max-snippet:-1, max-image-preview:large, max-video-preview:-1\" \/>\n<link rel=\"canonical\" href=\"https:\/\/www.pro-corp.net\/bck\/costumbres-y-tradiciones-de-espana\/\" \/>\n<meta property=\"og:locale\" content=\"es_ES\" \/>\n<meta property=\"og:type\" content=\"article\" \/>\n<meta property=\"og:title\" content=\"Costumbres y tradiciones de Espa\u00f1a: familiar\u00edzate con ellas - Pro-corp\" \/>\n<meta property=\"og:description\" content=\"Aqu\u00ed te contamos sobre las costumbres y tradiciones de Espa\u00f1a, el car\u00e1cter de los espa\u00f1oles y algunas de sus convenciones sociales.\" \/>\n<meta property=\"og:url\" content=\"https:\/\/www.pro-corp.net\/bck\/costumbres-y-tradiciones-de-espana\/\" \/>\n<meta property=\"og:site_name\" content=\"Pro Corp Corporate Development\" \/>\n<meta property=\"article:publisher\" content=\"https:\/\/www.facebook.com\/Pro-Corp-Asesoria-legal-y-empresarial-105779337842842\/\" \/>\n<meta property=\"article:published_time\" content=\"2020-12-14T09:00:00+00:00\" \/>\n<meta property=\"article:modified_time\" content=\"2021-09-24T22:57:57+00:00\" \/>\n<meta property=\"og:image\" content=\"https:\/\/www.pro-corp.net\/bck\/wp-content\/uploads\/2020\/12\/6.-Nov-Familiarizate-con-estas-costumbres-y-tradiciones-de-Espana-para-sentirte-como-en-casa-scaled.jpg\" \/>\n\t<meta property=\"og:image:width\" content=\"2560\" \/>\n\t<meta property=\"og:image:height\" content=\"1707\" \/>\n\t<meta property=\"og:image:type\" content=\"image\/jpeg\" \/>\n<meta name=\"twitter:card\" content=\"summary_large_image\" \/>\n<meta name=\"twitter:creator\" content=\"@Pro_Corp\" \/>\n<meta name=\"twitter:site\" content=\"@Pro_Corp\" \/>\n<meta name=\"twitter:label1\" content=\"Escrito por\" \/>\n\t<meta name=\"twitter:data1\" content=\"Christian Andres\" \/>\n\t<meta name=\"twitter:label2\" content=\"Tiempo de lectura\" \/>\n\t<meta name=\"twitter:data2\" content=\"3 minutos\" \/>\n<script type=\"application\/ld+json\" class=\"yoast-schema-graph\">{\"@context\":\"https:\/\/schema.org\",\"@graph\":[{\"@type\":\"Organization\",\"@id\":\"https:\/\/www.pro-corp.net\/bck\/#organization\",\"name\":\"Pro Corp Corporate Development\",\"url\":\"https:\/\/www.pro-corp.net\/bck\/\",\"sameAs\":[\"https:\/\/www.facebook.com\/Pro-Corp-Asesoria-legal-y-empresarial-105779337842842\/\",\"https:\/\/twitter.com\/Pro_Corp\"],\"logo\":{\"@type\":\"ImageObject\",\"@id\":\"https:\/\/www.pro-corp.net\/bck\/#logo\",\"inLanguage\":\"es\",\"url\":\"http:\/\/www.pro-corp.net\/bck\/wp-content\/uploads\/2020\/06\/icon.png\",\"contentUrl\":\"http:\/\/www.pro-corp.net\/bck\/wp-content\/uploads\/2020\/06\/icon.png\",\"width\":640,\"height\":640,\"caption\":\"Pro Corp Corporate Development\"},\"image\":{\"@id\":\"https:\/\/www.pro-corp.net\/bck\/#logo\"}},{\"@type\":\"WebSite\",\"@id\":\"https:\/\/www.pro-corp.net\/bck\/#website\",\"url\":\"https:\/\/www.pro-corp.net\/bck\/\",\"name\":\"Pro Corp Corporate Development\",\"description\":\"Nacionalidad Europea por Ley Sefard\u00ed\",\"publisher\":{\"@id\":\"https:\/\/www.pro-corp.net\/bck\/#organization\"},\"potentialAction\":[{\"@type\":\"SearchAction\",\"target\":{\"@type\":\"EntryPoint\",\"urlTemplate\":\"https:\/\/www.pro-corp.net\/bck\/?s={search_term_string}\"},\"query-input\":\"required name=search_term_string\"}],\"inLanguage\":\"es\"},{\"@type\":\"ImageObject\",\"@id\":\"https:\/\/www.pro-corp.net\/bck\/costumbres-y-tradiciones-de-espana\/#primaryimage\",\"inLanguage\":\"es\",\"url\":\"https:\/\/www.pro-corp.net\/bck\/wp-content\/uploads\/2020\/12\/6.-Nov-Familiarizate-con-estas-costumbres-y-tradiciones-de-Espana-para-sentirte-como-en-casa-scaled.jpg\",\"contentUrl\":\"https:\/\/www.pro-corp.net\/bck\/wp-content\/uploads\/2020\/12\/6.-Nov-Familiarizate-con-estas-costumbres-y-tradiciones-de-Espana-para-sentirte-como-en-casa-scaled.jpg\",\"width\":2560,\"height\":1707,\"caption\":\"Aqu\u00ed te contamos sobre las costumbres y tradiciones de Espa\u00f1a, el car\u00e1cter de los espa\u00f1oles y algunas de sus convenciones sociales.\"},{\"@type\":\"WebPage\",\"@id\":\"https:\/\/www.pro-corp.net\/bck\/costumbres-y-tradiciones-de-espana\/#webpage\",\"url\":\"https:\/\/www.pro-corp.net\/bck\/costumbres-y-tradiciones-de-espana\/\",\"name\":\"Costumbres y tradiciones de Espa\u00f1a: familiar\u00edzate con ellas - Pro-corp\",\"isPartOf\":{\"@id\":\"https:\/\/www.pro-corp.net\/bck\/#website\"},\"primaryImageOfPage\":{\"@id\":\"https:\/\/www.pro-corp.net\/bck\/costumbres-y-tradiciones-de-espana\/#primaryimage\"},\"datePublished\":\"2020-12-14T09:00:00+00:00\",\"dateModified\":\"2021-09-24T22:57:57+00:00\",\"description\":\"Aqu\u00ed te contamos sobre las costumbres y tradiciones de Espa\u00f1a, el car\u00e1cter de los espa\u00f1oles y algunas de sus convenciones sociales.\",\"breadcrumb\":{\"@id\":\"https:\/\/www.pro-corp.net\/bck\/costumbres-y-tradiciones-de-espana\/#breadcrumb\"},\"inLanguage\":\"es\",\"potentialAction\":[{\"@type\":\"ReadAction\",\"target\":[\"https:\/\/www.pro-corp.net\/bck\/costumbres-y-tradiciones-de-espana\/\"]}]},{\"@type\":\"BreadcrumbList\",\"@id\":\"https:\/\/www.pro-corp.net\/bck\/costumbres-y-tradiciones-de-espana\/#breadcrumb\",\"itemListElement\":[{\"@type\":\"ListItem\",\"position\":1,\"name\":\"Costumbres y tradiciones de Espa\u00f1a: descubre su riqueza cultural\"}]},{\"@type\":\"Article\",\"@id\":\"https:\/\/www.pro-corp.net\/bck\/costumbres-y-tradiciones-de-espana\/#article\",\"isPartOf\":{\"@id\":\"https:\/\/www.pro-corp.net\/bck\/costumbres-y-tradiciones-de-espana\/#webpage\"},\"author\":{\"@id\":\"https:\/\/www.pro-corp.net\/bck\/#\/schema\/person\/d6eda375fcca981cadf1e8f102bb8966\"},\"headline\":\"Costumbres y tradiciones de Espa\u00f1a: descubre su riqueza cultural\",\"datePublished\":\"2020-12-14T09:00:00+00:00\",\"dateModified\":\"2021-09-24T22:57:57+00:00\",\"mainEntityOfPage\":{\"@id\":\"https:\/\/www.pro-corp.net\/bck\/costumbres-y-tradiciones-de-espana\/#webpage\"},\"wordCount\":653,\"commentCount\":0,\"publisher\":{\"@id\":\"https:\/\/www.pro-corp.net\/bck\/#organization\"},\"image\":{\"@id\":\"https:\/\/www.pro-corp.net\/bck\/costumbres-y-tradiciones-de-espana\/#primaryimage\"},\"thumbnailUrl\":\"https:\/\/www.pro-corp.net\/bck\/wp-content\/uploads\/2020\/12\/6.-Nov-Familiarizate-con-estas-costumbres-y-tradiciones-de-Espana-para-sentirte-como-en-casa-scaled.jpg\",\"keywords\":[\"econom\u00eda de Espa\u00f1a\",\"Vivir en Espa\u00f1a\"],\"articleSection\":[\"Emigrar a Espa\u00f1a\"],\"inLanguage\":\"es\",\"potentialAction\":[{\"@type\":\"CommentAction\",\"name\":\"Comment\",\"target\":[\"https:\/\/www.pro-corp.net\/bck\/costumbres-y-tradiciones-de-espana\/#respond\"]}]},{\"@type\":\"Person\",\"@id\":\"https:\/\/www.pro-corp.net\/bck\/#\/schema\/person\/d6eda375fcca981cadf1e8f102bb8966\",\"name\":\"Christian Andres\",\"image\":{\"@type\":\"ImageObject\",\"@id\":\"https:\/\/www.pro-corp.net\/bck\/#personlogo\",\"inLanguage\":\"es\",\"url\":\"https:\/\/secure.gravatar.com\/avatar\/87676f1df919f3ff761ee73fc0e15532?s=96&d=mm&r=g\",\"contentUrl\":\"https:\/\/secure.gravatar.com\/avatar\/87676f1df919f3ff761ee73fc0e15532?s=96&d=mm&r=g\",\"caption\":\"Christian Andres\"}}]}<\/script>\n<!-- \/ Yoast SEO plugin. -->","yoast_head_json":{"title":"Costumbres y tradiciones de Espa\u00f1a: familiar\u00edzate con ellas - Pro-corp","description":"Aqu\u00ed te contamos sobre las costumbres y tradiciones de Espa\u00f1a, el car\u00e1cter de los espa\u00f1oles y algunas de sus convenciones sociales.","robots":{"index":"index","follow":"follow","max-snippet":"max-snippet:-1","max-image-preview":"max-image-preview:large","max-video-preview":"max-video-preview:-1"},"canonical":"https:\/\/www.pro-corp.net\/bck\/costumbres-y-tradiciones-de-espana\/","og_locale":"es_ES","og_type":"article","og_title":"Costumbres y tradiciones de Espa\u00f1a: familiar\u00edzate con ellas - Pro-corp","og_description":"Aqu\u00ed te contamos sobre las costumbres y tradiciones de Espa\u00f1a, el car\u00e1cter de los espa\u00f1oles y algunas de sus convenciones sociales.","og_url":"https:\/\/www.pro-corp.net\/bck\/costumbres-y-tradiciones-de-espana\/","og_site_name":"Pro Corp Corporate Development","article_publisher":"https:\/\/www.facebook.com\/Pro-Corp-Asesoria-legal-y-empresarial-105779337842842\/","article_published_time":"2020-12-14T09:00:00+00:00","article_modified_time":"2021-09-24T22:57:57+00:00","og_image":[{"width":2560,"height":1707,"url":"https:\/\/www.pro-corp.net\/bck\/wp-content\/uploads\/2020\/12\/6.-Nov-Familiarizate-con-estas-costumbres-y-tradiciones-de-Espana-para-sentirte-como-en-casa-scaled.jpg","type":"image\/jpeg"}],"twitter_card":"summary_large_image","twitter_creator":"@Pro_Corp","twitter_site":"@Pro_Corp","twitter_misc":{"Escrito por":"Christian Andres","Tiempo de lectura":"3 minutos"},"schema":{"@context":"https:\/\/schema.org","@graph":[{"@type":"Organization","@id":"https:\/\/www.pro-corp.net\/bck\/#organization","name":"Pro Corp Corporate Development","url":"https:\/\/www.pro-corp.net\/bck\/","sameAs":["https:\/\/www.facebook.com\/Pro-Corp-Asesoria-legal-y-empresarial-105779337842842\/","https:\/\/twitter.com\/Pro_Corp"],"logo":{"@type":"ImageObject","@id":"https:\/\/www.pro-corp.net\/bck\/#logo","inLanguage":"es","url":"http:\/\/www.pro-corp.net\/bck\/wp-content\/uploads\/2020\/06\/icon.png","contentUrl":"http:\/\/www.pro-corp.net\/bck\/wp-content\/uploads\/2020\/06\/icon.png","width":640,"height":640,"caption":"Pro Corp Corporate Development"},"image":{"@id":"https:\/\/www.pro-corp.net\/bck\/#logo"}},{"@type":"WebSite","@id":"https:\/\/www.pro-corp.net\/bck\/#website","url":"https:\/\/www.pro-corp.net\/bck\/","name":"Pro Corp Corporate Development","description":"Nacionalidad Europea por Ley Sefard\u00ed","publisher":{"@id":"https:\/\/www.pro-corp.net\/bck\/#organization"},"potentialAction":[{"@type":"SearchAction","target":{"@type":"EntryPoint","urlTemplate":"https:\/\/www.pro-corp.net\/bck\/?s={search_term_string}"},"query-input":"required name=search_term_string"}],"inLanguage":"es"},{"@type":"ImageObject","@id":"https:\/\/www.pro-corp.net\/bck\/costumbres-y-tradiciones-de-espana\/#primaryimage","inLanguage":"es","url":"https:\/\/www.pro-corp.net\/bck\/wp-content\/uploads\/2020\/12\/6.-Nov-Familiarizate-con-estas-costumbres-y-tradiciones-de-Espana-para-sentirte-como-en-casa-scaled.jpg","contentUrl":"https:\/\/www.pro-corp.net\/bck\/wp-content\/uploads\/2020\/12\/6.-Nov-Familiarizate-con-estas-costumbres-y-tradiciones-de-Espana-para-sentirte-como-en-casa-scaled.jpg","width":2560,"height":1707,"caption":"Aqu\u00ed te contamos sobre las costumbres y tradiciones de Espa\u00f1a, el car\u00e1cter de los espa\u00f1oles y algunas de sus convenciones sociales."},{"@type":"WebPage","@id":"https:\/\/www.pro-corp.net\/bck\/costumbres-y-tradiciones-de-espana\/#webpage","url":"https:\/\/www.pro-corp.net\/bck\/costumbres-y-tradiciones-de-espana\/","name":"Costumbres y tradiciones de Espa\u00f1a: familiar\u00edzate con ellas - Pro-corp","isPartOf":{"@id":"https:\/\/www.pro-corp.net\/bck\/#website"},"primaryImageOfPage":{"@id":"https:\/\/www.pro-corp.net\/bck\/costumbres-y-tradiciones-de-espana\/#primaryimage"},"datePublished":"2020-12-14T09:00:00+00:00","dateModified":"2021-09-24T22:57:57+00:00","description":"Aqu\u00ed te contamos sobre las costumbres y tradiciones de Espa\u00f1a, el car\u00e1cter de los espa\u00f1oles y algunas de sus convenciones sociales.","breadcrumb":{"@id":"https:\/\/www.pro-corp.net\/bck\/costumbres-y-tradiciones-de-espana\/#breadcrumb"},"inLanguage":"es","potentialAction":[{"@type":"ReadAction","target":["https:\/\/www.pro-corp.net\/bck\/costumbres-y-tradiciones-de-espana\/"]}]},{"@type":"BreadcrumbList","@id":"https:\/\/www.pro-corp.net\/bck\/costumbres-y-tradiciones-de-espana\/#breadcrumb","itemListElement":[{"@type":"ListItem","position":1,"name":"Costumbres y tradiciones de Espa\u00f1a: descubre su riqueza cultural"}]},{"@type":"Article","@id":"https:\/\/www.pro-corp.net\/bck\/costumbres-y-tradiciones-de-espana\/#article","isPartOf":{"@id":"https:\/\/www.pro-corp.net\/bck\/costumbres-y-tradiciones-de-espana\/#webpage"},"author":{"@id":"https:\/\/www.pro-corp.net\/bck\/#\/schema\/person\/d6eda375fcca981cadf1e8f102bb8966"},"headline":"Costumbres y tradiciones de Espa\u00f1a: descubre su riqueza cultural","datePublished":"2020-12-14T09:00:00+00:00","dateModified":"2021-09-24T22:57:57+00:00","mainEntityOfPage":{"@id":"https:\/\/www.pro-corp.net\/bck\/costumbres-y-tradiciones-de-espana\/#webpage"},"wordCount":653,"commentCount":0,"publisher":{"@id":"https:\/\/www.pro-corp.net\/bck\/#organization"},"image":{"@id":"https:\/\/www.pro-corp.net\/bck\/costumbres-y-tradiciones-de-espana\/#primaryimage"},"thumbnailUrl":"https:\/\/www.pro-corp.net\/bck\/wp-content\/uploads\/2020\/12\/6.-Nov-Familiarizate-con-estas-costumbres-y-tradiciones-de-Espana-para-sentirte-como-en-casa-scaled.jpg","keywords":["econom\u00eda de Espa\u00f1a","Vivir en Espa\u00f1a"],"articleSection":["Emigrar a Espa\u00f1a"],"inLanguage":"es","potentialAction":[{"@type":"CommentAction","name":"Comment","target":["https:\/\/www.pro-corp.net\/bck\/costumbres-y-tradiciones-de-espana\/#respond"]}]},{"@type":"Person","@id":"https:\/\/www.pro-corp.net\/bck\/#\/schema\/person\/d6eda375fcca981cadf1e8f102bb8966","name":"Christian Andres","image":{"@type":"ImageObject","@id":"https:\/\/www.pro-corp.net\/bck\/#personlogo","inLanguage":"es","url":"https:\/\/secure.gravatar.com\/avatar\/87676f1df919f3ff761ee73fc0e15532?s=96&d=mm&r=g","contentUrl":"https:\/\/secure.gravatar.com\/avatar\/87676f1df919f3ff761ee73fc0e15532?s=96&d=mm&r=g","caption":"Christian Andres"}}]}},"_links":{"self":[{"href":"https:\/\/www.pro-corp.net\/bck\/wp-json\/wp\/v2\/posts\/5826"}],"collection":[{"href":"https:\/\/www.pro-corp.net\/bck\/wp-json\/wp\/v2\/posts"}],"about":[{"href":"https:\/\/www.pro-corp.net\/bck\/wp-json\/wp\/v2\/types\/post"}],"author":[{"embeddable":true,"href":"https:\/\/www.pro-corp.net\/bck\/wp-json\/wp\/v2\/users\/1656"}],"replies":[{"embeddable":true,"href":"https:\/\/www.pro-corp.net\/bck\/wp-json\/wp\/v2\/comments?post=5826"}],"version-history":[{"count":5,"href":"https:\/\/www.pro-corp.net\/bck\/wp-json\/wp\/v2\/posts\/5826\/revisions"}],"predecessor-version":[{"id":7481,"href":"https:\/\/www.pro-corp.net\/bck\/wp-json\/wp\/v2\/posts\/5826\/revisions\/7481"}],"wp:featuredmedia":[{"embeddable":true,"href":"https:\/\/www.pro-corp.net\/bck\/wp-json\/wp\/v2\/media\/5829"}],"wp:attachment":[{"href":"https:\/\/www.pro-corp.net\/bck\/wp-json\/wp\/v2\/media?parent=5826"}],"wp:term":[{"taxonomy":"category","embeddable":true,"href":"https:\/\/www.pro-corp.net\/bck\/wp-json\/wp\/v2\/categories?post=5826"},{"taxonomy":"post_tag","embeddable":true,"href":"https:\/\/www.pro-corp.net\/bck\/wp-json\/wp\/v2\/tags?post=5826"}],"curies":[{"name":"wp","href":"https:\/\/api.w.org\/{rel}","templated":true}]}}