{"id":5883,"date":"2020-12-24T04:00:00","date_gmt":"2020-12-24T09:00:00","guid":{"rendered":"http:\/\/www.pro-corp.net\/bck\/?p=5883"},"modified":"2021-09-27T09:38:21","modified_gmt":"2021-09-27T14:38:21","slug":"salario-minimo-en-europa","status":"publish","type":"post","link":"https:\/\/www.pro-corp.net\/bck\/salario-minimo-en-europa\/","title":{"rendered":"Salario m\u00ednimo en Europa: Espa\u00f1a y Portugal"},"content":{"rendered":"<p>\u00bfEst\u00e1s pensando en <a href=\"http:\/\/www.pro-corp.net\/bck\/ciudadania-europea\/trabajar-en-europa\/\">trabajar en Europa<\/a>? \u00bfQuiz\u00e1 conseguiste empleo en Espa\u00f1a o Portugal, gracias a la red <a href=\"http:\/\/www.pro-corp.net\/bck\/eures\/\">EURES<\/a>? Aqu\u00ed te contamos cu\u00e1l es el <strong>salario m\u00ednimo en Europa<\/strong> (especialmente en esos dos pa\u00edses). C\u00f3mo se regula y qui\u00e9n lo recibe. Confiamos en que esta informaci\u00f3n te oriente, en la aventura que vas a emprender.<\/p>\n<h2>Panorama del salario m\u00ednimo en Europa<\/h2>\n<p>El <strong>salario m\u00ednimo en Europa<\/strong> oscila entre 2.142\u20ac en Luxemburgo y 321\u20ac en Bulgaria. Por ejemplo, en Alemania es de 1.584,0 \u20ac, en el Reino Unido, de 1.583,3 \u20ac, y en Francia de 1.539,4 \u20ac. Los pa\u00edses europeos en que no existe son: Dinamarca, Italia, Austria, Finlandia, Suecia, Islandia, Noruega y Suiza (Datosmacro, 2020).<\/p>\n<h3>Salario m\u00ednimo en Espa\u00f1a<\/h3>\n<p>Para establecer el \u201csalario m\u00ednimo interprofesional\u201d anual, se consideran el \u00edndice de precios al consumo, la productividad media nacional. Junto con el incremento de la participaci\u00f3n del trabajo en la renta nacional y la situaci\u00f3n econ\u00f3mica general.<\/p>\n<p>Seg\u00fan la categor\u00eda profesional y convenios laborales, puede ser aumentado o reducido. Tras a\u00f1os de peque\u00f1as subidas o congelaciones, en 2016 se acord\u00f3 una subida de un 8%, la mayor en 30 a\u00f1os. En 2017, fue fijado por Real Decreto en 707,70 euros\/mes, m\u00e1s 2 pagas extraordinarias.<\/p>\n<p>En 2019, se aprob\u00f3 la mayor subida (22%),\u200b quedando fijado en 900 \u20ac\/mes, si se divide en 14 pagas (12 pagas, y extras). Actualmente es de 1108,3\u20ac (Datosmacro, 2020).<\/p>\n<h3>Salario m\u00ednimo en Portugal<\/h3>\n<p>Los becarios pueden recibir el 80% del salario m\u00ednimo. Esto, cuando est\u00e1n en formaci\u00f3n pr\u00e1ctica para una categor\u00eda profesional cualificada, independientemente de su edad, en el primer a\u00f1o del inicio de su profesi\u00f3n.<\/p>\n<p>En 2007, el valor del salario m\u00ednimo era de 403,00\u20ac. Para 2009, era de 450\u20ac; en 2011, de 500\u20ac; en 2017, 649,83\u20ac euros al mes (557\u20ac en 14 pagas). Y actualmente, es de 740,8\u20ac (Datosmacro, 2020).<\/p>\n<h2>Regulaci\u00f3n del salario m\u00ednimo en Europa<\/h2>\n<p>La Comisi\u00f3n Europea inici\u00f3 en 2020 un proyecto para unificar el <strong>salario m\u00ednimo en Europa<\/strong>. Se aspira a que en todos los pa\u00edses se fije una remuneraci\u00f3n m\u00ednima equivalente al 60% del salario medio nacional.<\/p>\n<p>Los objetivos: combatir las desigualdades, prevenir que el salario m\u00ednimo se iguale hacia abajo. Tambi\u00e9n, evitar la <a href=\"https:\/\/economipedia.com\/definiciones\/fuga-de-cerebros.html\">fuga de cerebros<\/a> y la contrataci\u00f3n de trabajadores con malas condiciones salariales (De Miguel, 2020).<\/p>\n<p>Tambi\u00e9n, potenciar la convergencia econ\u00f3mica entre los socios de la Uni\u00f3n Europea. Reducir el <a href=\"https:\/\/dpej.rae.es\/lema\/dumping-salarial\">dumping salarial<\/a> en un mercado laboral sin fronteras, y rescatar parte de los 110 millones de europeos en riesgo de pobreza (Boffley, 2020).<\/p>\n<h2>Qui\u00e9nes recibe el salario m\u00ednimo en Europa<\/h2>\n<p>En Espa\u00f1a, no existe un registro oficial del n\u00famero exacto de trabajadores que lo reciben. Si bien, la cifra m\u00e1s aproximada est\u00e1 en los registros de la Seguridad Social, que indican que no llegar\u00eda al medio mill\u00f3n de trabajadores. Incluyendo a las empleadas del hogar (Pascual, 2020).<\/p>\n<p>En Portugal, uno de cada cinco ciudadanos portugueses recibe el salario m\u00ednimo interprofesional: el 20,1% de los trabajadores (720.800 personas) (S\u00edo, 2019).<\/p>\n<p>Toda esta informaci\u00f3n puede orientar tu b\u00fasqueda de empleo en Espa\u00f1a o Portugal. Y ofrecerte un panorama de la econom\u00eda actual de estos pa\u00edses, partiendo del <strong>salario m\u00ednimo en Europa<\/strong> establecido por ley.<\/p>\n\n\n<div class=\"wp-container-69f191881b426 wp-block-buttons is-content-justification-center\">\n<div class=\"wp-block-button is-style-fill\"><a class=\"wp-block-button__link has-white-color has-text-color has-background\" href=\"http:\/\/www.pro-corp.net\/bck\/asesoria\/\" style=\"border-radius:2px;background-color:#b70000\" target=\"_blank\" rel=\"noopener\">Empieza tu estudio de investigaci\u00f3n geneal\u00f3gica ac\u00e1<\/a><\/div>\n<\/div>\n","protected":false},"excerpt":{"rendered":"<p>\u00bfEst\u00e1s pensando en trabajar en Europa? \u00bfQuiz\u00e1 conseguiste empleo en Espa\u00f1a o Portugal, gracias a la red EURES? Aqu\u00ed te contamos cu\u00e1l es el salario m\u00ednimo en Europa (especialmente en esos dos pa\u00edses). C\u00f3mo se regula y qui\u00e9n lo recibe. Confiamos en que esta informaci\u00f3n te oriente, en la aventura que vas a emprender. Panorama [&hellip;]<\/p>\n","protected":false},"author":1656,"featured_media":5884,"comment_status":"open","ping_status":"open","sticky":false,"template":"","format":"standard","meta":[],"categories":[59],"tags":[103,102],"yoast_head":"<!-- This site is optimized with the Yoast SEO plugin v18.2 - https:\/\/yoast.com\/wordpress\/plugins\/seo\/ -->\n<title>Salario m\u00ednimo en Europa: \u00bfcu\u00e1l es en Espa\u00f1a y Portugal? - Pro-corp<\/title>\n<meta name=\"description\" content=\"Descubre cu\u00e1l es el rango de salario m\u00ednimo en Europa, especialmente en Espa\u00f1a y Portugal, cu\u00e1l es la regulaci\u00f3n al respecto y qui\u00e9nes lo reciben.\" \/>\n<meta name=\"robots\" content=\"index, follow, max-snippet:-1, max-image-preview:large, max-video-preview:-1\" \/>\n<link rel=\"canonical\" href=\"https:\/\/www.pro-corp.net\/bck\/salario-minimo-en-europa\/\" \/>\n<meta property=\"og:locale\" content=\"es_ES\" \/>\n<meta property=\"og:type\" content=\"article\" \/>\n<meta property=\"og:title\" content=\"Salario m\u00ednimo en Europa: \u00bfcu\u00e1l es en Espa\u00f1a y Portugal? - Pro-corp\" \/>\n<meta property=\"og:description\" content=\"Descubre cu\u00e1l es el rango de salario m\u00ednimo en Europa, especialmente en Espa\u00f1a y Portugal, cu\u00e1l es la regulaci\u00f3n al respecto y qui\u00e9nes lo reciben.\" \/>\n<meta property=\"og:url\" content=\"https:\/\/www.pro-corp.net\/bck\/salario-minimo-en-europa\/\" \/>\n<meta property=\"og:site_name\" content=\"Pro Corp Corporate Development\" \/>\n<meta property=\"article:publisher\" content=\"https:\/\/www.facebook.com\/Pro-Corp-Asesoria-legal-y-empresarial-105779337842842\/\" \/>\n<meta property=\"article:published_time\" content=\"2020-12-24T09:00:00+00:00\" \/>\n<meta property=\"article:modified_time\" content=\"2021-09-27T14:38:21+00:00\" \/>\n<meta property=\"og:image\" content=\"https:\/\/www.pro-corp.net\/bck\/wp-content\/uploads\/2020\/12\/1.-Nov-Conoce-el-rango-del-salario-minimo-en-Europa-para-tomar-la-decision-mas-conveniente-scaled.jpg\" \/>\n\t<meta property=\"og:image:width\" content=\"2560\" \/>\n\t<meta property=\"og:image:height\" content=\"1812\" \/>\n\t<meta property=\"og:image:type\" content=\"image\/jpeg\" \/>\n<meta name=\"twitter:card\" content=\"summary_large_image\" \/>\n<meta name=\"twitter:creator\" content=\"@Pro_Corp\" \/>\n<meta name=\"twitter:site\" content=\"@Pro_Corp\" \/>\n<meta name=\"twitter:label1\" content=\"Escrito por\" \/>\n\t<meta name=\"twitter:data1\" content=\"Christian Andres\" \/>\n\t<meta name=\"twitter:label2\" content=\"Tiempo de lectura\" \/>\n\t<meta name=\"twitter:data2\" content=\"3 minutos\" \/>\n<script type=\"application\/ld+json\" class=\"yoast-schema-graph\">{\"@context\":\"https:\/\/schema.org\",\"@graph\":[{\"@type\":\"Organization\",\"@id\":\"https:\/\/www.pro-corp.net\/bck\/#organization\",\"name\":\"Pro Corp Corporate Development\",\"url\":\"https:\/\/www.pro-corp.net\/bck\/\",\"sameAs\":[\"https:\/\/www.facebook.com\/Pro-Corp-Asesoria-legal-y-empresarial-105779337842842\/\",\"https:\/\/twitter.com\/Pro_Corp\"],\"logo\":{\"@type\":\"ImageObject\",\"@id\":\"https:\/\/www.pro-corp.net\/bck\/#logo\",\"inLanguage\":\"es\",\"url\":\"http:\/\/www.pro-corp.net\/bck\/wp-content\/uploads\/2020\/06\/icon.png\",\"contentUrl\":\"http:\/\/www.pro-corp.net\/bck\/wp-content\/uploads\/2020\/06\/icon.png\",\"width\":640,\"height\":640,\"caption\":\"Pro Corp Corporate Development\"},\"image\":{\"@id\":\"https:\/\/www.pro-corp.net\/bck\/#logo\"}},{\"@type\":\"WebSite\",\"@id\":\"https:\/\/www.pro-corp.net\/bck\/#website\",\"url\":\"https:\/\/www.pro-corp.net\/bck\/\",\"name\":\"Pro Corp Corporate Development\",\"description\":\"Nacionalidad Europea por Ley Sefard\u00ed\",\"publisher\":{\"@id\":\"https:\/\/www.pro-corp.net\/bck\/#organization\"},\"potentialAction\":[{\"@type\":\"SearchAction\",\"target\":{\"@type\":\"EntryPoint\",\"urlTemplate\":\"https:\/\/www.pro-corp.net\/bck\/?s={search_term_string}\"},\"query-input\":\"required name=search_term_string\"}],\"inLanguage\":\"es\"},{\"@type\":\"ImageObject\",\"@id\":\"https:\/\/www.pro-corp.net\/bck\/salario-minimo-en-europa\/#primaryimage\",\"inLanguage\":\"es\",\"url\":\"https:\/\/www.pro-corp.net\/bck\/wp-content\/uploads\/2020\/12\/1.-Nov-Conoce-el-rango-del-salario-minimo-en-Europa-para-tomar-la-decision-mas-conveniente-scaled.jpg\",\"contentUrl\":\"https:\/\/www.pro-corp.net\/bck\/wp-content\/uploads\/2020\/12\/1.-Nov-Conoce-el-rango-del-salario-minimo-en-Europa-para-tomar-la-decision-mas-conveniente-scaled.jpg\",\"width\":2560,\"height\":1812,\"caption\":\"Descubre cu\u00e1l es el rango de salario m\u00ednimo en Europa, especialmente en Espa\u00f1a y Portugal, cu\u00e1l es la regulaci\u00f3n al respecto y qui\u00e9nes lo reciben.\"},{\"@type\":\"WebPage\",\"@id\":\"https:\/\/www.pro-corp.net\/bck\/salario-minimo-en-europa\/#webpage\",\"url\":\"https:\/\/www.pro-corp.net\/bck\/salario-minimo-en-europa\/\",\"name\":\"Salario m\u00ednimo en Europa: \u00bfcu\u00e1l es en Espa\u00f1a y Portugal? - Pro-corp\",\"isPartOf\":{\"@id\":\"https:\/\/www.pro-corp.net\/bck\/#website\"},\"primaryImageOfPage\":{\"@id\":\"https:\/\/www.pro-corp.net\/bck\/salario-minimo-en-europa\/#primaryimage\"},\"datePublished\":\"2020-12-24T09:00:00+00:00\",\"dateModified\":\"2021-09-27T14:38:21+00:00\",\"description\":\"Descubre cu\u00e1l es el rango de salario m\u00ednimo en Europa, especialmente en Espa\u00f1a y Portugal, cu\u00e1l es la regulaci\u00f3n al respecto y qui\u00e9nes lo reciben.\",\"breadcrumb\":{\"@id\":\"https:\/\/www.pro-corp.net\/bck\/salario-minimo-en-europa\/#breadcrumb\"},\"inLanguage\":\"es\",\"potentialAction\":[{\"@type\":\"ReadAction\",\"target\":[\"https:\/\/www.pro-corp.net\/bck\/salario-minimo-en-europa\/\"]}]},{\"@type\":\"BreadcrumbList\",\"@id\":\"https:\/\/www.pro-corp.net\/bck\/salario-minimo-en-europa\/#breadcrumb\",\"itemListElement\":[{\"@type\":\"ListItem\",\"position\":1,\"name\":\"Salario m\u00ednimo en Europa: Espa\u00f1a y Portugal\"}]},{\"@type\":\"Article\",\"@id\":\"https:\/\/www.pro-corp.net\/bck\/salario-minimo-en-europa\/#article\",\"isPartOf\":{\"@id\":\"https:\/\/www.pro-corp.net\/bck\/salario-minimo-en-europa\/#webpage\"},\"author\":{\"@id\":\"https:\/\/www.pro-corp.net\/bck\/#\/schema\/person\/d6eda375fcca981cadf1e8f102bb8966\"},\"headline\":\"Salario m\u00ednimo en Europa: Espa\u00f1a y Portugal\",\"datePublished\":\"2020-12-24T09:00:00+00:00\",\"dateModified\":\"2021-09-27T14:38:21+00:00\",\"mainEntityOfPage\":{\"@id\":\"https:\/\/www.pro-corp.net\/bck\/salario-minimo-en-europa\/#webpage\"},\"wordCount\":549,\"commentCount\":0,\"publisher\":{\"@id\":\"https:\/\/www.pro-corp.net\/bck\/#organization\"},\"image\":{\"@id\":\"https:\/\/www.pro-corp.net\/bck\/salario-minimo-en-europa\/#primaryimage\"},\"thumbnailUrl\":\"https:\/\/www.pro-corp.net\/bck\/wp-content\/uploads\/2020\/12\/1.-Nov-Conoce-el-rango-del-salario-minimo-en-Europa-para-tomar-la-decision-mas-conveniente-scaled.jpg\",\"keywords\":[\"EURES\",\"Trabajar en Europa\"],\"articleSection\":[\"Vivir en Europa\"],\"inLanguage\":\"es\",\"potentialAction\":[{\"@type\":\"CommentAction\",\"name\":\"Comment\",\"target\":[\"https:\/\/www.pro-corp.net\/bck\/salario-minimo-en-europa\/#respond\"]}]},{\"@type\":\"Person\",\"@id\":\"https:\/\/www.pro-corp.net\/bck\/#\/schema\/person\/d6eda375fcca981cadf1e8f102bb8966\",\"name\":\"Christian Andres\",\"image\":{\"@type\":\"ImageObject\",\"@id\":\"https:\/\/www.pro-corp.net\/bck\/#personlogo\",\"inLanguage\":\"es\",\"url\":\"https:\/\/secure.gravatar.com\/avatar\/87676f1df919f3ff761ee73fc0e15532?s=96&d=mm&r=g\",\"contentUrl\":\"https:\/\/secure.gravatar.com\/avatar\/87676f1df919f3ff761ee73fc0e15532?s=96&d=mm&r=g\",\"caption\":\"Christian Andres\"}}]}<\/script>\n<!-- \/ Yoast SEO plugin. -->","yoast_head_json":{"title":"Salario m\u00ednimo en Europa: \u00bfcu\u00e1l es en Espa\u00f1a y Portugal? - Pro-corp","description":"Descubre cu\u00e1l es el rango de salario m\u00ednimo en Europa, especialmente en Espa\u00f1a y Portugal, cu\u00e1l es la regulaci\u00f3n al respecto y qui\u00e9nes lo reciben.","robots":{"index":"index","follow":"follow","max-snippet":"max-snippet:-1","max-image-preview":"max-image-preview:large","max-video-preview":"max-video-preview:-1"},"canonical":"https:\/\/www.pro-corp.net\/bck\/salario-minimo-en-europa\/","og_locale":"es_ES","og_type":"article","og_title":"Salario m\u00ednimo en Europa: \u00bfcu\u00e1l es en Espa\u00f1a y Portugal? - Pro-corp","og_description":"Descubre cu\u00e1l es el rango de salario m\u00ednimo en Europa, especialmente en Espa\u00f1a y Portugal, cu\u00e1l es la regulaci\u00f3n al respecto y qui\u00e9nes lo reciben.","og_url":"https:\/\/www.pro-corp.net\/bck\/salario-minimo-en-europa\/","og_site_name":"Pro Corp Corporate Development","article_publisher":"https:\/\/www.facebook.com\/Pro-Corp-Asesoria-legal-y-empresarial-105779337842842\/","article_published_time":"2020-12-24T09:00:00+00:00","article_modified_time":"2021-09-27T14:38:21+00:00","og_image":[{"width":2560,"height":1812,"url":"https:\/\/www.pro-corp.net\/bck\/wp-content\/uploads\/2020\/12\/1.-Nov-Conoce-el-rango-del-salario-minimo-en-Europa-para-tomar-la-decision-mas-conveniente-scaled.jpg","type":"image\/jpeg"}],"twitter_card":"summary_large_image","twitter_creator":"@Pro_Corp","twitter_site":"@Pro_Corp","twitter_misc":{"Escrito por":"Christian Andres","Tiempo de lectura":"3 minutos"},"schema":{"@context":"https:\/\/schema.org","@graph":[{"@type":"Organization","@id":"https:\/\/www.pro-corp.net\/bck\/#organization","name":"Pro Corp Corporate Development","url":"https:\/\/www.pro-corp.net\/bck\/","sameAs":["https:\/\/www.facebook.com\/Pro-Corp-Asesoria-legal-y-empresarial-105779337842842\/","https:\/\/twitter.com\/Pro_Corp"],"logo":{"@type":"ImageObject","@id":"https:\/\/www.pro-corp.net\/bck\/#logo","inLanguage":"es","url":"http:\/\/www.pro-corp.net\/bck\/wp-content\/uploads\/2020\/06\/icon.png","contentUrl":"http:\/\/www.pro-corp.net\/bck\/wp-content\/uploads\/2020\/06\/icon.png","width":640,"height":640,"caption":"Pro Corp Corporate Development"},"image":{"@id":"https:\/\/www.pro-corp.net\/bck\/#logo"}},{"@type":"WebSite","@id":"https:\/\/www.pro-corp.net\/bck\/#website","url":"https:\/\/www.pro-corp.net\/bck\/","name":"Pro Corp Corporate Development","description":"Nacionalidad Europea por Ley Sefard\u00ed","publisher":{"@id":"https:\/\/www.pro-corp.net\/bck\/#organization"},"potentialAction":[{"@type":"SearchAction","target":{"@type":"EntryPoint","urlTemplate":"https:\/\/www.pro-corp.net\/bck\/?s={search_term_string}"},"query-input":"required name=search_term_string"}],"inLanguage":"es"},{"@type":"ImageObject","@id":"https:\/\/www.pro-corp.net\/bck\/salario-minimo-en-europa\/#primaryimage","inLanguage":"es","url":"https:\/\/www.pro-corp.net\/bck\/wp-content\/uploads\/2020\/12\/1.-Nov-Conoce-el-rango-del-salario-minimo-en-Europa-para-tomar-la-decision-mas-conveniente-scaled.jpg","contentUrl":"https:\/\/www.pro-corp.net\/bck\/wp-content\/uploads\/2020\/12\/1.-Nov-Conoce-el-rango-del-salario-minimo-en-Europa-para-tomar-la-decision-mas-conveniente-scaled.jpg","width":2560,"height":1812,"caption":"Descubre cu\u00e1l es el rango de salario m\u00ednimo en Europa, especialmente en Espa\u00f1a y Portugal, cu\u00e1l es la regulaci\u00f3n al respecto y qui\u00e9nes lo reciben."},{"@type":"WebPage","@id":"https:\/\/www.pro-corp.net\/bck\/salario-minimo-en-europa\/#webpage","url":"https:\/\/www.pro-corp.net\/bck\/salario-minimo-en-europa\/","name":"Salario m\u00ednimo en Europa: \u00bfcu\u00e1l es en Espa\u00f1a y Portugal? - Pro-corp","isPartOf":{"@id":"https:\/\/www.pro-corp.net\/bck\/#website"},"primaryImageOfPage":{"@id":"https:\/\/www.pro-corp.net\/bck\/salario-minimo-en-europa\/#primaryimage"},"datePublished":"2020-12-24T09:00:00+00:00","dateModified":"2021-09-27T14:38:21+00:00","description":"Descubre cu\u00e1l es el rango de salario m\u00ednimo en Europa, especialmente en Espa\u00f1a y Portugal, cu\u00e1l es la regulaci\u00f3n al respecto y qui\u00e9nes lo reciben.","breadcrumb":{"@id":"https:\/\/www.pro-corp.net\/bck\/salario-minimo-en-europa\/#breadcrumb"},"inLanguage":"es","potentialAction":[{"@type":"ReadAction","target":["https:\/\/www.pro-corp.net\/bck\/salario-minimo-en-europa\/"]}]},{"@type":"BreadcrumbList","@id":"https:\/\/www.pro-corp.net\/bck\/salario-minimo-en-europa\/#breadcrumb","itemListElement":[{"@type":"ListItem","position":1,"name":"Salario m\u00ednimo en Europa: Espa\u00f1a y Portugal"}]},{"@type":"Article","@id":"https:\/\/www.pro-corp.net\/bck\/salario-minimo-en-europa\/#article","isPartOf":{"@id":"https:\/\/www.pro-corp.net\/bck\/salario-minimo-en-europa\/#webpage"},"author":{"@id":"https:\/\/www.pro-corp.net\/bck\/#\/schema\/person\/d6eda375fcca981cadf1e8f102bb8966"},"headline":"Salario m\u00ednimo en Europa: Espa\u00f1a y Portugal","datePublished":"2020-12-24T09:00:00+00:00","dateModified":"2021-09-27T14:38:21+00:00","mainEntityOfPage":{"@id":"https:\/\/www.pro-corp.net\/bck\/salario-minimo-en-europa\/#webpage"},"wordCount":549,"commentCount":0,"publisher":{"@id":"https:\/\/www.pro-corp.net\/bck\/#organization"},"image":{"@id":"https:\/\/www.pro-corp.net\/bck\/salario-minimo-en-europa\/#primaryimage"},"thumbnailUrl":"https:\/\/www.pro-corp.net\/bck\/wp-content\/uploads\/2020\/12\/1.-Nov-Conoce-el-rango-del-salario-minimo-en-Europa-para-tomar-la-decision-mas-conveniente-scaled.jpg","keywords":["EURES","Trabajar en Europa"],"articleSection":["Vivir en Europa"],"inLanguage":"es","potentialAction":[{"@type":"CommentAction","name":"Comment","target":["https:\/\/www.pro-corp.net\/bck\/salario-minimo-en-europa\/#respond"]}]},{"@type":"Person","@id":"https:\/\/www.pro-corp.net\/bck\/#\/schema\/person\/d6eda375fcca981cadf1e8f102bb8966","name":"Christian Andres","image":{"@type":"ImageObject","@id":"https:\/\/www.pro-corp.net\/bck\/#personlogo","inLanguage":"es","url":"https:\/\/secure.gravatar.com\/avatar\/87676f1df919f3ff761ee73fc0e15532?s=96&d=mm&r=g","contentUrl":"https:\/\/secure.gravatar.com\/avatar\/87676f1df919f3ff761ee73fc0e15532?s=96&d=mm&r=g","caption":"Christian Andres"}}]}},"_links":{"self":[{"href":"https:\/\/www.pro-corp.net\/bck\/wp-json\/wp\/v2\/posts\/5883"}],"collection":[{"href":"https:\/\/www.pro-corp.net\/bck\/wp-json\/wp\/v2\/posts"}],"about":[{"href":"https:\/\/www.pro-corp.net\/bck\/wp-json\/wp\/v2\/types\/post"}],"author":[{"embeddable":true,"href":"https:\/\/www.pro-corp.net\/bck\/wp-json\/wp\/v2\/users\/1656"}],"replies":[{"embeddable":true,"href":"https:\/\/www.pro-corp.net\/bck\/wp-json\/wp\/v2\/comments?post=5883"}],"version-history":[{"count":4,"href":"https:\/\/www.pro-corp.net\/bck\/wp-json\/wp\/v2\/posts\/5883\/revisions"}],"predecessor-version":[{"id":7492,"href":"https:\/\/www.pro-corp.net\/bck\/wp-json\/wp\/v2\/posts\/5883\/revisions\/7492"}],"wp:featuredmedia":[{"embeddable":true,"href":"https:\/\/www.pro-corp.net\/bck\/wp-json\/wp\/v2\/media\/5884"}],"wp:attachment":[{"href":"https:\/\/www.pro-corp.net\/bck\/wp-json\/wp\/v2\/media?parent=5883"}],"wp:term":[{"taxonomy":"category","embeddable":true,"href":"https:\/\/www.pro-corp.net\/bck\/wp-json\/wp\/v2\/categories?post=5883"},{"taxonomy":"post_tag","embeddable":true,"href":"https:\/\/www.pro-corp.net\/bck\/wp-json\/wp\/v2\/tags?post=5883"}],"curies":[{"name":"wp","href":"https:\/\/api.w.org\/{rel}","templated":true}]}}