{"id":597,"date":"2021-07-11T04:00:00","date_gmt":"2021-07-11T04:00:00","guid":{"rendered":"https:\/\/www.pro-ley.es\/?p=597"},"modified":"2021-11-19T08:24:58","modified_gmt":"2021-11-19T13:24:58","slug":"pro-corp-en-el-world-law-congress","status":"publish","type":"post","link":"https:\/\/www.pro-corp.net\/bck\/pro-corp-en-el-world-law-congress\/","title":{"rendered":"Pro Corp presente en el World Law Congress 2021 en Madrid"},"content":{"rendered":"\t\t<div data-elementor-type=\"wp-post\" data-elementor-id=\"597\" class=\"elementor elementor-597\" data-elementor-settings=\"[]\">\n\t\t\t\t\t\t<div class=\"elementor-inner\">\n\t\t\t\t\t\t\t<div class=\"elementor-section-wrap\">\n\t\t\t\t\t\t\t<section class=\"elementor-section elementor-top-section elementor-element elementor-element-68946dd7 elementor-section-boxed elementor-section-height-default elementor-section-height-default\" data-id=\"68946dd7\" data-element_type=\"section\">\n\t\t\t\t\t\t<div class=\"elementor-container elementor-column-gap-default\">\n\t\t\t\t\t\t\t<div class=\"elementor-row\">\n\t\t\t\t\t<div class=\"elementor-column elementor-col-100 elementor-top-column elementor-element elementor-element-4986b34a\" data-id=\"4986b34a\" data-element_type=\"column\">\n\t\t\t<div class=\"elementor-column-wrap elementor-element-populated\">\n\t\t\t\t\t\t\t<div class=\"elementor-widget-wrap\">\n\t\t\t\t\t\t<div class=\"elementor-element elementor-element-242ee2be elementor-widget elementor-widget-text-editor\" data-id=\"242ee2be\" data-element_type=\"widget\" data-widget_type=\"text-editor.default\">\n\t\t\t\t<div class=\"elementor-widget-container\">\n\t\t\t\t\t\t\t\t<div class=\"elementor-text-editor elementor-clearfix\">\n\t\t\t\t<p>El pasado 5 y 6 de julio se celebro en Madrid una nueva edici\u00f3n del World Law Congress con la participaci\u00f3n de la firma Colombiana Pro Corp, representada por su presidente, el abogado Javier Jaramillo. El evento cont\u00f3 con la participaci\u00f3n del Rey Felipe VI de Espa\u00f1a quien resalt\u00f3 la importancia de recordar que \u201cel estado de derecho es el gobierno de las leyes y no de los hombres\u201d. Tambi\u00e9n estuvieron la nueva Ministra de Justicia, Pilar Llop, la saliente Ministra de Asuntos Exteriores, Uni\u00f3n Europea y Cooperaci\u00f3n, Arancha Gonz\u00e1lez Laya y el Presidente del Tribunal Constitucional de Espa\u00f1a, el Sr. Juan Jos\u00e9 Gonz\u00e1lez Rivas.<\/p><p>\u00a0<\/p><p>Esta organizaci\u00f3n ha llevado a cabo congresos desde 1965 por todo el mundo, centr\u00e1ndose siempre en la promoci\u00f3n del Estado de Derecho como garante de la libertad y el desarrollo de las naciones, algo por lo que Javier Cremades, presidente de la World Jurist Association y de la firma de abogados Cremades Calvo &amp; Sotelo, trabaja d\u00eda a d\u00eda.<\/p><p>\u00a0<\/p><p>Durante el evento tambi\u00e9n participaron figuras del alto gobierno colombiano, como el Presidente, el Sr. Iv\u00e1n Duque y el Ministro de Justicia, el Sr. Wilson Ruiz quien a su vez fue designado como presidente para el World Law Congress que se llevar\u00e1 a cabo en Colombia en los d\u00edas 2 y 3 de diciembre de este a\u00f1o. Tambi\u00e9n hicieron presencia el embajador de Colombia en Espa\u00f1a Luis Guillermo plata.<\/p><p>\u00a0<\/p><p>Durante el congreso se abordaron importantes temas como el Estado de Derecho, la, el sesgo impl\u00edcito y la paridad de g\u00e9nero, los derechos humanos, la importancia de los sistemas judiciales independientes para la protecci\u00f3n de los derechos individuales en las democracias. Frente a este \u00faltimo punto, hubo un consenso entre todos los expositores que la independencia entre los tribunales judiciales, tanto en Europa como en Latinoam\u00e9rica.<\/p><p>\u00a0<\/p><p>Por \u00faltimo, es importante resaltar que las firmas de abogados Pro Corp y Cremades Calvo &amp; Sotelo en Espa\u00f1a, son socios estrat\u00e9gicos que han trabajado conjuntamente diferentes casos en los \u00faltimos a\u00f1os a nivel internacional y comparten el objetivo de preservar el Estado de Derecho y proteger el imperio de la ley.<\/p>\t\t\t\t\t<\/div>\n\t\t\t\t\t\t<\/div>\n\t\t\t\t<\/div>\n\t\t\t\t\t\t<\/div>\n\t\t\t\t\t<\/div>\n\t\t<\/div>\n\t\t\t\t\t\t\t\t<\/div>\n\t\t\t\t\t<\/div>\n\t\t<\/section>\n\t\t\t\t<section class=\"elementor-section elementor-top-section elementor-element elementor-element-66aeb04 elementor-section-boxed elementor-section-height-default elementor-section-height-default\" data-id=\"66aeb04\" data-element_type=\"section\">\n\t\t\t\t\t\t<div class=\"elementor-container elementor-column-gap-default\">\n\t\t\t\t\t\t\t<div class=\"elementor-row\">\n\t\t\t\t\t<div class=\"elementor-column elementor-col-100 elementor-top-column elementor-element elementor-element-7c1c744\" data-id=\"7c1c744\" data-element_type=\"column\">\n\t\t\t<div class=\"elementor-column-wrap elementor-element-populated\">\n\t\t\t\t\t\t\t<div class=\"elementor-widget-wrap\">\n\t\t\t\t\t\t<div class=\"elementor-element elementor-element-335eb65 elementor-arrows-position-outside elementor-pagination-position-outside elementor-widget elementor-widget-image-carousel\" data-id=\"335eb65\" data-element_type=\"widget\" data-settings=\"{&quot;slides_to_show&quot;:&quot;2&quot;,&quot;slides_to_scroll&quot;:&quot;2&quot;,&quot;image_spacing_custom&quot;:{&quot;unit&quot;:&quot;px&quot;,&quot;size&quot;:100,&quot;sizes&quot;:[]},&quot;navigation&quot;:&quot;both&quot;,&quot;autoplay&quot;:&quot;yes&quot;,&quot;pause_on_hover&quot;:&quot;yes&quot;,&quot;pause_on_interaction&quot;:&quot;yes&quot;,&quot;autoplay_speed&quot;:5000,&quot;infinite&quot;:&quot;yes&quot;,&quot;speed&quot;:500}\" data-widget_type=\"image-carousel.default\">\n\t\t\t\t<div class=\"elementor-widget-container\">\n\t\t\t\t\t<div class=\"elementor-image-carousel-wrapper swiper-container\" dir=\"ltr\">\n\t\t\t<div class=\"elementor-image-carousel swiper-wrapper\">\n\t\t\t\t\t\t\t\t<div class=\"swiper-slide\"><figure class=\"swiper-slide-inner\"><img class=\"swiper-slide-image\" src=\"https:\/\/www.pro-corp.net\/bck\/wp-content\/uploads\/2021\/07\/rey.jpeg\" alt=\"rey\" \/><figcaption class=\"elementor-image-carousel-caption\">Felipe VI de Espa\u00f1a (Rey de Espa\u00f1a).<\/figcaption><\/figure><\/div><div class=\"swiper-slide\"><figure class=\"swiper-slide-inner\"><img class=\"swiper-slide-image\" src=\"https:\/\/www.pro-corp.net\/bck\/wp-content\/uploads\/2021\/07\/presiconsti.jpeg\" alt=\"presiconsti\" \/><figcaption class=\"elementor-image-carousel-caption\">De izquierda a derecha Javier Jaramillo (presidente Pro-Corp), Juan Jos\u00e9 Gonz\u00e1lez Rivas (presidente del tribunal constitucional de Espa\u00f1a).<\/figcaption><\/figure><\/div><div class=\"swiper-slide\"><figure class=\"swiper-slide-inner\"><img class=\"swiper-slide-image\" src=\"https:\/\/www.pro-corp.net\/bck\/wp-content\/uploads\/2021\/11\/Ministro_justicia.jpeg\" alt=\"Ministro_justicia\" \/><figcaption class=\"elementor-image-carousel-caption\">De izquierda a derecha Javier Jaramillo (presidente Pro-Corp), Wilson Ruiz Orjuela (Ministro de justicia de Colombia y Presidente del Comit\u00e9 Organizador del WLC).<\/figcaption><\/figure><\/div><div class=\"swiper-slide\"><figure class=\"swiper-slide-inner\"><img class=\"swiper-slide-image\" src=\"https:\/\/www.pro-corp.net\/bck\/wp-content\/uploads\/2021\/07\/minist.jpeg\" alt=\"minist\" \/><figcaption class=\"elementor-image-carousel-caption\">De izquierda a derecha: Juan Jos\u00e9 Gonz\u00e1lez Rivas (presidente del tribunal constitucional de Espa\u00f1a), Christine Lagarde (presidenta del banco central), Mar\u00eda Pilar Llop Cuenca (ministra de justicia de Espa\u00f1a), Felipe VI de Espa\u00f1a (Rey de Espa\u00f1a).<\/figcaption><\/figure><\/div><div class=\"swiper-slide\"><figure class=\"swiper-slide-inner\"><img class=\"swiper-slide-image\" src=\"https:\/\/www.pro-corp.net\/bck\/wp-content\/uploads\/2021\/07\/embajador.jpeg\" alt=\"embajador\" \/><figcaption class=\"elementor-image-carousel-caption\">De izquierda a derecha Javier Jaramillo (presidente Pro-Corp), Luis Guillermo Plata (embajador de Colombia en Espa\u00f1a).<\/figcaption><\/figure><\/div><div class=\"swiper-slide\"><figure class=\"swiper-slide-inner\"><img class=\"swiper-slide-image\" src=\"https:\/\/www.pro-corp.net\/bck\/wp-content\/uploads\/2021\/07\/cremades.jpeg\" alt=\"cremades\" \/><figcaption class=\"elementor-image-carousel-caption\">De izquierda a derecha Javier Jaramillo (presidente Pro-Corp), Javier Cremades Garc\u00eda (presidente Cremades &amp; Calvo Sotelo).<\/figcaption><\/figure><\/div><div class=\"swiper-slide\"><figure class=\"swiper-slide-inner\"><img class=\"swiper-slide-image\" src=\"https:\/\/www.pro-corp.net\/bck\/wp-content\/uploads\/2021\/07\/aran.jpeg\" alt=\"aran\" \/><figcaption class=\"elementor-image-carousel-caption\">De izquierda a derecha Arancha Gonz\u00e1lez Laya (ex ministra de asuntos exteriores, Uni\u00f3n Europea y Cooperaci\u00f3n de Espa\u00f1a), Javier Jaramillo (presidente Pro-Corp).<\/figcaption><\/figure><\/div>\t\t\t<\/div>\n\t\t\t\t\t\t\t\t\t\t\t\t<div class=\"swiper-pagination\"><\/div>\n\t\t\t\t\t\t\t\t\t\t\t\t\t<div class=\"elementor-swiper-button elementor-swiper-button-prev\">\n\t\t\t\t\t\t<i aria-hidden=\"true\" class=\"eicon-chevron-left\"><\/i>\t\t\t\t\t\t<span class=\"elementor-screen-only\">Anterior<\/span>\n\t\t\t\t\t<\/div>\n\t\t\t\t\t<div class=\"elementor-swiper-button elementor-swiper-button-next\">\n\t\t\t\t\t\t<i aria-hidden=\"true\" class=\"eicon-chevron-right\"><\/i>\t\t\t\t\t\t<span class=\"elementor-screen-only\">Siguiente<\/span>\n\t\t\t\t\t<\/div>\n\t\t\t\t\t\t\t\t\t<\/div>\n\t\t\t\t<\/div>\n\t\t\t\t<\/div>\n\t\t\t\t\t\t<\/div>\n\t\t\t\t\t<\/div>\n\t\t<\/div>\n\t\t\t\t\t\t\t\t<\/div>\n\t\t\t\t\t<\/div>\n\t\t<\/section>\n\t\t\t\t\t\t<\/div>\n\t\t\t\t\t\t<\/div>\n\t\t\t\t\t<\/div>\n\t\t","protected":false},"excerpt":{"rendered":"<p>El pasado 5 y 6 de julio se celebro en Madrid una nueva edici\u00f3n del World Law Congress con la participaci\u00f3n de la firma Colombiana Pro Corp, representada por su presidente, el abogado Javier Jaramillo. El evento cont\u00f3 con la participaci\u00f3n del Rey Felipe VI de Espa\u00f1a quien resalt\u00f3 la importancia de recordar que \u201cel [&hellip;]<\/p>\n","protected":false},"author":1656,"featured_media":7206,"comment_status":"open","ping_status":"open","sticky":false,"template":"","format":"standard","meta":[],"categories":[156],"tags":[],"yoast_head":"<!-- This site is optimized with the Yoast SEO plugin v18.2 - https:\/\/yoast.com\/wordpress\/plugins\/seo\/ -->\n<title>Pro Corp presente en el World Law Congress 2021 en Madrid - Pro-ley<\/title>\n<meta name=\"description\" content=\"El pasado 5 y6 de julio se celebro una edici\u00f3n del World Law Congress con la participaci\u00f3n de la firma colombiana Pro Corp.\" \/>\n<meta name=\"robots\" content=\"index, follow, max-snippet:-1, max-image-preview:large, max-video-preview:-1\" \/>\n<link rel=\"canonical\" href=\"https:\/\/www.pro-corp.net\/bck\/pro-corp-en-el-world-law-congress\/\" \/>\n<meta property=\"og:locale\" content=\"es_ES\" \/>\n<meta property=\"og:type\" content=\"article\" \/>\n<meta property=\"og:title\" content=\"Pro Corp presente en el World Law Congress 2021 en Madrid - Pro-ley\" \/>\n<meta property=\"og:description\" content=\"El pasado 5 y6 de julio se celebro una edici\u00f3n del World Law Congress con la participaci\u00f3n de la firma colombiana Pro Corp.\" \/>\n<meta property=\"og:url\" content=\"https:\/\/www.pro-corp.net\/bck\/pro-corp-en-el-world-law-congress\/\" \/>\n<meta property=\"og:site_name\" content=\"Pro Corp Corporate Development\" \/>\n<meta property=\"article:publisher\" content=\"https:\/\/www.facebook.com\/Pro-Corp-Asesoria-legal-y-empresarial-105779337842842\/\" \/>\n<meta property=\"article:published_time\" content=\"2021-07-11T04:00:00+00:00\" \/>\n<meta property=\"article:modified_time\" content=\"2021-11-19T13:24:58+00:00\" \/>\n<meta property=\"og:image\" content=\"https:\/\/www.pro-corp.net\/bck\/wp-content\/uploads\/2021\/07\/Blog-WLC-scaled.jpeg\" \/>\n\t<meta property=\"og:image:width\" content=\"2560\" \/>\n\t<meta property=\"og:image:height\" content=\"1928\" \/>\n\t<meta property=\"og:image:type\" content=\"image\/jpeg\" \/>\n<meta name=\"twitter:card\" content=\"summary_large_image\" \/>\n<meta name=\"twitter:creator\" content=\"@Pro_Corp\" \/>\n<meta name=\"twitter:site\" content=\"@Pro_Corp\" \/>\n<meta name=\"twitter:label1\" content=\"Escrito por\" \/>\n\t<meta name=\"twitter:data1\" content=\"Christian Andres\" \/>\n\t<meta name=\"twitter:label2\" content=\"Tiempo de lectura\" \/>\n\t<meta name=\"twitter:data2\" content=\"5 minutos\" \/>\n<script type=\"application\/ld+json\" class=\"yoast-schema-graph\">{\"@context\":\"https:\/\/schema.org\",\"@graph\":[{\"@type\":\"Organization\",\"@id\":\"https:\/\/www.pro-corp.net\/bck\/#organization\",\"name\":\"Pro Corp Corporate Development\",\"url\":\"https:\/\/www.pro-corp.net\/bck\/\",\"sameAs\":[\"https:\/\/www.facebook.com\/Pro-Corp-Asesoria-legal-y-empresarial-105779337842842\/\",\"https:\/\/twitter.com\/Pro_Corp\"],\"logo\":{\"@type\":\"ImageObject\",\"@id\":\"https:\/\/www.pro-corp.net\/bck\/#logo\",\"inLanguage\":\"es\",\"url\":\"http:\/\/www.pro-corp.net\/bck\/wp-content\/uploads\/2020\/06\/icon.png\",\"contentUrl\":\"http:\/\/www.pro-corp.net\/bck\/wp-content\/uploads\/2020\/06\/icon.png\",\"width\":640,\"height\":640,\"caption\":\"Pro Corp Corporate Development\"},\"image\":{\"@id\":\"https:\/\/www.pro-corp.net\/bck\/#logo\"}},{\"@type\":\"WebSite\",\"@id\":\"https:\/\/www.pro-corp.net\/bck\/#website\",\"url\":\"https:\/\/www.pro-corp.net\/bck\/\",\"name\":\"Pro Corp Corporate Development\",\"description\":\"Nacionalidad Europea por Ley Sefard\u00ed\",\"publisher\":{\"@id\":\"https:\/\/www.pro-corp.net\/bck\/#organization\"},\"potentialAction\":[{\"@type\":\"SearchAction\",\"target\":{\"@type\":\"EntryPoint\",\"urlTemplate\":\"https:\/\/www.pro-corp.net\/bck\/?s={search_term_string}\"},\"query-input\":\"required name=search_term_string\"}],\"inLanguage\":\"es\"},{\"@type\":\"ImageObject\",\"@id\":\"https:\/\/www.pro-corp.net\/bck\/pro-corp-en-el-world-law-congress\/#primaryimage\",\"inLanguage\":\"es\",\"url\":\"https:\/\/www.pro-corp.net\/bck\/wp-content\/uploads\/2021\/07\/Blog-WLC-scaled.jpeg\",\"contentUrl\":\"https:\/\/www.pro-corp.net\/bck\/wp-content\/uploads\/2021\/07\/Blog-WLC-scaled.jpeg\",\"width\":2560,\"height\":1928,\"caption\":\"Blog WLC\"},{\"@type\":\"WebPage\",\"@id\":\"https:\/\/www.pro-corp.net\/bck\/pro-corp-en-el-world-law-congress\/#webpage\",\"url\":\"https:\/\/www.pro-corp.net\/bck\/pro-corp-en-el-world-law-congress\/\",\"name\":\"Pro Corp presente en el World Law Congress 2021 en Madrid - Pro-ley\",\"isPartOf\":{\"@id\":\"https:\/\/www.pro-corp.net\/bck\/#website\"},\"primaryImageOfPage\":{\"@id\":\"https:\/\/www.pro-corp.net\/bck\/pro-corp-en-el-world-law-congress\/#primaryimage\"},\"datePublished\":\"2021-07-11T04:00:00+00:00\",\"dateModified\":\"2021-11-19T13:24:58+00:00\",\"description\":\"El pasado 5 y6 de julio se celebro una edici\u00f3n del World Law Congress con la participaci\u00f3n de la firma colombiana Pro Corp.\",\"breadcrumb\":{\"@id\":\"https:\/\/www.pro-corp.net\/bck\/pro-corp-en-el-world-law-congress\/#breadcrumb\"},\"inLanguage\":\"es\",\"potentialAction\":[{\"@type\":\"ReadAction\",\"target\":[\"https:\/\/www.pro-corp.net\/bck\/pro-corp-en-el-world-law-congress\/\"]}]},{\"@type\":\"BreadcrumbList\",\"@id\":\"https:\/\/www.pro-corp.net\/bck\/pro-corp-en-el-world-law-congress\/#breadcrumb\",\"itemListElement\":[{\"@type\":\"ListItem\",\"position\":1,\"name\":\"Pro Corp presente en el World Law Congress 2021 en Madrid\"}]},{\"@type\":\"Article\",\"@id\":\"https:\/\/www.pro-corp.net\/bck\/pro-corp-en-el-world-law-congress\/#article\",\"isPartOf\":{\"@id\":\"https:\/\/www.pro-corp.net\/bck\/pro-corp-en-el-world-law-congress\/#webpage\"},\"author\":{\"@id\":\"https:\/\/www.pro-corp.net\/bck\/#\/schema\/person\/d6eda375fcca981cadf1e8f102bb8966\"},\"headline\":\"Pro Corp presente en el World Law Congress 2021 en Madrid\",\"datePublished\":\"2021-07-11T04:00:00+00:00\",\"dateModified\":\"2021-11-19T13:24:58+00:00\",\"mainEntityOfPage\":{\"@id\":\"https:\/\/www.pro-corp.net\/bck\/pro-corp-en-el-world-law-congress\/#webpage\"},\"wordCount\":540,\"commentCount\":0,\"publisher\":{\"@id\":\"https:\/\/www.pro-corp.net\/bck\/#organization\"},\"image\":{\"@id\":\"https:\/\/www.pro-corp.net\/bck\/pro-corp-en-el-world-law-congress\/#primaryimage\"},\"thumbnailUrl\":\"https:\/\/www.pro-corp.net\/bck\/wp-content\/uploads\/2021\/07\/Blog-WLC-scaled.jpeg\",\"articleSection\":[\"nacionalidad espa\u00f1ola por origen sefard\u00ed\"],\"inLanguage\":\"es\",\"potentialAction\":[{\"@type\":\"CommentAction\",\"name\":\"Comment\",\"target\":[\"https:\/\/www.pro-corp.net\/bck\/pro-corp-en-el-world-law-congress\/#respond\"]}]},{\"@type\":\"Person\",\"@id\":\"https:\/\/www.pro-corp.net\/bck\/#\/schema\/person\/d6eda375fcca981cadf1e8f102bb8966\",\"name\":\"Christian Andres\",\"image\":{\"@type\":\"ImageObject\",\"@id\":\"https:\/\/www.pro-corp.net\/bck\/#personlogo\",\"inLanguage\":\"es\",\"url\":\"https:\/\/secure.gravatar.com\/avatar\/87676f1df919f3ff761ee73fc0e15532?s=96&d=mm&r=g\",\"contentUrl\":\"https:\/\/secure.gravatar.com\/avatar\/87676f1df919f3ff761ee73fc0e15532?s=96&d=mm&r=g\",\"caption\":\"Christian Andres\"}}]}<\/script>\n<!-- \/ Yoast SEO plugin. -->","yoast_head_json":{"title":"Pro Corp presente en el World Law Congress 2021 en Madrid - Pro-ley","description":"El pasado 5 y6 de julio se celebro una edici\u00f3n del World Law Congress con la participaci\u00f3n de la firma colombiana Pro Corp.","robots":{"index":"index","follow":"follow","max-snippet":"max-snippet:-1","max-image-preview":"max-image-preview:large","max-video-preview":"max-video-preview:-1"},"canonical":"https:\/\/www.pro-corp.net\/bck\/pro-corp-en-el-world-law-congress\/","og_locale":"es_ES","og_type":"article","og_title":"Pro Corp presente en el World Law Congress 2021 en Madrid - Pro-ley","og_description":"El pasado 5 y6 de julio se celebro una edici\u00f3n del World Law Congress con la participaci\u00f3n de la firma colombiana Pro Corp.","og_url":"https:\/\/www.pro-corp.net\/bck\/pro-corp-en-el-world-law-congress\/","og_site_name":"Pro Corp Corporate Development","article_publisher":"https:\/\/www.facebook.com\/Pro-Corp-Asesoria-legal-y-empresarial-105779337842842\/","article_published_time":"2021-07-11T04:00:00+00:00","article_modified_time":"2021-11-19T13:24:58+00:00","og_image":[{"width":2560,"height":1928,"url":"https:\/\/www.pro-corp.net\/bck\/wp-content\/uploads\/2021\/07\/Blog-WLC-scaled.jpeg","type":"image\/jpeg"}],"twitter_card":"summary_large_image","twitter_creator":"@Pro_Corp","twitter_site":"@Pro_Corp","twitter_misc":{"Escrito por":"Christian Andres","Tiempo de lectura":"5 minutos"},"schema":{"@context":"https:\/\/schema.org","@graph":[{"@type":"Organization","@id":"https:\/\/www.pro-corp.net\/bck\/#organization","name":"Pro Corp Corporate Development","url":"https:\/\/www.pro-corp.net\/bck\/","sameAs":["https:\/\/www.facebook.com\/Pro-Corp-Asesoria-legal-y-empresarial-105779337842842\/","https:\/\/twitter.com\/Pro_Corp"],"logo":{"@type":"ImageObject","@id":"https:\/\/www.pro-corp.net\/bck\/#logo","inLanguage":"es","url":"http:\/\/www.pro-corp.net\/bck\/wp-content\/uploads\/2020\/06\/icon.png","contentUrl":"http:\/\/www.pro-corp.net\/bck\/wp-content\/uploads\/2020\/06\/icon.png","width":640,"height":640,"caption":"Pro Corp Corporate Development"},"image":{"@id":"https:\/\/www.pro-corp.net\/bck\/#logo"}},{"@type":"WebSite","@id":"https:\/\/www.pro-corp.net\/bck\/#website","url":"https:\/\/www.pro-corp.net\/bck\/","name":"Pro Corp Corporate Development","description":"Nacionalidad Europea por Ley Sefard\u00ed","publisher":{"@id":"https:\/\/www.pro-corp.net\/bck\/#organization"},"potentialAction":[{"@type":"SearchAction","target":{"@type":"EntryPoint","urlTemplate":"https:\/\/www.pro-corp.net\/bck\/?s={search_term_string}"},"query-input":"required name=search_term_string"}],"inLanguage":"es"},{"@type":"ImageObject","@id":"https:\/\/www.pro-corp.net\/bck\/pro-corp-en-el-world-law-congress\/#primaryimage","inLanguage":"es","url":"https:\/\/www.pro-corp.net\/bck\/wp-content\/uploads\/2021\/07\/Blog-WLC-scaled.jpeg","contentUrl":"https:\/\/www.pro-corp.net\/bck\/wp-content\/uploads\/2021\/07\/Blog-WLC-scaled.jpeg","width":2560,"height":1928,"caption":"Blog WLC"},{"@type":"WebPage","@id":"https:\/\/www.pro-corp.net\/bck\/pro-corp-en-el-world-law-congress\/#webpage","url":"https:\/\/www.pro-corp.net\/bck\/pro-corp-en-el-world-law-congress\/","name":"Pro Corp presente en el World Law Congress 2021 en Madrid - Pro-ley","isPartOf":{"@id":"https:\/\/www.pro-corp.net\/bck\/#website"},"primaryImageOfPage":{"@id":"https:\/\/www.pro-corp.net\/bck\/pro-corp-en-el-world-law-congress\/#primaryimage"},"datePublished":"2021-07-11T04:00:00+00:00","dateModified":"2021-11-19T13:24:58+00:00","description":"El pasado 5 y6 de julio se celebro una edici\u00f3n del World Law Congress con la participaci\u00f3n de la firma colombiana Pro Corp.","breadcrumb":{"@id":"https:\/\/www.pro-corp.net\/bck\/pro-corp-en-el-world-law-congress\/#breadcrumb"},"inLanguage":"es","potentialAction":[{"@type":"ReadAction","target":["https:\/\/www.pro-corp.net\/bck\/pro-corp-en-el-world-law-congress\/"]}]},{"@type":"BreadcrumbList","@id":"https:\/\/www.pro-corp.net\/bck\/pro-corp-en-el-world-law-congress\/#breadcrumb","itemListElement":[{"@type":"ListItem","position":1,"name":"Pro Corp presente en el World Law Congress 2021 en Madrid"}]},{"@type":"Article","@id":"https:\/\/www.pro-corp.net\/bck\/pro-corp-en-el-world-law-congress\/#article","isPartOf":{"@id":"https:\/\/www.pro-corp.net\/bck\/pro-corp-en-el-world-law-congress\/#webpage"},"author":{"@id":"https:\/\/www.pro-corp.net\/bck\/#\/schema\/person\/d6eda375fcca981cadf1e8f102bb8966"},"headline":"Pro Corp presente en el World Law Congress 2021 en Madrid","datePublished":"2021-07-11T04:00:00+00:00","dateModified":"2021-11-19T13:24:58+00:00","mainEntityOfPage":{"@id":"https:\/\/www.pro-corp.net\/bck\/pro-corp-en-el-world-law-congress\/#webpage"},"wordCount":540,"commentCount":0,"publisher":{"@id":"https:\/\/www.pro-corp.net\/bck\/#organization"},"image":{"@id":"https:\/\/www.pro-corp.net\/bck\/pro-corp-en-el-world-law-congress\/#primaryimage"},"thumbnailUrl":"https:\/\/www.pro-corp.net\/bck\/wp-content\/uploads\/2021\/07\/Blog-WLC-scaled.jpeg","articleSection":["nacionalidad espa\u00f1ola por origen sefard\u00ed"],"inLanguage":"es","potentialAction":[{"@type":"CommentAction","name":"Comment","target":["https:\/\/www.pro-corp.net\/bck\/pro-corp-en-el-world-law-congress\/#respond"]}]},{"@type":"Person","@id":"https:\/\/www.pro-corp.net\/bck\/#\/schema\/person\/d6eda375fcca981cadf1e8f102bb8966","name":"Christian Andres","image":{"@type":"ImageObject","@id":"https:\/\/www.pro-corp.net\/bck\/#personlogo","inLanguage":"es","url":"https:\/\/secure.gravatar.com\/avatar\/87676f1df919f3ff761ee73fc0e15532?s=96&d=mm&r=g","contentUrl":"https:\/\/secure.gravatar.com\/avatar\/87676f1df919f3ff761ee73fc0e15532?s=96&d=mm&r=g","caption":"Christian Andres"}}]}},"_links":{"self":[{"href":"https:\/\/www.pro-corp.net\/bck\/wp-json\/wp\/v2\/posts\/597"}],"collection":[{"href":"https:\/\/www.pro-corp.net\/bck\/wp-json\/wp\/v2\/posts"}],"about":[{"href":"https:\/\/www.pro-corp.net\/bck\/wp-json\/wp\/v2\/types\/post"}],"author":[{"embeddable":true,"href":"https:\/\/www.pro-corp.net\/bck\/wp-json\/wp\/v2\/users\/1656"}],"replies":[{"embeddable":true,"href":"https:\/\/www.pro-corp.net\/bck\/wp-json\/wp\/v2\/comments?post=597"}],"version-history":[{"count":13,"href":"https:\/\/www.pro-corp.net\/bck\/wp-json\/wp\/v2\/posts\/597\/revisions"}],"predecessor-version":[{"id":7978,"href":"https:\/\/www.pro-corp.net\/bck\/wp-json\/wp\/v2\/posts\/597\/revisions\/7978"}],"wp:featuredmedia":[{"embeddable":true,"href":"https:\/\/www.pro-corp.net\/bck\/wp-json\/wp\/v2\/media\/7206"}],"wp:attachment":[{"href":"https:\/\/www.pro-corp.net\/bck\/wp-json\/wp\/v2\/media?parent=597"}],"wp:term":[{"taxonomy":"category","embeddable":true,"href":"https:\/\/www.pro-corp.net\/bck\/wp-json\/wp\/v2\/categories?post=597"},{"taxonomy":"post_tag","embeddable":true,"href":"https:\/\/www.pro-corp.net\/bck\/wp-json\/wp\/v2\/tags?post=597"}],"curies":[{"name":"wp","href":"https:\/\/api.w.org\/{rel}","templated":true}]}}