{"id":6118,"date":"2021-01-15T12:24:20","date_gmt":"2021-01-15T17:24:20","guid":{"rendered":"http:\/\/www.pro-corp.net\/bck\/?p=6118"},"modified":"2021-10-25T14:40:50","modified_gmt":"2021-10-25T19:40:50","slug":"genealogia","status":"publish","type":"post","link":"https:\/\/www.pro-corp.net\/bck\/genealogia\/","title":{"rendered":"\u00bfPORQU\u00c9 ES NECESARIO DEMOSTRAR MI ASCENDENCIA JUD\u00cdA SEFARD\u00cd PARA HACER EL PROCESO DE NACIONALIDAD PORTUGUESA Y ESPA\u00d1OLA, Y C\u00d3MO HACERLO?"},"content":{"rendered":"<p>Es necesario demostrar la ascendencia jud\u00eda sefard\u00ed porque es lo que da el derecho a la nacionalidad por origen sefard\u00ed en Espa\u00f1a y Portugal. \u00a0De acuerdo con la ley, el \u00fanico medio probatorio aceptado por las Comunidades Jud\u00edas de estos dos pa\u00edses, para quienes no son jud\u00edos practicantes, es un Informe de Genealog\u00eda. Es por medio de este informe de genealog\u00eda que una persona puede demostrar ser apta para recibir una nacionalidad europea acorde a las leyes de ascendencia sefard\u00ed en Portugal y Espa\u00f1a.<\/p>\n<p>Ahora vamos a entender qu\u00e9 es un informe de genealog\u00eda y c\u00f3mo obtenerlo.<\/p>\n<h4>1. \u00bfQu\u00e9 es un informe de genealog\u00eda?<\/h4>\n<p>Un informe de genealog\u00eda es una investigaci\u00f3n cronol\u00f3gica sobre el linaje de una familia, en la cual se identifican datos precisos como lo son nombres completos de los miembros de la familia, fechas de nacimiento, matrimonio y\/o defunci\u00f3n, as\u00ed como los lugares de dichos sucesos. Cada parentesco en el informe debe demostrarse con pruebas primarias como partidas de bautismo o registros civiles, o pruebas secundarias como libros. En el caso del informe de genealog\u00eda por ascendencia sefard\u00ed, lo importante es demostrar, fehacientemente, una conexi\u00f3n directa de la familia con un jud\u00edo sefardita. Para lograr hacerlo, un experto genealogista puede ayudar.<\/p>\n<p>\u00a0<\/p>\n<h4>2. \u00bfCu\u00e1l es el primer paso para que un experto pueda ayudarme con mi informe de genealog\u00eda?<\/h4>\n<p>Lo primero que deber\u00e1s hacer ser\u00e1 completar en un formato de Excel tu \u00e1rbol geneal\u00f3gico y remitirlo para estudio.<\/p>\n<h5>\u00a0 \u00a02.1\u00bfQu\u00e9 informaci\u00f3n debe contener mi \u00e1rbol de genealog\u00eda?<\/h5>\n<p>Para completar este formato debes llenar la primera casilla con tu nombre, sigues con tus padres, luego con tus abuelos, bisabuelos y tatarabuelos. Si tienes m\u00e1s informaci\u00f3n, te invitamos a escribirla; as\u00ed le dar\u00e1s m\u00e1s posibilidades a la investigaci\u00f3n. Recuerda que es importante indicar los nombres completos con los dos apellidos de cada persona. Procura enviar el formato lo m\u00e1s completo posible, pues entre m\u00e1s informaci\u00f3n env\u00edes al experto, mayores posibilidades tendr\u00e1s de que el experto pueda ir hacia atr\u00e1s en tus generaciones y encontrar un jud\u00edo sefardita entre tus ancestros.<\/p>\n<p>En pocas palabras, como m\u00ednimo, necesitas los nombres completos de tus antepasados m\u00e1s cercanos: padres, abuelos, bisabuelos y tatarabuelos.<\/p>\n<h5>\u00a0 \u00a02.2. \u00bfC\u00f3mo puedo conseguir la informaci\u00f3n para completar mi \u00e1rbol de genealog\u00eda?<\/h5>\n<p>La fuente m\u00e1s cercana est\u00e1 en tus familiares. Es una buena oportunidad para conversar con tus padres, t\u00edos, abuelos, t\u00edos abuelos y aquellos familiares que suelen guardar los recuerdos y contarnos las historias de nuestros antepasados. Generalmente, son ellos quienes recuerdan mejor los nombres que necesitas, incluso algunos pueden darte datos como fechas y lugares de nacimiento, bautismo, matrimonio y defunci\u00f3n.<\/p>\n<p>Para otras fuentes, puedes recurrir a \u00e1lbumes de fotos y recuerdos, recortes de noticias sobre tu familia, libros familiares, documentos como partidas de bautismo o matrimonio, registros civiles, testamentos y cualquier otro tipo de documento legal en el que se mencionen v\u00ednculos familiares.<\/p>\n<p>Finalmente, puedes recurrir a internet y libros. Estas fuentes generalmente tienen informaci\u00f3n de generaciones m\u00e1s lejanas, por ejemplo, de tus bisabuelos, tatarabuelos y posteriores. Debes tener cuidado con las fuentes de internet, no siempre son fieles a la realidad.<\/p>\n<h4>3. \u00bfSi ya complet\u00e9 la informaci\u00f3n de mi \u00e1rbol geneal\u00f3gico, c\u00f3mo puedo saber si tengo un antepasado sefardita?<\/h4>\n<p>Cuando tengas tu \u00e1rbol lo m\u00e1s completo posible, puedes envi\u00e1rnoslo para que nuestros genealogistas e historiadores expertos realicen una investigaci\u00f3n por linaje sefard\u00ed. Somos expertos en encontrar antepasados sefarditas de la pen\u00ednsula ib\u00e9rica. Si ellos encuentran un jud\u00edo entre tus antepasados, dar\u00e1n viabilidad a tu proceso. Pro Corp te notificar\u00e1 inmediatamente la posibilidad de continuar.\u00a0<\/p>\n<h4>4. \u00bfPor qu\u00e9 mi investigaci\u00f3n de linaje sefard\u00ed e informe de genealog\u00eda deben ser realizados por un genealogista?<\/h4>\n<p>Cualquier persona puede realizar estudios sobre sus ancestros. Sin embargo, para la investigaci\u00f3n de linaje sefard\u00ed necesaria para realizar tr\u00e1mites como el de la nacionalidad espa\u00f1ola o portuguesa por ascendencia sefardita, se recomienda acudir a expertos reconocidos por academias o institutos especializados en investigaci\u00f3n geneal\u00f3gica y conocimientos de historia sefardita, como es el caso de Pro Corp. La experiencia en esta materia, y las diferentes fuentes documentales, permiten a nuestros expertos realizar reportes con un debido sustento probatorio para cumplir con la rigurosidad documental de las comunidades jud\u00edas que emiten los certificados. Recuerda que un genealogista es la persona que se dedica a investigar el linaje y la genealog\u00eda de una familia.<\/p>\n\n\n<div class=\"wp-container-69f18f1c902bf wp-block-buttons is-content-justification-center\">\n<div class=\"wp-block-button is-style-fill\"><a class=\"wp-block-button__link has-white-color has-text-color has-background\" href=\"http:\/\/www.pro-corp.net\/bck\/asesoria\/\" style=\"border-radius:2px;background-color:#b70000\" target=\"_blank\" rel=\"noopener\">Empieza tu estudio de investigaci\u00f3n geneal\u00f3gica ac\u00e1<\/a><\/div>\n<\/div>\n\n\n\n<div class=\"wp-container-69f18f1c90605 wp-block-buttons\"><\/div>\n\n\n\n<p><\/p>\n","protected":false},"excerpt":{"rendered":"<p>Es necesario demostrar la ascendencia jud\u00eda sefard\u00ed porque es lo que da el derecho a la nacionalidad por origen sefard\u00ed en Espa\u00f1a y Portugal. \u00a0De acuerdo con la ley, el \u00fanico medio probatorio aceptado por las Comunidades Jud\u00edas de estos dos pa\u00edses, para quienes no son jud\u00edos practicantes, es un Informe de Genealog\u00eda. Es por [&hellip;]<\/p>\n","protected":false},"author":1656,"featured_media":6134,"comment_status":"open","ping_status":"open","sticky":false,"template":"","format":"standard","meta":[],"categories":[56],"tags":[],"yoast_head":"<!-- This site is optimized with the Yoast SEO plugin v18.2 - https:\/\/yoast.com\/wordpress\/plugins\/seo\/ -->\n<title>ES NECESARIO DEMOSTRAR MI ASCENDENCIA JUD\u00cdA SEFARD\u00cd - Pro-corp<\/title>\n<meta name=\"description\" content=\"Es necesario demostrar la ascendencia jud\u00eda sefard\u00ed porque es lo que da el derecho a la nacionalidad por origen sefard\u00ed en Espa\u00f1a y Portugal.\" \/>\n<meta name=\"robots\" content=\"index, follow, max-snippet:-1, max-image-preview:large, max-video-preview:-1\" \/>\n<link rel=\"canonical\" href=\"https:\/\/www.pro-corp.net\/bck\/genealogia\/\" \/>\n<meta property=\"og:locale\" content=\"es_ES\" \/>\n<meta property=\"og:type\" content=\"article\" \/>\n<meta property=\"og:title\" content=\"ES NECESARIO DEMOSTRAR MI ASCENDENCIA JUD\u00cdA SEFARD\u00cd - Pro-corp\" \/>\n<meta property=\"og:description\" content=\"Es necesario demostrar la ascendencia jud\u00eda sefard\u00ed porque es lo que da el derecho a la nacionalidad por origen sefard\u00ed en Espa\u00f1a y Portugal.\" \/>\n<meta property=\"og:url\" content=\"https:\/\/www.pro-corp.net\/bck\/genealogia\/\" \/>\n<meta property=\"og:site_name\" content=\"Pro Corp Corporate Development\" \/>\n<meta property=\"article:publisher\" content=\"https:\/\/www.facebook.com\/Pro-Corp-Asesoria-legal-y-empresarial-105779337842842\/\" \/>\n<meta property=\"article:published_time\" content=\"2021-01-15T17:24:20+00:00\" \/>\n<meta property=\"article:modified_time\" content=\"2021-10-25T19:40:50+00:00\" \/>\n<meta property=\"og:image\" content=\"https:\/\/www.pro-corp.net\/bck\/wp-content\/uploads\/2021\/01\/10.-Dic-\u00bfQue-es-el-empadronamiento-y-por-que-es-importante-si-decides-vivir-en-Espana-scaled.jpg\" \/>\n\t<meta property=\"og:image:width\" content=\"2560\" \/>\n\t<meta property=\"og:image:height\" content=\"1707\" \/>\n\t<meta property=\"og:image:type\" content=\"image\/jpeg\" \/>\n<meta name=\"twitter:card\" content=\"summary_large_image\" \/>\n<meta name=\"twitter:creator\" content=\"@Pro_Corp\" \/>\n<meta name=\"twitter:site\" content=\"@Pro_Corp\" \/>\n<meta name=\"twitter:label1\" content=\"Escrito por\" \/>\n\t<meta name=\"twitter:data1\" content=\"Christian Andres\" \/>\n\t<meta name=\"twitter:label2\" content=\"Tiempo de lectura\" \/>\n\t<meta name=\"twitter:data2\" content=\"4 minutos\" \/>\n<script type=\"application\/ld+json\" class=\"yoast-schema-graph\">{\"@context\":\"https:\/\/schema.org\",\"@graph\":[{\"@type\":\"Organization\",\"@id\":\"https:\/\/www.pro-corp.net\/bck\/#organization\",\"name\":\"Pro Corp Corporate Development\",\"url\":\"https:\/\/www.pro-corp.net\/bck\/\",\"sameAs\":[\"https:\/\/www.facebook.com\/Pro-Corp-Asesoria-legal-y-empresarial-105779337842842\/\",\"https:\/\/twitter.com\/Pro_Corp\"],\"logo\":{\"@type\":\"ImageObject\",\"@id\":\"https:\/\/www.pro-corp.net\/bck\/#logo\",\"inLanguage\":\"es\",\"url\":\"http:\/\/www.pro-corp.net\/bck\/wp-content\/uploads\/2020\/06\/icon.png\",\"contentUrl\":\"http:\/\/www.pro-corp.net\/bck\/wp-content\/uploads\/2020\/06\/icon.png\",\"width\":640,\"height\":640,\"caption\":\"Pro Corp Corporate Development\"},\"image\":{\"@id\":\"https:\/\/www.pro-corp.net\/bck\/#logo\"}},{\"@type\":\"WebSite\",\"@id\":\"https:\/\/www.pro-corp.net\/bck\/#website\",\"url\":\"https:\/\/www.pro-corp.net\/bck\/\",\"name\":\"Pro Corp Corporate Development\",\"description\":\"Nacionalidad Europea por Ley Sefard\u00ed\",\"publisher\":{\"@id\":\"https:\/\/www.pro-corp.net\/bck\/#organization\"},\"potentialAction\":[{\"@type\":\"SearchAction\",\"target\":{\"@type\":\"EntryPoint\",\"urlTemplate\":\"https:\/\/www.pro-corp.net\/bck\/?s={search_term_string}\"},\"query-input\":\"required name=search_term_string\"}],\"inLanguage\":\"es\"},{\"@type\":\"ImageObject\",\"@id\":\"https:\/\/www.pro-corp.net\/bck\/genealogia\/#primaryimage\",\"inLanguage\":\"es\",\"url\":\"https:\/\/www.pro-corp.net\/bck\/wp-content\/uploads\/2021\/01\/10.-Dic-\u00bfQue-es-el-empadronamiento-y-por-que-es-importante-si-decides-vivir-en-Espana-scaled.jpg\",\"contentUrl\":\"https:\/\/www.pro-corp.net\/bck\/wp-content\/uploads\/2021\/01\/10.-Dic-\u00bfQue-es-el-empadronamiento-y-por-que-es-importante-si-decides-vivir-en-Espana-scaled.jpg\",\"width\":2560,\"height\":1707,\"caption\":\"Es necesario demostrar la ascendencia jud\u00eda sefard\u00ed porque es lo que da el derecho a la nacionalidad por origen sefard\u00ed en Espa\u00f1a y Portugal.\"},{\"@type\":\"WebPage\",\"@id\":\"https:\/\/www.pro-corp.net\/bck\/genealogia\/#webpage\",\"url\":\"https:\/\/www.pro-corp.net\/bck\/genealogia\/\",\"name\":\"ES NECESARIO DEMOSTRAR MI ASCENDENCIA JUD\u00cdA SEFARD\u00cd - Pro-corp\",\"isPartOf\":{\"@id\":\"https:\/\/www.pro-corp.net\/bck\/#website\"},\"primaryImageOfPage\":{\"@id\":\"https:\/\/www.pro-corp.net\/bck\/genealogia\/#primaryimage\"},\"datePublished\":\"2021-01-15T17:24:20+00:00\",\"dateModified\":\"2021-10-25T19:40:50+00:00\",\"description\":\"Es necesario demostrar la ascendencia jud\u00eda sefard\u00ed porque es lo que da el derecho a la nacionalidad por origen sefard\u00ed en Espa\u00f1a y Portugal.\",\"breadcrumb\":{\"@id\":\"https:\/\/www.pro-corp.net\/bck\/genealogia\/#breadcrumb\"},\"inLanguage\":\"es\",\"potentialAction\":[{\"@type\":\"ReadAction\",\"target\":[\"https:\/\/www.pro-corp.net\/bck\/genealogia\/\"]}]},{\"@type\":\"BreadcrumbList\",\"@id\":\"https:\/\/www.pro-corp.net\/bck\/genealogia\/#breadcrumb\",\"itemListElement\":[{\"@type\":\"ListItem\",\"position\":1,\"name\":\"\u00bfPORQU\u00c9 ES NECESARIO DEMOSTRAR MI ASCENDENCIA JUD\u00cdA SEFARD\u00cd PARA HACER EL PROCESO DE NACIONALIDAD PORTUGUESA Y ESPA\u00d1OLA, Y C\u00d3MO HACERLO?\"}]},{\"@type\":\"Article\",\"@id\":\"https:\/\/www.pro-corp.net\/bck\/genealogia\/#article\",\"isPartOf\":{\"@id\":\"https:\/\/www.pro-corp.net\/bck\/genealogia\/#webpage\"},\"author\":{\"@id\":\"https:\/\/www.pro-corp.net\/bck\/#\/schema\/person\/d6eda375fcca981cadf1e8f102bb8966\"},\"headline\":\"\u00bfPORQU\u00c9 ES NECESARIO DEMOSTRAR MI ASCENDENCIA JUD\u00cdA SEFARD\u00cd PARA HACER EL PROCESO DE NACIONALIDAD PORTUGUESA Y ESPA\u00d1OLA, Y C\u00d3MO HACERLO?\",\"datePublished\":\"2021-01-15T17:24:20+00:00\",\"dateModified\":\"2021-10-25T19:40:50+00:00\",\"mainEntityOfPage\":{\"@id\":\"https:\/\/www.pro-corp.net\/bck\/genealogia\/#webpage\"},\"wordCount\":802,\"commentCount\":0,\"publisher\":{\"@id\":\"https:\/\/www.pro-corp.net\/bck\/#organization\"},\"image\":{\"@id\":\"https:\/\/www.pro-corp.net\/bck\/genealogia\/#primaryimage\"},\"thumbnailUrl\":\"https:\/\/www.pro-corp.net\/bck\/wp-content\/uploads\/2021\/01\/10.-Dic-\u00bfQue-es-el-empadronamiento-y-por-que-es-importante-si-decides-vivir-en-Espana-scaled.jpg\",\"articleSection\":[\"Ciudadan\u00eda europea\"],\"inLanguage\":\"es\",\"potentialAction\":[{\"@type\":\"CommentAction\",\"name\":\"Comment\",\"target\":[\"https:\/\/www.pro-corp.net\/bck\/genealogia\/#respond\"]}]},{\"@type\":\"Person\",\"@id\":\"https:\/\/www.pro-corp.net\/bck\/#\/schema\/person\/d6eda375fcca981cadf1e8f102bb8966\",\"name\":\"Christian Andres\",\"image\":{\"@type\":\"ImageObject\",\"@id\":\"https:\/\/www.pro-corp.net\/bck\/#personlogo\",\"inLanguage\":\"es\",\"url\":\"https:\/\/secure.gravatar.com\/avatar\/87676f1df919f3ff761ee73fc0e15532?s=96&d=mm&r=g\",\"contentUrl\":\"https:\/\/secure.gravatar.com\/avatar\/87676f1df919f3ff761ee73fc0e15532?s=96&d=mm&r=g\",\"caption\":\"Christian Andres\"}}]}<\/script>\n<!-- \/ Yoast SEO plugin. -->","yoast_head_json":{"title":"ES NECESARIO DEMOSTRAR MI ASCENDENCIA JUD\u00cdA SEFARD\u00cd - Pro-corp","description":"Es necesario demostrar la ascendencia jud\u00eda sefard\u00ed porque es lo que da el derecho a la nacionalidad por origen sefard\u00ed en Espa\u00f1a y Portugal.","robots":{"index":"index","follow":"follow","max-snippet":"max-snippet:-1","max-image-preview":"max-image-preview:large","max-video-preview":"max-video-preview:-1"},"canonical":"https:\/\/www.pro-corp.net\/bck\/genealogia\/","og_locale":"es_ES","og_type":"article","og_title":"ES NECESARIO DEMOSTRAR MI ASCENDENCIA JUD\u00cdA SEFARD\u00cd - Pro-corp","og_description":"Es necesario demostrar la ascendencia jud\u00eda sefard\u00ed porque es lo que da el derecho a la nacionalidad por origen sefard\u00ed en Espa\u00f1a y Portugal.","og_url":"https:\/\/www.pro-corp.net\/bck\/genealogia\/","og_site_name":"Pro Corp Corporate Development","article_publisher":"https:\/\/www.facebook.com\/Pro-Corp-Asesoria-legal-y-empresarial-105779337842842\/","article_published_time":"2021-01-15T17:24:20+00:00","article_modified_time":"2021-10-25T19:40:50+00:00","og_image":[{"width":2560,"height":1707,"url":"https:\/\/www.pro-corp.net\/bck\/wp-content\/uploads\/2021\/01\/10.-Dic-\u00bfQue-es-el-empadronamiento-y-por-que-es-importante-si-decides-vivir-en-Espana-scaled.jpg","type":"image\/jpeg"}],"twitter_card":"summary_large_image","twitter_creator":"@Pro_Corp","twitter_site":"@Pro_Corp","twitter_misc":{"Escrito por":"Christian Andres","Tiempo de lectura":"4 minutos"},"schema":{"@context":"https:\/\/schema.org","@graph":[{"@type":"Organization","@id":"https:\/\/www.pro-corp.net\/bck\/#organization","name":"Pro Corp Corporate Development","url":"https:\/\/www.pro-corp.net\/bck\/","sameAs":["https:\/\/www.facebook.com\/Pro-Corp-Asesoria-legal-y-empresarial-105779337842842\/","https:\/\/twitter.com\/Pro_Corp"],"logo":{"@type":"ImageObject","@id":"https:\/\/www.pro-corp.net\/bck\/#logo","inLanguage":"es","url":"http:\/\/www.pro-corp.net\/bck\/wp-content\/uploads\/2020\/06\/icon.png","contentUrl":"http:\/\/www.pro-corp.net\/bck\/wp-content\/uploads\/2020\/06\/icon.png","width":640,"height":640,"caption":"Pro Corp Corporate Development"},"image":{"@id":"https:\/\/www.pro-corp.net\/bck\/#logo"}},{"@type":"WebSite","@id":"https:\/\/www.pro-corp.net\/bck\/#website","url":"https:\/\/www.pro-corp.net\/bck\/","name":"Pro Corp Corporate Development","description":"Nacionalidad Europea por Ley Sefard\u00ed","publisher":{"@id":"https:\/\/www.pro-corp.net\/bck\/#organization"},"potentialAction":[{"@type":"SearchAction","target":{"@type":"EntryPoint","urlTemplate":"https:\/\/www.pro-corp.net\/bck\/?s={search_term_string}"},"query-input":"required name=search_term_string"}],"inLanguage":"es"},{"@type":"ImageObject","@id":"https:\/\/www.pro-corp.net\/bck\/genealogia\/#primaryimage","inLanguage":"es","url":"https:\/\/www.pro-corp.net\/bck\/wp-content\/uploads\/2021\/01\/10.-Dic-\u00bfQue-es-el-empadronamiento-y-por-que-es-importante-si-decides-vivir-en-Espana-scaled.jpg","contentUrl":"https:\/\/www.pro-corp.net\/bck\/wp-content\/uploads\/2021\/01\/10.-Dic-\u00bfQue-es-el-empadronamiento-y-por-que-es-importante-si-decides-vivir-en-Espana-scaled.jpg","width":2560,"height":1707,"caption":"Es necesario demostrar la ascendencia jud\u00eda sefard\u00ed porque es lo que da el derecho a la nacionalidad por origen sefard\u00ed en Espa\u00f1a y Portugal."},{"@type":"WebPage","@id":"https:\/\/www.pro-corp.net\/bck\/genealogia\/#webpage","url":"https:\/\/www.pro-corp.net\/bck\/genealogia\/","name":"ES NECESARIO DEMOSTRAR MI ASCENDENCIA JUD\u00cdA SEFARD\u00cd - Pro-corp","isPartOf":{"@id":"https:\/\/www.pro-corp.net\/bck\/#website"},"primaryImageOfPage":{"@id":"https:\/\/www.pro-corp.net\/bck\/genealogia\/#primaryimage"},"datePublished":"2021-01-15T17:24:20+00:00","dateModified":"2021-10-25T19:40:50+00:00","description":"Es necesario demostrar la ascendencia jud\u00eda sefard\u00ed porque es lo que da el derecho a la nacionalidad por origen sefard\u00ed en Espa\u00f1a y Portugal.","breadcrumb":{"@id":"https:\/\/www.pro-corp.net\/bck\/genealogia\/#breadcrumb"},"inLanguage":"es","potentialAction":[{"@type":"ReadAction","target":["https:\/\/www.pro-corp.net\/bck\/genealogia\/"]}]},{"@type":"BreadcrumbList","@id":"https:\/\/www.pro-corp.net\/bck\/genealogia\/#breadcrumb","itemListElement":[{"@type":"ListItem","position":1,"name":"\u00bfPORQU\u00c9 ES NECESARIO DEMOSTRAR MI ASCENDENCIA JUD\u00cdA SEFARD\u00cd PARA HACER EL PROCESO DE NACIONALIDAD PORTUGUESA Y ESPA\u00d1OLA, Y C\u00d3MO HACERLO?"}]},{"@type":"Article","@id":"https:\/\/www.pro-corp.net\/bck\/genealogia\/#article","isPartOf":{"@id":"https:\/\/www.pro-corp.net\/bck\/genealogia\/#webpage"},"author":{"@id":"https:\/\/www.pro-corp.net\/bck\/#\/schema\/person\/d6eda375fcca981cadf1e8f102bb8966"},"headline":"\u00bfPORQU\u00c9 ES NECESARIO DEMOSTRAR MI ASCENDENCIA JUD\u00cdA SEFARD\u00cd PARA HACER EL PROCESO DE NACIONALIDAD PORTUGUESA Y ESPA\u00d1OLA, Y C\u00d3MO HACERLO?","datePublished":"2021-01-15T17:24:20+00:00","dateModified":"2021-10-25T19:40:50+00:00","mainEntityOfPage":{"@id":"https:\/\/www.pro-corp.net\/bck\/genealogia\/#webpage"},"wordCount":802,"commentCount":0,"publisher":{"@id":"https:\/\/www.pro-corp.net\/bck\/#organization"},"image":{"@id":"https:\/\/www.pro-corp.net\/bck\/genealogia\/#primaryimage"},"thumbnailUrl":"https:\/\/www.pro-corp.net\/bck\/wp-content\/uploads\/2021\/01\/10.-Dic-\u00bfQue-es-el-empadronamiento-y-por-que-es-importante-si-decides-vivir-en-Espana-scaled.jpg","articleSection":["Ciudadan\u00eda europea"],"inLanguage":"es","potentialAction":[{"@type":"CommentAction","name":"Comment","target":["https:\/\/www.pro-corp.net\/bck\/genealogia\/#respond"]}]},{"@type":"Person","@id":"https:\/\/www.pro-corp.net\/bck\/#\/schema\/person\/d6eda375fcca981cadf1e8f102bb8966","name":"Christian Andres","image":{"@type":"ImageObject","@id":"https:\/\/www.pro-corp.net\/bck\/#personlogo","inLanguage":"es","url":"https:\/\/secure.gravatar.com\/avatar\/87676f1df919f3ff761ee73fc0e15532?s=96&d=mm&r=g","contentUrl":"https:\/\/secure.gravatar.com\/avatar\/87676f1df919f3ff761ee73fc0e15532?s=96&d=mm&r=g","caption":"Christian Andres"}}]}},"_links":{"self":[{"href":"https:\/\/www.pro-corp.net\/bck\/wp-json\/wp\/v2\/posts\/6118"}],"collection":[{"href":"https:\/\/www.pro-corp.net\/bck\/wp-json\/wp\/v2\/posts"}],"about":[{"href":"https:\/\/www.pro-corp.net\/bck\/wp-json\/wp\/v2\/types\/post"}],"author":[{"embeddable":true,"href":"https:\/\/www.pro-corp.net\/bck\/wp-json\/wp\/v2\/users\/1656"}],"replies":[{"embeddable":true,"href":"https:\/\/www.pro-corp.net\/bck\/wp-json\/wp\/v2\/comments?post=6118"}],"version-history":[{"count":15,"href":"https:\/\/www.pro-corp.net\/bck\/wp-json\/wp\/v2\/posts\/6118\/revisions"}],"predecessor-version":[{"id":7926,"href":"https:\/\/www.pro-corp.net\/bck\/wp-json\/wp\/v2\/posts\/6118\/revisions\/7926"}],"wp:featuredmedia":[{"embeddable":true,"href":"https:\/\/www.pro-corp.net\/bck\/wp-json\/wp\/v2\/media\/6134"}],"wp:attachment":[{"href":"https:\/\/www.pro-corp.net\/bck\/wp-json\/wp\/v2\/media?parent=6118"}],"wp:term":[{"taxonomy":"category","embeddable":true,"href":"https:\/\/www.pro-corp.net\/bck\/wp-json\/wp\/v2\/categories?post=6118"},{"taxonomy":"post_tag","embeddable":true,"href":"https:\/\/www.pro-corp.net\/bck\/wp-json\/wp\/v2\/tags?post=6118"}],"curies":[{"name":"wp","href":"https:\/\/api.w.org\/{rel}","templated":true}]}}