{"id":6207,"date":"2021-01-20T23:03:00","date_gmt":"2021-01-21T04:03:00","guid":{"rendered":"http:\/\/www.pro-corp.net\/bck\/?p=6207"},"modified":"2021-10-25T15:24:53","modified_gmt":"2021-10-25T20:24:53","slug":"nacionalidades-espanolas","status":"publish","type":"post","link":"https:\/\/www.pro-corp.net\/bck\/nacionalidades-espanolas\/","title":{"rendered":"Nacionalidades Espa\u00f1olas otorgadas desde 2015 hasta 2020 por origen sefard\u00ed"},"content":{"rendered":"\t\t<div data-elementor-type=\"wp-post\" data-elementor-id=\"6207\" class=\"elementor elementor-6207\" data-elementor-settings=\"[]\">\n\t\t\t\t\t\t<div class=\"elementor-inner\">\n\t\t\t\t\t\t\t<div class=\"elementor-section-wrap\">\n\t\t\t\t\t\t\t<section class=\"elementor-section elementor-top-section elementor-element elementor-element-66db9d07 elementor-section-boxed elementor-section-height-default elementor-section-height-default\" data-id=\"66db9d07\" data-element_type=\"section\">\n\t\t\t\t\t\t<div class=\"elementor-container elementor-column-gap-default\">\n\t\t\t\t\t\t\t<div class=\"elementor-row\">\n\t\t\t\t\t<div class=\"elementor-column elementor-col-100 elementor-top-column elementor-element elementor-element-637bbbd2\" data-id=\"637bbbd2\" data-element_type=\"column\">\n\t\t\t<div class=\"elementor-column-wrap elementor-element-populated\">\n\t\t\t\t\t\t\t<div class=\"elementor-widget-wrap\">\n\t\t\t\t\t\t<div class=\"elementor-element elementor-element-5866d60b elementor-widget elementor-widget-text-editor\" data-id=\"5866d60b\" data-element_type=\"widget\" data-widget_type=\"text-editor.default\">\n\t\t\t\t<div class=\"elementor-widget-container\">\n\t\t\t\t\t\t\t\t<div class=\"elementor-text-editor elementor-clearfix\">\n\t\t\t\t<p><!-- wp:buttons --><\/p>\n<div class=\"wp-block-buttons\">\n<p>Seg\u00fan el \u00faltimo reporte publicado por el Ministerio de Justicia de Espa\u00f1a sobre los datos de concesiones de nacionalidades Espa\u00f1olas, al terminar el 2020 se hab\u00edan otorgado m\u00e1s de 21.200 nacionalidades a quienes hab\u00edan demostrado descender de sefard\u00edes originarios de Espa\u00f1a (ley 12\/2015).<\/p>\n<p>Es necesario resaltar el n\u00famero de nacionalidades que se otorgaron en los \u00faltimos 3 meses del a\u00f1o (5,527). Esto demuestra que hay m\u00e1s tecnolog\u00eda y personal comprometido con resolver la alta cantidad de solicitudes recibidas hasta el momento, como se evidencia a continuaci\u00f3n:<\/p><\/div>\n<p><!-- \/wp:buttons --><!-- wp:paragraph --><\/p>\n<p><!-- \/wp:paragraph --><\/p>\t\t\t\t\t<\/div>\n\t\t\t\t\t\t<\/div>\n\t\t\t\t<\/div>\n\t\t\t\t<div class=\"elementor-element elementor-element-ca7e26f elementor-widget elementor-widget-heading\" data-id=\"ca7e26f\" data-element_type=\"widget\" data-widget_type=\"heading.default\">\n\t\t\t\t<div class=\"elementor-widget-container\">\n\t\t\t<h4 class=\"elementor-heading-title elementor-size-default\">Cifras de inter\u00e9s:<\/h4>\t\t<\/div>\n\t\t\t\t<\/div>\n\t\t\t\t<div class=\"elementor-element elementor-element-579cc46 elementor-widget elementor-widget-text-editor\" data-id=\"579cc46\" data-element_type=\"widget\" data-widget_type=\"text-editor.default\">\n\t\t\t\t<div class=\"elementor-widget-container\">\n\t\t\t\t\t\t\t\t<div class=\"elementor-text-editor elementor-clearfix\">\n\t\t\t\t<ul>\n<li>Espa\u00f1a ha concedido 21.233 nacionalidades espa\u00f1olas por esta ley, y solo se han negado 3 solicitudes desde que se entr\u00f3 en vigor en el 2015.<\/li>\n<li>Encabezando esta lista se encuentra M\u00e9xico con 5.602 nacionalidades otorgadas, Venezuela con 4.194 y Colombia con 2.574.<\/li>\n<\/ul>\t\t\t\t\t<\/div>\n\t\t\t\t\t\t<\/div>\n\t\t\t\t<\/div>\n\t\t\t\t\t\t<\/div>\n\t\t\t\t\t<\/div>\n\t\t<\/div>\n\t\t\t\t\t\t\t\t<\/div>\n\t\t\t\t\t<\/div>\n\t\t<\/section>\n\t\t\t\t<section class=\"elementor-section elementor-top-section elementor-element elementor-element-3de49ea elementor-section-boxed elementor-section-height-default elementor-section-height-default\" data-id=\"3de49ea\" data-element_type=\"section\">\n\t\t\t\t\t\t<div class=\"elementor-container elementor-column-gap-default\">\n\t\t\t\t\t\t\t<div class=\"elementor-row\">\n\t\t\t\t\t<div class=\"elementor-column elementor-col-100 elementor-top-column elementor-element elementor-element-116c268\" data-id=\"116c268\" data-element_type=\"column\">\n\t\t\t<div class=\"elementor-column-wrap\">\n\t\t\t\t\t\t\t<div class=\"elementor-widget-wrap\">\n\t\t\t\t\t\t\t\t<\/div>\n\t\t\t\t\t<\/div>\n\t\t<\/div>\n\t\t\t\t\t\t\t\t<\/div>\n\t\t\t\t\t<\/div>\n\t\t<\/section>\n\t\t\t\t<section class=\"elementor-section elementor-top-section elementor-element elementor-element-baeb3d2 elementor-section-boxed elementor-section-height-default elementor-section-height-default\" data-id=\"baeb3d2\" data-element_type=\"section\">\n\t\t\t\t\t\t<div class=\"elementor-container elementor-column-gap-default\">\n\t\t\t\t\t\t\t<div class=\"elementor-row\">\n\t\t\t\t\t<div class=\"elementor-column elementor-col-100 elementor-top-column elementor-element elementor-element-eeffc48\" data-id=\"eeffc48\" data-element_type=\"column\">\n\t\t\t<div class=\"elementor-column-wrap elementor-element-populated\">\n\t\t\t\t\t\t\t<div class=\"elementor-widget-wrap\">\n\t\t\t\t\t\t<div class=\"elementor-element elementor-element-e8b6d77 elementor-widget elementor-widget-image\" data-id=\"e8b6d77\" data-element_type=\"widget\" data-widget_type=\"image.default\">\n\t\t\t\t<div class=\"elementor-widget-container\">\n\t\t\t\t\t\t\t\t<div class=\"elementor-image\">\n\t\t\t\t\t\t\t\t\t\t\t\t<img width=\"800\" height=\"517\" src=\"https:\/\/www.pro-corp.net\/bck\/wp-content\/uploads\/2021\/01\/Con_Dic_30_2020-1024x662.png\" class=\"attachment-large size-large\" alt=\"\" loading=\"lazy\" srcset=\"https:\/\/www.pro-corp.net\/bck\/wp-content\/uploads\/2021\/01\/Con_Dic_30_2020-1024x662.png 1024w, https:\/\/www.pro-corp.net\/bck\/wp-content\/uploads\/2021\/01\/Con_Dic_30_2020-300x194.png 300w, https:\/\/www.pro-corp.net\/bck\/wp-content\/uploads\/2021\/01\/Con_Dic_30_2020-768x497.png 768w, https:\/\/www.pro-corp.net\/bck\/wp-content\/uploads\/2021\/01\/Con_Dic_30_2020-1536x993.png 1536w, https:\/\/www.pro-corp.net\/bck\/wp-content\/uploads\/2021\/01\/Con_Dic_30_2020-2048x1324.png 2048w\" sizes=\"(max-width: 800px) 100vw, 800px\" \/>\t\t\t\t\t\t\t\t\t\t\t\t\t\t<\/div>\n\t\t\t\t\t\t<\/div>\n\t\t\t\t<\/div>\n\t\t\t\t\t\t<\/div>\n\t\t\t\t\t<\/div>\n\t\t<\/div>\n\t\t\t\t\t\t\t\t<\/div>\n\t\t\t\t\t<\/div>\n\t\t<\/section>\n\t\t\t\t<section class=\"elementor-section elementor-top-section elementor-element elementor-element-bd61200 elementor-section-boxed elementor-section-height-default elementor-section-height-default\" data-id=\"bd61200\" data-element_type=\"section\">\n\t\t\t\t\t\t<div class=\"elementor-container elementor-column-gap-default\">\n\t\t\t\t\t\t\t<div class=\"elementor-row\">\n\t\t\t\t\t<div class=\"elementor-column elementor-col-100 elementor-top-column elementor-element elementor-element-2379423\" data-id=\"2379423\" data-element_type=\"column\">\n\t\t\t<div class=\"elementor-column-wrap elementor-element-populated\">\n\t\t\t\t\t\t\t<div class=\"elementor-widget-wrap\">\n\t\t\t\t\t\t<div class=\"elementor-element elementor-element-e4e36af elementor-widget elementor-widget-text-editor\" data-id=\"e4e36af\" data-element_type=\"widget\" data-widget_type=\"text-editor.default\">\n\t\t\t\t<div class=\"elementor-widget-container\">\n\t\t\t\t\t\t\t\t<div class=\"elementor-text-editor elementor-clearfix\">\n\t\t\t\t<ul>\n<li>En los \u00faltimos 3 meses del a\u00f1o se concedieron 1547 nacionalidades Espa\u00f1olas a mexicanos.<\/li>\n<\/ul>\n<p>\u00a0<\/p>\n<ul>\n<li>En los \u00faltimos 3 meses del a\u00f1o se concedieron 1300 nacionalidades espa\u00f1olas a colombianos.<\/li>\n<\/ul>\n<p>\u00a0<\/p>\n<ul>\n<li>En los \u00faltimos 3 meses del a\u00f1o se concedieron 645 nacionalidades espa\u00f1olas a argentinos.<\/li>\n<\/ul>\t\t\t\t\t<\/div>\n\t\t\t\t\t\t<\/div>\n\t\t\t\t<\/div>\n\t\t\t\t\t\t<\/div>\n\t\t\t\t\t<\/div>\n\t\t<\/div>\n\t\t\t\t\t\t\t\t<\/div>\n\t\t\t\t\t<\/div>\n\t\t<\/section>\n\t\t\t\t<section class=\"elementor-section elementor-top-section elementor-element elementor-element-5d3c652 elementor-section-boxed elementor-section-height-default elementor-section-height-default\" data-id=\"5d3c652\" data-element_type=\"section\">\n\t\t\t\t\t\t<div class=\"elementor-container elementor-column-gap-default\">\n\t\t\t\t\t\t\t<div class=\"elementor-row\">\n\t\t\t\t\t<div class=\"elementor-column elementor-col-100 elementor-top-column elementor-element elementor-element-89ee35f\" data-id=\"89ee35f\" data-element_type=\"column\">\n\t\t\t<div class=\"elementor-column-wrap elementor-element-populated\">\n\t\t\t\t\t\t\t<div class=\"elementor-widget-wrap\">\n\t\t\t\t\t\t<div class=\"elementor-element elementor-element-14921b8 elementor-widget elementor-widget-image\" data-id=\"14921b8\" data-element_type=\"widget\" data-widget_type=\"image.default\">\n\t\t\t\t<div class=\"elementor-widget-container\">\n\t\t\t\t\t\t\t\t<div class=\"elementor-image\">\n\t\t\t\t\t\t\t\t\t\t\t\t<img width=\"800\" height=\"418\" src=\"https:\/\/www.pro-corp.net\/bck\/wp-content\/uploads\/2021\/01\/Conc_64-meses-1024x535.png\" class=\"attachment-large size-large\" alt=\"\" loading=\"lazy\" srcset=\"https:\/\/www.pro-corp.net\/bck\/wp-content\/uploads\/2021\/01\/Conc_64-meses-1024x535.png 1024w, https:\/\/www.pro-corp.net\/bck\/wp-content\/uploads\/2021\/01\/Conc_64-meses-300x157.png 300w, https:\/\/www.pro-corp.net\/bck\/wp-content\/uploads\/2021\/01\/Conc_64-meses-768x401.png 768w, https:\/\/www.pro-corp.net\/bck\/wp-content\/uploads\/2021\/01\/Conc_64-meses-1536x803.png 1536w, https:\/\/www.pro-corp.net\/bck\/wp-content\/uploads\/2021\/01\/Conc_64-meses-2048x1070.png 2048w\" sizes=\"(max-width: 800px) 100vw, 800px\" \/>\t\t\t\t\t\t\t\t\t\t\t\t\t\t<\/div>\n\t\t\t\t\t\t<\/div>\n\t\t\t\t<\/div>\n\t\t\t\t\t\t<\/div>\n\t\t\t\t\t<\/div>\n\t\t<\/div>\n\t\t\t\t\t\t\t\t<\/div>\n\t\t\t\t\t<\/div>\n\t\t<\/section>\n\t\t\t\t<section class=\"elementor-section elementor-top-section elementor-element elementor-element-883a17a elementor-section-boxed elementor-section-height-default elementor-section-height-default\" data-id=\"883a17a\" data-element_type=\"section\">\n\t\t\t\t\t\t<div class=\"elementor-container elementor-column-gap-default\">\n\t\t\t\t\t\t\t<div class=\"elementor-row\">\n\t\t\t\t\t<div class=\"elementor-column elementor-col-100 elementor-top-column elementor-element elementor-element-b83ede6\" data-id=\"b83ede6\" data-element_type=\"column\">\n\t\t\t<div class=\"elementor-column-wrap elementor-element-populated\">\n\t\t\t\t\t\t\t<div class=\"elementor-widget-wrap\">\n\t\t\t\t\t\t<div class=\"elementor-element elementor-element-487cd6f elementor-widget elementor-widget-image\" data-id=\"487cd6f\" data-element_type=\"widget\" data-widget_type=\"image.default\">\n\t\t\t\t<div class=\"elementor-widget-container\">\n\t\t\t\t\t\t\t\t<div class=\"elementor-image\">\n\t\t\t\t\t\t\t\t\t\t\t\t<img width=\"800\" height=\"416\" src=\"https:\/\/www.pro-corp.net\/bck\/wp-content\/uploads\/2021\/01\/Conc_3-meses-1024x533.png\" class=\"attachment-large size-large\" alt=\"\" loading=\"lazy\" srcset=\"https:\/\/www.pro-corp.net\/bck\/wp-content\/uploads\/2021\/01\/Conc_3-meses-1024x533.png 1024w, https:\/\/www.pro-corp.net\/bck\/wp-content\/uploads\/2021\/01\/Conc_3-meses-300x156.png 300w, https:\/\/www.pro-corp.net\/bck\/wp-content\/uploads\/2021\/01\/Conc_3-meses-768x400.png 768w, https:\/\/www.pro-corp.net\/bck\/wp-content\/uploads\/2021\/01\/Conc_3-meses-1536x799.png 1536w, https:\/\/www.pro-corp.net\/bck\/wp-content\/uploads\/2021\/01\/Conc_3-meses-2048x1065.png 2048w\" sizes=\"(max-width: 800px) 100vw, 800px\" \/>\t\t\t\t\t\t\t\t\t\t\t\t\t\t<\/div>\n\t\t\t\t\t\t<\/div>\n\t\t\t\t<\/div>\n\t\t\t\t\t\t<\/div>\n\t\t\t\t\t<\/div>\n\t\t<\/div>\n\t\t\t\t\t\t\t\t<\/div>\n\t\t\t\t\t<\/div>\n\t\t<\/section>\n\t\t\t\t<section class=\"elementor-section elementor-top-section elementor-element elementor-element-06c7289 elementor-section-boxed elementor-section-height-default elementor-section-height-default\" data-id=\"06c7289\" data-element_type=\"section\">\n\t\t\t\t\t\t<div class=\"elementor-container elementor-column-gap-default\">\n\t\t\t\t\t\t\t<div class=\"elementor-row\">\n\t\t\t\t\t<div class=\"elementor-column elementor-col-100 elementor-top-column elementor-element elementor-element-6c2ddc0\" data-id=\"6c2ddc0\" data-element_type=\"column\">\n\t\t\t<div class=\"elementor-column-wrap elementor-element-populated\">\n\t\t\t\t\t\t\t<div class=\"elementor-widget-wrap\">\n\t\t\t\t\t\t<div class=\"elementor-element elementor-element-ac2dbb8 elementor-widget elementor-widget-text-editor\" data-id=\"ac2dbb8\" data-element_type=\"widget\" data-widget_type=\"text-editor.default\">\n\t\t\t\t<div class=\"elementor-widget-container\">\n\t\t\t\t\t\t\t\t<div class=\"elementor-text-editor elementor-clearfix\">\n\t\t\t\t<p>Cabe resaltar que hay miles de personas que no han podido finalizar su proceso por diferentes razones. Por ejemplo, debido al COVID-19, muchos centros del Instituto Cervantes han aplazado los ex\u00e1menes del DELE y CCSE. Tambi\u00e9n, las restricciones \u00e1reas han imposibilitado viajar a Espa\u00f1a a comparecer ante sus notarios asignados. Muchos est\u00e1n todav\u00eda a la espera de recibir sus pruebas de origen sefard\u00ed, como por el ejemplo el certificado emitido por la Federaci\u00f3n de Comunidades Jud\u00edas de Espa\u00f1a gracias a sus <a href=\"http:\/\/www.pro-corp.net\/bck\/genealogia\/\">informes de genealog\u00eda<\/a>. Esto explica porque, seg\u00fan las cifras publicadas, a la Direcci\u00f3n General de Seguridad Jur\u00eddica y Fe P\u00fablica (antes denominada Direcci\u00f3n General de los Registros y del Notariado) solamente ha recibido 53.882 solicitudes de las 153.774 que iniciaron el tr\u00e1mite antes de que finalizara el plazo para hacerlo en el 2019. Quienes no iniciaron el tr\u00e1mite por Espa\u00f1a <a href=\"http:\/\/www.pro-corp.net\/bck\/pro-corp-sas\/soluciones-legales-y-comunitarias\/nacionalidad-europea-por-ley-sefardi\/portugal\/\">pueden todav\u00eda hacerlo por Portugal<\/a>.<\/p>\t\t\t\t\t<\/div>\n\t\t\t\t\t\t<\/div>\n\t\t\t\t<\/div>\n\t\t\t\t\t\t<\/div>\n\t\t\t\t\t<\/div>\n\t\t<\/div>\n\t\t\t\t\t\t\t\t<\/div>\n\t\t\t\t\t<\/div>\n\t\t<\/section>\n\t\t\t\t<section class=\"elementor-section elementor-top-section elementor-element elementor-element-3ede9bd elementor-section-boxed elementor-section-height-default elementor-section-height-default\" data-id=\"3ede9bd\" data-element_type=\"section\">\n\t\t\t\t\t\t<div class=\"elementor-container elementor-column-gap-default\">\n\t\t\t\t\t\t\t<div class=\"elementor-row\">\n\t\t\t\t\t<div class=\"elementor-column elementor-col-100 elementor-top-column elementor-element elementor-element-8241b80\" data-id=\"8241b80\" data-element_type=\"column\">\n\t\t\t<div class=\"elementor-column-wrap elementor-element-populated\">\n\t\t\t\t\t\t\t<div class=\"elementor-widget-wrap\">\n\t\t\t\t\t\t<div class=\"elementor-element elementor-element-24e77f3 elementor-align-center elementor-widget elementor-widget-button\" data-id=\"24e77f3\" data-element_type=\"widget\" data-widget_type=\"button.default\">\n\t\t\t\t<div class=\"elementor-widget-container\">\n\t\t\t\t\t<div class=\"elementor-button-wrapper\">\n\t\t\t<a href=\"http:\/\/www.pro-corp.net\/bck\/espana-form\/\" class=\"elementor-button-link elementor-button elementor-size-sm\" role=\"button\">\n\t\t\t\t\t\t<span class=\"elementor-button-content-wrapper\">\n\t\t\t\t\t\t<span class=\"elementor-button-text\">Si tienes preguntas sobre tu proceso comun\u00edcate con nosotros<\/span>\n\t\t<\/span>\n\t\t\t\t\t<\/a>\n\t\t<\/div>\n\t\t\t\t<\/div>\n\t\t\t\t<\/div>\n\t\t\t\t\t\t<\/div>\n\t\t\t\t\t<\/div>\n\t\t<\/div>\n\t\t\t\t\t\t\t\t<\/div>\n\t\t\t\t\t<\/div>\n\t\t<\/section>\n\t\t\t\t\t\t<\/div>\n\t\t\t\t\t\t<\/div>\n\t\t\t\t\t<\/div>\n\t\t","protected":false},"excerpt":{"rendered":"<p>Cifras de inter\u00e9s: Espa\u00f1a ha concedido 21.233 nacionalidades espa\u00f1olas por esta ley, y solo se han negado 3 solicitudes desde que se entr\u00f3 en vigor en el 2015. Encabezando esta lista se encuentra M\u00e9xico con 5.602 nacionalidades otorgadas, Venezuela con 4.194 y Colombia con 2.574. En los \u00faltimos 3 meses del a\u00f1o se concedieron 1547 [&hellip;]<\/p>\n","protected":false},"author":1656,"featured_media":6208,"comment_status":"open","ping_status":"open","sticky":false,"template":"","format":"standard","meta":[],"categories":[57],"tags":[],"yoast_head":"<!-- This site is optimized with the Yoast SEO plugin v18.2 - https:\/\/yoast.com\/wordpress\/plugins\/seo\/ -->\n<title>Nacionalidades Espa\u00f1olas otorgadas desde 2015 hasta 2020 - Pro-corp<\/title>\n<meta name=\"description\" content=\"Seg\u00fan el \u00faltimo reporte publicado por el Ministerio de Justicia de Espa\u00f1a sobre los datos de concesiones de nacionalidades Espa\u00f1olas, al terminar el 2020 se hab\u00edan otorgado m\u00e1s de 21.200 nacionalidades a quienes hab\u00edan demostrado descender de sefard\u00edes originarios de Espa\u00f1a (ley 12\/2015).\" \/>\n<meta name=\"robots\" content=\"index, follow, max-snippet:-1, max-image-preview:large, max-video-preview:-1\" \/>\n<link rel=\"canonical\" href=\"https:\/\/www.pro-corp.net\/bck\/nacionalidades-espanolas\/\" \/>\n<meta property=\"og:locale\" content=\"es_ES\" \/>\n<meta property=\"og:type\" content=\"article\" \/>\n<meta property=\"og:title\" content=\"Nacionalidades Espa\u00f1olas otorgadas desde 2015 hasta 2020 - Pro-corp\" \/>\n<meta property=\"og:description\" content=\"Seg\u00fan el \u00faltimo reporte publicado por el Ministerio de Justicia de Espa\u00f1a sobre los datos de concesiones de nacionalidades Espa\u00f1olas, al terminar el 2020 se hab\u00edan otorgado m\u00e1s de 21.200 nacionalidades a quienes hab\u00edan demostrado descender de sefard\u00edes originarios de Espa\u00f1a (ley 12\/2015).\" \/>\n<meta property=\"og:url\" content=\"https:\/\/www.pro-corp.net\/bck\/nacionalidades-espanolas\/\" \/>\n<meta property=\"og:site_name\" content=\"Pro Corp Corporate Development\" \/>\n<meta property=\"article:publisher\" content=\"https:\/\/www.facebook.com\/Pro-Corp-Asesoria-legal-y-empresarial-105779337842842\/\" \/>\n<meta property=\"article:published_time\" content=\"2021-01-21T04:03:00+00:00\" \/>\n<meta property=\"article:modified_time\" content=\"2021-10-25T20:24:53+00:00\" \/>\n<meta property=\"og:image\" content=\"https:\/\/www.pro-corp.net\/bck\/wp-content\/uploads\/2021\/01\/Pasaporte.jpg\" \/>\n\t<meta property=\"og:image:width\" content=\"1080\" \/>\n\t<meta property=\"og:image:height\" content=\"720\" \/>\n\t<meta property=\"og:image:type\" content=\"image\/jpeg\" \/>\n<meta name=\"twitter:card\" content=\"summary_large_image\" \/>\n<meta name=\"twitter:creator\" content=\"@Pro_Corp\" \/>\n<meta name=\"twitter:site\" content=\"@Pro_Corp\" \/>\n<meta name=\"twitter:label1\" content=\"Escrito por\" \/>\n\t<meta name=\"twitter:data1\" content=\"Christian Andres\" \/>\n\t<meta name=\"twitter:label2\" content=\"Tiempo de lectura\" \/>\n\t<meta name=\"twitter:data2\" content=\"3 minutos\" \/>\n<script type=\"application\/ld+json\" class=\"yoast-schema-graph\">{\"@context\":\"https:\/\/schema.org\",\"@graph\":[{\"@type\":\"Organization\",\"@id\":\"https:\/\/www.pro-corp.net\/bck\/#organization\",\"name\":\"Pro Corp Corporate Development\",\"url\":\"https:\/\/www.pro-corp.net\/bck\/\",\"sameAs\":[\"https:\/\/www.facebook.com\/Pro-Corp-Asesoria-legal-y-empresarial-105779337842842\/\",\"https:\/\/twitter.com\/Pro_Corp\"],\"logo\":{\"@type\":\"ImageObject\",\"@id\":\"https:\/\/www.pro-corp.net\/bck\/#logo\",\"inLanguage\":\"es\",\"url\":\"http:\/\/www.pro-corp.net\/bck\/wp-content\/uploads\/2020\/06\/icon.png\",\"contentUrl\":\"http:\/\/www.pro-corp.net\/bck\/wp-content\/uploads\/2020\/06\/icon.png\",\"width\":640,\"height\":640,\"caption\":\"Pro Corp Corporate Development\"},\"image\":{\"@id\":\"https:\/\/www.pro-corp.net\/bck\/#logo\"}},{\"@type\":\"WebSite\",\"@id\":\"https:\/\/www.pro-corp.net\/bck\/#website\",\"url\":\"https:\/\/www.pro-corp.net\/bck\/\",\"name\":\"Pro Corp Corporate Development\",\"description\":\"Nacionalidad Europea por Ley Sefard\u00ed\",\"publisher\":{\"@id\":\"https:\/\/www.pro-corp.net\/bck\/#organization\"},\"potentialAction\":[{\"@type\":\"SearchAction\",\"target\":{\"@type\":\"EntryPoint\",\"urlTemplate\":\"https:\/\/www.pro-corp.net\/bck\/?s={search_term_string}\"},\"query-input\":\"required name=search_term_string\"}],\"inLanguage\":\"es\"},{\"@type\":\"ImageObject\",\"@id\":\"https:\/\/www.pro-corp.net\/bck\/nacionalidades-espanolas\/#primaryimage\",\"inLanguage\":\"es\",\"url\":\"https:\/\/www.pro-corp.net\/bck\/wp-content\/uploads\/2021\/01\/Pasaporte.jpg\",\"contentUrl\":\"https:\/\/www.pro-corp.net\/bck\/wp-content\/uploads\/2021\/01\/Pasaporte.jpg\",\"width\":1080,\"height\":720,\"caption\":\"Pasaporte\"},{\"@type\":\"WebPage\",\"@id\":\"https:\/\/www.pro-corp.net\/bck\/nacionalidades-espanolas\/#webpage\",\"url\":\"https:\/\/www.pro-corp.net\/bck\/nacionalidades-espanolas\/\",\"name\":\"Nacionalidades Espa\u00f1olas otorgadas desde 2015 hasta 2020 - Pro-corp\",\"isPartOf\":{\"@id\":\"https:\/\/www.pro-corp.net\/bck\/#website\"},\"primaryImageOfPage\":{\"@id\":\"https:\/\/www.pro-corp.net\/bck\/nacionalidades-espanolas\/#primaryimage\"},\"datePublished\":\"2021-01-21T04:03:00+00:00\",\"dateModified\":\"2021-10-25T20:24:53+00:00\",\"description\":\"Seg\u00fan el \u00faltimo reporte publicado por el Ministerio de Justicia de Espa\u00f1a sobre los datos de concesiones de nacionalidades Espa\u00f1olas, al terminar el 2020 se hab\u00edan otorgado m\u00e1s de 21.200 nacionalidades a quienes hab\u00edan demostrado descender de sefard\u00edes originarios de Espa\u00f1a (ley 12\/2015).\",\"breadcrumb\":{\"@id\":\"https:\/\/www.pro-corp.net\/bck\/nacionalidades-espanolas\/#breadcrumb\"},\"inLanguage\":\"es\",\"potentialAction\":[{\"@type\":\"ReadAction\",\"target\":[\"https:\/\/www.pro-corp.net\/bck\/nacionalidades-espanolas\/\"]}]},{\"@type\":\"BreadcrumbList\",\"@id\":\"https:\/\/www.pro-corp.net\/bck\/nacionalidades-espanolas\/#breadcrumb\",\"itemListElement\":[{\"@type\":\"ListItem\",\"position\":1,\"name\":\"Nacionalidades Espa\u00f1olas otorgadas desde 2015 hasta 2020 por origen sefard\u00ed\"}]},{\"@type\":\"Article\",\"@id\":\"https:\/\/www.pro-corp.net\/bck\/nacionalidades-espanolas\/#article\",\"isPartOf\":{\"@id\":\"https:\/\/www.pro-corp.net\/bck\/nacionalidades-espanolas\/#webpage\"},\"author\":{\"@id\":\"https:\/\/www.pro-corp.net\/bck\/#\/schema\/person\/d6eda375fcca981cadf1e8f102bb8966\"},\"headline\":\"Nacionalidades Espa\u00f1olas otorgadas desde 2015 hasta 2020 por origen sefard\u00ed\",\"datePublished\":\"2021-01-21T04:03:00+00:00\",\"dateModified\":\"2021-10-25T20:24:53+00:00\",\"mainEntityOfPage\":{\"@id\":\"https:\/\/www.pro-corp.net\/bck\/nacionalidades-espanolas\/#webpage\"},\"wordCount\":359,\"commentCount\":0,\"publisher\":{\"@id\":\"https:\/\/www.pro-corp.net\/bck\/#organization\"},\"image\":{\"@id\":\"https:\/\/www.pro-corp.net\/bck\/nacionalidades-espanolas\/#primaryimage\"},\"thumbnailUrl\":\"https:\/\/www.pro-corp.net\/bck\/wp-content\/uploads\/2021\/01\/Pasaporte.jpg\",\"articleSection\":[\"Emigrar a Espa\u00f1a\"],\"inLanguage\":\"es\",\"potentialAction\":[{\"@type\":\"CommentAction\",\"name\":\"Comment\",\"target\":[\"https:\/\/www.pro-corp.net\/bck\/nacionalidades-espanolas\/#respond\"]}]},{\"@type\":\"Person\",\"@id\":\"https:\/\/www.pro-corp.net\/bck\/#\/schema\/person\/d6eda375fcca981cadf1e8f102bb8966\",\"name\":\"Christian Andres\",\"image\":{\"@type\":\"ImageObject\",\"@id\":\"https:\/\/www.pro-corp.net\/bck\/#personlogo\",\"inLanguage\":\"es\",\"url\":\"https:\/\/secure.gravatar.com\/avatar\/87676f1df919f3ff761ee73fc0e15532?s=96&d=mm&r=g\",\"contentUrl\":\"https:\/\/secure.gravatar.com\/avatar\/87676f1df919f3ff761ee73fc0e15532?s=96&d=mm&r=g\",\"caption\":\"Christian Andres\"}}]}<\/script>\n<!-- \/ Yoast SEO plugin. -->","yoast_head_json":{"title":"Nacionalidades Espa\u00f1olas otorgadas desde 2015 hasta 2020 - Pro-corp","description":"Seg\u00fan el \u00faltimo reporte publicado por el Ministerio de Justicia de Espa\u00f1a sobre los datos de concesiones de nacionalidades Espa\u00f1olas, al terminar el 2020 se hab\u00edan otorgado m\u00e1s de 21.200 nacionalidades a quienes hab\u00edan demostrado descender de sefard\u00edes originarios de Espa\u00f1a (ley 12\/2015).","robots":{"index":"index","follow":"follow","max-snippet":"max-snippet:-1","max-image-preview":"max-image-preview:large","max-video-preview":"max-video-preview:-1"},"canonical":"https:\/\/www.pro-corp.net\/bck\/nacionalidades-espanolas\/","og_locale":"es_ES","og_type":"article","og_title":"Nacionalidades Espa\u00f1olas otorgadas desde 2015 hasta 2020 - Pro-corp","og_description":"Seg\u00fan el \u00faltimo reporte publicado por el Ministerio de Justicia de Espa\u00f1a sobre los datos de concesiones de nacionalidades Espa\u00f1olas, al terminar el 2020 se hab\u00edan otorgado m\u00e1s de 21.200 nacionalidades a quienes hab\u00edan demostrado descender de sefard\u00edes originarios de Espa\u00f1a (ley 12\/2015).","og_url":"https:\/\/www.pro-corp.net\/bck\/nacionalidades-espanolas\/","og_site_name":"Pro Corp Corporate Development","article_publisher":"https:\/\/www.facebook.com\/Pro-Corp-Asesoria-legal-y-empresarial-105779337842842\/","article_published_time":"2021-01-21T04:03:00+00:00","article_modified_time":"2021-10-25T20:24:53+00:00","og_image":[{"width":1080,"height":720,"url":"https:\/\/www.pro-corp.net\/bck\/wp-content\/uploads\/2021\/01\/Pasaporte.jpg","type":"image\/jpeg"}],"twitter_card":"summary_large_image","twitter_creator":"@Pro_Corp","twitter_site":"@Pro_Corp","twitter_misc":{"Escrito por":"Christian Andres","Tiempo de lectura":"3 minutos"},"schema":{"@context":"https:\/\/schema.org","@graph":[{"@type":"Organization","@id":"https:\/\/www.pro-corp.net\/bck\/#organization","name":"Pro Corp Corporate Development","url":"https:\/\/www.pro-corp.net\/bck\/","sameAs":["https:\/\/www.facebook.com\/Pro-Corp-Asesoria-legal-y-empresarial-105779337842842\/","https:\/\/twitter.com\/Pro_Corp"],"logo":{"@type":"ImageObject","@id":"https:\/\/www.pro-corp.net\/bck\/#logo","inLanguage":"es","url":"http:\/\/www.pro-corp.net\/bck\/wp-content\/uploads\/2020\/06\/icon.png","contentUrl":"http:\/\/www.pro-corp.net\/bck\/wp-content\/uploads\/2020\/06\/icon.png","width":640,"height":640,"caption":"Pro Corp Corporate Development"},"image":{"@id":"https:\/\/www.pro-corp.net\/bck\/#logo"}},{"@type":"WebSite","@id":"https:\/\/www.pro-corp.net\/bck\/#website","url":"https:\/\/www.pro-corp.net\/bck\/","name":"Pro Corp Corporate Development","description":"Nacionalidad Europea por Ley Sefard\u00ed","publisher":{"@id":"https:\/\/www.pro-corp.net\/bck\/#organization"},"potentialAction":[{"@type":"SearchAction","target":{"@type":"EntryPoint","urlTemplate":"https:\/\/www.pro-corp.net\/bck\/?s={search_term_string}"},"query-input":"required name=search_term_string"}],"inLanguage":"es"},{"@type":"ImageObject","@id":"https:\/\/www.pro-corp.net\/bck\/nacionalidades-espanolas\/#primaryimage","inLanguage":"es","url":"https:\/\/www.pro-corp.net\/bck\/wp-content\/uploads\/2021\/01\/Pasaporte.jpg","contentUrl":"https:\/\/www.pro-corp.net\/bck\/wp-content\/uploads\/2021\/01\/Pasaporte.jpg","width":1080,"height":720,"caption":"Pasaporte"},{"@type":"WebPage","@id":"https:\/\/www.pro-corp.net\/bck\/nacionalidades-espanolas\/#webpage","url":"https:\/\/www.pro-corp.net\/bck\/nacionalidades-espanolas\/","name":"Nacionalidades Espa\u00f1olas otorgadas desde 2015 hasta 2020 - Pro-corp","isPartOf":{"@id":"https:\/\/www.pro-corp.net\/bck\/#website"},"primaryImageOfPage":{"@id":"https:\/\/www.pro-corp.net\/bck\/nacionalidades-espanolas\/#primaryimage"},"datePublished":"2021-01-21T04:03:00+00:00","dateModified":"2021-10-25T20:24:53+00:00","description":"Seg\u00fan el \u00faltimo reporte publicado por el Ministerio de Justicia de Espa\u00f1a sobre los datos de concesiones de nacionalidades Espa\u00f1olas, al terminar el 2020 se hab\u00edan otorgado m\u00e1s de 21.200 nacionalidades a quienes hab\u00edan demostrado descender de sefard\u00edes originarios de Espa\u00f1a (ley 12\/2015).","breadcrumb":{"@id":"https:\/\/www.pro-corp.net\/bck\/nacionalidades-espanolas\/#breadcrumb"},"inLanguage":"es","potentialAction":[{"@type":"ReadAction","target":["https:\/\/www.pro-corp.net\/bck\/nacionalidades-espanolas\/"]}]},{"@type":"BreadcrumbList","@id":"https:\/\/www.pro-corp.net\/bck\/nacionalidades-espanolas\/#breadcrumb","itemListElement":[{"@type":"ListItem","position":1,"name":"Nacionalidades Espa\u00f1olas otorgadas desde 2015 hasta 2020 por origen sefard\u00ed"}]},{"@type":"Article","@id":"https:\/\/www.pro-corp.net\/bck\/nacionalidades-espanolas\/#article","isPartOf":{"@id":"https:\/\/www.pro-corp.net\/bck\/nacionalidades-espanolas\/#webpage"},"author":{"@id":"https:\/\/www.pro-corp.net\/bck\/#\/schema\/person\/d6eda375fcca981cadf1e8f102bb8966"},"headline":"Nacionalidades Espa\u00f1olas otorgadas desde 2015 hasta 2020 por origen sefard\u00ed","datePublished":"2021-01-21T04:03:00+00:00","dateModified":"2021-10-25T20:24:53+00:00","mainEntityOfPage":{"@id":"https:\/\/www.pro-corp.net\/bck\/nacionalidades-espanolas\/#webpage"},"wordCount":359,"commentCount":0,"publisher":{"@id":"https:\/\/www.pro-corp.net\/bck\/#organization"},"image":{"@id":"https:\/\/www.pro-corp.net\/bck\/nacionalidades-espanolas\/#primaryimage"},"thumbnailUrl":"https:\/\/www.pro-corp.net\/bck\/wp-content\/uploads\/2021\/01\/Pasaporte.jpg","articleSection":["Emigrar a Espa\u00f1a"],"inLanguage":"es","potentialAction":[{"@type":"CommentAction","name":"Comment","target":["https:\/\/www.pro-corp.net\/bck\/nacionalidades-espanolas\/#respond"]}]},{"@type":"Person","@id":"https:\/\/www.pro-corp.net\/bck\/#\/schema\/person\/d6eda375fcca981cadf1e8f102bb8966","name":"Christian Andres","image":{"@type":"ImageObject","@id":"https:\/\/www.pro-corp.net\/bck\/#personlogo","inLanguage":"es","url":"https:\/\/secure.gravatar.com\/avatar\/87676f1df919f3ff761ee73fc0e15532?s=96&d=mm&r=g","contentUrl":"https:\/\/secure.gravatar.com\/avatar\/87676f1df919f3ff761ee73fc0e15532?s=96&d=mm&r=g","caption":"Christian Andres"}}]}},"_links":{"self":[{"href":"https:\/\/www.pro-corp.net\/bck\/wp-json\/wp\/v2\/posts\/6207"}],"collection":[{"href":"https:\/\/www.pro-corp.net\/bck\/wp-json\/wp\/v2\/posts"}],"about":[{"href":"https:\/\/www.pro-corp.net\/bck\/wp-json\/wp\/v2\/types\/post"}],"author":[{"embeddable":true,"href":"https:\/\/www.pro-corp.net\/bck\/wp-json\/wp\/v2\/users\/1656"}],"replies":[{"embeddable":true,"href":"https:\/\/www.pro-corp.net\/bck\/wp-json\/wp\/v2\/comments?post=6207"}],"version-history":[{"count":16,"href":"https:\/\/www.pro-corp.net\/bck\/wp-json\/wp\/v2\/posts\/6207\/revisions"}],"predecessor-version":[{"id":7935,"href":"https:\/\/www.pro-corp.net\/bck\/wp-json\/wp\/v2\/posts\/6207\/revisions\/7935"}],"wp:featuredmedia":[{"embeddable":true,"href":"https:\/\/www.pro-corp.net\/bck\/wp-json\/wp\/v2\/media\/6208"}],"wp:attachment":[{"href":"https:\/\/www.pro-corp.net\/bck\/wp-json\/wp\/v2\/media?parent=6207"}],"wp:term":[{"taxonomy":"category","embeddable":true,"href":"https:\/\/www.pro-corp.net\/bck\/wp-json\/wp\/v2\/categories?post=6207"},{"taxonomy":"post_tag","embeddable":true,"href":"https:\/\/www.pro-corp.net\/bck\/wp-json\/wp\/v2\/tags?post=6207"}],"curies":[{"name":"wp","href":"https:\/\/api.w.org\/{rel}","templated":true}]}}