{"id":6357,"date":"2021-02-09T04:00:00","date_gmt":"2021-02-09T09:00:00","guid":{"rendered":"http:\/\/www.pro-corp.net\/bck\/?p=6357"},"modified":"2021-02-08T15:11:12","modified_gmt":"2021-02-08T20:11:12","slug":"educacion-en-espana","status":"publish","type":"post","link":"https:\/\/www.pro-corp.net\/bck\/educacion-en-espana\/","title":{"rendered":"Los mejores colegios y modelos educativos de la educaci\u00f3n en Espa\u00f1a"},"content":{"rendered":"<p>La <strong>educaci\u00f3n en Espa\u00f1a<\/strong> est\u00e1 financiada por el Estado y es obligatoria entre los 3 y 16 a\u00f1os. Para eso, hay escuelas p\u00fablicas, privadas y concertadas. Al terminar la etapa obligatoria, se puede estudiar una formaci\u00f3n profesional de grado medio, de grado superior o bachillerato. Con las dos \u00faltimas opciones se accede a la universidad (Don Quijote, s.f.)<\/p>\n<p>Si quieres <a href=\"http:\/\/www.pro-corp.net\/bck\/emigrar-a-espana\/vivir-en-espana\/\">vivir en Espa\u00f1a<\/a>, adem\u00e1s de conocer algunos datos pr\u00e1cticos como <a href=\"http:\/\/www.pro-corp.net\/bck\/emigrar-a-espana\/que-es-el-empadronamiento\/\">qu\u00e9 es el empadronamiento<\/a> o c\u00f3mo es la <a href=\"http:\/\/www.pro-corp.net\/bck\/emigrar-a-espana\/economia-de-espana\/\">econom\u00eda de Espa\u00f1a<\/a>, es necesario saber c\u00f3mo funciona su sistema educativo.<\/p>\n<h2>Modelos educativos que se manejan en Espa\u00f1a<\/h2>\n<p>Aunque es mayoritario el modelo tradicional, existen diversas ofertas de educaci\u00f3n en Espa\u00f1a. Los expertos promueven la innovaci\u00f3n educativa para adaptar el sistema a las demandas del presente.<\/p>\n<p>En este sentido, se necesitan perfiles capaces de relacionar distintas disciplinas y aprender constantemente. Tambi\u00e9n hay que desarrollar habilidades colaborativas y flexibilidad, con foco en tecnolog\u00eda y ciencias (Fern\u00e1ndez, 2020).<\/p>\n<h2>Educaci\u00f3n en Espa\u00f1a tradicional<\/h2>\n<p>Los distintos niveles que componen el sistema escolar de la <strong>educaci\u00f3n en Espa\u00f1a<\/strong> son:<\/p>\n<ul>\n<li>Educaci\u00f3n infantil. De 0 a 3 a\u00f1os (no obligatoria) y de 3 a 6.<\/li>\n<li>Educaci\u00f3n primaria. De 6 a 12 a\u00f1os, ofrece una educaci\u00f3n b\u00e1sica com\u00fan. Sigue una metodolog\u00eda l\u00fadica para el desarrollo cognitivo y social de los ni\u00f1os.<\/li>\n<li>Educaci\u00f3n secundaria obligatoria. De 12 a 16 a\u00f1os.<\/li>\n<li>El bachillerato no es obligatorio. Son dos cursos con conocimientos espec\u00edficos del \u00e1rea que el estudiante escoja: arte, ciencia y tecnolog\u00eda, humanidades y ciencias sociales.<\/li>\n<li>La formaci\u00f3n profesional (de grado medio o superior) capacita para realizar ciertas profesiones. Dura dos a\u00f1os e incluye pr\u00e1cticas.<\/li>\n<li>Los t\u00edtulos universitarios de la <strong>educaci\u00f3n en Espa\u00f1a<\/strong> son de cuatro a\u00f1os, salvo unas pocas especialidades m\u00e1s largas. Despu\u00e9s se puede hacer un m\u00e1ster y, posteriormente, un doctorado (Don Quijote, s.f.).<\/li>\n<\/ul>\n<h3>Aprendizaje Basado en Proyectos (ABP)<\/h3>\n<p>Esta es una estrategia que convierte a los estudiantes en protagonistas de su aprendizaje. Se les plantea un reto vinculado a su realidad, se forman grupos con roles asignados, se acompa\u00f1a el proceso de creaci\u00f3n de un proyecto, se presentan todos y, en conjunto, se elige el mejor. As\u00ed se eval\u00faa la capacidad de resolver problemas de forma creativa, colaborativa y flexible (Prodigii, s.f.).<\/p>\n<h3>Pedagog\u00eda Waldorf<\/h3>\n<p>Surge en Alemania en 1919. Se basa en el respeto al desarrollo individual, el trabajo en equipo de los profesores y la colaboraci\u00f3n entre escuela y familia. Promueve el pacifismo, la interculturalidad, la sostenibilidad y la solidaridad. Entr\u00f3 a la <strong>educaci\u00f3n en Espa\u00f1a <\/strong>en 1979. Ahora hay m\u00e1s de <a href=\"https:\/\/www.colegioswaldorf.org\/\" target=\"_blank\" rel=\"noopener\">77 centros<\/a>, principalmente de educaci\u00f3n infantil.<\/p>\n<h3>M\u00e9todo Montessori<\/h3>\n<p>Mar\u00eda Montessori lo cre\u00f3 a principios del siglo XX. Tiene 150.000 escuelas en el mundo<strong>,<\/strong> con 3 millones de ni\u00f1os. Sostiene que cualquier ayuda innecesaria es un obst\u00e1culo para el desarrollo del ni\u00f1o. Sus bases son:<\/p>\n<ul>\n<li>Un ambiente preparado en el que los ni\u00f1os se desplazan libremente, mantienen el orden y se mezclan diversas edades.<\/li>\n<li>El trabajo del ni\u00f1o en lo que le apasione. Este es libre pero con l\u00edmites y responsabilidad.<\/li>\n<li>El rol observador del adulto para descubrir lo que el ni\u00f1o necesita, darle las herramientas necesarias para investigar lo que le interese y evaluarlo (\u00c1vila, 2017).<\/li>\n<\/ul>\n<h3><em>Soka<\/em><\/h3>\n<p><em>Soka<\/em> en japon\u00e9s significa \u201ccreaci\u00f3n de valor\u201d. El t\u00e9rmino lo utiliz\u00f3 Tsunesaburo Makiguchi en 1930, al plantearse generar un sistema educativo cuyo prop\u00f3sito fuera la felicidad. M\u00e1s a\u00fan, en que los estudiantes contribuyan a sus comunidades, manteniendo una relaci\u00f3n armoniosa con otros.<\/p>\n<p>Se basa en un budismo ligado a la cotidianidad. Sus fundamentos son: di\u00e1logo, paz, derechos humanos, educaci\u00f3n ambiental, aprendizaje de idiomas, lectura y desarrollo intelectual. Este \u00faltimo entendido como conocimiento y sabidur\u00eda.<\/p>\n<p>Los profesores revisan su pr\u00e1ctica en reuniones, a las que invitan a las familias. Esta metodolog\u00eda se da desde la educaci\u00f3n infantil hasta la universitaria. En 2018 lleg\u00f3 a la <strong>educaci\u00f3n en Espa\u00f1a<\/strong>. Se cre\u00f3 un instituto en Madrid para investigarla, conect\u00e1ndola con otras como la educaci\u00f3n positiva (The Conversation, 2019).<\/p>\n<h2>Los mejores colegios en Espa\u00f1a<\/h2>\n<p>El diario El Espa\u00f1ol saca cada a\u00f1o la <a href=\"https:\/\/www.elespanol.com\/sociedad\/educacion\/mejores-colegios\/\" target=\"_blank\" rel=\"noopener\">lista<\/a> de los 100 mejores colegios de Espa\u00f1a. En 2020, estuvo liderada por:<\/p>\n<ol>\n<li>Estudio (Madrid)<\/li>\n<li>Manuel Peleteiro (La Coru\u00f1a)<\/li>\n<li>Agora Sant Cugat (Barcelona)<\/li>\n<li>Meres (Asturias)<\/li>\n<li>Montserrat (Barcelona)<\/li>\n<\/ol>\n<p>Casi la mitad de las escuelas son concertadas. Se puede consultar aplicando distintos filtros: provincia, p\u00fablico o concertado, religioso o laico. La selecci\u00f3n se hace analizando m\u00e1s de un millar de centros y aplicando 27 criterios que tienen en cuenta el modelo de ense\u00f1anza, la oferta educativa o los medios materiales (El Mundo, 2020).<\/p>\n<p>Confiamos en que toda esta informaci\u00f3n te d\u00e9 un panorama de la situaci\u00f3n de la <strong>educaci\u00f3n en Espa\u00f1a<\/strong>. Cuando vivas all\u00e1, disfruta las <a href=\"http:\/\/www.pro-corp.net\/bck\/emigrar-a-espana\/costumbres-y-tradiciones-de-espana\/\">costumbres y tradiciones de Espa\u00f1a<\/a>. As\u00ed como las muchas oportunidades que ofrece su sistema educativo.<\/p>\n","protected":false},"excerpt":{"rendered":"<p>La educaci\u00f3n en Espa\u00f1a est\u00e1 financiada por el Estado y es obligatoria entre los 3 y 16 a\u00f1os. Para eso, hay escuelas p\u00fablicas, privadas y concertadas. Al terminar la etapa obligatoria, se puede estudiar una formaci\u00f3n profesional de grado medio, de grado superior o bachillerato. Con las dos \u00faltimas opciones se accede a la universidad [&hellip;]<\/p>\n","protected":false},"author":1656,"featured_media":6358,"comment_status":"open","ping_status":"open","sticky":false,"template":"","format":"standard","meta":[],"categories":[57],"tags":[115,98,116,95],"yoast_head":"<!-- This site is optimized with the Yoast SEO plugin v18.2 - https:\/\/yoast.com\/wordpress\/plugins\/seo\/ -->\n<title>Educaci\u00f3n en Espa\u00f1a: conoce los mejores modelos educativos - Pro-corp<\/title>\n<meta name=\"description\" content=\"A continuaci\u00f3n, te presentamos el sistema de educaci\u00f3n en Espa\u00f1a, sus modelos educativos y algunos de sus mejores colegios.\" \/>\n<meta name=\"robots\" content=\"index, follow, max-snippet:-1, max-image-preview:large, max-video-preview:-1\" \/>\n<link rel=\"canonical\" href=\"https:\/\/www.pro-corp.net\/bck\/educacion-en-espana\/\" \/>\n<meta property=\"og:locale\" content=\"es_ES\" \/>\n<meta property=\"og:type\" content=\"article\" \/>\n<meta property=\"og:title\" content=\"Educaci\u00f3n en Espa\u00f1a: conoce los mejores modelos educativos - Pro-corp\" \/>\n<meta property=\"og:description\" content=\"A continuaci\u00f3n, te presentamos el sistema de educaci\u00f3n en Espa\u00f1a, sus modelos educativos y algunos de sus mejores colegios.\" \/>\n<meta property=\"og:url\" content=\"https:\/\/www.pro-corp.net\/bck\/educacion-en-espana\/\" \/>\n<meta property=\"og:site_name\" content=\"Pro Corp Corporate Development\" \/>\n<meta property=\"article:publisher\" content=\"https:\/\/www.facebook.com\/Pro-Corp-Asesoria-legal-y-empresarial-105779337842842\/\" \/>\n<meta property=\"article:published_time\" content=\"2021-02-09T09:00:00+00:00\" \/>\n<meta property=\"article:modified_time\" content=\"2021-02-08T20:11:12+00:00\" \/>\n<meta property=\"og:image\" content=\"https:\/\/www.pro-corp.net\/bck\/wp-content\/uploads\/2021\/02\/7.-Ene-Educacion-en-Espana-conoce-los-mejores-colegios-y-modelos-educativos-para-tus-hijos-scaled.jpg\" \/>\n\t<meta property=\"og:image:width\" content=\"2560\" \/>\n\t<meta property=\"og:image:height\" content=\"1707\" \/>\n\t<meta property=\"og:image:type\" content=\"image\/jpeg\" \/>\n<meta name=\"twitter:card\" content=\"summary_large_image\" \/>\n<meta name=\"twitter:creator\" content=\"@Pro_Corp\" \/>\n<meta name=\"twitter:site\" content=\"@Pro_Corp\" \/>\n<meta name=\"twitter:label1\" content=\"Escrito por\" \/>\n\t<meta name=\"twitter:data1\" content=\"Christian Andres\" \/>\n\t<meta name=\"twitter:label2\" content=\"Tiempo de lectura\" \/>\n\t<meta name=\"twitter:data2\" content=\"4 minutos\" \/>\n<script type=\"application\/ld+json\" class=\"yoast-schema-graph\">{\"@context\":\"https:\/\/schema.org\",\"@graph\":[{\"@type\":\"Organization\",\"@id\":\"https:\/\/www.pro-corp.net\/bck\/#organization\",\"name\":\"Pro Corp Corporate Development\",\"url\":\"https:\/\/www.pro-corp.net\/bck\/\",\"sameAs\":[\"https:\/\/www.facebook.com\/Pro-Corp-Asesoria-legal-y-empresarial-105779337842842\/\",\"https:\/\/twitter.com\/Pro_Corp\"],\"logo\":{\"@type\":\"ImageObject\",\"@id\":\"https:\/\/www.pro-corp.net\/bck\/#logo\",\"inLanguage\":\"es\",\"url\":\"http:\/\/www.pro-corp.net\/bck\/wp-content\/uploads\/2020\/06\/icon.png\",\"contentUrl\":\"http:\/\/www.pro-corp.net\/bck\/wp-content\/uploads\/2020\/06\/icon.png\",\"width\":640,\"height\":640,\"caption\":\"Pro Corp Corporate Development\"},\"image\":{\"@id\":\"https:\/\/www.pro-corp.net\/bck\/#logo\"}},{\"@type\":\"WebSite\",\"@id\":\"https:\/\/www.pro-corp.net\/bck\/#website\",\"url\":\"https:\/\/www.pro-corp.net\/bck\/\",\"name\":\"Pro Corp Corporate Development\",\"description\":\"Nacionalidad Europea por Ley Sefard\u00ed\",\"publisher\":{\"@id\":\"https:\/\/www.pro-corp.net\/bck\/#organization\"},\"potentialAction\":[{\"@type\":\"SearchAction\",\"target\":{\"@type\":\"EntryPoint\",\"urlTemplate\":\"https:\/\/www.pro-corp.net\/bck\/?s={search_term_string}\"},\"query-input\":\"required name=search_term_string\"}],\"inLanguage\":\"es\"},{\"@type\":\"ImageObject\",\"@id\":\"https:\/\/www.pro-corp.net\/bck\/educacion-en-espana\/#primaryimage\",\"inLanguage\":\"es\",\"url\":\"https:\/\/www.pro-corp.net\/bck\/wp-content\/uploads\/2021\/02\/7.-Ene-Educacion-en-Espana-conoce-los-mejores-colegios-y-modelos-educativos-para-tus-hijos-scaled.jpg\",\"contentUrl\":\"https:\/\/www.pro-corp.net\/bck\/wp-content\/uploads\/2021\/02\/7.-Ene-Educacion-en-Espana-conoce-los-mejores-colegios-y-modelos-educativos-para-tus-hijos-scaled.jpg\",\"width\":2560,\"height\":1707,\"caption\":\"A continuaci\u00f3n, te presentamos el sistema de educaci\u00f3n en Espa\u00f1a, sus modelos educativos y algunos de sus mejores colegios.\"},{\"@type\":\"WebPage\",\"@id\":\"https:\/\/www.pro-corp.net\/bck\/educacion-en-espana\/#webpage\",\"url\":\"https:\/\/www.pro-corp.net\/bck\/educacion-en-espana\/\",\"name\":\"Educaci\u00f3n en Espa\u00f1a: conoce los mejores modelos educativos - Pro-corp\",\"isPartOf\":{\"@id\":\"https:\/\/www.pro-corp.net\/bck\/#website\"},\"primaryImageOfPage\":{\"@id\":\"https:\/\/www.pro-corp.net\/bck\/educacion-en-espana\/#primaryimage\"},\"datePublished\":\"2021-02-09T09:00:00+00:00\",\"dateModified\":\"2021-02-08T20:11:12+00:00\",\"description\":\"A continuaci\u00f3n, te presentamos el sistema de educaci\u00f3n en Espa\u00f1a, sus modelos educativos y algunos de sus mejores colegios.\",\"breadcrumb\":{\"@id\":\"https:\/\/www.pro-corp.net\/bck\/educacion-en-espana\/#breadcrumb\"},\"inLanguage\":\"es\",\"potentialAction\":[{\"@type\":\"ReadAction\",\"target\":[\"https:\/\/www.pro-corp.net\/bck\/educacion-en-espana\/\"]}]},{\"@type\":\"BreadcrumbList\",\"@id\":\"https:\/\/www.pro-corp.net\/bck\/educacion-en-espana\/#breadcrumb\",\"itemListElement\":[{\"@type\":\"ListItem\",\"position\":1,\"name\":\"Los mejores colegios y modelos educativos de la educaci\u00f3n en Espa\u00f1a\"}]},{\"@type\":\"Article\",\"@id\":\"https:\/\/www.pro-corp.net\/bck\/educacion-en-espana\/#article\",\"isPartOf\":{\"@id\":\"https:\/\/www.pro-corp.net\/bck\/educacion-en-espana\/#webpage\"},\"author\":{\"@id\":\"https:\/\/www.pro-corp.net\/bck\/#\/schema\/person\/d6eda375fcca981cadf1e8f102bb8966\"},\"headline\":\"Los mejores colegios y modelos educativos de la educaci\u00f3n en Espa\u00f1a\",\"datePublished\":\"2021-02-09T09:00:00+00:00\",\"dateModified\":\"2021-02-08T20:11:12+00:00\",\"mainEntityOfPage\":{\"@id\":\"https:\/\/www.pro-corp.net\/bck\/educacion-en-espana\/#webpage\"},\"wordCount\":866,\"commentCount\":0,\"publisher\":{\"@id\":\"https:\/\/www.pro-corp.net\/bck\/#organization\"},\"image\":{\"@id\":\"https:\/\/www.pro-corp.net\/bck\/educacion-en-espana\/#primaryimage\"},\"thumbnailUrl\":\"https:\/\/www.pro-corp.net\/bck\/wp-content\/uploads\/2021\/02\/7.-Ene-Educacion-en-Espana-conoce-los-mejores-colegios-y-modelos-educativos-para-tus-hijos-scaled.jpg\",\"keywords\":[\"costumbres y tradiciones de Espa\u00f1a\",\"econom\u00eda de Espa\u00f1a\",\"qu\u00e9 es el empadronamiento\",\"Vivir en Espa\u00f1a\"],\"articleSection\":[\"Emigrar a Espa\u00f1a\"],\"inLanguage\":\"es\",\"potentialAction\":[{\"@type\":\"CommentAction\",\"name\":\"Comment\",\"target\":[\"https:\/\/www.pro-corp.net\/bck\/educacion-en-espana\/#respond\"]}]},{\"@type\":\"Person\",\"@id\":\"https:\/\/www.pro-corp.net\/bck\/#\/schema\/person\/d6eda375fcca981cadf1e8f102bb8966\",\"name\":\"Christian Andres\",\"image\":{\"@type\":\"ImageObject\",\"@id\":\"https:\/\/www.pro-corp.net\/bck\/#personlogo\",\"inLanguage\":\"es\",\"url\":\"https:\/\/secure.gravatar.com\/avatar\/87676f1df919f3ff761ee73fc0e15532?s=96&d=mm&r=g\",\"contentUrl\":\"https:\/\/secure.gravatar.com\/avatar\/87676f1df919f3ff761ee73fc0e15532?s=96&d=mm&r=g\",\"caption\":\"Christian Andres\"}}]}<\/script>\n<!-- \/ Yoast SEO plugin. -->","yoast_head_json":{"title":"Educaci\u00f3n en Espa\u00f1a: conoce los mejores modelos educativos - Pro-corp","description":"A continuaci\u00f3n, te presentamos el sistema de educaci\u00f3n en Espa\u00f1a, sus modelos educativos y algunos de sus mejores colegios.","robots":{"index":"index","follow":"follow","max-snippet":"max-snippet:-1","max-image-preview":"max-image-preview:large","max-video-preview":"max-video-preview:-1"},"canonical":"https:\/\/www.pro-corp.net\/bck\/educacion-en-espana\/","og_locale":"es_ES","og_type":"article","og_title":"Educaci\u00f3n en Espa\u00f1a: conoce los mejores modelos educativos - Pro-corp","og_description":"A continuaci\u00f3n, te presentamos el sistema de educaci\u00f3n en Espa\u00f1a, sus modelos educativos y algunos de sus mejores colegios.","og_url":"https:\/\/www.pro-corp.net\/bck\/educacion-en-espana\/","og_site_name":"Pro Corp Corporate Development","article_publisher":"https:\/\/www.facebook.com\/Pro-Corp-Asesoria-legal-y-empresarial-105779337842842\/","article_published_time":"2021-02-09T09:00:00+00:00","article_modified_time":"2021-02-08T20:11:12+00:00","og_image":[{"width":2560,"height":1707,"url":"https:\/\/www.pro-corp.net\/bck\/wp-content\/uploads\/2021\/02\/7.-Ene-Educacion-en-Espana-conoce-los-mejores-colegios-y-modelos-educativos-para-tus-hijos-scaled.jpg","type":"image\/jpeg"}],"twitter_card":"summary_large_image","twitter_creator":"@Pro_Corp","twitter_site":"@Pro_Corp","twitter_misc":{"Escrito por":"Christian Andres","Tiempo de lectura":"4 minutos"},"schema":{"@context":"https:\/\/schema.org","@graph":[{"@type":"Organization","@id":"https:\/\/www.pro-corp.net\/bck\/#organization","name":"Pro Corp Corporate Development","url":"https:\/\/www.pro-corp.net\/bck\/","sameAs":["https:\/\/www.facebook.com\/Pro-Corp-Asesoria-legal-y-empresarial-105779337842842\/","https:\/\/twitter.com\/Pro_Corp"],"logo":{"@type":"ImageObject","@id":"https:\/\/www.pro-corp.net\/bck\/#logo","inLanguage":"es","url":"http:\/\/www.pro-corp.net\/bck\/wp-content\/uploads\/2020\/06\/icon.png","contentUrl":"http:\/\/www.pro-corp.net\/bck\/wp-content\/uploads\/2020\/06\/icon.png","width":640,"height":640,"caption":"Pro Corp Corporate Development"},"image":{"@id":"https:\/\/www.pro-corp.net\/bck\/#logo"}},{"@type":"WebSite","@id":"https:\/\/www.pro-corp.net\/bck\/#website","url":"https:\/\/www.pro-corp.net\/bck\/","name":"Pro Corp Corporate Development","description":"Nacionalidad Europea por Ley Sefard\u00ed","publisher":{"@id":"https:\/\/www.pro-corp.net\/bck\/#organization"},"potentialAction":[{"@type":"SearchAction","target":{"@type":"EntryPoint","urlTemplate":"https:\/\/www.pro-corp.net\/bck\/?s={search_term_string}"},"query-input":"required name=search_term_string"}],"inLanguage":"es"},{"@type":"ImageObject","@id":"https:\/\/www.pro-corp.net\/bck\/educacion-en-espana\/#primaryimage","inLanguage":"es","url":"https:\/\/www.pro-corp.net\/bck\/wp-content\/uploads\/2021\/02\/7.-Ene-Educacion-en-Espana-conoce-los-mejores-colegios-y-modelos-educativos-para-tus-hijos-scaled.jpg","contentUrl":"https:\/\/www.pro-corp.net\/bck\/wp-content\/uploads\/2021\/02\/7.-Ene-Educacion-en-Espana-conoce-los-mejores-colegios-y-modelos-educativos-para-tus-hijos-scaled.jpg","width":2560,"height":1707,"caption":"A continuaci\u00f3n, te presentamos el sistema de educaci\u00f3n en Espa\u00f1a, sus modelos educativos y algunos de sus mejores colegios."},{"@type":"WebPage","@id":"https:\/\/www.pro-corp.net\/bck\/educacion-en-espana\/#webpage","url":"https:\/\/www.pro-corp.net\/bck\/educacion-en-espana\/","name":"Educaci\u00f3n en Espa\u00f1a: conoce los mejores modelos educativos - Pro-corp","isPartOf":{"@id":"https:\/\/www.pro-corp.net\/bck\/#website"},"primaryImageOfPage":{"@id":"https:\/\/www.pro-corp.net\/bck\/educacion-en-espana\/#primaryimage"},"datePublished":"2021-02-09T09:00:00+00:00","dateModified":"2021-02-08T20:11:12+00:00","description":"A continuaci\u00f3n, te presentamos el sistema de educaci\u00f3n en Espa\u00f1a, sus modelos educativos y algunos de sus mejores colegios.","breadcrumb":{"@id":"https:\/\/www.pro-corp.net\/bck\/educacion-en-espana\/#breadcrumb"},"inLanguage":"es","potentialAction":[{"@type":"ReadAction","target":["https:\/\/www.pro-corp.net\/bck\/educacion-en-espana\/"]}]},{"@type":"BreadcrumbList","@id":"https:\/\/www.pro-corp.net\/bck\/educacion-en-espana\/#breadcrumb","itemListElement":[{"@type":"ListItem","position":1,"name":"Los mejores colegios y modelos educativos de la educaci\u00f3n en Espa\u00f1a"}]},{"@type":"Article","@id":"https:\/\/www.pro-corp.net\/bck\/educacion-en-espana\/#article","isPartOf":{"@id":"https:\/\/www.pro-corp.net\/bck\/educacion-en-espana\/#webpage"},"author":{"@id":"https:\/\/www.pro-corp.net\/bck\/#\/schema\/person\/d6eda375fcca981cadf1e8f102bb8966"},"headline":"Los mejores colegios y modelos educativos de la educaci\u00f3n en Espa\u00f1a","datePublished":"2021-02-09T09:00:00+00:00","dateModified":"2021-02-08T20:11:12+00:00","mainEntityOfPage":{"@id":"https:\/\/www.pro-corp.net\/bck\/educacion-en-espana\/#webpage"},"wordCount":866,"commentCount":0,"publisher":{"@id":"https:\/\/www.pro-corp.net\/bck\/#organization"},"image":{"@id":"https:\/\/www.pro-corp.net\/bck\/educacion-en-espana\/#primaryimage"},"thumbnailUrl":"https:\/\/www.pro-corp.net\/bck\/wp-content\/uploads\/2021\/02\/7.-Ene-Educacion-en-Espana-conoce-los-mejores-colegios-y-modelos-educativos-para-tus-hijos-scaled.jpg","keywords":["costumbres y tradiciones de Espa\u00f1a","econom\u00eda de Espa\u00f1a","qu\u00e9 es el empadronamiento","Vivir en Espa\u00f1a"],"articleSection":["Emigrar a Espa\u00f1a"],"inLanguage":"es","potentialAction":[{"@type":"CommentAction","name":"Comment","target":["https:\/\/www.pro-corp.net\/bck\/educacion-en-espana\/#respond"]}]},{"@type":"Person","@id":"https:\/\/www.pro-corp.net\/bck\/#\/schema\/person\/d6eda375fcca981cadf1e8f102bb8966","name":"Christian Andres","image":{"@type":"ImageObject","@id":"https:\/\/www.pro-corp.net\/bck\/#personlogo","inLanguage":"es","url":"https:\/\/secure.gravatar.com\/avatar\/87676f1df919f3ff761ee73fc0e15532?s=96&d=mm&r=g","contentUrl":"https:\/\/secure.gravatar.com\/avatar\/87676f1df919f3ff761ee73fc0e15532?s=96&d=mm&r=g","caption":"Christian Andres"}}]}},"_links":{"self":[{"href":"https:\/\/www.pro-corp.net\/bck\/wp-json\/wp\/v2\/posts\/6357"}],"collection":[{"href":"https:\/\/www.pro-corp.net\/bck\/wp-json\/wp\/v2\/posts"}],"about":[{"href":"https:\/\/www.pro-corp.net\/bck\/wp-json\/wp\/v2\/types\/post"}],"author":[{"embeddable":true,"href":"https:\/\/www.pro-corp.net\/bck\/wp-json\/wp\/v2\/users\/1656"}],"replies":[{"embeddable":true,"href":"https:\/\/www.pro-corp.net\/bck\/wp-json\/wp\/v2\/comments?post=6357"}],"version-history":[{"count":2,"href":"https:\/\/www.pro-corp.net\/bck\/wp-json\/wp\/v2\/posts\/6357\/revisions"}],"predecessor-version":[{"id":6385,"href":"https:\/\/www.pro-corp.net\/bck\/wp-json\/wp\/v2\/posts\/6357\/revisions\/6385"}],"wp:featuredmedia":[{"embeddable":true,"href":"https:\/\/www.pro-corp.net\/bck\/wp-json\/wp\/v2\/media\/6358"}],"wp:attachment":[{"href":"https:\/\/www.pro-corp.net\/bck\/wp-json\/wp\/v2\/media?parent=6357"}],"wp:term":[{"taxonomy":"category","embeddable":true,"href":"https:\/\/www.pro-corp.net\/bck\/wp-json\/wp\/v2\/categories?post=6357"},{"taxonomy":"post_tag","embeddable":true,"href":"https:\/\/www.pro-corp.net\/bck\/wp-json\/wp\/v2\/tags?post=6357"}],"curies":[{"name":"wp","href":"https:\/\/api.w.org\/{rel}","templated":true}]}}