{"id":6360,"date":"2021-02-12T04:00:00","date_gmt":"2021-02-12T09:00:00","guid":{"rendered":"http:\/\/www.pro-corp.net\/bck\/?p=6360"},"modified":"2021-09-27T09:48:10","modified_gmt":"2021-09-27T14:48:10","slug":"antecedentes-penales-y-judiciales","status":"publish","type":"post","link":"https:\/\/www.pro-corp.net\/bck\/antecedentes-penales-y-judiciales\/","title":{"rendered":"Diferencias entre antecedentes penales y judiciales y su importancia para tramitar la ciudadan\u00eda europea"},"content":{"rendered":"<p>Existen documentos que certifican si una persona registra antecedentes policiales o sentencias condenatorias (antecedentes penales). Tambi\u00e9n, si ha estado recluida en un establecimiento penitenciario (antecedentes judiciales) (Consulado General del Per\u00fa en Sydney, s.f.). Veamos la diferencia entre <strong>antecedentes penales y judiciales<\/strong>. Adem\u00e1s, su importancia para tramitar la residencia en Europa, principalmente en Espa\u00f1a y Portugal.<\/p>\n<h2>Diferencia entre los antecedentes penales y judiciales<\/h2>\n<p>Los antecedentes penales se generan cuando el Poder Judicial le impone a una persona una condena firme y definitiva (inapelable). Cuando se acredita judicialmente que alguien cometi\u00f3 un delito y se le impone una sanci\u00f3n penal. Esta no tiene que ser, necesariamente, el ingreso en un centro penitenciario. Por eso se distingue entre <strong>antecedentes penales y judiciales<\/strong> (LP, 2018).<\/p>\n<p>Los antecedentes judiciales se generan cuando una persona ingresa a un centro penitenciario. Esto no implica que haya sido condenada. Cuando el juez impone prisi\u00f3n preventiva (para que la persona permanezca en un penal el tiempo que demore el proceso) se registran antecedentes judiciales. Si finalmente se establece su inocencia: registrar\u00e1 antecedentes judiciales pero no penales (LP, 2018).<\/p>\n<h2>Importancia de los antecedentes penales y judiciales al tramitar la nacionalidad europea<\/h2>\n<p>Centr\u00e1ndonos en Espa\u00f1a y Portugal, podemos decir que el documento realmente importante a la hora de tramitar la ciudadan\u00eda o nacionalidad es el certificado de antecedentes penales.<\/p>\n<h3>Portugal<\/h3>\n<p>Para tramitar la ciudadan\u00eda portuguesa se necesita un certificado de antecedentes penales en varios casos (Embajada de Portugal en Per\u00fa, s.f.):<\/p>\n<ul>\n<li>Si solicitas la nacionalidad por ser nieto de portugueses, debes presentar un certificado de antecedentes penales con <a href=\"http:\/\/www.pro-corp.net\/bck\/ciudadania-europea\/apostilla-de-la-haya\/\">Apostilla de la Haya<\/a> del <a href=\"https:\/\/www.portaldiplomatico.mne.gov.pt\/\" target=\"_blank\" rel=\"noopener\">Ministerio de Relaciones Exteriores<\/a>.<\/li>\n<li>Si la solicitas por ser descendiente de Jud\u00edos Sefard\u00edes, debes presentar un certificado de antecedentes penales de tu pa\u00eds de nacimiento. Y de todos los pa\u00edses donde hayas vivido desde los 16 a\u00f1os. Todos ellos, traducidos y legalizados por el Ministerio de Relaciones Exteriores con la <a href=\"http:\/\/www.pro-corp.net\/bck\/ciudadania-europea\/apostilla-de-la-haya\/\">Apostilla de la Haya<\/a>.<\/li>\n<li>Si solicitas la ciudadan\u00eda portuguesa por matrimonio con un portugu\u00e9s o portuguesa, debes presentar certificado de antecedentes penales. Como en los casos anteriores, tambi\u00e9n legalizado con la <a href=\"http:\/\/www.pro-corp.net\/bck\/ciudadania-europea\/apostilla-de-la-haya\/\">Apostilla de la Haya<\/a> del Ministerio de Relaciones Exteriores.<\/li>\n<\/ul>\n<h3>Espa\u00f1a<\/h3>\n<p>Para tramitar la <a href=\"http:\/\/www.pro-corp.net\/bck\/emigrar-a-portugal\/ciudadania-espanola\/\">ciudadan\u00eda espa\u00f1ola<\/a> se requiere un certificado de antecedentes penales de tu pa\u00eds de origen, traducido y legalizado. O un certificado consular de conducta, expedido sobre la base de consulta a las autoridades competentes de tu pa\u00eds de origen (Turismocity, 2020).<\/p>\n<p>El estado espa\u00f1ol verifica as\u00ed que las personas que optan a la <a href=\"http:\/\/www.pro-corp.net\/bck\/emigrar-a-portugal\/ciudadania-espanola\/\">ciudadan\u00eda espa\u00f1ola<\/a> tengan una buena <a href=\"https:\/\/www.lifeder.com\/valores-civicos\/\" target=\"_blank\" rel=\"noopener\">actividad c\u00edvica<\/a>. Los antecedentes penales pueden conllevar la denegaci\u00f3n de la nacionalidad. Pero se cancelan despu\u00e9s de un tiempo, variable en funci\u00f3n del tipo y gravedad de la condena (Emigroo, s.f.; Sevilla, 2020).<\/p>\n<p>Como ves, es importante conocer la diferencia entre <strong>antecedentes penales y judiciales<\/strong>. Y tener claro que los que necesitas certificar para tramitar tu nacionalidad espa\u00f1ola o portuguesa son los antecedentes penales. Es decir, los que se refieren a sentencias condenatorias. Con esta informaci\u00f3n, podr\u00e1s hacer tus tr\u00e1mites de forma m\u00e1s \u00e1gil y eficaz.<\/p>\n\n\n<div class=\"wp-container-69f18ea2b4ccb wp-block-buttons is-content-justification-center\">\n<div class=\"wp-block-button is-style-fill\"><a class=\"wp-block-button__link has-white-color has-text-color has-background\" href=\"http:\/\/www.pro-corp.net\/bck\/asesoria\/\" style=\"border-radius:2px;background-color:#b70000\" target=\"_blank\" rel=\"noopener\">Empieza tu estudio de investigaci\u00f3n geneal\u00f3gica ac\u00e1<\/a><\/div>\n<\/div>\n","protected":false},"excerpt":{"rendered":"<p>Existen documentos que certifican si una persona registra antecedentes policiales o sentencias condenatorias (antecedentes penales). Tambi\u00e9n, si ha estado recluida en un establecimiento penitenciario (antecedentes judiciales) (Consulado General del Per\u00fa en Sydney, s.f.). Veamos la diferencia entre antecedentes penales y judiciales. Adem\u00e1s, su importancia para tramitar la residencia en Europa, principalmente en Espa\u00f1a y Portugal. [&hellip;]<\/p>\n","protected":false},"author":1656,"featured_media":6361,"comment_status":"open","ping_status":"open","sticky":false,"template":"","format":"standard","meta":[],"categories":[56],"tags":[117,97],"yoast_head":"<!-- This site is optimized with the Yoast SEO plugin v18.2 - https:\/\/yoast.com\/wordpress\/plugins\/seo\/ -->\n<title>Antecedentes penales y judiciales para la nacionalidad europea - Pro-corp<\/title>\n<meta name=\"description\" content=\"Te explicamos en qu\u00e9 consisten los antecedentes penales y judiciales, cu\u00e1l es la diferencia y c\u00f3mo se utilizan para tramitar la ciudadan\u00eda europea.\" \/>\n<meta name=\"robots\" content=\"index, follow, max-snippet:-1, max-image-preview:large, max-video-preview:-1\" \/>\n<link rel=\"canonical\" href=\"https:\/\/www.pro-corp.net\/bck\/antecedentes-penales-y-judiciales\/\" \/>\n<meta property=\"og:locale\" content=\"es_ES\" \/>\n<meta property=\"og:type\" content=\"article\" \/>\n<meta property=\"og:title\" content=\"Antecedentes penales y judiciales para la nacionalidad europea - Pro-corp\" \/>\n<meta property=\"og:description\" content=\"Te explicamos en qu\u00e9 consisten los antecedentes penales y judiciales, cu\u00e1l es la diferencia y c\u00f3mo se utilizan para tramitar la ciudadan\u00eda europea.\" \/>\n<meta property=\"og:url\" content=\"https:\/\/www.pro-corp.net\/bck\/antecedentes-penales-y-judiciales\/\" \/>\n<meta property=\"og:site_name\" content=\"Pro Corp Corporate Development\" \/>\n<meta property=\"article:publisher\" content=\"https:\/\/www.facebook.com\/Pro-Corp-Asesoria-legal-y-empresarial-105779337842842\/\" \/>\n<meta property=\"article:published_time\" content=\"2021-02-12T09:00:00+00:00\" \/>\n<meta property=\"article:modified_time\" content=\"2021-09-27T14:48:10+00:00\" \/>\n<meta property=\"og:image\" content=\"https:\/\/www.pro-corp.net\/bck\/wp-content\/uploads\/2021\/02\/11.-Ene-Diferencia-entre-antecedentes-penales-y-judiciales-y-por-que-son-importantes-si-quieres-tramitar-tu-nacionalidad-europea-scaled.jpg\" \/>\n\t<meta property=\"og:image:width\" content=\"2560\" \/>\n\t<meta property=\"og:image:height\" content=\"1708\" \/>\n\t<meta property=\"og:image:type\" content=\"image\/jpeg\" \/>\n<meta name=\"twitter:card\" content=\"summary_large_image\" \/>\n<meta name=\"twitter:creator\" content=\"@Pro_Corp\" \/>\n<meta name=\"twitter:site\" content=\"@Pro_Corp\" \/>\n<meta name=\"twitter:label1\" content=\"Escrito por\" \/>\n\t<meta name=\"twitter:data1\" content=\"Christian Andres\" \/>\n\t<meta name=\"twitter:label2\" content=\"Tiempo de lectura\" \/>\n\t<meta name=\"twitter:data2\" content=\"3 minutos\" \/>\n<script type=\"application\/ld+json\" class=\"yoast-schema-graph\">{\"@context\":\"https:\/\/schema.org\",\"@graph\":[{\"@type\":\"Organization\",\"@id\":\"https:\/\/www.pro-corp.net\/bck\/#organization\",\"name\":\"Pro Corp Corporate Development\",\"url\":\"https:\/\/www.pro-corp.net\/bck\/\",\"sameAs\":[\"https:\/\/www.facebook.com\/Pro-Corp-Asesoria-legal-y-empresarial-105779337842842\/\",\"https:\/\/twitter.com\/Pro_Corp\"],\"logo\":{\"@type\":\"ImageObject\",\"@id\":\"https:\/\/www.pro-corp.net\/bck\/#logo\",\"inLanguage\":\"es\",\"url\":\"http:\/\/www.pro-corp.net\/bck\/wp-content\/uploads\/2020\/06\/icon.png\",\"contentUrl\":\"http:\/\/www.pro-corp.net\/bck\/wp-content\/uploads\/2020\/06\/icon.png\",\"width\":640,\"height\":640,\"caption\":\"Pro Corp Corporate Development\"},\"image\":{\"@id\":\"https:\/\/www.pro-corp.net\/bck\/#logo\"}},{\"@type\":\"WebSite\",\"@id\":\"https:\/\/www.pro-corp.net\/bck\/#website\",\"url\":\"https:\/\/www.pro-corp.net\/bck\/\",\"name\":\"Pro Corp Corporate Development\",\"description\":\"Nacionalidad Europea por Ley Sefard\u00ed\",\"publisher\":{\"@id\":\"https:\/\/www.pro-corp.net\/bck\/#organization\"},\"potentialAction\":[{\"@type\":\"SearchAction\",\"target\":{\"@type\":\"EntryPoint\",\"urlTemplate\":\"https:\/\/www.pro-corp.net\/bck\/?s={search_term_string}\"},\"query-input\":\"required name=search_term_string\"}],\"inLanguage\":\"es\"},{\"@type\":\"ImageObject\",\"@id\":\"https:\/\/www.pro-corp.net\/bck\/antecedentes-penales-y-judiciales\/#primaryimage\",\"inLanguage\":\"es\",\"url\":\"https:\/\/www.pro-corp.net\/bck\/wp-content\/uploads\/2021\/02\/11.-Ene-Diferencia-entre-antecedentes-penales-y-judiciales-y-por-que-son-importantes-si-quieres-tramitar-tu-nacionalidad-europea-scaled.jpg\",\"contentUrl\":\"https:\/\/www.pro-corp.net\/bck\/wp-content\/uploads\/2021\/02\/11.-Ene-Diferencia-entre-antecedentes-penales-y-judiciales-y-por-que-son-importantes-si-quieres-tramitar-tu-nacionalidad-europea-scaled.jpg\",\"width\":2560,\"height\":1708,\"caption\":\"Te explicamos en qu\u00e9 consisten los antecedentes penales y judiciales, cu\u00e1l es la diferencia y c\u00f3mo se utilizan para tramitar la ciudadan\u00eda europea.\"},{\"@type\":\"WebPage\",\"@id\":\"https:\/\/www.pro-corp.net\/bck\/antecedentes-penales-y-judiciales\/#webpage\",\"url\":\"https:\/\/www.pro-corp.net\/bck\/antecedentes-penales-y-judiciales\/\",\"name\":\"Antecedentes penales y judiciales para la nacionalidad europea - Pro-corp\",\"isPartOf\":{\"@id\":\"https:\/\/www.pro-corp.net\/bck\/#website\"},\"primaryImageOfPage\":{\"@id\":\"https:\/\/www.pro-corp.net\/bck\/antecedentes-penales-y-judiciales\/#primaryimage\"},\"datePublished\":\"2021-02-12T09:00:00+00:00\",\"dateModified\":\"2021-09-27T14:48:10+00:00\",\"description\":\"Te explicamos en qu\u00e9 consisten los antecedentes penales y judiciales, cu\u00e1l es la diferencia y c\u00f3mo se utilizan para tramitar la ciudadan\u00eda europea.\",\"breadcrumb\":{\"@id\":\"https:\/\/www.pro-corp.net\/bck\/antecedentes-penales-y-judiciales\/#breadcrumb\"},\"inLanguage\":\"es\",\"potentialAction\":[{\"@type\":\"ReadAction\",\"target\":[\"https:\/\/www.pro-corp.net\/bck\/antecedentes-penales-y-judiciales\/\"]}]},{\"@type\":\"BreadcrumbList\",\"@id\":\"https:\/\/www.pro-corp.net\/bck\/antecedentes-penales-y-judiciales\/#breadcrumb\",\"itemListElement\":[{\"@type\":\"ListItem\",\"position\":1,\"name\":\"Diferencias entre antecedentes penales y judiciales y su importancia para tramitar la ciudadan\u00eda europea\"}]},{\"@type\":\"Article\",\"@id\":\"https:\/\/www.pro-corp.net\/bck\/antecedentes-penales-y-judiciales\/#article\",\"isPartOf\":{\"@id\":\"https:\/\/www.pro-corp.net\/bck\/antecedentes-penales-y-judiciales\/#webpage\"},\"author\":{\"@id\":\"https:\/\/www.pro-corp.net\/bck\/#\/schema\/person\/d6eda375fcca981cadf1e8f102bb8966\"},\"headline\":\"Diferencias entre antecedentes penales y judiciales y su importancia para tramitar la ciudadan\u00eda europea\",\"datePublished\":\"2021-02-12T09:00:00+00:00\",\"dateModified\":\"2021-09-27T14:48:10+00:00\",\"mainEntityOfPage\":{\"@id\":\"https:\/\/www.pro-corp.net\/bck\/antecedentes-penales-y-judiciales\/#webpage\"},\"wordCount\":546,\"commentCount\":0,\"publisher\":{\"@id\":\"https:\/\/www.pro-corp.net\/bck\/#organization\"},\"image\":{\"@id\":\"https:\/\/www.pro-corp.net\/bck\/antecedentes-penales-y-judiciales\/#primaryimage\"},\"thumbnailUrl\":\"https:\/\/www.pro-corp.net\/bck\/wp-content\/uploads\/2021\/02\/11.-Ene-Diferencia-entre-antecedentes-penales-y-judiciales-y-por-que-son-importantes-si-quieres-tramitar-tu-nacionalidad-europea-scaled.jpg\",\"keywords\":[\"Apostilla de La Haya.\",\"ciudadan\u00eda espa\u00f1ola\"],\"articleSection\":[\"Ciudadan\u00eda europea\"],\"inLanguage\":\"es\",\"potentialAction\":[{\"@type\":\"CommentAction\",\"name\":\"Comment\",\"target\":[\"https:\/\/www.pro-corp.net\/bck\/antecedentes-penales-y-judiciales\/#respond\"]}]},{\"@type\":\"Person\",\"@id\":\"https:\/\/www.pro-corp.net\/bck\/#\/schema\/person\/d6eda375fcca981cadf1e8f102bb8966\",\"name\":\"Christian Andres\",\"image\":{\"@type\":\"ImageObject\",\"@id\":\"https:\/\/www.pro-corp.net\/bck\/#personlogo\",\"inLanguage\":\"es\",\"url\":\"https:\/\/secure.gravatar.com\/avatar\/87676f1df919f3ff761ee73fc0e15532?s=96&d=mm&r=g\",\"contentUrl\":\"https:\/\/secure.gravatar.com\/avatar\/87676f1df919f3ff761ee73fc0e15532?s=96&d=mm&r=g\",\"caption\":\"Christian Andres\"}}]}<\/script>\n<!-- \/ Yoast SEO plugin. -->","yoast_head_json":{"title":"Antecedentes penales y judiciales para la nacionalidad europea - Pro-corp","description":"Te explicamos en qu\u00e9 consisten los antecedentes penales y judiciales, cu\u00e1l es la diferencia y c\u00f3mo se utilizan para tramitar la ciudadan\u00eda europea.","robots":{"index":"index","follow":"follow","max-snippet":"max-snippet:-1","max-image-preview":"max-image-preview:large","max-video-preview":"max-video-preview:-1"},"canonical":"https:\/\/www.pro-corp.net\/bck\/antecedentes-penales-y-judiciales\/","og_locale":"es_ES","og_type":"article","og_title":"Antecedentes penales y judiciales para la nacionalidad europea - Pro-corp","og_description":"Te explicamos en qu\u00e9 consisten los antecedentes penales y judiciales, cu\u00e1l es la diferencia y c\u00f3mo se utilizan para tramitar la ciudadan\u00eda europea.","og_url":"https:\/\/www.pro-corp.net\/bck\/antecedentes-penales-y-judiciales\/","og_site_name":"Pro Corp Corporate Development","article_publisher":"https:\/\/www.facebook.com\/Pro-Corp-Asesoria-legal-y-empresarial-105779337842842\/","article_published_time":"2021-02-12T09:00:00+00:00","article_modified_time":"2021-09-27T14:48:10+00:00","og_image":[{"width":2560,"height":1708,"url":"https:\/\/www.pro-corp.net\/bck\/wp-content\/uploads\/2021\/02\/11.-Ene-Diferencia-entre-antecedentes-penales-y-judiciales-y-por-que-son-importantes-si-quieres-tramitar-tu-nacionalidad-europea-scaled.jpg","type":"image\/jpeg"}],"twitter_card":"summary_large_image","twitter_creator":"@Pro_Corp","twitter_site":"@Pro_Corp","twitter_misc":{"Escrito por":"Christian Andres","Tiempo de lectura":"3 minutos"},"schema":{"@context":"https:\/\/schema.org","@graph":[{"@type":"Organization","@id":"https:\/\/www.pro-corp.net\/bck\/#organization","name":"Pro Corp Corporate Development","url":"https:\/\/www.pro-corp.net\/bck\/","sameAs":["https:\/\/www.facebook.com\/Pro-Corp-Asesoria-legal-y-empresarial-105779337842842\/","https:\/\/twitter.com\/Pro_Corp"],"logo":{"@type":"ImageObject","@id":"https:\/\/www.pro-corp.net\/bck\/#logo","inLanguage":"es","url":"http:\/\/www.pro-corp.net\/bck\/wp-content\/uploads\/2020\/06\/icon.png","contentUrl":"http:\/\/www.pro-corp.net\/bck\/wp-content\/uploads\/2020\/06\/icon.png","width":640,"height":640,"caption":"Pro Corp Corporate Development"},"image":{"@id":"https:\/\/www.pro-corp.net\/bck\/#logo"}},{"@type":"WebSite","@id":"https:\/\/www.pro-corp.net\/bck\/#website","url":"https:\/\/www.pro-corp.net\/bck\/","name":"Pro Corp Corporate Development","description":"Nacionalidad Europea por Ley Sefard\u00ed","publisher":{"@id":"https:\/\/www.pro-corp.net\/bck\/#organization"},"potentialAction":[{"@type":"SearchAction","target":{"@type":"EntryPoint","urlTemplate":"https:\/\/www.pro-corp.net\/bck\/?s={search_term_string}"},"query-input":"required name=search_term_string"}],"inLanguage":"es"},{"@type":"ImageObject","@id":"https:\/\/www.pro-corp.net\/bck\/antecedentes-penales-y-judiciales\/#primaryimage","inLanguage":"es","url":"https:\/\/www.pro-corp.net\/bck\/wp-content\/uploads\/2021\/02\/11.-Ene-Diferencia-entre-antecedentes-penales-y-judiciales-y-por-que-son-importantes-si-quieres-tramitar-tu-nacionalidad-europea-scaled.jpg","contentUrl":"https:\/\/www.pro-corp.net\/bck\/wp-content\/uploads\/2021\/02\/11.-Ene-Diferencia-entre-antecedentes-penales-y-judiciales-y-por-que-son-importantes-si-quieres-tramitar-tu-nacionalidad-europea-scaled.jpg","width":2560,"height":1708,"caption":"Te explicamos en qu\u00e9 consisten los antecedentes penales y judiciales, cu\u00e1l es la diferencia y c\u00f3mo se utilizan para tramitar la ciudadan\u00eda europea."},{"@type":"WebPage","@id":"https:\/\/www.pro-corp.net\/bck\/antecedentes-penales-y-judiciales\/#webpage","url":"https:\/\/www.pro-corp.net\/bck\/antecedentes-penales-y-judiciales\/","name":"Antecedentes penales y judiciales para la nacionalidad europea - Pro-corp","isPartOf":{"@id":"https:\/\/www.pro-corp.net\/bck\/#website"},"primaryImageOfPage":{"@id":"https:\/\/www.pro-corp.net\/bck\/antecedentes-penales-y-judiciales\/#primaryimage"},"datePublished":"2021-02-12T09:00:00+00:00","dateModified":"2021-09-27T14:48:10+00:00","description":"Te explicamos en qu\u00e9 consisten los antecedentes penales y judiciales, cu\u00e1l es la diferencia y c\u00f3mo se utilizan para tramitar la ciudadan\u00eda europea.","breadcrumb":{"@id":"https:\/\/www.pro-corp.net\/bck\/antecedentes-penales-y-judiciales\/#breadcrumb"},"inLanguage":"es","potentialAction":[{"@type":"ReadAction","target":["https:\/\/www.pro-corp.net\/bck\/antecedentes-penales-y-judiciales\/"]}]},{"@type":"BreadcrumbList","@id":"https:\/\/www.pro-corp.net\/bck\/antecedentes-penales-y-judiciales\/#breadcrumb","itemListElement":[{"@type":"ListItem","position":1,"name":"Diferencias entre antecedentes penales y judiciales y su importancia para tramitar la ciudadan\u00eda europea"}]},{"@type":"Article","@id":"https:\/\/www.pro-corp.net\/bck\/antecedentes-penales-y-judiciales\/#article","isPartOf":{"@id":"https:\/\/www.pro-corp.net\/bck\/antecedentes-penales-y-judiciales\/#webpage"},"author":{"@id":"https:\/\/www.pro-corp.net\/bck\/#\/schema\/person\/d6eda375fcca981cadf1e8f102bb8966"},"headline":"Diferencias entre antecedentes penales y judiciales y su importancia para tramitar la ciudadan\u00eda europea","datePublished":"2021-02-12T09:00:00+00:00","dateModified":"2021-09-27T14:48:10+00:00","mainEntityOfPage":{"@id":"https:\/\/www.pro-corp.net\/bck\/antecedentes-penales-y-judiciales\/#webpage"},"wordCount":546,"commentCount":0,"publisher":{"@id":"https:\/\/www.pro-corp.net\/bck\/#organization"},"image":{"@id":"https:\/\/www.pro-corp.net\/bck\/antecedentes-penales-y-judiciales\/#primaryimage"},"thumbnailUrl":"https:\/\/www.pro-corp.net\/bck\/wp-content\/uploads\/2021\/02\/11.-Ene-Diferencia-entre-antecedentes-penales-y-judiciales-y-por-que-son-importantes-si-quieres-tramitar-tu-nacionalidad-europea-scaled.jpg","keywords":["Apostilla de La Haya.","ciudadan\u00eda espa\u00f1ola"],"articleSection":["Ciudadan\u00eda europea"],"inLanguage":"es","potentialAction":[{"@type":"CommentAction","name":"Comment","target":["https:\/\/www.pro-corp.net\/bck\/antecedentes-penales-y-judiciales\/#respond"]}]},{"@type":"Person","@id":"https:\/\/www.pro-corp.net\/bck\/#\/schema\/person\/d6eda375fcca981cadf1e8f102bb8966","name":"Christian Andres","image":{"@type":"ImageObject","@id":"https:\/\/www.pro-corp.net\/bck\/#personlogo","inLanguage":"es","url":"https:\/\/secure.gravatar.com\/avatar\/87676f1df919f3ff761ee73fc0e15532?s=96&d=mm&r=g","contentUrl":"https:\/\/secure.gravatar.com\/avatar\/87676f1df919f3ff761ee73fc0e15532?s=96&d=mm&r=g","caption":"Christian Andres"}}]}},"_links":{"self":[{"href":"https:\/\/www.pro-corp.net\/bck\/wp-json\/wp\/v2\/posts\/6360"}],"collection":[{"href":"https:\/\/www.pro-corp.net\/bck\/wp-json\/wp\/v2\/posts"}],"about":[{"href":"https:\/\/www.pro-corp.net\/bck\/wp-json\/wp\/v2\/types\/post"}],"author":[{"embeddable":true,"href":"https:\/\/www.pro-corp.net\/bck\/wp-json\/wp\/v2\/users\/1656"}],"replies":[{"embeddable":true,"href":"https:\/\/www.pro-corp.net\/bck\/wp-json\/wp\/v2\/comments?post=6360"}],"version-history":[{"count":3,"href":"https:\/\/www.pro-corp.net\/bck\/wp-json\/wp\/v2\/posts\/6360\/revisions"}],"predecessor-version":[{"id":7500,"href":"https:\/\/www.pro-corp.net\/bck\/wp-json\/wp\/v2\/posts\/6360\/revisions\/7500"}],"wp:featuredmedia":[{"embeddable":true,"href":"https:\/\/www.pro-corp.net\/bck\/wp-json\/wp\/v2\/media\/6361"}],"wp:attachment":[{"href":"https:\/\/www.pro-corp.net\/bck\/wp-json\/wp\/v2\/media?parent=6360"}],"wp:term":[{"taxonomy":"category","embeddable":true,"href":"https:\/\/www.pro-corp.net\/bck\/wp-json\/wp\/v2\/categories?post=6360"},{"taxonomy":"post_tag","embeddable":true,"href":"https:\/\/www.pro-corp.net\/bck\/wp-json\/wp\/v2\/tags?post=6360"}],"curies":[{"name":"wp","href":"https:\/\/api.w.org\/{rel}","templated":true}]}}