{"id":6488,"date":"2021-02-15T21:11:15","date_gmt":"2021-02-16T02:11:15","guid":{"rendered":"http:\/\/www.pro-corp.net\/bck\/?p=6488"},"modified":"2021-02-25T10:02:50","modified_gmt":"2021-02-25T15:02:50","slug":"permiso-de-trabajo-en-espana","status":"publish","type":"post","link":"https:\/\/www.pro-corp.net\/bck\/permiso-de-trabajo-en-espana\/","title":{"rendered":"\u00bfSabes c\u00f3mo tramitar un permiso de trabajo en Espa\u00f1a? \u00a1Desc\u00fabrelo!"},"content":{"rendered":"<p>\u00bfVivir en Espa\u00f1a y poder trabajar en este pa\u00eds es tu prop\u00f3sito para el 2021?\u00a0 Para eso es muy importante que conozcas primero c\u00f3mo obtener un <strong>permiso de trabajo en Espa\u00f1a<\/strong>. Aqu\u00ed te contaremos todo lo que necesitas saber sobre el\u00a0permiso de trabajo para extranjeros, los tipos de visados y procedimientos de solicitud, as\u00ed como los requisitos y las condiciones que deber\u00e1s seguir.<\/p>\n<h2><strong>\u00bfQu\u00e9 implica tener un permiso de trabajo en Espa\u00f1a?<\/strong><\/h2>\n<p>El\u00a0permiso de trabajo es fundamental para poder conseguir un empleo en una <a href=\"http:\/\/www.pro-corp.net\/bck\/empresas-espanolas\/\">empresa espa\u00f1ola<\/a> si eres extranjero. Esta autorizaci\u00f3n te facilita la consecuci\u00f3n de un trabajo bien remunerado.<\/p>\n<p>En este sentido, contar con un <strong>permiso de trabajo en Espa\u00f1a<\/strong>\u00a0te ayuda a laborar en tu campo de formaci\u00f3n y experiencia. Tambi\u00e9n te permite acceder a la seguridad social. Adem\u00e1s de gozar de todas las ventajas que prev\u00e9 la legislaci\u00f3n laboral de <a href=\"http:\/\/www.pro-corp.net\/bck\/trabajar-en-europa\/\">trabajar en Europa<\/a>.<\/p>\n<h2><strong>Requisitos a cumplir por un extranjero <\/strong><\/h2>\n<p>El Ministerio de Asuntos Exteriores de Espa\u00f1a (2013) se\u00f1ala que<strong> l<\/strong>os ciudadanos extranjeros que aspiren realizar cualquier actividad lucrativa, laboral o profesional deben reunir los siguientes requisitos:<\/p>\n<ul>\n<li>Ser mayor de diecis\u00e9is a\u00f1os. Ahora, para laborar por cuenta propia, debes ser mayor de dieciocho a\u00f1os.<\/li>\n<li>Obtener la respectiva autorizaci\u00f3n para residir y trabajar en Espa\u00f1a.<\/li>\n<li>Obtener la visa. Esta la puedes tramitar una vez haya sido emitida la autorizaci\u00f3n de residencia y trabajo.<\/li>\n<\/ul>\n<h2><strong>\u00bfC\u00f3mo tramitar un permiso de trabajo en Espa\u00f1a?<\/strong><\/h2>\n<p>Para obtener un <strong>permiso de trabajo en Espa\u00f1a<\/strong>, es necesario\u00a0cumplir unos requisitos\u00a0y seguir un procedimiento administrativo espec\u00edfico. En este sentido, existen dos clases de permisos de trabajo: para desempe\u00f1arse por cuenta propia o para trabajar por cuenta ajena.<\/p>\n<h3><strong>Permiso para trabajar por cuenta propia<\/strong><\/h3>\n<p>Este tipo de permiso de trabajo lo deben solicitar quienes tienen la intenci\u00f3n de emprender, montar su negocio y laborar como una persona que trabaja por cuenta propia siendo extranjero. As\u00ed es posible disfrutar de algo m\u00e1s que un <a href=\"http:\/\/www.pro-corp.net\/bck\/salario-minimo-en-europa\/\">salario m\u00ednimo en Europa<\/a>. Estos son los requisitos para obtenerlo:<\/p>\n<ul>\n<li>No ser ciudadano europeo, del espacio econ\u00f3mico europeo o de Suiza.<\/li>\n<li>No vivir en Espa\u00f1a ilegalmente.<\/li>\n<li>Disponer de la titulaci\u00f3n exigida para desempe\u00f1ar una actividad profesional.<\/li>\n<li>No contar con antecedentes penales en Espa\u00f1a o cualquier otro pa\u00eds.<\/li>\n<li>No tener prohibida la entrada a su territorio.<\/li>\n<li>Si firmaste un compromiso de no retorno, es muy importante que hayan transcurrido tres a\u00f1os para poder volver.<\/li>\n<li>Cumplir todos los requisitos legales de tu negocio o proyecto. Adem\u00e1s, es necesario justificar los recursos econ\u00f3micos para el desarrollo de dicho emprendimiento (AYCE Laborytax, 2018).<\/li>\n<li>Asimismo, para <a href=\"http:\/\/extranjeros.inclusion.gob.es\/es\/InformacionInteres\/InformacionProcedimientos\/Ciudadanosnocomunitarios\/hoja029\/index.html\" target=\"_blank\" rel=\"noopener\">montar tu negocio<\/a> debes rellenar el modelo de solicitud oficial EX-07 y presentarlo en el consulado espa\u00f1ol de tu pa\u00eds, entre otros aspectos.<\/li>\n<\/ul>\n<h3><strong>Permiso para trabajar por cuenta ajena<\/strong><\/h3>\n<p>Este tipo de permiso de trabajo lo necesitan quienes vayan a ser contratados por una empresa. Este tr\u00e1mite tiene que hacerlo el propio empleador. Estos son los requisitos que debes cumplir para obtener el <strong>permiso de trabajo en Espa\u00f1a<\/strong> por cuenta ajena:<\/p>\n<ul>\n<li>No poseer ciudadan\u00eda europea. Tampoco puedes ser un nacional del espacio econ\u00f3mico europeo o de Suiza.<\/li>\n<li>No residir en Espa\u00f1a de manera irregular.<\/li>\n<li>Contar con la titulaci\u00f3n exigida para desempe\u00f1ar el puesto de trabajo (Yerro, 2020).<\/li>\n<li>No tener antecedentes penales tanto en Espa\u00f1a como en otro pa\u00eds. Tampoco puedes estar incurso en una medida de prohibici\u00f3n de entrada a la naci\u00f3n.<\/li>\n<li>Que no te encuentres en el lapso de los tres a\u00f1os siguientes con un compromiso de no retorno.<\/li>\n<li>Igualmente, el <a href=\"http:\/\/extranjeros.inclusion.gob.es\/es\/InformacionInteres\/InformacionProcedimientos\/Ciudadanosnocomunitarios\/hoja017\/index.html#:~:text=Es%20una%20autorizaci%C3%B3n%20de%20residencia,halle%20ni%20resida%20en%20Espa%C3%B1a.\" target=\"_blank\" rel=\"noopener\">empresario<\/a> necesita completar el modelo de solicitud oficial EX-03 y pagar los aranceles correspondientes, entre otros aspectos.<\/li>\n<\/ul>\n<p>Tu sue\u00f1o de trabajar en este pa\u00eds depende de que cumplas todos los <a href=\"https:\/\/www.ef.co.ve\/blog\/language\/12-cosas-que-hacer-si-quieres-trabajar-en-el-extranjero\/\" target=\"_blank\" rel=\"noopener\">pasos<\/a> para obtener el <strong>permiso de trabajo en Espa\u00f1a<\/strong>. As\u00ed que hazlo, cuentas con nosotros. Esta es tu oportunidad para crecer personal y profesionalmente.<\/p>\n","protected":false},"excerpt":{"rendered":"<p>\u00bfVivir en Espa\u00f1a y poder trabajar en este pa\u00eds es tu prop\u00f3sito para el 2021?\u00a0 Para eso es muy importante que conozcas primero c\u00f3mo obtener un permiso de trabajo en Espa\u00f1a. Aqu\u00ed te contaremos todo lo que necesitas saber sobre el\u00a0permiso de trabajo para extranjeros, los tipos de visados y procedimientos de solicitud, as\u00ed como [&hellip;]<\/p>\n","protected":false},"author":1656,"featured_media":6489,"comment_status":"open","ping_status":"open","sticky":false,"template":"","format":"standard","meta":[],"categories":[57],"tags":[119,108,102],"yoast_head":"<!-- This site is optimized with the Yoast SEO plugin v18.2 - https:\/\/yoast.com\/wordpress\/plugins\/seo\/ -->\n<title>Permiso de trabajo en Espa\u00f1a: \u00bfcu\u00e1ndo es necesario contar con \u00e9l?- Pro-corp<\/title>\n<meta name=\"description\" content=\"Descubre qu\u00e9 te hace falta para optar al permiso de trabajo en Espa\u00f1a si deseas comenzar a trabajar por cuenta propia o ajena.\" \/>\n<meta name=\"robots\" content=\"index, follow, max-snippet:-1, max-image-preview:large, max-video-preview:-1\" \/>\n<link rel=\"canonical\" href=\"https:\/\/www.pro-corp.net\/bck\/permiso-de-trabajo-en-espana\/\" \/>\n<meta property=\"og:locale\" content=\"es_ES\" \/>\n<meta property=\"og:type\" content=\"article\" \/>\n<meta property=\"og:title\" content=\"Permiso de trabajo en Espa\u00f1a: \u00bfcu\u00e1ndo es necesario contar con \u00e9l?- Pro-corp\" \/>\n<meta property=\"og:description\" content=\"Descubre qu\u00e9 te hace falta para optar al permiso de trabajo en Espa\u00f1a si deseas comenzar a trabajar por cuenta propia o ajena.\" \/>\n<meta property=\"og:url\" content=\"https:\/\/www.pro-corp.net\/bck\/permiso-de-trabajo-en-espana\/\" \/>\n<meta property=\"og:site_name\" content=\"Pro Corp Corporate Development\" \/>\n<meta property=\"article:publisher\" content=\"https:\/\/www.facebook.com\/Pro-Corp-Asesoria-legal-y-empresarial-105779337842842\/\" \/>\n<meta property=\"article:published_time\" content=\"2021-02-16T02:11:15+00:00\" \/>\n<meta property=\"article:modified_time\" content=\"2021-02-25T15:02:50+00:00\" \/>\n<meta property=\"og:image\" content=\"https:\/\/www.pro-corp.net\/bck\/wp-content\/uploads\/2021\/02\/5.-Ene-\u00bfCuando-es-necesario-tener-un-permiso-de-trabajo-en-Espana-y-como-tramitarlo-scaled.jpg\" \/>\n\t<meta property=\"og:image:width\" content=\"2560\" \/>\n\t<meta property=\"og:image:height\" content=\"1394\" \/>\n\t<meta property=\"og:image:type\" content=\"image\/jpeg\" \/>\n<meta name=\"twitter:card\" content=\"summary_large_image\" \/>\n<meta name=\"twitter:creator\" content=\"@Pro_Corp\" \/>\n<meta name=\"twitter:site\" content=\"@Pro_Corp\" \/>\n<meta name=\"twitter:label1\" content=\"Escrito por\" \/>\n\t<meta name=\"twitter:data1\" content=\"Christian Andres\" \/>\n\t<meta name=\"twitter:label2\" content=\"Tiempo de lectura\" \/>\n\t<meta name=\"twitter:data2\" content=\"3 minutos\" \/>\n<script type=\"application\/ld+json\" class=\"yoast-schema-graph\">{\"@context\":\"https:\/\/schema.org\",\"@graph\":[{\"@type\":\"Organization\",\"@id\":\"https:\/\/www.pro-corp.net\/bck\/#organization\",\"name\":\"Pro Corp Corporate Development\",\"url\":\"https:\/\/www.pro-corp.net\/bck\/\",\"sameAs\":[\"https:\/\/www.facebook.com\/Pro-Corp-Asesoria-legal-y-empresarial-105779337842842\/\",\"https:\/\/twitter.com\/Pro_Corp\"],\"logo\":{\"@type\":\"ImageObject\",\"@id\":\"https:\/\/www.pro-corp.net\/bck\/#logo\",\"inLanguage\":\"es\",\"url\":\"http:\/\/www.pro-corp.net\/bck\/wp-content\/uploads\/2020\/06\/icon.png\",\"contentUrl\":\"http:\/\/www.pro-corp.net\/bck\/wp-content\/uploads\/2020\/06\/icon.png\",\"width\":640,\"height\":640,\"caption\":\"Pro Corp Corporate Development\"},\"image\":{\"@id\":\"https:\/\/www.pro-corp.net\/bck\/#logo\"}},{\"@type\":\"WebSite\",\"@id\":\"https:\/\/www.pro-corp.net\/bck\/#website\",\"url\":\"https:\/\/www.pro-corp.net\/bck\/\",\"name\":\"Pro Corp Corporate Development\",\"description\":\"Nacionalidad Europea por Ley Sefard\u00ed\",\"publisher\":{\"@id\":\"https:\/\/www.pro-corp.net\/bck\/#organization\"},\"potentialAction\":[{\"@type\":\"SearchAction\",\"target\":{\"@type\":\"EntryPoint\",\"urlTemplate\":\"https:\/\/www.pro-corp.net\/bck\/?s={search_term_string}\"},\"query-input\":\"required name=search_term_string\"}],\"inLanguage\":\"es\"},{\"@type\":\"ImageObject\",\"@id\":\"https:\/\/www.pro-corp.net\/bck\/permiso-de-trabajo-en-espana\/#primaryimage\",\"inLanguage\":\"es\",\"url\":\"https:\/\/www.pro-corp.net\/bck\/wp-content\/uploads\/2021\/02\/5.-Ene-\u00bfCuando-es-necesario-tener-un-permiso-de-trabajo-en-Espana-y-como-tramitarlo-scaled.jpg\",\"contentUrl\":\"https:\/\/www.pro-corp.net\/bck\/wp-content\/uploads\/2021\/02\/5.-Ene-\u00bfCuando-es-necesario-tener-un-permiso-de-trabajo-en-Espana-y-como-tramitarlo-scaled.jpg\",\"width\":2560,\"height\":1394,\"caption\":\"Descubre qu\u00e9 te hace falta para optar al permiso de trabajo en Espa\u00f1a si deseas comenzar a trabajar por cuenta propia o ajena.\"},{\"@type\":\"WebPage\",\"@id\":\"https:\/\/www.pro-corp.net\/bck\/permiso-de-trabajo-en-espana\/#webpage\",\"url\":\"https:\/\/www.pro-corp.net\/bck\/permiso-de-trabajo-en-espana\/\",\"name\":\"Permiso de trabajo en Espa\u00f1a: \u00bfcu\u00e1ndo es necesario contar con \u00e9l?- Pro-corp\",\"isPartOf\":{\"@id\":\"https:\/\/www.pro-corp.net\/bck\/#website\"},\"primaryImageOfPage\":{\"@id\":\"https:\/\/www.pro-corp.net\/bck\/permiso-de-trabajo-en-espana\/#primaryimage\"},\"datePublished\":\"2021-02-16T02:11:15+00:00\",\"dateModified\":\"2021-02-25T15:02:50+00:00\",\"description\":\"Descubre qu\u00e9 te hace falta para optar al permiso de trabajo en Espa\u00f1a si deseas comenzar a trabajar por cuenta propia o ajena.\",\"breadcrumb\":{\"@id\":\"https:\/\/www.pro-corp.net\/bck\/permiso-de-trabajo-en-espana\/#breadcrumb\"},\"inLanguage\":\"es\",\"potentialAction\":[{\"@type\":\"ReadAction\",\"target\":[\"https:\/\/www.pro-corp.net\/bck\/permiso-de-trabajo-en-espana\/\"]}]},{\"@type\":\"BreadcrumbList\",\"@id\":\"https:\/\/www.pro-corp.net\/bck\/permiso-de-trabajo-en-espana\/#breadcrumb\",\"itemListElement\":[{\"@type\":\"ListItem\",\"position\":1,\"name\":\"\u00bfSabes c\u00f3mo tramitar un permiso de trabajo en Espa\u00f1a? \u00a1Desc\u00fabrelo!\"}]},{\"@type\":\"Article\",\"@id\":\"https:\/\/www.pro-corp.net\/bck\/permiso-de-trabajo-en-espana\/#article\",\"isPartOf\":{\"@id\":\"https:\/\/www.pro-corp.net\/bck\/permiso-de-trabajo-en-espana\/#webpage\"},\"author\":{\"@id\":\"https:\/\/www.pro-corp.net\/bck\/#\/schema\/person\/d6eda375fcca981cadf1e8f102bb8966\"},\"headline\":\"\u00bfSabes c\u00f3mo tramitar un permiso de trabajo en Espa\u00f1a? \u00a1Desc\u00fabrelo!\",\"datePublished\":\"2021-02-16T02:11:15+00:00\",\"dateModified\":\"2021-02-25T15:02:50+00:00\",\"mainEntityOfPage\":{\"@id\":\"https:\/\/www.pro-corp.net\/bck\/permiso-de-trabajo-en-espana\/#webpage\"},\"wordCount\":692,\"commentCount\":0,\"publisher\":{\"@id\":\"https:\/\/www.pro-corp.net\/bck\/#organization\"},\"image\":{\"@id\":\"https:\/\/www.pro-corp.net\/bck\/permiso-de-trabajo-en-espana\/#primaryimage\"},\"thumbnailUrl\":\"https:\/\/www.pro-corp.net\/bck\/wp-content\/uploads\/2021\/02\/5.-Ene-\u00bfCuando-es-necesario-tener-un-permiso-de-trabajo-en-Espana-y-como-tramitarlo-scaled.jpg\",\"keywords\":[\"empresas espa\u00f1olas\",\"salario m\u00ednimo en Europa\",\"Trabajar en Europa\"],\"articleSection\":[\"Emigrar a Espa\u00f1a\"],\"inLanguage\":\"es\",\"potentialAction\":[{\"@type\":\"CommentAction\",\"name\":\"Comment\",\"target\":[\"https:\/\/www.pro-corp.net\/bck\/permiso-de-trabajo-en-espana\/#respond\"]}]},{\"@type\":\"Person\",\"@id\":\"https:\/\/www.pro-corp.net\/bck\/#\/schema\/person\/d6eda375fcca981cadf1e8f102bb8966\",\"name\":\"Christian Andres\",\"image\":{\"@type\":\"ImageObject\",\"@id\":\"https:\/\/www.pro-corp.net\/bck\/#personlogo\",\"inLanguage\":\"es\",\"url\":\"https:\/\/secure.gravatar.com\/avatar\/87676f1df919f3ff761ee73fc0e15532?s=96&d=mm&r=g\",\"contentUrl\":\"https:\/\/secure.gravatar.com\/avatar\/87676f1df919f3ff761ee73fc0e15532?s=96&d=mm&r=g\",\"caption\":\"Christian Andres\"}}]}<\/script>\n<!-- \/ Yoast SEO plugin. -->","yoast_head_json":{"title":"Permiso de trabajo en Espa\u00f1a: \u00bfcu\u00e1ndo es necesario contar con \u00e9l?- Pro-corp","description":"Descubre qu\u00e9 te hace falta para optar al permiso de trabajo en Espa\u00f1a si deseas comenzar a trabajar por cuenta propia o ajena.","robots":{"index":"index","follow":"follow","max-snippet":"max-snippet:-1","max-image-preview":"max-image-preview:large","max-video-preview":"max-video-preview:-1"},"canonical":"https:\/\/www.pro-corp.net\/bck\/permiso-de-trabajo-en-espana\/","og_locale":"es_ES","og_type":"article","og_title":"Permiso de trabajo en Espa\u00f1a: \u00bfcu\u00e1ndo es necesario contar con \u00e9l?- Pro-corp","og_description":"Descubre qu\u00e9 te hace falta para optar al permiso de trabajo en Espa\u00f1a si deseas comenzar a trabajar por cuenta propia o ajena.","og_url":"https:\/\/www.pro-corp.net\/bck\/permiso-de-trabajo-en-espana\/","og_site_name":"Pro Corp Corporate Development","article_publisher":"https:\/\/www.facebook.com\/Pro-Corp-Asesoria-legal-y-empresarial-105779337842842\/","article_published_time":"2021-02-16T02:11:15+00:00","article_modified_time":"2021-02-25T15:02:50+00:00","og_image":[{"width":2560,"height":1394,"url":"https:\/\/www.pro-corp.net\/bck\/wp-content\/uploads\/2021\/02\/5.-Ene-\u00bfCuando-es-necesario-tener-un-permiso-de-trabajo-en-Espana-y-como-tramitarlo-scaled.jpg","type":"image\/jpeg"}],"twitter_card":"summary_large_image","twitter_creator":"@Pro_Corp","twitter_site":"@Pro_Corp","twitter_misc":{"Escrito por":"Christian Andres","Tiempo de lectura":"3 minutos"},"schema":{"@context":"https:\/\/schema.org","@graph":[{"@type":"Organization","@id":"https:\/\/www.pro-corp.net\/bck\/#organization","name":"Pro Corp Corporate Development","url":"https:\/\/www.pro-corp.net\/bck\/","sameAs":["https:\/\/www.facebook.com\/Pro-Corp-Asesoria-legal-y-empresarial-105779337842842\/","https:\/\/twitter.com\/Pro_Corp"],"logo":{"@type":"ImageObject","@id":"https:\/\/www.pro-corp.net\/bck\/#logo","inLanguage":"es","url":"http:\/\/www.pro-corp.net\/bck\/wp-content\/uploads\/2020\/06\/icon.png","contentUrl":"http:\/\/www.pro-corp.net\/bck\/wp-content\/uploads\/2020\/06\/icon.png","width":640,"height":640,"caption":"Pro Corp Corporate Development"},"image":{"@id":"https:\/\/www.pro-corp.net\/bck\/#logo"}},{"@type":"WebSite","@id":"https:\/\/www.pro-corp.net\/bck\/#website","url":"https:\/\/www.pro-corp.net\/bck\/","name":"Pro Corp Corporate Development","description":"Nacionalidad Europea por Ley Sefard\u00ed","publisher":{"@id":"https:\/\/www.pro-corp.net\/bck\/#organization"},"potentialAction":[{"@type":"SearchAction","target":{"@type":"EntryPoint","urlTemplate":"https:\/\/www.pro-corp.net\/bck\/?s={search_term_string}"},"query-input":"required name=search_term_string"}],"inLanguage":"es"},{"@type":"ImageObject","@id":"https:\/\/www.pro-corp.net\/bck\/permiso-de-trabajo-en-espana\/#primaryimage","inLanguage":"es","url":"https:\/\/www.pro-corp.net\/bck\/wp-content\/uploads\/2021\/02\/5.-Ene-\u00bfCuando-es-necesario-tener-un-permiso-de-trabajo-en-Espana-y-como-tramitarlo-scaled.jpg","contentUrl":"https:\/\/www.pro-corp.net\/bck\/wp-content\/uploads\/2021\/02\/5.-Ene-\u00bfCuando-es-necesario-tener-un-permiso-de-trabajo-en-Espana-y-como-tramitarlo-scaled.jpg","width":2560,"height":1394,"caption":"Descubre qu\u00e9 te hace falta para optar al permiso de trabajo en Espa\u00f1a si deseas comenzar a trabajar por cuenta propia o ajena."},{"@type":"WebPage","@id":"https:\/\/www.pro-corp.net\/bck\/permiso-de-trabajo-en-espana\/#webpage","url":"https:\/\/www.pro-corp.net\/bck\/permiso-de-trabajo-en-espana\/","name":"Permiso de trabajo en Espa\u00f1a: \u00bfcu\u00e1ndo es necesario contar con \u00e9l?- Pro-corp","isPartOf":{"@id":"https:\/\/www.pro-corp.net\/bck\/#website"},"primaryImageOfPage":{"@id":"https:\/\/www.pro-corp.net\/bck\/permiso-de-trabajo-en-espana\/#primaryimage"},"datePublished":"2021-02-16T02:11:15+00:00","dateModified":"2021-02-25T15:02:50+00:00","description":"Descubre qu\u00e9 te hace falta para optar al permiso de trabajo en Espa\u00f1a si deseas comenzar a trabajar por cuenta propia o ajena.","breadcrumb":{"@id":"https:\/\/www.pro-corp.net\/bck\/permiso-de-trabajo-en-espana\/#breadcrumb"},"inLanguage":"es","potentialAction":[{"@type":"ReadAction","target":["https:\/\/www.pro-corp.net\/bck\/permiso-de-trabajo-en-espana\/"]}]},{"@type":"BreadcrumbList","@id":"https:\/\/www.pro-corp.net\/bck\/permiso-de-trabajo-en-espana\/#breadcrumb","itemListElement":[{"@type":"ListItem","position":1,"name":"\u00bfSabes c\u00f3mo tramitar un permiso de trabajo en Espa\u00f1a? \u00a1Desc\u00fabrelo!"}]},{"@type":"Article","@id":"https:\/\/www.pro-corp.net\/bck\/permiso-de-trabajo-en-espana\/#article","isPartOf":{"@id":"https:\/\/www.pro-corp.net\/bck\/permiso-de-trabajo-en-espana\/#webpage"},"author":{"@id":"https:\/\/www.pro-corp.net\/bck\/#\/schema\/person\/d6eda375fcca981cadf1e8f102bb8966"},"headline":"\u00bfSabes c\u00f3mo tramitar un permiso de trabajo en Espa\u00f1a? \u00a1Desc\u00fabrelo!","datePublished":"2021-02-16T02:11:15+00:00","dateModified":"2021-02-25T15:02:50+00:00","mainEntityOfPage":{"@id":"https:\/\/www.pro-corp.net\/bck\/permiso-de-trabajo-en-espana\/#webpage"},"wordCount":692,"commentCount":0,"publisher":{"@id":"https:\/\/www.pro-corp.net\/bck\/#organization"},"image":{"@id":"https:\/\/www.pro-corp.net\/bck\/permiso-de-trabajo-en-espana\/#primaryimage"},"thumbnailUrl":"https:\/\/www.pro-corp.net\/bck\/wp-content\/uploads\/2021\/02\/5.-Ene-\u00bfCuando-es-necesario-tener-un-permiso-de-trabajo-en-Espana-y-como-tramitarlo-scaled.jpg","keywords":["empresas espa\u00f1olas","salario m\u00ednimo en Europa","Trabajar en Europa"],"articleSection":["Emigrar a Espa\u00f1a"],"inLanguage":"es","potentialAction":[{"@type":"CommentAction","name":"Comment","target":["https:\/\/www.pro-corp.net\/bck\/permiso-de-trabajo-en-espana\/#respond"]}]},{"@type":"Person","@id":"https:\/\/www.pro-corp.net\/bck\/#\/schema\/person\/d6eda375fcca981cadf1e8f102bb8966","name":"Christian Andres","image":{"@type":"ImageObject","@id":"https:\/\/www.pro-corp.net\/bck\/#personlogo","inLanguage":"es","url":"https:\/\/secure.gravatar.com\/avatar\/87676f1df919f3ff761ee73fc0e15532?s=96&d=mm&r=g","contentUrl":"https:\/\/secure.gravatar.com\/avatar\/87676f1df919f3ff761ee73fc0e15532?s=96&d=mm&r=g","caption":"Christian Andres"}}]}},"_links":{"self":[{"href":"https:\/\/www.pro-corp.net\/bck\/wp-json\/wp\/v2\/posts\/6488"}],"collection":[{"href":"https:\/\/www.pro-corp.net\/bck\/wp-json\/wp\/v2\/posts"}],"about":[{"href":"https:\/\/www.pro-corp.net\/bck\/wp-json\/wp\/v2\/types\/post"}],"author":[{"embeddable":true,"href":"https:\/\/www.pro-corp.net\/bck\/wp-json\/wp\/v2\/users\/1656"}],"replies":[{"embeddable":true,"href":"https:\/\/www.pro-corp.net\/bck\/wp-json\/wp\/v2\/comments?post=6488"}],"version-history":[{"count":2,"href":"https:\/\/www.pro-corp.net\/bck\/wp-json\/wp\/v2\/posts\/6488\/revisions"}],"predecessor-version":[{"id":6653,"href":"https:\/\/www.pro-corp.net\/bck\/wp-json\/wp\/v2\/posts\/6488\/revisions\/6653"}],"wp:featuredmedia":[{"embeddable":true,"href":"https:\/\/www.pro-corp.net\/bck\/wp-json\/wp\/v2\/media\/6489"}],"wp:attachment":[{"href":"https:\/\/www.pro-corp.net\/bck\/wp-json\/wp\/v2\/media?parent=6488"}],"wp:term":[{"taxonomy":"category","embeddable":true,"href":"https:\/\/www.pro-corp.net\/bck\/wp-json\/wp\/v2\/categories?post=6488"},{"taxonomy":"post_tag","embeddable":true,"href":"https:\/\/www.pro-corp.net\/bck\/wp-json\/wp\/v2\/tags?post=6488"}],"curies":[{"name":"wp","href":"https:\/\/api.w.org\/{rel}","templated":true}]}}