{"id":6499,"date":"2021-02-22T04:00:00","date_gmt":"2021-02-22T09:00:00","guid":{"rendered":"http:\/\/www.pro-corp.net\/bck\/?p=6499"},"modified":"2021-10-20T16:49:19","modified_gmt":"2021-10-20T21:49:19","slug":"estudia-en-europa","status":"publish","type":"post","link":"https:\/\/www.pro-corp.net\/bck\/estudia-en-europa\/","title":{"rendered":"Estudia en Europa y disfruta de su cultura"},"content":{"rendered":"<p>\u00bfTienes ganas de recibir una formaci\u00f3n de calidad y vivir una experiencia \u00fanica? \u00a1<strong>Estudia en Europa<\/strong>! Es un continente lleno de belleza, riqueza hist\u00f3rica y cultural, y con uno de los mejores sistemas educativos del mundo.<\/p>\n<h2>Estudia en Europa: \u00bfpor qu\u00e9?<\/h2>\n<p><strong>Estudia en Europa<\/strong>, en primer lugar, por su calidad formativa. Un dato significativo es que cuenta con m\u00e1s de 12 universidades catalogadas como las mejores del mundo. Y existen otras tantas que son consideradas de muy alto nivel.<\/p>\n<p>Tambi\u00e9n ofrece una formaci\u00f3n inclusiva con muchas oportunidades para inmigrantes. Moderna, porque est\u00e1 equipada con las \u00faltimas tecnolog\u00edas, tiene profesores experimentados y est\u00e1 al d\u00eda con las demandas industriales. Y adem\u00e1s es accesible por la cantidad de cursos y la disponibilidad de ayudas.<\/p>\n<p><strong>Estudia en Europa<\/strong> por la incre\u00edble riqueza de la cultura europea: su <a href=\"https:\/\/www.domestika.org\/es\/blog\/760-el-arte-mas-representativo-de-europa-en-un-mapa\" target=\"_blank\" rel=\"noopener\">arte<\/a>, diversidad cultural, <a href=\"http:\/\/www.madrid.org\/bvirtual\/BVCM019570.pdf\" target=\"_blank\" rel=\"noopener\">gastronom\u00eda<\/a>, idiomas, seguridad. La experiencia de vivir en Europa, en s\u00ed misma, supondr\u00e1 para ti un gran aprendizaje.<\/p>\n<h2>Oportunidades para latinoamericanos<\/h2>\n<p>Estudiar en <a href=\"http:\/\/www.pro-corp.net\/bck\/universidades-europeas\/\">universidades europeas<\/a> y vivir en Europa es costoso. Los estudiantes pueden necesitar un trabajo a tiempo parcial pero tambi\u00e9n hay muchas ayudas para latinoamericanos.<\/p>\n<p>Se otorgan pr\u00e9stamos, que deben ser devueltos, con un peque\u00f1o inter\u00e9s, \u200b\u200bal terminar los estudios. <strong>Estudia en Europa<\/strong> y podr\u00e1s acceder a becas en funci\u00f3n de tu m\u00e9rito acad\u00e9mico. Se ofrecen subvenciones, que no tienen que ser devueltas.<\/p>\n<p>Te explicamos a continuaci\u00f3n algunas oportunidades que existen en Espa\u00f1a, Portugal y otros pa\u00edses europeos.<\/p>\n<h3>Estudiar en Espa\u00f1a<\/h3>\n<p>Puedes explorar los siguientes recursos:<\/p>\n<ul>\n<li>Ayudas del Programa de Becas y Lectorados MAEC (Ministerio de Asuntos Exteriores y de Cooperaci\u00f3n) &#8211; AECID (Agencia Espa\u00f1ola de Cooperaci\u00f3n Internacional para el desarrollo).<\/li>\n<li>Becas \u201cTurismo de Espa\u00f1a\u201d del Ministerio de Industria, Turismo y Comercio.<\/li>\n<li>Las becas, ayudas y subvenciones convocadas por el Ministerio de Educaci\u00f3n, Cultura y Deportes (MECD).<\/li>\n<li>Programa de becas de movilidad entre universidades andaluzas y Latinoam\u00e9rica, de la Asociaci\u00f3n Universitaria Iberoamericana de Postgrado (AUIP).<\/li>\n<li>Programa de formaci\u00f3n (becas) de la Fundaci\u00f3n Carolina.<\/li>\n<li>Tambi\u00e9n, las Becas Obras Social \u201cLa Caixa\u201d, de la Fundaci\u00f3n La Caixa.<\/li>\n<li>Becas Iberoam\u00e9rica Estudiantes de Grado, Santander Universidades; del Banco Santander.<\/li>\n<\/ul>\n<h3>Estudiar en Portugal<\/h3>\n<p>Puedes investigar estas opciones:<\/p>\n<ul>\n<li>La Beca Doctorado en Diversas \u00c1reas Universidad De La Beira.<\/li>\n<li>Beca Pregrado y Maestr\u00eda en Diversas \u00c1reas Universidade Nova De Lisboa Reitoria.<\/li>\n<li>La Beca Doctorado en Diversas \u00c1reas FCT e ICTI.<\/li>\n<li>Beca Doctorado en Estudios de Cultura Universidad Cat\u00f3lica Portuguesa.<\/li>\n<li>Tambi\u00e9n est\u00e1 la Beca Maestr\u00eda en Administraci\u00f3n de Empresas Lisbon MBA.<\/li>\n<li>Becas de Investigaci\u00f3n en Cultura Portuguesa Calouste Gulbenkian Foundation.<\/li>\n<\/ul>\n<h3>Otros pa\u00edses europeos que ofrecen ayudas<\/h3>\n<p>El pa\u00eds m\u00e1s convocante de la Uni\u00f3n Europea es Polonia. <strong>Estudia en Europa<\/strong> donde encontrar\u00e1s las mejores opciones para estudios t\u00e9cnicos son Francia, Alemania, Hungr\u00eda y Letonia (donde hay muchas especialidades de ingenier\u00eda). Otros pa\u00edses que ofrecen ayudas son Reino Unido, Irlanda, Holanda, Suecia, Italia, Finlandia y Suecia.<\/p>\n<h2>Qu\u00e9 podemos aprender de los ciudadanos europeos<\/h2>\n<p><strong>Estudia en Europa<\/strong> y podr\u00e1s aprender mucho de la idiosincrasia europea: del orden, organizaci\u00f3n y puntualidad de los ciudadanos; de su disciplina, respeto a las normas y las instituciones; y de su car\u00e1cter honesto e independiente.<\/p>\n<p>\u00bfQu\u00e9 m\u00e1s necesitas saber para animarte? \u00a1<strong>Estudia en Europa<\/strong>! Vivir\u00e1s una experiencia muy enriquecedora, ampliando tu formaci\u00f3n y descubriendo la inmensa riqueza de la cultura europea.<\/p>\n\n\n<div class=\"wp-container-69f1a453a4227 wp-block-buttons is-content-justification-center\">\n<div class=\"wp-block-button is-style-fill\"><a class=\"wp-block-button__link has-white-color has-text-color has-background\" href=\"http:\/\/www.pro-corp.net\/bck\/asesoria\/\" style=\"border-radius:2px;background-color:#b70000\" target=\"_blank\" rel=\"noopener\">Empieza tu estudio de investigaci\u00f3n geneal\u00f3gica ac\u00e1<\/a><\/div>\n<\/div>\n","protected":false},"excerpt":{"rendered":"<p>\u00bfTienes ganas de recibir una formaci\u00f3n de calidad y vivir una experiencia \u00fanica? \u00a1Estudia en Europa! Es un continente lleno de belleza, riqueza hist\u00f3rica y cultural, y con uno de los mejores sistemas educativos del mundo. Estudia en Europa: \u00bfpor qu\u00e9? Estudia en Europa, en primer lugar, por su calidad formativa. Un dato significativo es [&hellip;]<\/p>\n","protected":false},"author":1656,"featured_media":7920,"comment_status":"open","ping_status":"open","sticky":false,"template":"","format":"standard","meta":[],"categories":[59],"tags":[101,112,123,100],"yoast_head":"<!-- This site is optimized with the Yoast SEO plugin v18.2 - https:\/\/yoast.com\/wordpress\/plugins\/seo\/ -->\n<title>Estudia en Europa: aprovecha y vive lo mejor de la cultura europea - Pro-corp<\/title>\n<meta name=\"description\" content=\"\u00a1Estudia en Europa! Te explicamos qu\u00e9 oportunidades existen para los latinoamericanos y c\u00f3mo puedes disfrutar de la cultura europea.\" \/>\n<meta name=\"robots\" content=\"index, follow, max-snippet:-1, max-image-preview:large, max-video-preview:-1\" \/>\n<link rel=\"canonical\" href=\"https:\/\/www.pro-corp.net\/bck\/estudia-en-europa\/\" \/>\n<meta property=\"og:locale\" content=\"es_ES\" \/>\n<meta property=\"og:type\" content=\"article\" \/>\n<meta property=\"og:title\" content=\"Estudia en Europa: aprovecha y vive lo mejor de la cultura europea - Pro-corp\" \/>\n<meta property=\"og:description\" content=\"\u00a1Estudia en Europa! Te explicamos qu\u00e9 oportunidades existen para los latinoamericanos y c\u00f3mo puedes disfrutar de la cultura europea.\" \/>\n<meta property=\"og:url\" content=\"https:\/\/www.pro-corp.net\/bck\/estudia-en-europa\/\" \/>\n<meta property=\"og:site_name\" content=\"Pro Corp Corporate Development\" \/>\n<meta property=\"article:publisher\" content=\"https:\/\/www.facebook.com\/Pro-Corp-Asesoria-legal-y-empresarial-105779337842842\/\" \/>\n<meta property=\"article:published_time\" content=\"2021-02-22T09:00:00+00:00\" \/>\n<meta property=\"article:modified_time\" content=\"2021-10-20T21:49:19+00:00\" \/>\n<meta property=\"og:image\" content=\"https:\/\/www.pro-corp.net\/bck\/wp-content\/uploads\/2020\/06\/logo-PXRecurso-3.png\" \/>\n\t<meta property=\"og:image:width\" content=\"220\" \/>\n\t<meta property=\"og:image:height\" content=\"41\" \/>\n\t<meta property=\"og:image:type\" content=\"image\/png\" \/>\n<meta name=\"twitter:card\" content=\"summary_large_image\" \/>\n<meta name=\"twitter:creator\" content=\"@Pro_Corp\" \/>\n<meta name=\"twitter:site\" content=\"@Pro_Corp\" \/>\n<meta name=\"twitter:label1\" content=\"Escrito por\" \/>\n\t<meta name=\"twitter:data1\" content=\"Christian Andres\" \/>\n\t<meta name=\"twitter:label2\" content=\"Tiempo de lectura\" \/>\n\t<meta name=\"twitter:data2\" content=\"3 minutos\" \/>\n<script type=\"application\/ld+json\" class=\"yoast-schema-graph\">{\"@context\":\"https:\/\/schema.org\",\"@graph\":[{\"@type\":\"Organization\",\"@id\":\"https:\/\/www.pro-corp.net\/bck\/#organization\",\"name\":\"Pro Corp Corporate Development\",\"url\":\"https:\/\/www.pro-corp.net\/bck\/\",\"sameAs\":[\"https:\/\/www.facebook.com\/Pro-Corp-Asesoria-legal-y-empresarial-105779337842842\/\",\"https:\/\/twitter.com\/Pro_Corp\"],\"logo\":{\"@type\":\"ImageObject\",\"@id\":\"https:\/\/www.pro-corp.net\/bck\/#logo\",\"inLanguage\":\"es\",\"url\":\"http:\/\/www.pro-corp.net\/bck\/wp-content\/uploads\/2020\/06\/icon.png\",\"contentUrl\":\"http:\/\/www.pro-corp.net\/bck\/wp-content\/uploads\/2020\/06\/icon.png\",\"width\":640,\"height\":640,\"caption\":\"Pro Corp Corporate Development\"},\"image\":{\"@id\":\"https:\/\/www.pro-corp.net\/bck\/#logo\"}},{\"@type\":\"WebSite\",\"@id\":\"https:\/\/www.pro-corp.net\/bck\/#website\",\"url\":\"https:\/\/www.pro-corp.net\/bck\/\",\"name\":\"Pro Corp Corporate Development\",\"description\":\"Nacionalidad Europea por Ley Sefard\u00ed\",\"publisher\":{\"@id\":\"https:\/\/www.pro-corp.net\/bck\/#organization\"},\"potentialAction\":[{\"@type\":\"SearchAction\",\"target\":{\"@type\":\"EntryPoint\",\"urlTemplate\":\"https:\/\/www.pro-corp.net\/bck\/?s={search_term_string}\"},\"query-input\":\"required name=search_term_string\"}],\"inLanguage\":\"es\"},{\"@type\":\"ImageObject\",\"@id\":\"https:\/\/www.pro-corp.net\/bck\/estudia-en-europa\/#primaryimage\",\"inLanguage\":\"es\",\"url\":\"https:\/\/www.pro-corp.net\/bck\/wp-content\/uploads\/2021\/10\/8.-Oct-\u00bfTienes-planes-de-estudiar-en-el-extranjero-Aprovecha-y-vive-lo-mejor-de-la-cultura-europea-scaled-1.webp\",\"contentUrl\":\"https:\/\/www.pro-corp.net\/bck\/wp-content\/uploads\/2021\/10\/8.-Oct-\u00bfTienes-planes-de-estudiar-en-el-extranjero-Aprovecha-y-vive-lo-mejor-de-la-cultura-europea-scaled-1.webp\",\"width\":1280,\"height\":720,\"caption\":\"\u00a1Estudia en Europa! Te explicamos qu\u00e9 oportunidades existen para los latinoamericanos y c\u00f3mo puedes disfrutar de la cultura europea.\"},{\"@type\":\"WebPage\",\"@id\":\"https:\/\/www.pro-corp.net\/bck\/estudia-en-europa\/#webpage\",\"url\":\"https:\/\/www.pro-corp.net\/bck\/estudia-en-europa\/\",\"name\":\"Estudia en Europa: aprovecha y vive lo mejor de la cultura europea - Pro-corp\",\"isPartOf\":{\"@id\":\"https:\/\/www.pro-corp.net\/bck\/#website\"},\"primaryImageOfPage\":{\"@id\":\"https:\/\/www.pro-corp.net\/bck\/estudia-en-europa\/#primaryimage\"},\"datePublished\":\"2021-02-22T09:00:00+00:00\",\"dateModified\":\"2021-10-20T21:49:19+00:00\",\"description\":\"\u00a1Estudia en Europa! Te explicamos qu\u00e9 oportunidades existen para los latinoamericanos y c\u00f3mo puedes disfrutar de la cultura europea.\",\"breadcrumb\":{\"@id\":\"https:\/\/www.pro-corp.net\/bck\/estudia-en-europa\/#breadcrumb\"},\"inLanguage\":\"es\",\"potentialAction\":[{\"@type\":\"ReadAction\",\"target\":[\"https:\/\/www.pro-corp.net\/bck\/estudia-en-europa\/\"]}]},{\"@type\":\"BreadcrumbList\",\"@id\":\"https:\/\/www.pro-corp.net\/bck\/estudia-en-europa\/#breadcrumb\",\"itemListElement\":[{\"@type\":\"ListItem\",\"position\":1,\"name\":\"Estudia en Europa y disfruta de su cultura\"}]},{\"@type\":\"Article\",\"@id\":\"https:\/\/www.pro-corp.net\/bck\/estudia-en-europa\/#article\",\"isPartOf\":{\"@id\":\"https:\/\/www.pro-corp.net\/bck\/estudia-en-europa\/#webpage\"},\"author\":{\"@id\":\"https:\/\/www.pro-corp.net\/bck\/#\/schema\/person\/d6eda375fcca981cadf1e8f102bb8966\"},\"headline\":\"Estudia en Europa y disfruta de su cultura\",\"datePublished\":\"2021-02-22T09:00:00+00:00\",\"dateModified\":\"2021-10-20T21:49:19+00:00\",\"mainEntityOfPage\":{\"@id\":\"https:\/\/www.pro-corp.net\/bck\/estudia-en-europa\/#webpage\"},\"wordCount\":596,\"commentCount\":0,\"publisher\":{\"@id\":\"https:\/\/www.pro-corp.net\/bck\/#organization\"},\"image\":{\"@id\":\"https:\/\/www.pro-corp.net\/bck\/estudia-en-europa\/#primaryimage\"},\"thumbnailUrl\":\"https:\/\/www.pro-corp.net\/bck\/wp-content\/uploads\/2021\/10\/8.-Oct-\u00bfTienes-planes-de-estudiar-en-el-extranjero-Aprovecha-y-vive-lo-mejor-de-la-cultura-europea-scaled-1.webp\",\"keywords\":[\"Cultura europea\",\"estudiar en Espa\u00f1a\",\"estudiar en Portugal.\",\"Universidades europeas\"],\"articleSection\":[\"Vivir en Europa\"],\"inLanguage\":\"es\",\"potentialAction\":[{\"@type\":\"CommentAction\",\"name\":\"Comment\",\"target\":[\"https:\/\/www.pro-corp.net\/bck\/estudia-en-europa\/#respond\"]}]},{\"@type\":\"Person\",\"@id\":\"https:\/\/www.pro-corp.net\/bck\/#\/schema\/person\/d6eda375fcca981cadf1e8f102bb8966\",\"name\":\"Christian Andres\",\"image\":{\"@type\":\"ImageObject\",\"@id\":\"https:\/\/www.pro-corp.net\/bck\/#personlogo\",\"inLanguage\":\"es\",\"url\":\"https:\/\/secure.gravatar.com\/avatar\/87676f1df919f3ff761ee73fc0e15532?s=96&d=mm&r=g\",\"contentUrl\":\"https:\/\/secure.gravatar.com\/avatar\/87676f1df919f3ff761ee73fc0e15532?s=96&d=mm&r=g\",\"caption\":\"Christian Andres\"}}]}<\/script>\n<!-- \/ Yoast SEO plugin. -->","yoast_head_json":{"title":"Estudia en Europa: aprovecha y vive lo mejor de la cultura europea - Pro-corp","description":"\u00a1Estudia en Europa! Te explicamos qu\u00e9 oportunidades existen para los latinoamericanos y c\u00f3mo puedes disfrutar de la cultura europea.","robots":{"index":"index","follow":"follow","max-snippet":"max-snippet:-1","max-image-preview":"max-image-preview:large","max-video-preview":"max-video-preview:-1"},"canonical":"https:\/\/www.pro-corp.net\/bck\/estudia-en-europa\/","og_locale":"es_ES","og_type":"article","og_title":"Estudia en Europa: aprovecha y vive lo mejor de la cultura europea - Pro-corp","og_description":"\u00a1Estudia en Europa! Te explicamos qu\u00e9 oportunidades existen para los latinoamericanos y c\u00f3mo puedes disfrutar de la cultura europea.","og_url":"https:\/\/www.pro-corp.net\/bck\/estudia-en-europa\/","og_site_name":"Pro Corp Corporate Development","article_publisher":"https:\/\/www.facebook.com\/Pro-Corp-Asesoria-legal-y-empresarial-105779337842842\/","article_published_time":"2021-02-22T09:00:00+00:00","article_modified_time":"2021-10-20T21:49:19+00:00","og_image":[{"width":220,"height":41,"url":"https:\/\/www.pro-corp.net\/bck\/wp-content\/uploads\/2020\/06\/logo-PXRecurso-3.png","type":"image\/png"}],"twitter_card":"summary_large_image","twitter_creator":"@Pro_Corp","twitter_site":"@Pro_Corp","twitter_misc":{"Escrito por":"Christian Andres","Tiempo de lectura":"3 minutos"},"schema":{"@context":"https:\/\/schema.org","@graph":[{"@type":"Organization","@id":"https:\/\/www.pro-corp.net\/bck\/#organization","name":"Pro Corp Corporate Development","url":"https:\/\/www.pro-corp.net\/bck\/","sameAs":["https:\/\/www.facebook.com\/Pro-Corp-Asesoria-legal-y-empresarial-105779337842842\/","https:\/\/twitter.com\/Pro_Corp"],"logo":{"@type":"ImageObject","@id":"https:\/\/www.pro-corp.net\/bck\/#logo","inLanguage":"es","url":"http:\/\/www.pro-corp.net\/bck\/wp-content\/uploads\/2020\/06\/icon.png","contentUrl":"http:\/\/www.pro-corp.net\/bck\/wp-content\/uploads\/2020\/06\/icon.png","width":640,"height":640,"caption":"Pro Corp Corporate Development"},"image":{"@id":"https:\/\/www.pro-corp.net\/bck\/#logo"}},{"@type":"WebSite","@id":"https:\/\/www.pro-corp.net\/bck\/#website","url":"https:\/\/www.pro-corp.net\/bck\/","name":"Pro Corp Corporate Development","description":"Nacionalidad Europea por Ley Sefard\u00ed","publisher":{"@id":"https:\/\/www.pro-corp.net\/bck\/#organization"},"potentialAction":[{"@type":"SearchAction","target":{"@type":"EntryPoint","urlTemplate":"https:\/\/www.pro-corp.net\/bck\/?s={search_term_string}"},"query-input":"required name=search_term_string"}],"inLanguage":"es"},{"@type":"ImageObject","@id":"https:\/\/www.pro-corp.net\/bck\/estudia-en-europa\/#primaryimage","inLanguage":"es","url":"https:\/\/www.pro-corp.net\/bck\/wp-content\/uploads\/2021\/10\/8.-Oct-\u00bfTienes-planes-de-estudiar-en-el-extranjero-Aprovecha-y-vive-lo-mejor-de-la-cultura-europea-scaled-1.webp","contentUrl":"https:\/\/www.pro-corp.net\/bck\/wp-content\/uploads\/2021\/10\/8.-Oct-\u00bfTienes-planes-de-estudiar-en-el-extranjero-Aprovecha-y-vive-lo-mejor-de-la-cultura-europea-scaled-1.webp","width":1280,"height":720,"caption":"\u00a1Estudia en Europa! Te explicamos qu\u00e9 oportunidades existen para los latinoamericanos y c\u00f3mo puedes disfrutar de la cultura europea."},{"@type":"WebPage","@id":"https:\/\/www.pro-corp.net\/bck\/estudia-en-europa\/#webpage","url":"https:\/\/www.pro-corp.net\/bck\/estudia-en-europa\/","name":"Estudia en Europa: aprovecha y vive lo mejor de la cultura europea - Pro-corp","isPartOf":{"@id":"https:\/\/www.pro-corp.net\/bck\/#website"},"primaryImageOfPage":{"@id":"https:\/\/www.pro-corp.net\/bck\/estudia-en-europa\/#primaryimage"},"datePublished":"2021-02-22T09:00:00+00:00","dateModified":"2021-10-20T21:49:19+00:00","description":"\u00a1Estudia en Europa! Te explicamos qu\u00e9 oportunidades existen para los latinoamericanos y c\u00f3mo puedes disfrutar de la cultura europea.","breadcrumb":{"@id":"https:\/\/www.pro-corp.net\/bck\/estudia-en-europa\/#breadcrumb"},"inLanguage":"es","potentialAction":[{"@type":"ReadAction","target":["https:\/\/www.pro-corp.net\/bck\/estudia-en-europa\/"]}]},{"@type":"BreadcrumbList","@id":"https:\/\/www.pro-corp.net\/bck\/estudia-en-europa\/#breadcrumb","itemListElement":[{"@type":"ListItem","position":1,"name":"Estudia en Europa y disfruta de su cultura"}]},{"@type":"Article","@id":"https:\/\/www.pro-corp.net\/bck\/estudia-en-europa\/#article","isPartOf":{"@id":"https:\/\/www.pro-corp.net\/bck\/estudia-en-europa\/#webpage"},"author":{"@id":"https:\/\/www.pro-corp.net\/bck\/#\/schema\/person\/d6eda375fcca981cadf1e8f102bb8966"},"headline":"Estudia en Europa y disfruta de su cultura","datePublished":"2021-02-22T09:00:00+00:00","dateModified":"2021-10-20T21:49:19+00:00","mainEntityOfPage":{"@id":"https:\/\/www.pro-corp.net\/bck\/estudia-en-europa\/#webpage"},"wordCount":596,"commentCount":0,"publisher":{"@id":"https:\/\/www.pro-corp.net\/bck\/#organization"},"image":{"@id":"https:\/\/www.pro-corp.net\/bck\/estudia-en-europa\/#primaryimage"},"thumbnailUrl":"https:\/\/www.pro-corp.net\/bck\/wp-content\/uploads\/2021\/10\/8.-Oct-\u00bfTienes-planes-de-estudiar-en-el-extranjero-Aprovecha-y-vive-lo-mejor-de-la-cultura-europea-scaled-1.webp","keywords":["Cultura europea","estudiar en Espa\u00f1a","estudiar en Portugal.","Universidades europeas"],"articleSection":["Vivir en Europa"],"inLanguage":"es","potentialAction":[{"@type":"CommentAction","name":"Comment","target":["https:\/\/www.pro-corp.net\/bck\/estudia-en-europa\/#respond"]}]},{"@type":"Person","@id":"https:\/\/www.pro-corp.net\/bck\/#\/schema\/person\/d6eda375fcca981cadf1e8f102bb8966","name":"Christian Andres","image":{"@type":"ImageObject","@id":"https:\/\/www.pro-corp.net\/bck\/#personlogo","inLanguage":"es","url":"https:\/\/secure.gravatar.com\/avatar\/87676f1df919f3ff761ee73fc0e15532?s=96&d=mm&r=g","contentUrl":"https:\/\/secure.gravatar.com\/avatar\/87676f1df919f3ff761ee73fc0e15532?s=96&d=mm&r=g","caption":"Christian Andres"}}]}},"_links":{"self":[{"href":"https:\/\/www.pro-corp.net\/bck\/wp-json\/wp\/v2\/posts\/6499"}],"collection":[{"href":"https:\/\/www.pro-corp.net\/bck\/wp-json\/wp\/v2\/posts"}],"about":[{"href":"https:\/\/www.pro-corp.net\/bck\/wp-json\/wp\/v2\/types\/post"}],"author":[{"embeddable":true,"href":"https:\/\/www.pro-corp.net\/bck\/wp-json\/wp\/v2\/users\/1656"}],"replies":[{"embeddable":true,"href":"https:\/\/www.pro-corp.net\/bck\/wp-json\/wp\/v2\/comments?post=6499"}],"version-history":[{"count":4,"href":"https:\/\/www.pro-corp.net\/bck\/wp-json\/wp\/v2\/posts\/6499\/revisions"}],"predecessor-version":[{"id":7502,"href":"https:\/\/www.pro-corp.net\/bck\/wp-json\/wp\/v2\/posts\/6499\/revisions\/7502"}],"wp:featuredmedia":[{"embeddable":true,"href":"https:\/\/www.pro-corp.net\/bck\/wp-json\/wp\/v2\/media\/7920"}],"wp:attachment":[{"href":"https:\/\/www.pro-corp.net\/bck\/wp-json\/wp\/v2\/media?parent=6499"}],"wp:term":[{"taxonomy":"category","embeddable":true,"href":"https:\/\/www.pro-corp.net\/bck\/wp-json\/wp\/v2\/categories?post=6499"},{"taxonomy":"post_tag","embeddable":true,"href":"https:\/\/www.pro-corp.net\/bck\/wp-json\/wp\/v2\/tags?post=6499"}],"curies":[{"name":"wp","href":"https:\/\/api.w.org\/{rel}","templated":true}]}}