{"id":6712,"date":"2021-03-13T04:00:00","date_gmt":"2021-03-13T09:00:00","guid":{"rendered":"http:\/\/www.pro-corp.net\/bck\/?p=6712"},"modified":"2021-09-27T09:53:51","modified_gmt":"2021-09-27T14:53:51","slug":"historia-de-portugal","status":"publish","type":"post","link":"https:\/\/www.pro-corp.net\/bck\/historia-de-portugal\/","title":{"rendered":"7 datos curiosos de la historia de Portugal y de sus habitantes"},"content":{"rendered":"<p>La <strong>historia de Portugal<\/strong> y de sus habitantes es maravillosa. Ubicado al suroeste de Europa, este pa\u00eds de la pen\u00ednsula ib\u00e9rica cuenta con una gran cultura y antiguas costumbres. De hecho, tiene una enorme tradici\u00f3n pesquera y de nav\u00edos. Esto se debe a que limita tanto al sur como al occidente con el oc\u00e9ano Atl\u00e1ntico, mientras al norte y al oriente lo hace con Espa\u00f1a.<\/p>\n<p>Adem\u00e1s, da la entrada al Mar Mediterr\u00e1neo, por lo que tiene acceso a toda esta \u00e1rea y a pa\u00edses como Italia, Grecia y Turqu\u00eda. Adem\u00e1s de Espa\u00f1a y el norte de \u00c1frica. En su tiempo, esto lo convirti\u00f3 en un importante puerto y un lugar de paso para muchos mercaderes y negociantes, d\u00e1ndole una multiculturalidad que a\u00fan se conserva actualmente.<\/p>\n<p>Tambi\u00e9n fue parte del Imperio Romano, por lo que hered\u00f3 una de las lenguas provenientes del lat\u00edn: el portugu\u00e9s. Pero, \u00bfsabes en cu\u00e1ntos pa\u00edses se habla esta lengua hoy en d\u00eda? Ac\u00e1 te contamos este y otros datos curiosos que tal vez no conoc\u00edas de la <strong>historia de Portugal <\/strong>y de sus habitantes.<\/p>\n<h2><strong>7 datos curiosos de la historia de Portugal<\/strong><\/h2>\n<h3><strong>Lisboa: terremoto y tsunami<\/strong><\/h3>\n<p>En 1755, ocurri\u00f3 un desastre natural que marc\u00f3 la <strong>historia de Portugal<\/strong>. Un terremoto de magnitudes impresionantes destruy\u00f3 casi por completo toda Lisboa. 40 segundos despu\u00e9s del terremoto, que dur\u00f3 5 minutos aproximadamente, un tsunami devast\u00f3 el puerto y el centro de la capital del pa\u00eds.<\/p>\n<h3><strong>Tiene la librer\u00eda m\u00e1s antigua del mundo<\/strong><\/h3>\n<p>En Lisboa se encuentra la librer\u00eda m\u00e1s antigua del mundo. Esta librer\u00eda, conocida como la Livraria Bertrand do Chiado, abri\u00f3 sus puertas en 1732. Hace parte de la <a href=\"http:\/\/www.pro-corp.net\/bck\/cultura-de-portugal\/\">cultura de Portugal<\/a> y est\u00e1 en el libro Guinness de r\u00e9cords mundiales desde 2011.<\/p>\n<h3><strong>Lisboa tiene m\u00e1s de 3.000 a\u00f1os<\/strong><\/h3>\n<p>La capital de Portugal fue fundada por los fenicios y es una de las ciudades m\u00e1s antiguas de Europa. Incluso es m\u00e1s vieja que <a href=\"https:\/\/okdiario.com\/curiosidades\/7-curiosidades-sobre-sociedad-roma-antigua-que-te-sorprenderan-658493\" target=\"_blank\" rel=\"noopener\">Roma<\/a>: tiene m\u00e1s de 3.000 a\u00f1os. Seg\u00fan la <strong>historia de Portugal<\/strong>, el primer nombre que recibi\u00f3 fue Olissipo.<\/p>\n<h3><strong>En Portugal se cre\u00f3 la m\u00fasica fado<\/strong><\/h3>\n<p>As\u00ed es conocida esta forma de canto proveniente de Portugal. El <a href=\"https:\/\/www.teatromayor.org\/noticia\/breve-historia-del-fado-y-sus-caracteristicas-por-rodrigo-costa-felix\" target=\"_blank\" rel=\"noopener\">fado<\/a> data de 1820 y se puede escuchar en bares, calles y restaurantes.<\/p>\n<h3><strong>Ayudaron a inventar el sushi tempura<\/strong><\/h3>\n<p>En parte. A los portugueses se les atribuye haber llevado a Jap\u00f3n el tempura. Los trozos de pescado y vegetales empanizados son propios de Portugal. En 1543, un barco chino con portugueses a bordo toc\u00f3 tierra nipona. Luego de eso comenzaron con el comercio que se dice llev\u00f3 estos fritos a Jap\u00f3n.<\/p>\n<h3><strong>El reinado m\u00e1s corto de la historia<\/strong><\/h3>\n<p>Luis III, el \u00faltimo rey en la <strong>historia de Portugal<\/strong>, gobern\u00f3 durante apenas 20 minutos. Esto se debe a que result\u00f3 herido cuando su padre Carlos I fue asesinado. As\u00ed que fue rey durante ese tiempo antes de fallecer.<\/p>\n<h3><strong>M\u00e1s de 230 millones personas hablan portugu\u00e9s<\/strong><\/h3>\n<p>El portugu\u00e9s es el idioma oficial de 9 pa\u00edses. Entre ellos: Brasil, Cabo Verde, Angola, Mozambique, Guinea-Bissau, Guinea Ecuatorial, Timor Oriental y Santo Tom\u00e9 y Pr\u00edncipe.<\/p>\n<p>Sin duda, en Portugal abundan las costas, la comida deliciosa y una arquitectura envidiable. As\u00ed como muchas curiosidades sobre su historia que ahora conoces. As\u00ed que, si tienes pensado hacer un <a href=\"http:\/\/www.pro-corp.net\/bck\/viajes-en-portugal\/\">viaje en Portugal<\/a> y te preguntas <a href=\"http:\/\/www.pro-corp.net\/bck\/que-hacer-en-lisboa\/\">qu\u00e9 hacer en Lisboa<\/a>, por ejemplo, recuerda que este es un pa\u00eds que tiene mucho que ofrecer. Sobre todo si tienes la <a href=\"http:\/\/www.pro-corp.net\/bck\/nacionalidad-portuguesa\/\">nacionalidad portuguesa<\/a>.<\/p>\n\n\n<div class=\"wp-container-69f191a4ca822 wp-block-buttons is-content-justification-center\">\n<div class=\"wp-block-button is-style-fill\"><a class=\"wp-block-button__link has-white-color has-text-color has-background\" href=\"http:\/\/www.pro-corp.net\/bck\/asesoria\/\" style=\"border-radius:2px;background-color:#b70000\" target=\"_blank\" rel=\"noopener\">Empieza tu estudio de investigaci\u00f3n geneal\u00f3gica ac\u00e1<\/a><\/div>\n<\/div>\n","protected":false},"excerpt":{"rendered":"<p>La historia de Portugal y de sus habitantes es maravillosa. Ubicado al suroeste de Europa, este pa\u00eds de la pen\u00ednsula ib\u00e9rica cuenta con una gran cultura y antiguas costumbres. De hecho, tiene una enorme tradici\u00f3n pesquera y de nav\u00edos. Esto se debe a que limita tanto al sur como al occidente con el oc\u00e9ano Atl\u00e1ntico, [&hellip;]<\/p>\n","protected":false},"author":1656,"featured_media":6713,"comment_status":"open","ping_status":"open","sticky":false,"template":"","format":"standard","meta":[],"categories":[58],"tags":[109,69,114,126],"yoast_head":"<!-- This site is optimized with the Yoast SEO plugin v18.2 - https:\/\/yoast.com\/wordpress\/plugins\/seo\/ -->\n<title>Historia de Portugal: 7 datos curiosos que te sorprender\u00e1n - Pro-corp<\/title>\n<meta name=\"description\" content=\"La historia de Portugal tiene muchas an\u00e9cdotas interesantes. Con m\u00e1s de 3.000 a\u00f1os de vivencias, sus libros est\u00e1n llenos de datos curiosos.\" \/>\n<meta name=\"robots\" content=\"index, follow, max-snippet:-1, max-image-preview:large, max-video-preview:-1\" \/>\n<link rel=\"canonical\" href=\"https:\/\/www.pro-corp.net\/bck\/historia-de-portugal\/\" \/>\n<meta property=\"og:locale\" content=\"es_ES\" \/>\n<meta property=\"og:type\" content=\"article\" \/>\n<meta property=\"og:title\" content=\"Historia de Portugal: 7 datos curiosos que te sorprender\u00e1n - Pro-corp\" \/>\n<meta property=\"og:description\" content=\"La historia de Portugal tiene muchas an\u00e9cdotas interesantes. Con m\u00e1s de 3.000 a\u00f1os de vivencias, sus libros est\u00e1n llenos de datos curiosos.\" \/>\n<meta property=\"og:url\" content=\"https:\/\/www.pro-corp.net\/bck\/historia-de-portugal\/\" \/>\n<meta property=\"og:site_name\" content=\"Pro Corp Corporate Development\" \/>\n<meta property=\"article:publisher\" content=\"https:\/\/www.facebook.com\/Pro-Corp-Asesoria-legal-y-empresarial-105779337842842\/\" \/>\n<meta property=\"article:published_time\" content=\"2021-03-13T09:00:00+00:00\" \/>\n<meta property=\"article:modified_time\" content=\"2021-09-27T14:53:51+00:00\" \/>\n<meta property=\"og:image\" content=\"https:\/\/www.pro-corp.net\/bck\/wp-content\/uploads\/2021\/03\/8.-Feb-7-datos-curiosos-de-la-historia-de-Portugal-y-de-sus-habitantes-scaled.jpg\" \/>\n\t<meta property=\"og:image:width\" content=\"2560\" \/>\n\t<meta property=\"og:image:height\" content=\"1707\" \/>\n\t<meta property=\"og:image:type\" content=\"image\/jpeg\" \/>\n<meta name=\"twitter:card\" content=\"summary_large_image\" \/>\n<meta name=\"twitter:creator\" content=\"@Pro_Corp\" \/>\n<meta name=\"twitter:site\" content=\"@Pro_Corp\" \/>\n<meta name=\"twitter:label1\" content=\"Escrito por\" \/>\n\t<meta name=\"twitter:data1\" content=\"Christian Andres\" \/>\n\t<meta name=\"twitter:label2\" content=\"Tiempo de lectura\" \/>\n\t<meta name=\"twitter:data2\" content=\"3 minutos\" \/>\n<script type=\"application\/ld+json\" class=\"yoast-schema-graph\">{\"@context\":\"https:\/\/schema.org\",\"@graph\":[{\"@type\":\"Organization\",\"@id\":\"https:\/\/www.pro-corp.net\/bck\/#organization\",\"name\":\"Pro Corp Corporate Development\",\"url\":\"https:\/\/www.pro-corp.net\/bck\/\",\"sameAs\":[\"https:\/\/www.facebook.com\/Pro-Corp-Asesoria-legal-y-empresarial-105779337842842\/\",\"https:\/\/twitter.com\/Pro_Corp\"],\"logo\":{\"@type\":\"ImageObject\",\"@id\":\"https:\/\/www.pro-corp.net\/bck\/#logo\",\"inLanguage\":\"es\",\"url\":\"http:\/\/www.pro-corp.net\/bck\/wp-content\/uploads\/2020\/06\/icon.png\",\"contentUrl\":\"http:\/\/www.pro-corp.net\/bck\/wp-content\/uploads\/2020\/06\/icon.png\",\"width\":640,\"height\":640,\"caption\":\"Pro Corp Corporate Development\"},\"image\":{\"@id\":\"https:\/\/www.pro-corp.net\/bck\/#logo\"}},{\"@type\":\"WebSite\",\"@id\":\"https:\/\/www.pro-corp.net\/bck\/#website\",\"url\":\"https:\/\/www.pro-corp.net\/bck\/\",\"name\":\"Pro Corp Corporate Development\",\"description\":\"Nacionalidad Europea por Ley Sefard\u00ed\",\"publisher\":{\"@id\":\"https:\/\/www.pro-corp.net\/bck\/#organization\"},\"potentialAction\":[{\"@type\":\"SearchAction\",\"target\":{\"@type\":\"EntryPoint\",\"urlTemplate\":\"https:\/\/www.pro-corp.net\/bck\/?s={search_term_string}\"},\"query-input\":\"required name=search_term_string\"}],\"inLanguage\":\"es\"},{\"@type\":\"ImageObject\",\"@id\":\"https:\/\/www.pro-corp.net\/bck\/historia-de-portugal\/#primaryimage\",\"inLanguage\":\"es\",\"url\":\"https:\/\/www.pro-corp.net\/bck\/wp-content\/uploads\/2021\/03\/8.-Feb-7-datos-curiosos-de-la-historia-de-Portugal-y-de-sus-habitantes-scaled.jpg\",\"contentUrl\":\"https:\/\/www.pro-corp.net\/bck\/wp-content\/uploads\/2021\/03\/8.-Feb-7-datos-curiosos-de-la-historia-de-Portugal-y-de-sus-habitantes-scaled.jpg\",\"width\":2560,\"height\":1707,\"caption\":\"La historia de Portugal tiene muchas an\u00e9cdotas interesantes. Con m\u00e1s de 3.000 a\u00f1os de vivencias, sus libros est\u00e1n llenos de datos curiosos.\"},{\"@type\":\"WebPage\",\"@id\":\"https:\/\/www.pro-corp.net\/bck\/historia-de-portugal\/#webpage\",\"url\":\"https:\/\/www.pro-corp.net\/bck\/historia-de-portugal\/\",\"name\":\"Historia de Portugal: 7 datos curiosos que te sorprender\u00e1n - Pro-corp\",\"isPartOf\":{\"@id\":\"https:\/\/www.pro-corp.net\/bck\/#website\"},\"primaryImageOfPage\":{\"@id\":\"https:\/\/www.pro-corp.net\/bck\/historia-de-portugal\/#primaryimage\"},\"datePublished\":\"2021-03-13T09:00:00+00:00\",\"dateModified\":\"2021-09-27T14:53:51+00:00\",\"description\":\"La historia de Portugal tiene muchas an\u00e9cdotas interesantes. Con m\u00e1s de 3.000 a\u00f1os de vivencias, sus libros est\u00e1n llenos de datos curiosos.\",\"breadcrumb\":{\"@id\":\"https:\/\/www.pro-corp.net\/bck\/historia-de-portugal\/#breadcrumb\"},\"inLanguage\":\"es\",\"potentialAction\":[{\"@type\":\"ReadAction\",\"target\":[\"https:\/\/www.pro-corp.net\/bck\/historia-de-portugal\/\"]}]},{\"@type\":\"BreadcrumbList\",\"@id\":\"https:\/\/www.pro-corp.net\/bck\/historia-de-portugal\/#breadcrumb\",\"itemListElement\":[{\"@type\":\"ListItem\",\"position\":1,\"name\":\"7 datos curiosos de la historia de Portugal y de sus habitantes\"}]},{\"@type\":\"Article\",\"@id\":\"https:\/\/www.pro-corp.net\/bck\/historia-de-portugal\/#article\",\"isPartOf\":{\"@id\":\"https:\/\/www.pro-corp.net\/bck\/historia-de-portugal\/#webpage\"},\"author\":{\"@id\":\"https:\/\/www.pro-corp.net\/bck\/#\/schema\/person\/d6eda375fcca981cadf1e8f102bb8966\"},\"headline\":\"7 datos curiosos de la historia de Portugal y de sus habitantes\",\"datePublished\":\"2021-03-13T09:00:00+00:00\",\"dateModified\":\"2021-09-27T14:53:51+00:00\",\"mainEntityOfPage\":{\"@id\":\"https:\/\/www.pro-corp.net\/bck\/historia-de-portugal\/#webpage\"},\"wordCount\":608,\"commentCount\":0,\"publisher\":{\"@id\":\"https:\/\/www.pro-corp.net\/bck\/#organization\"},\"image\":{\"@id\":\"https:\/\/www.pro-corp.net\/bck\/historia-de-portugal\/#primaryimage\"},\"thumbnailUrl\":\"https:\/\/www.pro-corp.net\/bck\/wp-content\/uploads\/2021\/03\/8.-Feb-7-datos-curiosos-de-la-historia-de-Portugal-y-de-sus-habitantes-scaled.jpg\",\"keywords\":[\"Cultura de Portugal\",\"nacionalidad portuguesa\",\"qu\u00e9 hacer en Lisboa\",\"viajes en Portugal.\"],\"articleSection\":[\"Emigrar a Portugal\"],\"inLanguage\":\"es\",\"potentialAction\":[{\"@type\":\"CommentAction\",\"name\":\"Comment\",\"target\":[\"https:\/\/www.pro-corp.net\/bck\/historia-de-portugal\/#respond\"]}]},{\"@type\":\"Person\",\"@id\":\"https:\/\/www.pro-corp.net\/bck\/#\/schema\/person\/d6eda375fcca981cadf1e8f102bb8966\",\"name\":\"Christian Andres\",\"image\":{\"@type\":\"ImageObject\",\"@id\":\"https:\/\/www.pro-corp.net\/bck\/#personlogo\",\"inLanguage\":\"es\",\"url\":\"https:\/\/secure.gravatar.com\/avatar\/87676f1df919f3ff761ee73fc0e15532?s=96&d=mm&r=g\",\"contentUrl\":\"https:\/\/secure.gravatar.com\/avatar\/87676f1df919f3ff761ee73fc0e15532?s=96&d=mm&r=g\",\"caption\":\"Christian Andres\"}}]}<\/script>\n<!-- \/ Yoast SEO plugin. -->","yoast_head_json":{"title":"Historia de Portugal: 7 datos curiosos que te sorprender\u00e1n - Pro-corp","description":"La historia de Portugal tiene muchas an\u00e9cdotas interesantes. Con m\u00e1s de 3.000 a\u00f1os de vivencias, sus libros est\u00e1n llenos de datos curiosos.","robots":{"index":"index","follow":"follow","max-snippet":"max-snippet:-1","max-image-preview":"max-image-preview:large","max-video-preview":"max-video-preview:-1"},"canonical":"https:\/\/www.pro-corp.net\/bck\/historia-de-portugal\/","og_locale":"es_ES","og_type":"article","og_title":"Historia de Portugal: 7 datos curiosos que te sorprender\u00e1n - Pro-corp","og_description":"La historia de Portugal tiene muchas an\u00e9cdotas interesantes. Con m\u00e1s de 3.000 a\u00f1os de vivencias, sus libros est\u00e1n llenos de datos curiosos.","og_url":"https:\/\/www.pro-corp.net\/bck\/historia-de-portugal\/","og_site_name":"Pro Corp Corporate Development","article_publisher":"https:\/\/www.facebook.com\/Pro-Corp-Asesoria-legal-y-empresarial-105779337842842\/","article_published_time":"2021-03-13T09:00:00+00:00","article_modified_time":"2021-09-27T14:53:51+00:00","og_image":[{"width":2560,"height":1707,"url":"https:\/\/www.pro-corp.net\/bck\/wp-content\/uploads\/2021\/03\/8.-Feb-7-datos-curiosos-de-la-historia-de-Portugal-y-de-sus-habitantes-scaled.jpg","type":"image\/jpeg"}],"twitter_card":"summary_large_image","twitter_creator":"@Pro_Corp","twitter_site":"@Pro_Corp","twitter_misc":{"Escrito por":"Christian Andres","Tiempo de lectura":"3 minutos"},"schema":{"@context":"https:\/\/schema.org","@graph":[{"@type":"Organization","@id":"https:\/\/www.pro-corp.net\/bck\/#organization","name":"Pro Corp Corporate Development","url":"https:\/\/www.pro-corp.net\/bck\/","sameAs":["https:\/\/www.facebook.com\/Pro-Corp-Asesoria-legal-y-empresarial-105779337842842\/","https:\/\/twitter.com\/Pro_Corp"],"logo":{"@type":"ImageObject","@id":"https:\/\/www.pro-corp.net\/bck\/#logo","inLanguage":"es","url":"http:\/\/www.pro-corp.net\/bck\/wp-content\/uploads\/2020\/06\/icon.png","contentUrl":"http:\/\/www.pro-corp.net\/bck\/wp-content\/uploads\/2020\/06\/icon.png","width":640,"height":640,"caption":"Pro Corp Corporate Development"},"image":{"@id":"https:\/\/www.pro-corp.net\/bck\/#logo"}},{"@type":"WebSite","@id":"https:\/\/www.pro-corp.net\/bck\/#website","url":"https:\/\/www.pro-corp.net\/bck\/","name":"Pro Corp Corporate Development","description":"Nacionalidad Europea por Ley Sefard\u00ed","publisher":{"@id":"https:\/\/www.pro-corp.net\/bck\/#organization"},"potentialAction":[{"@type":"SearchAction","target":{"@type":"EntryPoint","urlTemplate":"https:\/\/www.pro-corp.net\/bck\/?s={search_term_string}"},"query-input":"required name=search_term_string"}],"inLanguage":"es"},{"@type":"ImageObject","@id":"https:\/\/www.pro-corp.net\/bck\/historia-de-portugal\/#primaryimage","inLanguage":"es","url":"https:\/\/www.pro-corp.net\/bck\/wp-content\/uploads\/2021\/03\/8.-Feb-7-datos-curiosos-de-la-historia-de-Portugal-y-de-sus-habitantes-scaled.jpg","contentUrl":"https:\/\/www.pro-corp.net\/bck\/wp-content\/uploads\/2021\/03\/8.-Feb-7-datos-curiosos-de-la-historia-de-Portugal-y-de-sus-habitantes-scaled.jpg","width":2560,"height":1707,"caption":"La historia de Portugal tiene muchas an\u00e9cdotas interesantes. Con m\u00e1s de 3.000 a\u00f1os de vivencias, sus libros est\u00e1n llenos de datos curiosos."},{"@type":"WebPage","@id":"https:\/\/www.pro-corp.net\/bck\/historia-de-portugal\/#webpage","url":"https:\/\/www.pro-corp.net\/bck\/historia-de-portugal\/","name":"Historia de Portugal: 7 datos curiosos que te sorprender\u00e1n - Pro-corp","isPartOf":{"@id":"https:\/\/www.pro-corp.net\/bck\/#website"},"primaryImageOfPage":{"@id":"https:\/\/www.pro-corp.net\/bck\/historia-de-portugal\/#primaryimage"},"datePublished":"2021-03-13T09:00:00+00:00","dateModified":"2021-09-27T14:53:51+00:00","description":"La historia de Portugal tiene muchas an\u00e9cdotas interesantes. Con m\u00e1s de 3.000 a\u00f1os de vivencias, sus libros est\u00e1n llenos de datos curiosos.","breadcrumb":{"@id":"https:\/\/www.pro-corp.net\/bck\/historia-de-portugal\/#breadcrumb"},"inLanguage":"es","potentialAction":[{"@type":"ReadAction","target":["https:\/\/www.pro-corp.net\/bck\/historia-de-portugal\/"]}]},{"@type":"BreadcrumbList","@id":"https:\/\/www.pro-corp.net\/bck\/historia-de-portugal\/#breadcrumb","itemListElement":[{"@type":"ListItem","position":1,"name":"7 datos curiosos de la historia de Portugal y de sus habitantes"}]},{"@type":"Article","@id":"https:\/\/www.pro-corp.net\/bck\/historia-de-portugal\/#article","isPartOf":{"@id":"https:\/\/www.pro-corp.net\/bck\/historia-de-portugal\/#webpage"},"author":{"@id":"https:\/\/www.pro-corp.net\/bck\/#\/schema\/person\/d6eda375fcca981cadf1e8f102bb8966"},"headline":"7 datos curiosos de la historia de Portugal y de sus habitantes","datePublished":"2021-03-13T09:00:00+00:00","dateModified":"2021-09-27T14:53:51+00:00","mainEntityOfPage":{"@id":"https:\/\/www.pro-corp.net\/bck\/historia-de-portugal\/#webpage"},"wordCount":608,"commentCount":0,"publisher":{"@id":"https:\/\/www.pro-corp.net\/bck\/#organization"},"image":{"@id":"https:\/\/www.pro-corp.net\/bck\/historia-de-portugal\/#primaryimage"},"thumbnailUrl":"https:\/\/www.pro-corp.net\/bck\/wp-content\/uploads\/2021\/03\/8.-Feb-7-datos-curiosos-de-la-historia-de-Portugal-y-de-sus-habitantes-scaled.jpg","keywords":["Cultura de Portugal","nacionalidad portuguesa","qu\u00e9 hacer en Lisboa","viajes en Portugal."],"articleSection":["Emigrar a Portugal"],"inLanguage":"es","potentialAction":[{"@type":"CommentAction","name":"Comment","target":["https:\/\/www.pro-corp.net\/bck\/historia-de-portugal\/#respond"]}]},{"@type":"Person","@id":"https:\/\/www.pro-corp.net\/bck\/#\/schema\/person\/d6eda375fcca981cadf1e8f102bb8966","name":"Christian Andres","image":{"@type":"ImageObject","@id":"https:\/\/www.pro-corp.net\/bck\/#personlogo","inLanguage":"es","url":"https:\/\/secure.gravatar.com\/avatar\/87676f1df919f3ff761ee73fc0e15532?s=96&d=mm&r=g","contentUrl":"https:\/\/secure.gravatar.com\/avatar\/87676f1df919f3ff761ee73fc0e15532?s=96&d=mm&r=g","caption":"Christian Andres"}}]}},"_links":{"self":[{"href":"https:\/\/www.pro-corp.net\/bck\/wp-json\/wp\/v2\/posts\/6712"}],"collection":[{"href":"https:\/\/www.pro-corp.net\/bck\/wp-json\/wp\/v2\/posts"}],"about":[{"href":"https:\/\/www.pro-corp.net\/bck\/wp-json\/wp\/v2\/types\/post"}],"author":[{"embeddable":true,"href":"https:\/\/www.pro-corp.net\/bck\/wp-json\/wp\/v2\/users\/1656"}],"replies":[{"embeddable":true,"href":"https:\/\/www.pro-corp.net\/bck\/wp-json\/wp\/v2\/comments?post=6712"}],"version-history":[{"count":3,"href":"https:\/\/www.pro-corp.net\/bck\/wp-json\/wp\/v2\/posts\/6712\/revisions"}],"predecessor-version":[{"id":7506,"href":"https:\/\/www.pro-corp.net\/bck\/wp-json\/wp\/v2\/posts\/6712\/revisions\/7506"}],"wp:featuredmedia":[{"embeddable":true,"href":"https:\/\/www.pro-corp.net\/bck\/wp-json\/wp\/v2\/media\/6713"}],"wp:attachment":[{"href":"https:\/\/www.pro-corp.net\/bck\/wp-json\/wp\/v2\/media?parent=6712"}],"wp:term":[{"taxonomy":"category","embeddable":true,"href":"https:\/\/www.pro-corp.net\/bck\/wp-json\/wp\/v2\/categories?post=6712"},{"taxonomy":"post_tag","embeddable":true,"href":"https:\/\/www.pro-corp.net\/bck\/wp-json\/wp\/v2\/tags?post=6712"}],"curies":[{"name":"wp","href":"https:\/\/api.w.org\/{rel}","templated":true}]}}