{"id":6743,"date":"2021-03-11T15:45:44","date_gmt":"2021-03-11T20:45:44","guid":{"rendered":"http:\/\/www.pro-corp.net\/bck\/?p=6743"},"modified":"2021-10-25T14:58:07","modified_gmt":"2021-10-25T19:58:07","slug":"plan-de-choque","status":"publish","type":"post","link":"https:\/\/www.pro-corp.net\/bck\/plan-de-choque\/","title":{"rendered":"Plan de choque del Ministerio de Justicia de Espa\u00f1a para impulsar la resolucio\u0301n de expedientes de nacionalidad."},"content":{"rendered":"<p>El pasado 9 de marzo de 2021 la Subdirecci\u00f3n General de Nacionalidad del Ministerio de Justicia de Espa\u00f1a emiti\u00f3 una nota de prensa en la cual comunica a la opini\u00f3n p\u00fablica la puesta en marcha del <strong><em>segundo plan de choque para impulsar la resoluci\u00f3n de expedientes de nacionalidad<\/em><\/strong>.<\/p>\n<p>El plan incluye un conjunto de acciones que tienen como objetivo resolver las aplicaciones represadas de expedientes de nacionalidad por residencia y por origen sefard\u00ed. Para el caso de las nacionalidades por origen sefard\u00ed, existen 54.209 expedientes pendientes de resoluci\u00f3n y se esperan 99.555 m\u00e1s durante el a\u00f1o 2021.<\/p>\n<p><a href=\"http:\/\/www.pro-corp.net\/bck\/nacionalidades-espanolas\/\">VER M\u00c1S CIFRAS DE TU INTER\u00c9S.<\/a><\/p>\n<p>Esta iniciativa, originada por el atasco de expedientes en tramitaci\u00f3n acumulados durante a\u00f1os, permite desarrollar un plan extraordinario de productividad que implicar\u00e1 m\u00e1s horas de trabajo para los funcionarios de la entidad y la capacitaci\u00f3n en m\u00f3dulos de formaci\u00f3n.<\/p>\n<p>El presupuesto estimado para la implementaci\u00f3n de la medida es de 1.865.872 \u20ac de los cuales 445.168 \u20ac ser\u00e1n destinados a la resoluci\u00f3n de las solicitudes de nacionalidad por origen sefard\u00ed.<\/p>\n<p><strong>\u00a1Esta novedad es muy positiva para nuestros clientes con procesos pendientes a resoluci\u00f3n ya que promueve menores tiempos de espera entre el env\u00edo del acta de notoriedad y la resoluci\u00f3n de sus nacionalidades!<\/strong><\/p>\n<p>En nuestras redes sociales estaremos notificando cualquier noticia relevante sobre este y otros temas. \u00a1S\u00edguenos!<\/p>\n\n\n<p><\/p>\n","protected":false},"excerpt":{"rendered":"<p>El pasado 9 de marzo de 2021 la Subdirecci\u00f3n General de Nacionalidad del Ministerio de Justicia de Espa\u00f1a emiti\u00f3 una nota de prensa en la cual comunica a la opini\u00f3n p\u00fablica la puesta en marcha del segundo plan de choque para impulsar la resoluci\u00f3n de expedientes de nacionalidad. El plan incluye un conjunto de acciones [&hellip;]<\/p>\n","protected":false},"author":1656,"featured_media":6745,"comment_status":"open","ping_status":"open","sticky":false,"template":"","format":"standard","meta":[],"categories":[56],"tags":[],"yoast_head":"<!-- This site is optimized with the Yoast SEO plugin v18.2 - https:\/\/yoast.com\/wordpress\/plugins\/seo\/ -->\n<title>Plan de choque del MJE para impulsar la resolucio\u0301n de expedientes de nacionalidad - Pro-corp<\/title>\n<meta name=\"description\" content=\"El pasado 9 de marzo de 2021 la Subdirecci\u00f3n General de Nacionalidad del Ministerio de Justicia de Espa\u00f1a emiti\u00f3 una nota de prensa en la cual comunica a la opini\u00f3n p\u00fablica la puesta en marcha del segundo plan de choque para impulsar la resoluci\u00f3n de expedientes de nacionalidad.\" \/>\n<meta name=\"robots\" content=\"index, follow, max-snippet:-1, max-image-preview:large, max-video-preview:-1\" \/>\n<link rel=\"canonical\" href=\"https:\/\/www.pro-corp.net\/bck\/plan-de-choque\/\" \/>\n<meta property=\"og:locale\" content=\"es_ES\" \/>\n<meta property=\"og:type\" content=\"article\" \/>\n<meta property=\"og:title\" content=\"Plan de choque del MJE para impulsar la resolucio\u0301n de expedientes de nacionalidad - Pro-corp\" \/>\n<meta property=\"og:description\" content=\"El pasado 9 de marzo de 2021 la Subdirecci\u00f3n General de Nacionalidad del Ministerio de Justicia de Espa\u00f1a emiti\u00f3 una nota de prensa en la cual comunica a la opini\u00f3n p\u00fablica la puesta en marcha del segundo plan de choque para impulsar la resoluci\u00f3n de expedientes de nacionalidad.\" \/>\n<meta property=\"og:url\" content=\"https:\/\/www.pro-corp.net\/bck\/plan-de-choque\/\" \/>\n<meta property=\"og:site_name\" content=\"Pro Corp Corporate Development\" \/>\n<meta property=\"article:publisher\" content=\"https:\/\/www.facebook.com\/Pro-Corp-Asesoria-legal-y-empresarial-105779337842842\/\" \/>\n<meta property=\"article:published_time\" content=\"2021-03-11T20:45:44+00:00\" \/>\n<meta property=\"article:modified_time\" content=\"2021-10-25T19:58:07+00:00\" \/>\n<meta property=\"og:image\" content=\"https:\/\/www.pro-corp.net\/bck\/wp-content\/uploads\/2021\/03\/IMG_7535-scaled.jpg\" \/>\n\t<meta property=\"og:image:width\" content=\"2406\" \/>\n\t<meta property=\"og:image:height\" content=\"2560\" \/>\n\t<meta property=\"og:image:type\" content=\"image\/jpeg\" \/>\n<meta name=\"twitter:card\" content=\"summary_large_image\" \/>\n<meta name=\"twitter:creator\" content=\"@Pro_Corp\" \/>\n<meta name=\"twitter:site\" content=\"@Pro_Corp\" \/>\n<meta name=\"twitter:label1\" content=\"Escrito por\" \/>\n\t<meta name=\"twitter:data1\" content=\"Christian Andres\" \/>\n\t<meta name=\"twitter:label2\" content=\"Tiempo de lectura\" \/>\n\t<meta name=\"twitter:data2\" content=\"1 minuto\" \/>\n<script type=\"application\/ld+json\" class=\"yoast-schema-graph\">{\"@context\":\"https:\/\/schema.org\",\"@graph\":[{\"@type\":\"Organization\",\"@id\":\"https:\/\/www.pro-corp.net\/bck\/#organization\",\"name\":\"Pro Corp Corporate Development\",\"url\":\"https:\/\/www.pro-corp.net\/bck\/\",\"sameAs\":[\"https:\/\/www.facebook.com\/Pro-Corp-Asesoria-legal-y-empresarial-105779337842842\/\",\"https:\/\/twitter.com\/Pro_Corp\"],\"logo\":{\"@type\":\"ImageObject\",\"@id\":\"https:\/\/www.pro-corp.net\/bck\/#logo\",\"inLanguage\":\"es\",\"url\":\"http:\/\/www.pro-corp.net\/bck\/wp-content\/uploads\/2020\/06\/icon.png\",\"contentUrl\":\"http:\/\/www.pro-corp.net\/bck\/wp-content\/uploads\/2020\/06\/icon.png\",\"width\":640,\"height\":640,\"caption\":\"Pro Corp Corporate Development\"},\"image\":{\"@id\":\"https:\/\/www.pro-corp.net\/bck\/#logo\"}},{\"@type\":\"WebSite\",\"@id\":\"https:\/\/www.pro-corp.net\/bck\/#website\",\"url\":\"https:\/\/www.pro-corp.net\/bck\/\",\"name\":\"Pro Corp Corporate Development\",\"description\":\"Nacionalidad Europea por Ley Sefard\u00ed\",\"publisher\":{\"@id\":\"https:\/\/www.pro-corp.net\/bck\/#organization\"},\"potentialAction\":[{\"@type\":\"SearchAction\",\"target\":{\"@type\":\"EntryPoint\",\"urlTemplate\":\"https:\/\/www.pro-corp.net\/bck\/?s={search_term_string}\"},\"query-input\":\"required name=search_term_string\"}],\"inLanguage\":\"es\"},{\"@type\":\"ImageObject\",\"@id\":\"https:\/\/www.pro-corp.net\/bck\/plan-de-choque\/#primaryimage\",\"inLanguage\":\"es\",\"url\":\"https:\/\/www.pro-corp.net\/bck\/wp-content\/uploads\/2021\/03\/IMG_7535-scaled.jpg\",\"contentUrl\":\"https:\/\/www.pro-corp.net\/bck\/wp-content\/uploads\/2021\/03\/IMG_7535-scaled.jpg\",\"width\":2406,\"height\":2560,\"caption\":\"Pasaporte\"},{\"@type\":\"WebPage\",\"@id\":\"https:\/\/www.pro-corp.net\/bck\/plan-de-choque\/#webpage\",\"url\":\"https:\/\/www.pro-corp.net\/bck\/plan-de-choque\/\",\"name\":\"Plan de choque del MJE para impulsar la resolucio\u0301n de expedientes de nacionalidad - Pro-corp\",\"isPartOf\":{\"@id\":\"https:\/\/www.pro-corp.net\/bck\/#website\"},\"primaryImageOfPage\":{\"@id\":\"https:\/\/www.pro-corp.net\/bck\/plan-de-choque\/#primaryimage\"},\"datePublished\":\"2021-03-11T20:45:44+00:00\",\"dateModified\":\"2021-10-25T19:58:07+00:00\",\"description\":\"El pasado 9 de marzo de 2021 la Subdirecci\u00f3n General de Nacionalidad del Ministerio de Justicia de Espa\u00f1a emiti\u00f3 una nota de prensa en la cual comunica a la opini\u00f3n p\u00fablica la puesta en marcha del segundo plan de choque para impulsar la resoluci\u00f3n de expedientes de nacionalidad.\",\"breadcrumb\":{\"@id\":\"https:\/\/www.pro-corp.net\/bck\/plan-de-choque\/#breadcrumb\"},\"inLanguage\":\"es\",\"potentialAction\":[{\"@type\":\"ReadAction\",\"target\":[\"https:\/\/www.pro-corp.net\/bck\/plan-de-choque\/\"]}]},{\"@type\":\"BreadcrumbList\",\"@id\":\"https:\/\/www.pro-corp.net\/bck\/plan-de-choque\/#breadcrumb\",\"itemListElement\":[{\"@type\":\"ListItem\",\"position\":1,\"name\":\"Plan de choque del Ministerio de Justicia de Espa\u00f1a para impulsar la resolucio\u0301n de expedientes de nacionalidad.\"}]},{\"@type\":\"Article\",\"@id\":\"https:\/\/www.pro-corp.net\/bck\/plan-de-choque\/#article\",\"isPartOf\":{\"@id\":\"https:\/\/www.pro-corp.net\/bck\/plan-de-choque\/#webpage\"},\"author\":{\"@id\":\"https:\/\/www.pro-corp.net\/bck\/#\/schema\/person\/d6eda375fcca981cadf1e8f102bb8966\"},\"headline\":\"Plan de choque del Ministerio de Justicia de Espa\u00f1a para impulsar la resolucio\u0301n de expedientes de nacionalidad.\",\"datePublished\":\"2021-03-11T20:45:44+00:00\",\"dateModified\":\"2021-10-25T19:58:07+00:00\",\"mainEntityOfPage\":{\"@id\":\"https:\/\/www.pro-corp.net\/bck\/plan-de-choque\/#webpage\"},\"wordCount\":254,\"commentCount\":0,\"publisher\":{\"@id\":\"https:\/\/www.pro-corp.net\/bck\/#organization\"},\"image\":{\"@id\":\"https:\/\/www.pro-corp.net\/bck\/plan-de-choque\/#primaryimage\"},\"thumbnailUrl\":\"https:\/\/www.pro-corp.net\/bck\/wp-content\/uploads\/2021\/03\/IMG_7535-scaled.jpg\",\"articleSection\":[\"Ciudadan\u00eda europea\"],\"inLanguage\":\"es\",\"potentialAction\":[{\"@type\":\"CommentAction\",\"name\":\"Comment\",\"target\":[\"https:\/\/www.pro-corp.net\/bck\/plan-de-choque\/#respond\"]}]},{\"@type\":\"Person\",\"@id\":\"https:\/\/www.pro-corp.net\/bck\/#\/schema\/person\/d6eda375fcca981cadf1e8f102bb8966\",\"name\":\"Christian Andres\",\"image\":{\"@type\":\"ImageObject\",\"@id\":\"https:\/\/www.pro-corp.net\/bck\/#personlogo\",\"inLanguage\":\"es\",\"url\":\"https:\/\/secure.gravatar.com\/avatar\/87676f1df919f3ff761ee73fc0e15532?s=96&d=mm&r=g\",\"contentUrl\":\"https:\/\/secure.gravatar.com\/avatar\/87676f1df919f3ff761ee73fc0e15532?s=96&d=mm&r=g\",\"caption\":\"Christian Andres\"}}]}<\/script>\n<!-- \/ Yoast SEO plugin. -->","yoast_head_json":{"title":"Plan de choque del MJE para impulsar la resolucio\u0301n de expedientes de nacionalidad - Pro-corp","description":"El pasado 9 de marzo de 2021 la Subdirecci\u00f3n General de Nacionalidad del Ministerio de Justicia de Espa\u00f1a emiti\u00f3 una nota de prensa en la cual comunica a la opini\u00f3n p\u00fablica la puesta en marcha del segundo plan de choque para impulsar la resoluci\u00f3n de expedientes de nacionalidad.","robots":{"index":"index","follow":"follow","max-snippet":"max-snippet:-1","max-image-preview":"max-image-preview:large","max-video-preview":"max-video-preview:-1"},"canonical":"https:\/\/www.pro-corp.net\/bck\/plan-de-choque\/","og_locale":"es_ES","og_type":"article","og_title":"Plan de choque del MJE para impulsar la resolucio\u0301n de expedientes de nacionalidad - Pro-corp","og_description":"El pasado 9 de marzo de 2021 la Subdirecci\u00f3n General de Nacionalidad del Ministerio de Justicia de Espa\u00f1a emiti\u00f3 una nota de prensa en la cual comunica a la opini\u00f3n p\u00fablica la puesta en marcha del segundo plan de choque para impulsar la resoluci\u00f3n de expedientes de nacionalidad.","og_url":"https:\/\/www.pro-corp.net\/bck\/plan-de-choque\/","og_site_name":"Pro Corp Corporate Development","article_publisher":"https:\/\/www.facebook.com\/Pro-Corp-Asesoria-legal-y-empresarial-105779337842842\/","article_published_time":"2021-03-11T20:45:44+00:00","article_modified_time":"2021-10-25T19:58:07+00:00","og_image":[{"width":2406,"height":2560,"url":"https:\/\/www.pro-corp.net\/bck\/wp-content\/uploads\/2021\/03\/IMG_7535-scaled.jpg","type":"image\/jpeg"}],"twitter_card":"summary_large_image","twitter_creator":"@Pro_Corp","twitter_site":"@Pro_Corp","twitter_misc":{"Escrito por":"Christian Andres","Tiempo de lectura":"1 minuto"},"schema":{"@context":"https:\/\/schema.org","@graph":[{"@type":"Organization","@id":"https:\/\/www.pro-corp.net\/bck\/#organization","name":"Pro Corp Corporate Development","url":"https:\/\/www.pro-corp.net\/bck\/","sameAs":["https:\/\/www.facebook.com\/Pro-Corp-Asesoria-legal-y-empresarial-105779337842842\/","https:\/\/twitter.com\/Pro_Corp"],"logo":{"@type":"ImageObject","@id":"https:\/\/www.pro-corp.net\/bck\/#logo","inLanguage":"es","url":"http:\/\/www.pro-corp.net\/bck\/wp-content\/uploads\/2020\/06\/icon.png","contentUrl":"http:\/\/www.pro-corp.net\/bck\/wp-content\/uploads\/2020\/06\/icon.png","width":640,"height":640,"caption":"Pro Corp Corporate Development"},"image":{"@id":"https:\/\/www.pro-corp.net\/bck\/#logo"}},{"@type":"WebSite","@id":"https:\/\/www.pro-corp.net\/bck\/#website","url":"https:\/\/www.pro-corp.net\/bck\/","name":"Pro Corp Corporate Development","description":"Nacionalidad Europea por Ley Sefard\u00ed","publisher":{"@id":"https:\/\/www.pro-corp.net\/bck\/#organization"},"potentialAction":[{"@type":"SearchAction","target":{"@type":"EntryPoint","urlTemplate":"https:\/\/www.pro-corp.net\/bck\/?s={search_term_string}"},"query-input":"required name=search_term_string"}],"inLanguage":"es"},{"@type":"ImageObject","@id":"https:\/\/www.pro-corp.net\/bck\/plan-de-choque\/#primaryimage","inLanguage":"es","url":"https:\/\/www.pro-corp.net\/bck\/wp-content\/uploads\/2021\/03\/IMG_7535-scaled.jpg","contentUrl":"https:\/\/www.pro-corp.net\/bck\/wp-content\/uploads\/2021\/03\/IMG_7535-scaled.jpg","width":2406,"height":2560,"caption":"Pasaporte"},{"@type":"WebPage","@id":"https:\/\/www.pro-corp.net\/bck\/plan-de-choque\/#webpage","url":"https:\/\/www.pro-corp.net\/bck\/plan-de-choque\/","name":"Plan de choque del MJE para impulsar la resolucio\u0301n de expedientes de nacionalidad - Pro-corp","isPartOf":{"@id":"https:\/\/www.pro-corp.net\/bck\/#website"},"primaryImageOfPage":{"@id":"https:\/\/www.pro-corp.net\/bck\/plan-de-choque\/#primaryimage"},"datePublished":"2021-03-11T20:45:44+00:00","dateModified":"2021-10-25T19:58:07+00:00","description":"El pasado 9 de marzo de 2021 la Subdirecci\u00f3n General de Nacionalidad del Ministerio de Justicia de Espa\u00f1a emiti\u00f3 una nota de prensa en la cual comunica a la opini\u00f3n p\u00fablica la puesta en marcha del segundo plan de choque para impulsar la resoluci\u00f3n de expedientes de nacionalidad.","breadcrumb":{"@id":"https:\/\/www.pro-corp.net\/bck\/plan-de-choque\/#breadcrumb"},"inLanguage":"es","potentialAction":[{"@type":"ReadAction","target":["https:\/\/www.pro-corp.net\/bck\/plan-de-choque\/"]}]},{"@type":"BreadcrumbList","@id":"https:\/\/www.pro-corp.net\/bck\/plan-de-choque\/#breadcrumb","itemListElement":[{"@type":"ListItem","position":1,"name":"Plan de choque del Ministerio de Justicia de Espa\u00f1a para impulsar la resolucio\u0301n de expedientes de nacionalidad."}]},{"@type":"Article","@id":"https:\/\/www.pro-corp.net\/bck\/plan-de-choque\/#article","isPartOf":{"@id":"https:\/\/www.pro-corp.net\/bck\/plan-de-choque\/#webpage"},"author":{"@id":"https:\/\/www.pro-corp.net\/bck\/#\/schema\/person\/d6eda375fcca981cadf1e8f102bb8966"},"headline":"Plan de choque del Ministerio de Justicia de Espa\u00f1a para impulsar la resolucio\u0301n de expedientes de nacionalidad.","datePublished":"2021-03-11T20:45:44+00:00","dateModified":"2021-10-25T19:58:07+00:00","mainEntityOfPage":{"@id":"https:\/\/www.pro-corp.net\/bck\/plan-de-choque\/#webpage"},"wordCount":254,"commentCount":0,"publisher":{"@id":"https:\/\/www.pro-corp.net\/bck\/#organization"},"image":{"@id":"https:\/\/www.pro-corp.net\/bck\/plan-de-choque\/#primaryimage"},"thumbnailUrl":"https:\/\/www.pro-corp.net\/bck\/wp-content\/uploads\/2021\/03\/IMG_7535-scaled.jpg","articleSection":["Ciudadan\u00eda europea"],"inLanguage":"es","potentialAction":[{"@type":"CommentAction","name":"Comment","target":["https:\/\/www.pro-corp.net\/bck\/plan-de-choque\/#respond"]}]},{"@type":"Person","@id":"https:\/\/www.pro-corp.net\/bck\/#\/schema\/person\/d6eda375fcca981cadf1e8f102bb8966","name":"Christian Andres","image":{"@type":"ImageObject","@id":"https:\/\/www.pro-corp.net\/bck\/#personlogo","inLanguage":"es","url":"https:\/\/secure.gravatar.com\/avatar\/87676f1df919f3ff761ee73fc0e15532?s=96&d=mm&r=g","contentUrl":"https:\/\/secure.gravatar.com\/avatar\/87676f1df919f3ff761ee73fc0e15532?s=96&d=mm&r=g","caption":"Christian Andres"}}]}},"_links":{"self":[{"href":"https:\/\/www.pro-corp.net\/bck\/wp-json\/wp\/v2\/posts\/6743"}],"collection":[{"href":"https:\/\/www.pro-corp.net\/bck\/wp-json\/wp\/v2\/posts"}],"about":[{"href":"https:\/\/www.pro-corp.net\/bck\/wp-json\/wp\/v2\/types\/post"}],"author":[{"embeddable":true,"href":"https:\/\/www.pro-corp.net\/bck\/wp-json\/wp\/v2\/users\/1656"}],"replies":[{"embeddable":true,"href":"https:\/\/www.pro-corp.net\/bck\/wp-json\/wp\/v2\/comments?post=6743"}],"version-history":[{"count":2,"href":"https:\/\/www.pro-corp.net\/bck\/wp-json\/wp\/v2\/posts\/6743\/revisions"}],"predecessor-version":[{"id":6748,"href":"https:\/\/www.pro-corp.net\/bck\/wp-json\/wp\/v2\/posts\/6743\/revisions\/6748"}],"wp:featuredmedia":[{"embeddable":true,"href":"https:\/\/www.pro-corp.net\/bck\/wp-json\/wp\/v2\/media\/6745"}],"wp:attachment":[{"href":"https:\/\/www.pro-corp.net\/bck\/wp-json\/wp\/v2\/media?parent=6743"}],"wp:term":[{"taxonomy":"category","embeddable":true,"href":"https:\/\/www.pro-corp.net\/bck\/wp-json\/wp\/v2\/categories?post=6743"},{"taxonomy":"post_tag","embeddable":true,"href":"https:\/\/www.pro-corp.net\/bck\/wp-json\/wp\/v2\/tags?post=6743"}],"curies":[{"name":"wp","href":"https:\/\/api.w.org\/{rel}","templated":true}]}}