{"id":6768,"date":"2021-03-29T04:00:00","date_gmt":"2021-03-29T09:00:00","guid":{"rendered":"http:\/\/www.pro-corp.net\/bck\/?p=6768"},"modified":"2021-09-27T09:55:06","modified_gmt":"2021-09-27T14:55:06","slug":"viajar-por-europa","status":"publish","type":"post","link":"https:\/\/www.pro-corp.net\/bck\/viajar-por-europa\/","title":{"rendered":"Conoce cu\u00e1l pasaporte debes llevar al viajar por Europa"},"content":{"rendered":"<p>Si deseas <strong>viajar por Europa<\/strong>, posees doble nacionalidad, pero desconoces qu\u00e9 pasaporte usar, has llegado al lugar indicado. Supongamos que por <a href=\"http:\/\/www.pro-corp.net\/bck\/naturalizacion\/\">naturalizaci\u00f3n<\/a> cuentas con la <a href=\"http:\/\/www.pro-corp.net\/bck\/ciudadania-y-nacionalidad\/\">ciudadan\u00eda y nacionalidad<\/a> de un pa\u00eds de la Uni\u00f3n Europea (UE) como la espa\u00f1ola o la portuguesa y, a su vez, la de alg\u00fan pa\u00eds de Am\u00e9rica Latina. Esto significa que eres ciudadano de ambos pa\u00edses.<\/p>\n<p>Si este es tu caso, debes saber que tienes derechos legales con estas naciones. Adem\u00e1s de que puedes obtener ciertos beneficios. Entre ellos, el tr\u00e1nsito sin complicaciones en ciertos territorios de Europa.<\/p>\n<h2>\u00bfQu\u00e9 documentaci\u00f3n exigen para viajar por Europa?<\/h2>\n<p>Al momento de <strong>viajar por Europa<\/strong> debes contar con toda la documentaci\u00f3n necesaria. Si posees la doble nacionalidad espa\u00f1ola o portuguesa y quieres viajar entre pa\u00edses de la <a href=\"http:\/\/www.pro-corp.net\/bck\/zona-schengen\/\">zona Schengen<\/a>, solo necesitas presentar el documento de identidad o el pasaporte europeo.<\/p>\n<p>Para nacionales de Am\u00e9rica Latina, generalmente los funcionarios de fronteras pueden solicitar varios documentos. Por ejemplo, el pasaporte y, posiblemente, el visado. Seg\u00fan el sitio web oficial de la <a href=\"https:\/\/europa.eu\/european-union\/index_es\" target=\"_blank\" rel=\"noopener\">Uni\u00f3n Europea<\/a> (2021), estos son otros requisitos esenciales que deber\u00e1n portar:<\/p>\n<ul>\n<li>Carta de invitaci\u00f3n.<\/li>\n<li>Prueba de alojamiento.<\/li>\n<li>Pasaje a\u00e9reo de retorno.<\/li>\n<li>Seguro m\u00e9dico internacional vigente.<\/li>\n<li>Comprobante de ingresos financieros.<\/li>\n<\/ul>\n<h2>\u00bfCu\u00e1l pasaporte usar para viajar por Europa si tienes doble nacionalidad?<\/h2>\n<p>Uno de los primeros aspectos que debes tener en cuenta es que al salir de tu pa\u00eds de origen o residencia habitual hacia Europa, siempre debes presentar tu pasaporte. Sin embargo, si tienes la doble nacionalidad espa\u00f1ola o portuguesa, al momento de viajar te recomendamos que presentes el europeo.<\/p>\n<p>As\u00ed podr\u00e1s gozar de la plena libertad de recorrer cualquiera de los pa\u00edses de la Uni\u00f3n Europea. Esto, sin necesidad de un visado o de que debas presentar varios documentos. Otras ventajas de utilizar este tipo de pasaporte, si te encuentras en otro pa\u00eds de la UE de forma temporal, son:<\/p>\n<ul>\n<li>Tienes derecho a asistencia m\u00e9dica gracias a la <a href=\"https:\/\/ec.europa.eu\/spain\/news\/health-card_es\" target=\"_blank\" rel=\"noopener\">Tarjeta Sanitaria Europea<\/a>.<\/li>\n<li>Obtendr\u00e1s protecci\u00f3n consular ante la p\u00e9rdida de documentaci\u00f3n y ayuda ante un robo o accidente.<\/li>\n<\/ul>\n<h3>Recomendaciones al viajar por Europa<\/h3>\n<p>Antes de <strong>viajar por Europa<\/strong>, te recomendamos lo siguiente:<\/p>\n<ul>\n<li>Escoge bien la temporada del viaje.<\/li>\n<li>Compra tu boleto de avi\u00f3n con anticipaci\u00f3n.<\/li>\n<li>Determina el tiempo que te quedar\u00e1s.<\/li>\n<li>Planea los lugares que quieres conocer.<\/li>\n<li>Asegura tu lugar de estad\u00eda.<\/li>\n<li>Averigua los medios de transporte disponibles.<\/li>\n<li>Planifica tu presupuesto diario.<\/li>\n<li>Mant\u00e9n tus documentos en orden.<\/li>\n<li>Siempre cumple con todos los requisitos de las autoridades.<\/li>\n<\/ul>\n<p>Sin duda, contar con un pasaporte espa\u00f1ol o portugu\u00e9s representa un sinn\u00famero de ventajas. Este te dar\u00e1 m\u00e1s libertad de tr\u00e1nsito y un significativo ahorro en costes para tramitar la documentaci\u00f3n cuando se trata de<strong> viajar por Europa<\/strong>.<\/p>\n<p>Si ya sabes qu\u00e9 pasaporte utilizar si tienes la doble nacionalidad espa\u00f1ola o portuguesa, no dudes en comenzar a planificar tu viaje. Cont\u00e1ctanos para mayor orientaci\u00f3n.<\/p>\n\n\n<div class=\"wp-container-69f1919eecf3e wp-block-buttons is-content-justification-center\">\n<div class=\"wp-block-button is-style-fill\"><a class=\"wp-block-button__link has-white-color has-text-color has-background\" href=\"http:\/\/www.pro-corp.net\/bck\/asesoria\/\" style=\"border-radius:2px;background-color:#b70000\" target=\"_blank\" rel=\"noopener\">Empieza tu estudio de investigaci\u00f3n geneal\u00f3gica ac\u00e1<\/a><\/div>\n<\/div>\n","protected":false},"excerpt":{"rendered":"<p>Si deseas viajar por Europa, posees doble nacionalidad, pero desconoces qu\u00e9 pasaporte usar, has llegado al lugar indicado. Supongamos que por naturalizaci\u00f3n cuentas con la ciudadan\u00eda y nacionalidad de un pa\u00eds de la Uni\u00f3n Europea (UE) como la espa\u00f1ola o la portuguesa y, a su vez, la de alg\u00fan pa\u00eds de Am\u00e9rica Latina. Esto significa [&hellip;]<\/p>\n","protected":false},"author":1656,"featured_media":6769,"comment_status":"open","ping_status":"open","sticky":false,"template":"","format":"standard","meta":[],"categories":[56],"tags":[128,107,127],"yoast_head":"<!-- This site is optimized with the Yoast SEO plugin v18.2 - https:\/\/yoast.com\/wordpress\/plugins\/seo\/ -->\n<title>Viajar por Europa: conoce con cu\u00e1l pasaporte puedes hacerlo - Pro-corp<\/title>\n<meta name=\"description\" content=\"Si est\u00e1s planeando viajar por Europa y posees doble nacionalidad espa\u00f1ola o portuguesa, a continuaci\u00f3n te contamos cu\u00e1l es el pasaporte que debes utilizar.\" \/>\n<meta name=\"robots\" content=\"index, follow, max-snippet:-1, max-image-preview:large, max-video-preview:-1\" \/>\n<link rel=\"canonical\" href=\"https:\/\/www.pro-corp.net\/bck\/viajar-por-europa\/\" \/>\n<meta property=\"og:locale\" content=\"es_ES\" \/>\n<meta property=\"og:type\" content=\"article\" \/>\n<meta property=\"og:title\" content=\"Viajar por Europa: conoce con cu\u00e1l pasaporte puedes hacerlo - Pro-corp\" \/>\n<meta property=\"og:description\" content=\"Si est\u00e1s planeando viajar por Europa y posees doble nacionalidad espa\u00f1ola o portuguesa, a continuaci\u00f3n te contamos cu\u00e1l es el pasaporte que debes utilizar.\" \/>\n<meta property=\"og:url\" content=\"https:\/\/www.pro-corp.net\/bck\/viajar-por-europa\/\" \/>\n<meta property=\"og:site_name\" content=\"Pro Corp Corporate Development\" \/>\n<meta property=\"article:publisher\" content=\"https:\/\/www.facebook.com\/Pro-Corp-Asesoria-legal-y-empresarial-105779337842842\/\" \/>\n<meta property=\"article:published_time\" content=\"2021-03-29T09:00:00+00:00\" \/>\n<meta property=\"article:modified_time\" content=\"2021-09-27T14:55:06+00:00\" \/>\n<meta property=\"og:image\" content=\"https:\/\/www.pro-corp.net\/bck\/wp-content\/uploads\/2021\/03\/2.-Feb-Viajar-por-Europa-\u00bfcual-pasaporte-es-mas-recomendable-usar-si-tienes-doble-nacionalidad-scaled.jpg\" \/>\n\t<meta property=\"og:image:width\" content=\"2560\" \/>\n\t<meta property=\"og:image:height\" content=\"1707\" \/>\n\t<meta property=\"og:image:type\" content=\"image\/jpeg\" \/>\n<meta name=\"twitter:card\" content=\"summary_large_image\" \/>\n<meta name=\"twitter:creator\" content=\"@Pro_Corp\" \/>\n<meta name=\"twitter:site\" content=\"@Pro_Corp\" \/>\n<meta name=\"twitter:label1\" content=\"Escrito por\" \/>\n\t<meta name=\"twitter:data1\" content=\"Christian Andres\" \/>\n\t<meta name=\"twitter:label2\" content=\"Tiempo de lectura\" \/>\n\t<meta name=\"twitter:data2\" content=\"3 minutos\" \/>\n<script type=\"application\/ld+json\" class=\"yoast-schema-graph\">{\"@context\":\"https:\/\/schema.org\",\"@graph\":[{\"@type\":\"Organization\",\"@id\":\"https:\/\/www.pro-corp.net\/bck\/#organization\",\"name\":\"Pro Corp Corporate Development\",\"url\":\"https:\/\/www.pro-corp.net\/bck\/\",\"sameAs\":[\"https:\/\/www.facebook.com\/Pro-Corp-Asesoria-legal-y-empresarial-105779337842842\/\",\"https:\/\/twitter.com\/Pro_Corp\"],\"logo\":{\"@type\":\"ImageObject\",\"@id\":\"https:\/\/www.pro-corp.net\/bck\/#logo\",\"inLanguage\":\"es\",\"url\":\"http:\/\/www.pro-corp.net\/bck\/wp-content\/uploads\/2020\/06\/icon.png\",\"contentUrl\":\"http:\/\/www.pro-corp.net\/bck\/wp-content\/uploads\/2020\/06\/icon.png\",\"width\":640,\"height\":640,\"caption\":\"Pro Corp Corporate Development\"},\"image\":{\"@id\":\"https:\/\/www.pro-corp.net\/bck\/#logo\"}},{\"@type\":\"WebSite\",\"@id\":\"https:\/\/www.pro-corp.net\/bck\/#website\",\"url\":\"https:\/\/www.pro-corp.net\/bck\/\",\"name\":\"Pro Corp Corporate Development\",\"description\":\"Nacionalidad Europea por Ley Sefard\u00ed\",\"publisher\":{\"@id\":\"https:\/\/www.pro-corp.net\/bck\/#organization\"},\"potentialAction\":[{\"@type\":\"SearchAction\",\"target\":{\"@type\":\"EntryPoint\",\"urlTemplate\":\"https:\/\/www.pro-corp.net\/bck\/?s={search_term_string}\"},\"query-input\":\"required name=search_term_string\"}],\"inLanguage\":\"es\"},{\"@type\":\"ImageObject\",\"@id\":\"https:\/\/www.pro-corp.net\/bck\/viajar-por-europa\/#primaryimage\",\"inLanguage\":\"es\",\"url\":\"https:\/\/www.pro-corp.net\/bck\/wp-content\/uploads\/2021\/03\/2.-Feb-Viajar-por-Europa-\u00bfcual-pasaporte-es-mas-recomendable-usar-si-tienes-doble-nacionalidad-scaled.jpg\",\"contentUrl\":\"https:\/\/www.pro-corp.net\/bck\/wp-content\/uploads\/2021\/03\/2.-Feb-Viajar-por-Europa-\u00bfcual-pasaporte-es-mas-recomendable-usar-si-tienes-doble-nacionalidad-scaled.jpg\",\"width\":2560,\"height\":1707,\"caption\":\"Si est\u00e1s planeando viajar por Europa y posees doble nacionalidad espa\u00f1ola o portuguesa, a continuaci\u00f3n te contamos cu\u00e1l es el pasaporte que debes utilizar.\"},{\"@type\":\"WebPage\",\"@id\":\"https:\/\/www.pro-corp.net\/bck\/viajar-por-europa\/#webpage\",\"url\":\"https:\/\/www.pro-corp.net\/bck\/viajar-por-europa\/\",\"name\":\"Viajar por Europa: conoce con cu\u00e1l pasaporte puedes hacerlo - Pro-corp\",\"isPartOf\":{\"@id\":\"https:\/\/www.pro-corp.net\/bck\/#website\"},\"primaryImageOfPage\":{\"@id\":\"https:\/\/www.pro-corp.net\/bck\/viajar-por-europa\/#primaryimage\"},\"datePublished\":\"2021-03-29T09:00:00+00:00\",\"dateModified\":\"2021-09-27T14:55:06+00:00\",\"description\":\"Si est\u00e1s planeando viajar por Europa y posees doble nacionalidad espa\u00f1ola o portuguesa, a continuaci\u00f3n te contamos cu\u00e1l es el pasaporte que debes utilizar.\",\"breadcrumb\":{\"@id\":\"https:\/\/www.pro-corp.net\/bck\/viajar-por-europa\/#breadcrumb\"},\"inLanguage\":\"es\",\"potentialAction\":[{\"@type\":\"ReadAction\",\"target\":[\"https:\/\/www.pro-corp.net\/bck\/viajar-por-europa\/\"]}]},{\"@type\":\"BreadcrumbList\",\"@id\":\"https:\/\/www.pro-corp.net\/bck\/viajar-por-europa\/#breadcrumb\",\"itemListElement\":[{\"@type\":\"ListItem\",\"position\":1,\"name\":\"Conoce cu\u00e1l pasaporte debes llevar al viajar por Europa\"}]},{\"@type\":\"Article\",\"@id\":\"https:\/\/www.pro-corp.net\/bck\/viajar-por-europa\/#article\",\"isPartOf\":{\"@id\":\"https:\/\/www.pro-corp.net\/bck\/viajar-por-europa\/#webpage\"},\"author\":{\"@id\":\"https:\/\/www.pro-corp.net\/bck\/#\/schema\/person\/d6eda375fcca981cadf1e8f102bb8966\"},\"headline\":\"Conoce cu\u00e1l pasaporte debes llevar al viajar por Europa\",\"datePublished\":\"2021-03-29T09:00:00+00:00\",\"dateModified\":\"2021-09-27T14:55:06+00:00\",\"mainEntityOfPage\":{\"@id\":\"https:\/\/www.pro-corp.net\/bck\/viajar-por-europa\/#webpage\"},\"wordCount\":525,\"commentCount\":0,\"publisher\":{\"@id\":\"https:\/\/www.pro-corp.net\/bck\/#organization\"},\"image\":{\"@id\":\"https:\/\/www.pro-corp.net\/bck\/viajar-por-europa\/#primaryimage\"},\"thumbnailUrl\":\"https:\/\/www.pro-corp.net\/bck\/wp-content\/uploads\/2021\/03\/2.-Feb-Viajar-por-Europa-\u00bfcual-pasaporte-es-mas-recomendable-usar-si-tienes-doble-nacionalidad-scaled.jpg\",\"keywords\":[\"ciudadan\u00eda y nacionalidad.\",\"naturalizaci\u00f3n\",\"zona Schengen\"],\"articleSection\":[\"Ciudadan\u00eda europea\"],\"inLanguage\":\"es\",\"potentialAction\":[{\"@type\":\"CommentAction\",\"name\":\"Comment\",\"target\":[\"https:\/\/www.pro-corp.net\/bck\/viajar-por-europa\/#respond\"]}]},{\"@type\":\"Person\",\"@id\":\"https:\/\/www.pro-corp.net\/bck\/#\/schema\/person\/d6eda375fcca981cadf1e8f102bb8966\",\"name\":\"Christian Andres\",\"image\":{\"@type\":\"ImageObject\",\"@id\":\"https:\/\/www.pro-corp.net\/bck\/#personlogo\",\"inLanguage\":\"es\",\"url\":\"https:\/\/secure.gravatar.com\/avatar\/87676f1df919f3ff761ee73fc0e15532?s=96&d=mm&r=g\",\"contentUrl\":\"https:\/\/secure.gravatar.com\/avatar\/87676f1df919f3ff761ee73fc0e15532?s=96&d=mm&r=g\",\"caption\":\"Christian Andres\"}}]}<\/script>\n<!-- \/ Yoast SEO plugin. -->","yoast_head_json":{"title":"Viajar por Europa: conoce con cu\u00e1l pasaporte puedes hacerlo - Pro-corp","description":"Si est\u00e1s planeando viajar por Europa y posees doble nacionalidad espa\u00f1ola o portuguesa, a continuaci\u00f3n te contamos cu\u00e1l es el pasaporte que debes utilizar.","robots":{"index":"index","follow":"follow","max-snippet":"max-snippet:-1","max-image-preview":"max-image-preview:large","max-video-preview":"max-video-preview:-1"},"canonical":"https:\/\/www.pro-corp.net\/bck\/viajar-por-europa\/","og_locale":"es_ES","og_type":"article","og_title":"Viajar por Europa: conoce con cu\u00e1l pasaporte puedes hacerlo - Pro-corp","og_description":"Si est\u00e1s planeando viajar por Europa y posees doble nacionalidad espa\u00f1ola o portuguesa, a continuaci\u00f3n te contamos cu\u00e1l es el pasaporte que debes utilizar.","og_url":"https:\/\/www.pro-corp.net\/bck\/viajar-por-europa\/","og_site_name":"Pro Corp Corporate Development","article_publisher":"https:\/\/www.facebook.com\/Pro-Corp-Asesoria-legal-y-empresarial-105779337842842\/","article_published_time":"2021-03-29T09:00:00+00:00","article_modified_time":"2021-09-27T14:55:06+00:00","og_image":[{"width":2560,"height":1707,"url":"https:\/\/www.pro-corp.net\/bck\/wp-content\/uploads\/2021\/03\/2.-Feb-Viajar-por-Europa-\u00bfcual-pasaporte-es-mas-recomendable-usar-si-tienes-doble-nacionalidad-scaled.jpg","type":"image\/jpeg"}],"twitter_card":"summary_large_image","twitter_creator":"@Pro_Corp","twitter_site":"@Pro_Corp","twitter_misc":{"Escrito por":"Christian Andres","Tiempo de lectura":"3 minutos"},"schema":{"@context":"https:\/\/schema.org","@graph":[{"@type":"Organization","@id":"https:\/\/www.pro-corp.net\/bck\/#organization","name":"Pro Corp Corporate Development","url":"https:\/\/www.pro-corp.net\/bck\/","sameAs":["https:\/\/www.facebook.com\/Pro-Corp-Asesoria-legal-y-empresarial-105779337842842\/","https:\/\/twitter.com\/Pro_Corp"],"logo":{"@type":"ImageObject","@id":"https:\/\/www.pro-corp.net\/bck\/#logo","inLanguage":"es","url":"http:\/\/www.pro-corp.net\/bck\/wp-content\/uploads\/2020\/06\/icon.png","contentUrl":"http:\/\/www.pro-corp.net\/bck\/wp-content\/uploads\/2020\/06\/icon.png","width":640,"height":640,"caption":"Pro Corp Corporate Development"},"image":{"@id":"https:\/\/www.pro-corp.net\/bck\/#logo"}},{"@type":"WebSite","@id":"https:\/\/www.pro-corp.net\/bck\/#website","url":"https:\/\/www.pro-corp.net\/bck\/","name":"Pro Corp Corporate Development","description":"Nacionalidad Europea por Ley Sefard\u00ed","publisher":{"@id":"https:\/\/www.pro-corp.net\/bck\/#organization"},"potentialAction":[{"@type":"SearchAction","target":{"@type":"EntryPoint","urlTemplate":"https:\/\/www.pro-corp.net\/bck\/?s={search_term_string}"},"query-input":"required name=search_term_string"}],"inLanguage":"es"},{"@type":"ImageObject","@id":"https:\/\/www.pro-corp.net\/bck\/viajar-por-europa\/#primaryimage","inLanguage":"es","url":"https:\/\/www.pro-corp.net\/bck\/wp-content\/uploads\/2021\/03\/2.-Feb-Viajar-por-Europa-\u00bfcual-pasaporte-es-mas-recomendable-usar-si-tienes-doble-nacionalidad-scaled.jpg","contentUrl":"https:\/\/www.pro-corp.net\/bck\/wp-content\/uploads\/2021\/03\/2.-Feb-Viajar-por-Europa-\u00bfcual-pasaporte-es-mas-recomendable-usar-si-tienes-doble-nacionalidad-scaled.jpg","width":2560,"height":1707,"caption":"Si est\u00e1s planeando viajar por Europa y posees doble nacionalidad espa\u00f1ola o portuguesa, a continuaci\u00f3n te contamos cu\u00e1l es el pasaporte que debes utilizar."},{"@type":"WebPage","@id":"https:\/\/www.pro-corp.net\/bck\/viajar-por-europa\/#webpage","url":"https:\/\/www.pro-corp.net\/bck\/viajar-por-europa\/","name":"Viajar por Europa: conoce con cu\u00e1l pasaporte puedes hacerlo - Pro-corp","isPartOf":{"@id":"https:\/\/www.pro-corp.net\/bck\/#website"},"primaryImageOfPage":{"@id":"https:\/\/www.pro-corp.net\/bck\/viajar-por-europa\/#primaryimage"},"datePublished":"2021-03-29T09:00:00+00:00","dateModified":"2021-09-27T14:55:06+00:00","description":"Si est\u00e1s planeando viajar por Europa y posees doble nacionalidad espa\u00f1ola o portuguesa, a continuaci\u00f3n te contamos cu\u00e1l es el pasaporte que debes utilizar.","breadcrumb":{"@id":"https:\/\/www.pro-corp.net\/bck\/viajar-por-europa\/#breadcrumb"},"inLanguage":"es","potentialAction":[{"@type":"ReadAction","target":["https:\/\/www.pro-corp.net\/bck\/viajar-por-europa\/"]}]},{"@type":"BreadcrumbList","@id":"https:\/\/www.pro-corp.net\/bck\/viajar-por-europa\/#breadcrumb","itemListElement":[{"@type":"ListItem","position":1,"name":"Conoce cu\u00e1l pasaporte debes llevar al viajar por Europa"}]},{"@type":"Article","@id":"https:\/\/www.pro-corp.net\/bck\/viajar-por-europa\/#article","isPartOf":{"@id":"https:\/\/www.pro-corp.net\/bck\/viajar-por-europa\/#webpage"},"author":{"@id":"https:\/\/www.pro-corp.net\/bck\/#\/schema\/person\/d6eda375fcca981cadf1e8f102bb8966"},"headline":"Conoce cu\u00e1l pasaporte debes llevar al viajar por Europa","datePublished":"2021-03-29T09:00:00+00:00","dateModified":"2021-09-27T14:55:06+00:00","mainEntityOfPage":{"@id":"https:\/\/www.pro-corp.net\/bck\/viajar-por-europa\/#webpage"},"wordCount":525,"commentCount":0,"publisher":{"@id":"https:\/\/www.pro-corp.net\/bck\/#organization"},"image":{"@id":"https:\/\/www.pro-corp.net\/bck\/viajar-por-europa\/#primaryimage"},"thumbnailUrl":"https:\/\/www.pro-corp.net\/bck\/wp-content\/uploads\/2021\/03\/2.-Feb-Viajar-por-Europa-\u00bfcual-pasaporte-es-mas-recomendable-usar-si-tienes-doble-nacionalidad-scaled.jpg","keywords":["ciudadan\u00eda y nacionalidad.","naturalizaci\u00f3n","zona Schengen"],"articleSection":["Ciudadan\u00eda europea"],"inLanguage":"es","potentialAction":[{"@type":"CommentAction","name":"Comment","target":["https:\/\/www.pro-corp.net\/bck\/viajar-por-europa\/#respond"]}]},{"@type":"Person","@id":"https:\/\/www.pro-corp.net\/bck\/#\/schema\/person\/d6eda375fcca981cadf1e8f102bb8966","name":"Christian Andres","image":{"@type":"ImageObject","@id":"https:\/\/www.pro-corp.net\/bck\/#personlogo","inLanguage":"es","url":"https:\/\/secure.gravatar.com\/avatar\/87676f1df919f3ff761ee73fc0e15532?s=96&d=mm&r=g","contentUrl":"https:\/\/secure.gravatar.com\/avatar\/87676f1df919f3ff761ee73fc0e15532?s=96&d=mm&r=g","caption":"Christian Andres"}}]}},"_links":{"self":[{"href":"https:\/\/www.pro-corp.net\/bck\/wp-json\/wp\/v2\/posts\/6768"}],"collection":[{"href":"https:\/\/www.pro-corp.net\/bck\/wp-json\/wp\/v2\/posts"}],"about":[{"href":"https:\/\/www.pro-corp.net\/bck\/wp-json\/wp\/v2\/types\/post"}],"author":[{"embeddable":true,"href":"https:\/\/www.pro-corp.net\/bck\/wp-json\/wp\/v2\/users\/1656"}],"replies":[{"embeddable":true,"href":"https:\/\/www.pro-corp.net\/bck\/wp-json\/wp\/v2\/comments?post=6768"}],"version-history":[{"count":3,"href":"https:\/\/www.pro-corp.net\/bck\/wp-json\/wp\/v2\/posts\/6768\/revisions"}],"predecessor-version":[{"id":7509,"href":"https:\/\/www.pro-corp.net\/bck\/wp-json\/wp\/v2\/posts\/6768\/revisions\/7509"}],"wp:featuredmedia":[{"embeddable":true,"href":"https:\/\/www.pro-corp.net\/bck\/wp-json\/wp\/v2\/media\/6769"}],"wp:attachment":[{"href":"https:\/\/www.pro-corp.net\/bck\/wp-json\/wp\/v2\/media?parent=6768"}],"wp:term":[{"taxonomy":"category","embeddable":true,"href":"https:\/\/www.pro-corp.net\/bck\/wp-json\/wp\/v2\/categories?post=6768"},{"taxonomy":"post_tag","embeddable":true,"href":"https:\/\/www.pro-corp.net\/bck\/wp-json\/wp\/v2\/tags?post=6768"}],"curies":[{"name":"wp","href":"https:\/\/api.w.org\/{rel}","templated":true}]}}