{"id":6795,"date":"2021-04-08T10:44:36","date_gmt":"2021-04-08T15:44:36","guid":{"rendered":"http:\/\/www.pro-corp.net\/bck\/?p=6795"},"modified":"2021-09-27T09:55:15","modified_gmt":"2021-09-27T14:55:15","slug":"visa-golden","status":"publish","type":"post","link":"https:\/\/www.pro-corp.net\/bck\/visa-golden\/","title":{"rendered":"Visa Golden: conoce si puedes aplicar y c\u00f3mo obtenerla"},"content":{"rendered":"<p>\u00bfTe has preguntado si es posible obtener la <a href=\"http:\/\/www.pro-corp.net\/bck\/ciudadania-espanola\/\">ciudadan\u00eda espa\u00f1ola<\/a> o portuguesa siendo latinoamericano? La respuesta es s\u00ed y esto es gracias a la <strong>Visa<\/strong> <strong>Golden<\/strong>. Este es un programa de residencia a trav\u00e9s de inversi\u00f3n, cuyo principal beneficio es que te permite vivir, trabajar y estudiar en Espa\u00f1a o Portugal. Al cabo de cinco a\u00f1os en el caso de Portugal, o 10 a\u00f1os en el caso de Espa\u00f1a, puedes decidir obtener la ciudadan\u00eda.<\/p>\n<p>Adicional a esto, te permite transitar libremente dentro del <a href=\"https:\/\/www.schengenvisainfo.com\/es\/schengen-paises\/\" target=\"_blank\" rel=\"noopener\">espacio Schengen<\/a>. Adem\u00e1s de extender estos beneficios a tu c\u00f3nyuge e hijos menores de 18 a\u00f1os o dependientes econ\u00f3micamente del inversor y que no hayan establecido su unidad familiar. Tambi\u00e9n pueden obtener la residencia en calidad de acompa\u00f1antes padres menores de 65 a\u00f1os. Para aplicar a esta visa no debes ser europeo, solo necesitas:<\/p>\n<ul>\n<li>Ser mayor de edad.<\/li>\n<li>No tener <a href=\"http:\/\/www.pro-corp.net\/bck\/antecedentes-penales-y-judiciales\/\">antecedentes penales y judiciales<\/a>.<\/li>\n<li>Tener los fondos para la inversi\u00f3n.<\/li>\n<\/ul>\n<h2>\u00bfCu\u00e1nto debo invertir para obtener la <strong>Visa Golden<\/strong>?<\/h2>\n<p>Las formas y los montos de inversi\u00f3n son diferentes en Espa\u00f1a y Portugal. El m\u00ednimo de inversi\u00f3n en Portugal es 250.000\u20ac. Mientras tanto, en Espa\u00f1a es de 500.000\u20ac. Revisemos ahora las v\u00edas de inversi\u00f3n en cada pa\u00eds para obtener la <strong>Visa<\/strong> <strong>Golden<\/strong>:<\/p>\n<h3>Inversiones en Espa\u00f1a para obtener la <strong>Visa Golden<\/strong><\/h3>\n<ol>\n<li>Adquisici\u00f3n de bienes inmuebles. La <a href=\"https:\/\/cincodias.elpais.com\/cincodias\/2020\/09\/08\/economia\/1599572107_495417.html\" target=\"_blank\" rel=\"noopener\">inversi\u00f3n<\/a> debe ser igual o superior a 500.000\u20ac.<\/li>\n<li>Inversi\u00f3n de capitales. Si la inversi\u00f3n se realiza a t\u00edtulos de la deuda p\u00fablica espa\u00f1ola, el valor debe ser igual o superior a 2.000.000\u20ac.<\/li>\n<li>Inversi\u00f3n en acciones o participaciones sociales de empresas espa\u00f1olas, o dep\u00f3sitos bancarios en entidades financieras espa\u00f1olas. El monto m\u00ednimo es 1.000.000\u20ac (Ministerio de Asuntos Exteriores, Uni\u00f3n Europea y Cooperaci\u00f3n, s.f.).<\/li>\n<\/ol>\n<p>Obtener la <strong>Visa<\/strong> <strong>Golden <\/strong>te dar\u00e1 la opci\u00f3n de pedir la <a href=\"http:\/\/www.pro-corp.net\/bck\/ciudadania-espanola\/\">ciudadan\u00eda espa\u00f1ola<\/a>. Para ello, deber\u00e1s tener 10 a\u00f1os residiendo en Espa\u00f1a y presentar el certificado de antecedentes penales y judiciales.<\/p>\n<h3>Inversiones en Portugal para obtener la <strong>Visa Golden<\/strong><\/h3>\n<ol>\n<li>Adquisici\u00f3n de bienes inmuebles. El monto de inversi\u00f3n m\u00ednimo es de 500.000\u20ac. Si la propiedad tiene m\u00e1s de 30 a\u00f1os de construida o se encuentra ubicada en una zona de rehabilitaci\u00f3n urbana, la inversi\u00f3n m\u00ednima es de 350.000\u20ac.<\/li>\n<li>Creaci\u00f3n de una empresa. La empresa debe generar al menos 10 empleos a tiempo completo.<\/li>\n<li>Transferencia de capitales:<\/li>\n<\/ol>\n<ul>\n<li>Son 350.000\u20ac en inversi\u00f3n para actividades de investigaci\u00f3n y desarrollo cient\u00edfico en empresas p\u00fablicas o privadas.<\/li>\n<li>000\u20ac para invertir en la producci\u00f3n, apoyo o reconstrucci\u00f3n de actividades art\u00edsticas, culturales o de herencia nacional.<\/li>\n<li>000\u20ac para destinar a participaciones en fondos de inversi\u00f3n o capital de riesgo para la capitalizaci\u00f3n de empresas.<\/li>\n<li>Y 350.000\u20ac para establecer una sociedad comercial en el territorio nacional, combinado con la creaci\u00f3n de cinco puestos de trabajo permanentes. O para el refuerzo de una sociedad mercantil ya existente que genere o mantenga m\u00ednimo cinco puestos de trabajo permanentes (SEF, s.f.).<\/li>\n<\/ul>\n<p>Aqu\u00ed, la forma m\u00e1s popular de inversi\u00f3n para obtener la <strong>Visa<\/strong> <strong>Golden <\/strong>es la adquisici\u00f3n de inmuebles. Seguido por la transferencia de capital (Ministerio de Industria, Comercio y Turismo, 2020).<\/p>\n<p>Para obtener la ciudadan\u00eda portuguesa luego de ser beneficiario de la <strong>Visa<\/strong> <strong>Golden<\/strong>, los <a href=\"https:\/\/www.portugalglobal.pt\/EN\/General\/Documents\/ARI_Castelhano.pdf\" target=\"_blank\" rel=\"noopener\">requisitos<\/a> son m\u00e1s sencillos. Se requieren cinco a\u00f1os residiendo en Portugal y presentar el certificado de antecedentes penales y judiciales.<\/p>\n<h2><strong>Visa Golden<\/strong>: una puerta de entrada a Europa en tres sencillos pasos<\/h2>\n<p>Si est\u00e1s pensando solicitar la <strong>Visa<\/strong> <strong>Golden<\/strong>, ten en cuenta estas recomendaciones:<\/p>\n<ul>\n<li>Analiza y decide qu\u00e9 tipo de inversi\u00f3n quieres realizar. Muchas personas se decantan por la compra de un inmueble. Sin embargo, en tu caso quiz\u00e1s prefieras transferir capital a un negocio. En cualquiera de los dos casos, busca asesor\u00eda para que hagas una inversi\u00f3n segura y con la que tambi\u00e9n puedas hacer la solicitud de la <strong>Visa<\/strong><\/li>\n<li>Organiza todos tus documentos para que puedas hacer la solicitud sin retrasos innecesarios. Verifica la vigencia de tu pasaporte, tramita tus antecedentes penales y judiciales, certificados bancarios y\/o de impuestos, entre otros. Igualmente, aseg\u00farate de legalizar todos tus documentos con la <a href=\"http:\/\/www.pro-corp.net\/bck\/apostilla-de-la-haya\/\">apostilla de La Haya<\/a> para que sean v\u00e1lidos ante el ente migratorio.<\/li>\n<li>El tiempo de espera una vez realizas la solicitud de la <strong>Visa<\/strong> <strong>Golden<\/strong>, luego de haber hecho la inversi\u00f3n, suele ser de aproximadamente seis o siete meses. Utiliza este tiempo para investigar m\u00e1s sobre el pa\u00eds al que llegar\u00e1s. Averigua las opciones que hay para ti y tu familia. De esta forma, la transici\u00f3n y adaptaci\u00f3n ser\u00e1 mucho m\u00e1s f\u00e1cil.<\/li>\n<\/ul>\n<p>Invertir es una forma de asegurar un futuro financiero mucho m\u00e1s tranquilo. Hacerlo en Espa\u00f1a o Portugal tambi\u00e9n te ofrece el beneficio de acceder libremente al continente europeo, vivir diferentes culturas y disfrutar nuevas experiencias.<\/p>\n\n\n<div class=\"wp-container-69f18ea499621 wp-block-buttons is-content-justification-center\">\n<div class=\"wp-block-button is-style-fill\"><a class=\"wp-block-button__link has-white-color has-text-color has-background\" href=\"http:\/\/www.pro-corp.net\/bck\/asesoria\/\" style=\"border-radius:2px;background-color:#b70000\" target=\"_blank\" rel=\"noopener\">Empieza tu estudio de investigaci\u00f3n geneal\u00f3gica ac\u00e1<\/a><\/div>\n<\/div>\n","protected":false},"excerpt":{"rendered":"<p>\u00bfTe has preguntado si es posible obtener la ciudadan\u00eda espa\u00f1ola o portuguesa siendo latinoamericano? La respuesta es s\u00ed y esto es gracias a la Visa Golden. Este es un programa de residencia a trav\u00e9s de inversi\u00f3n, cuyo principal beneficio es que te permite vivir, trabajar y estudiar en Espa\u00f1a o Portugal. Al cabo de cinco [&hellip;]<\/p>\n","protected":false},"author":1656,"featured_media":6796,"comment_status":"open","ping_status":"open","sticky":false,"template":"","format":"standard","meta":[],"categories":[56],"tags":[125,113,97],"yoast_head":"<!-- This site is optimized with the Yoast SEO plugin v18.2 - https:\/\/yoast.com\/wordpress\/plugins\/seo\/ -->\n<title>Visa Golden: una puerta hacia la ciudadan\u00eda europea - Pro-corp<\/title>\n<meta name=\"description\" content=\"Obtener la ciudadan\u00eda espa\u00f1ola o portuguesa es una opci\u00f3n para los latinos a trav\u00e9s de la Visa Golden. Conoce qu\u00e9 requisitos cumplir para tramitarla.\" \/>\n<meta name=\"robots\" content=\"index, follow, max-snippet:-1, max-image-preview:large, max-video-preview:-1\" \/>\n<link rel=\"canonical\" href=\"https:\/\/www.pro-corp.net\/bck\/visa-golden\/\" \/>\n<meta property=\"og:locale\" content=\"es_ES\" \/>\n<meta property=\"og:type\" content=\"article\" \/>\n<meta property=\"og:title\" content=\"Visa Golden: una puerta hacia la ciudadan\u00eda europea - Pro-corp\" \/>\n<meta property=\"og:description\" content=\"Obtener la ciudadan\u00eda espa\u00f1ola o portuguesa es una opci\u00f3n para los latinos a trav\u00e9s de la Visa Golden. Conoce qu\u00e9 requisitos cumplir para tramitarla.\" \/>\n<meta property=\"og:url\" content=\"https:\/\/www.pro-corp.net\/bck\/visa-golden\/\" \/>\n<meta property=\"og:site_name\" content=\"Pro Corp Corporate Development\" \/>\n<meta property=\"article:publisher\" content=\"https:\/\/www.facebook.com\/Pro-Corp-Asesoria-legal-y-empresarial-105779337842842\/\" \/>\n<meta property=\"article:published_time\" content=\"2021-04-08T15:44:36+00:00\" \/>\n<meta property=\"article:modified_time\" content=\"2021-09-27T14:55:15+00:00\" \/>\n<meta property=\"og:image\" content=\"https:\/\/www.pro-corp.net\/bck\/wp-content\/uploads\/2021\/04\/6.-Mar-Quien-puede-aplicar-a-una-Visa-Golden-y-en-que-casos-es-necesaria-scaled.jpg\" \/>\n\t<meta property=\"og:image:width\" content=\"2560\" \/>\n\t<meta property=\"og:image:height\" content=\"1707\" \/>\n\t<meta property=\"og:image:type\" content=\"image\/jpeg\" \/>\n<meta name=\"twitter:card\" content=\"summary_large_image\" \/>\n<meta name=\"twitter:creator\" content=\"@Pro_Corp\" \/>\n<meta name=\"twitter:site\" content=\"@Pro_Corp\" \/>\n<meta name=\"twitter:label1\" content=\"Escrito por\" \/>\n\t<meta name=\"twitter:data1\" content=\"Christian Andres\" \/>\n\t<meta name=\"twitter:label2\" content=\"Tiempo de lectura\" \/>\n\t<meta name=\"twitter:data2\" content=\"4 minutos\" \/>\n<script type=\"application\/ld+json\" class=\"yoast-schema-graph\">{\"@context\":\"https:\/\/schema.org\",\"@graph\":[{\"@type\":\"Organization\",\"@id\":\"https:\/\/www.pro-corp.net\/bck\/#organization\",\"name\":\"Pro Corp Corporate Development\",\"url\":\"https:\/\/www.pro-corp.net\/bck\/\",\"sameAs\":[\"https:\/\/www.facebook.com\/Pro-Corp-Asesoria-legal-y-empresarial-105779337842842\/\",\"https:\/\/twitter.com\/Pro_Corp\"],\"logo\":{\"@type\":\"ImageObject\",\"@id\":\"https:\/\/www.pro-corp.net\/bck\/#logo\",\"inLanguage\":\"es\",\"url\":\"http:\/\/www.pro-corp.net\/bck\/wp-content\/uploads\/2020\/06\/icon.png\",\"contentUrl\":\"http:\/\/www.pro-corp.net\/bck\/wp-content\/uploads\/2020\/06\/icon.png\",\"width\":640,\"height\":640,\"caption\":\"Pro Corp Corporate Development\"},\"image\":{\"@id\":\"https:\/\/www.pro-corp.net\/bck\/#logo\"}},{\"@type\":\"WebSite\",\"@id\":\"https:\/\/www.pro-corp.net\/bck\/#website\",\"url\":\"https:\/\/www.pro-corp.net\/bck\/\",\"name\":\"Pro Corp Corporate Development\",\"description\":\"Nacionalidad Europea por Ley Sefard\u00ed\",\"publisher\":{\"@id\":\"https:\/\/www.pro-corp.net\/bck\/#organization\"},\"potentialAction\":[{\"@type\":\"SearchAction\",\"target\":{\"@type\":\"EntryPoint\",\"urlTemplate\":\"https:\/\/www.pro-corp.net\/bck\/?s={search_term_string}\"},\"query-input\":\"required name=search_term_string\"}],\"inLanguage\":\"es\"},{\"@type\":\"ImageObject\",\"@id\":\"https:\/\/www.pro-corp.net\/bck\/visa-golden\/#primaryimage\",\"inLanguage\":\"es\",\"url\":\"https:\/\/www.pro-corp.net\/bck\/wp-content\/uploads\/2021\/04\/6.-Mar-Quien-puede-aplicar-a-una-Visa-Golden-y-en-que-casos-es-necesaria-scaled.jpg\",\"contentUrl\":\"https:\/\/www.pro-corp.net\/bck\/wp-content\/uploads\/2021\/04\/6.-Mar-Quien-puede-aplicar-a-una-Visa-Golden-y-en-que-casos-es-necesaria-scaled.jpg\",\"width\":2560,\"height\":1707,\"caption\":\"Obtener la ciudadan\u00eda espa\u00f1ola o portuguesa es una opci\u00f3n para los latinos a trav\u00e9s de la Visa Golden. Conoce qu\u00e9 requisitos cumplir para tramitarla.\"},{\"@type\":\"WebPage\",\"@id\":\"https:\/\/www.pro-corp.net\/bck\/visa-golden\/#webpage\",\"url\":\"https:\/\/www.pro-corp.net\/bck\/visa-golden\/\",\"name\":\"Visa Golden: una puerta hacia la ciudadan\u00eda europea - Pro-corp\",\"isPartOf\":{\"@id\":\"https:\/\/www.pro-corp.net\/bck\/#website\"},\"primaryImageOfPage\":{\"@id\":\"https:\/\/www.pro-corp.net\/bck\/visa-golden\/#primaryimage\"},\"datePublished\":\"2021-04-08T15:44:36+00:00\",\"dateModified\":\"2021-09-27T14:55:15+00:00\",\"description\":\"Obtener la ciudadan\u00eda espa\u00f1ola o portuguesa es una opci\u00f3n para los latinos a trav\u00e9s de la Visa Golden. Conoce qu\u00e9 requisitos cumplir para tramitarla.\",\"breadcrumb\":{\"@id\":\"https:\/\/www.pro-corp.net\/bck\/visa-golden\/#breadcrumb\"},\"inLanguage\":\"es\",\"potentialAction\":[{\"@type\":\"ReadAction\",\"target\":[\"https:\/\/www.pro-corp.net\/bck\/visa-golden\/\"]}]},{\"@type\":\"BreadcrumbList\",\"@id\":\"https:\/\/www.pro-corp.net\/bck\/visa-golden\/#breadcrumb\",\"itemListElement\":[{\"@type\":\"ListItem\",\"position\":1,\"name\":\"Visa Golden: conoce si puedes aplicar y c\u00f3mo obtenerla\"}]},{\"@type\":\"Article\",\"@id\":\"https:\/\/www.pro-corp.net\/bck\/visa-golden\/#article\",\"isPartOf\":{\"@id\":\"https:\/\/www.pro-corp.net\/bck\/visa-golden\/#webpage\"},\"author\":{\"@id\":\"https:\/\/www.pro-corp.net\/bck\/#\/schema\/person\/d6eda375fcca981cadf1e8f102bb8966\"},\"headline\":\"Visa Golden: conoce si puedes aplicar y c\u00f3mo obtenerla\",\"datePublished\":\"2021-04-08T15:44:36+00:00\",\"dateModified\":\"2021-09-27T14:55:15+00:00\",\"mainEntityOfPage\":{\"@id\":\"https:\/\/www.pro-corp.net\/bck\/visa-golden\/#webpage\"},\"wordCount\":847,\"commentCount\":0,\"publisher\":{\"@id\":\"https:\/\/www.pro-corp.net\/bck\/#organization\"},\"image\":{\"@id\":\"https:\/\/www.pro-corp.net\/bck\/visa-golden\/#primaryimage\"},\"thumbnailUrl\":\"https:\/\/www.pro-corp.net\/bck\/wp-content\/uploads\/2021\/04\/6.-Mar-Quien-puede-aplicar-a-una-Visa-Golden-y-en-que-casos-es-necesaria-scaled.jpg\",\"keywords\":[\"Antecedentes penales y judiciales.\",\"Apostilla de La Haya\",\"ciudadan\u00eda espa\u00f1ola\"],\"articleSection\":[\"Ciudadan\u00eda europea\"],\"inLanguage\":\"es\",\"potentialAction\":[{\"@type\":\"CommentAction\",\"name\":\"Comment\",\"target\":[\"https:\/\/www.pro-corp.net\/bck\/visa-golden\/#respond\"]}]},{\"@type\":\"Person\",\"@id\":\"https:\/\/www.pro-corp.net\/bck\/#\/schema\/person\/d6eda375fcca981cadf1e8f102bb8966\",\"name\":\"Christian Andres\",\"image\":{\"@type\":\"ImageObject\",\"@id\":\"https:\/\/www.pro-corp.net\/bck\/#personlogo\",\"inLanguage\":\"es\",\"url\":\"https:\/\/secure.gravatar.com\/avatar\/87676f1df919f3ff761ee73fc0e15532?s=96&d=mm&r=g\",\"contentUrl\":\"https:\/\/secure.gravatar.com\/avatar\/87676f1df919f3ff761ee73fc0e15532?s=96&d=mm&r=g\",\"caption\":\"Christian Andres\"}}]}<\/script>\n<!-- \/ Yoast SEO plugin. -->","yoast_head_json":{"title":"Visa Golden: una puerta hacia la ciudadan\u00eda europea - Pro-corp","description":"Obtener la ciudadan\u00eda espa\u00f1ola o portuguesa es una opci\u00f3n para los latinos a trav\u00e9s de la Visa Golden. Conoce qu\u00e9 requisitos cumplir para tramitarla.","robots":{"index":"index","follow":"follow","max-snippet":"max-snippet:-1","max-image-preview":"max-image-preview:large","max-video-preview":"max-video-preview:-1"},"canonical":"https:\/\/www.pro-corp.net\/bck\/visa-golden\/","og_locale":"es_ES","og_type":"article","og_title":"Visa Golden: una puerta hacia la ciudadan\u00eda europea - Pro-corp","og_description":"Obtener la ciudadan\u00eda espa\u00f1ola o portuguesa es una opci\u00f3n para los latinos a trav\u00e9s de la Visa Golden. Conoce qu\u00e9 requisitos cumplir para tramitarla.","og_url":"https:\/\/www.pro-corp.net\/bck\/visa-golden\/","og_site_name":"Pro Corp Corporate Development","article_publisher":"https:\/\/www.facebook.com\/Pro-Corp-Asesoria-legal-y-empresarial-105779337842842\/","article_published_time":"2021-04-08T15:44:36+00:00","article_modified_time":"2021-09-27T14:55:15+00:00","og_image":[{"width":2560,"height":1707,"url":"https:\/\/www.pro-corp.net\/bck\/wp-content\/uploads\/2021\/04\/6.-Mar-Quien-puede-aplicar-a-una-Visa-Golden-y-en-que-casos-es-necesaria-scaled.jpg","type":"image\/jpeg"}],"twitter_card":"summary_large_image","twitter_creator":"@Pro_Corp","twitter_site":"@Pro_Corp","twitter_misc":{"Escrito por":"Christian Andres","Tiempo de lectura":"4 minutos"},"schema":{"@context":"https:\/\/schema.org","@graph":[{"@type":"Organization","@id":"https:\/\/www.pro-corp.net\/bck\/#organization","name":"Pro Corp Corporate Development","url":"https:\/\/www.pro-corp.net\/bck\/","sameAs":["https:\/\/www.facebook.com\/Pro-Corp-Asesoria-legal-y-empresarial-105779337842842\/","https:\/\/twitter.com\/Pro_Corp"],"logo":{"@type":"ImageObject","@id":"https:\/\/www.pro-corp.net\/bck\/#logo","inLanguage":"es","url":"http:\/\/www.pro-corp.net\/bck\/wp-content\/uploads\/2020\/06\/icon.png","contentUrl":"http:\/\/www.pro-corp.net\/bck\/wp-content\/uploads\/2020\/06\/icon.png","width":640,"height":640,"caption":"Pro Corp Corporate Development"},"image":{"@id":"https:\/\/www.pro-corp.net\/bck\/#logo"}},{"@type":"WebSite","@id":"https:\/\/www.pro-corp.net\/bck\/#website","url":"https:\/\/www.pro-corp.net\/bck\/","name":"Pro Corp Corporate Development","description":"Nacionalidad Europea por Ley Sefard\u00ed","publisher":{"@id":"https:\/\/www.pro-corp.net\/bck\/#organization"},"potentialAction":[{"@type":"SearchAction","target":{"@type":"EntryPoint","urlTemplate":"https:\/\/www.pro-corp.net\/bck\/?s={search_term_string}"},"query-input":"required name=search_term_string"}],"inLanguage":"es"},{"@type":"ImageObject","@id":"https:\/\/www.pro-corp.net\/bck\/visa-golden\/#primaryimage","inLanguage":"es","url":"https:\/\/www.pro-corp.net\/bck\/wp-content\/uploads\/2021\/04\/6.-Mar-Quien-puede-aplicar-a-una-Visa-Golden-y-en-que-casos-es-necesaria-scaled.jpg","contentUrl":"https:\/\/www.pro-corp.net\/bck\/wp-content\/uploads\/2021\/04\/6.-Mar-Quien-puede-aplicar-a-una-Visa-Golden-y-en-que-casos-es-necesaria-scaled.jpg","width":2560,"height":1707,"caption":"Obtener la ciudadan\u00eda espa\u00f1ola o portuguesa es una opci\u00f3n para los latinos a trav\u00e9s de la Visa Golden. Conoce qu\u00e9 requisitos cumplir para tramitarla."},{"@type":"WebPage","@id":"https:\/\/www.pro-corp.net\/bck\/visa-golden\/#webpage","url":"https:\/\/www.pro-corp.net\/bck\/visa-golden\/","name":"Visa Golden: una puerta hacia la ciudadan\u00eda europea - Pro-corp","isPartOf":{"@id":"https:\/\/www.pro-corp.net\/bck\/#website"},"primaryImageOfPage":{"@id":"https:\/\/www.pro-corp.net\/bck\/visa-golden\/#primaryimage"},"datePublished":"2021-04-08T15:44:36+00:00","dateModified":"2021-09-27T14:55:15+00:00","description":"Obtener la ciudadan\u00eda espa\u00f1ola o portuguesa es una opci\u00f3n para los latinos a trav\u00e9s de la Visa Golden. Conoce qu\u00e9 requisitos cumplir para tramitarla.","breadcrumb":{"@id":"https:\/\/www.pro-corp.net\/bck\/visa-golden\/#breadcrumb"},"inLanguage":"es","potentialAction":[{"@type":"ReadAction","target":["https:\/\/www.pro-corp.net\/bck\/visa-golden\/"]}]},{"@type":"BreadcrumbList","@id":"https:\/\/www.pro-corp.net\/bck\/visa-golden\/#breadcrumb","itemListElement":[{"@type":"ListItem","position":1,"name":"Visa Golden: conoce si puedes aplicar y c\u00f3mo obtenerla"}]},{"@type":"Article","@id":"https:\/\/www.pro-corp.net\/bck\/visa-golden\/#article","isPartOf":{"@id":"https:\/\/www.pro-corp.net\/bck\/visa-golden\/#webpage"},"author":{"@id":"https:\/\/www.pro-corp.net\/bck\/#\/schema\/person\/d6eda375fcca981cadf1e8f102bb8966"},"headline":"Visa Golden: conoce si puedes aplicar y c\u00f3mo obtenerla","datePublished":"2021-04-08T15:44:36+00:00","dateModified":"2021-09-27T14:55:15+00:00","mainEntityOfPage":{"@id":"https:\/\/www.pro-corp.net\/bck\/visa-golden\/#webpage"},"wordCount":847,"commentCount":0,"publisher":{"@id":"https:\/\/www.pro-corp.net\/bck\/#organization"},"image":{"@id":"https:\/\/www.pro-corp.net\/bck\/visa-golden\/#primaryimage"},"thumbnailUrl":"https:\/\/www.pro-corp.net\/bck\/wp-content\/uploads\/2021\/04\/6.-Mar-Quien-puede-aplicar-a-una-Visa-Golden-y-en-que-casos-es-necesaria-scaled.jpg","keywords":["Antecedentes penales y judiciales.","Apostilla de La Haya","ciudadan\u00eda espa\u00f1ola"],"articleSection":["Ciudadan\u00eda europea"],"inLanguage":"es","potentialAction":[{"@type":"CommentAction","name":"Comment","target":["https:\/\/www.pro-corp.net\/bck\/visa-golden\/#respond"]}]},{"@type":"Person","@id":"https:\/\/www.pro-corp.net\/bck\/#\/schema\/person\/d6eda375fcca981cadf1e8f102bb8966","name":"Christian Andres","image":{"@type":"ImageObject","@id":"https:\/\/www.pro-corp.net\/bck\/#personlogo","inLanguage":"es","url":"https:\/\/secure.gravatar.com\/avatar\/87676f1df919f3ff761ee73fc0e15532?s=96&d=mm&r=g","contentUrl":"https:\/\/secure.gravatar.com\/avatar\/87676f1df919f3ff761ee73fc0e15532?s=96&d=mm&r=g","caption":"Christian Andres"}}]}},"_links":{"self":[{"href":"https:\/\/www.pro-corp.net\/bck\/wp-json\/wp\/v2\/posts\/6795"}],"collection":[{"href":"https:\/\/www.pro-corp.net\/bck\/wp-json\/wp\/v2\/posts"}],"about":[{"href":"https:\/\/www.pro-corp.net\/bck\/wp-json\/wp\/v2\/types\/post"}],"author":[{"embeddable":true,"href":"https:\/\/www.pro-corp.net\/bck\/wp-json\/wp\/v2\/users\/1656"}],"replies":[{"embeddable":true,"href":"https:\/\/www.pro-corp.net\/bck\/wp-json\/wp\/v2\/comments?post=6795"}],"version-history":[{"count":3,"href":"https:\/\/www.pro-corp.net\/bck\/wp-json\/wp\/v2\/posts\/6795\/revisions"}],"predecessor-version":[{"id":7510,"href":"https:\/\/www.pro-corp.net\/bck\/wp-json\/wp\/v2\/posts\/6795\/revisions\/7510"}],"wp:featuredmedia":[{"embeddable":true,"href":"https:\/\/www.pro-corp.net\/bck\/wp-json\/wp\/v2\/media\/6796"}],"wp:attachment":[{"href":"https:\/\/www.pro-corp.net\/bck\/wp-json\/wp\/v2\/media?parent=6795"}],"wp:term":[{"taxonomy":"category","embeddable":true,"href":"https:\/\/www.pro-corp.net\/bck\/wp-json\/wp\/v2\/categories?post=6795"},{"taxonomy":"post_tag","embeddable":true,"href":"https:\/\/www.pro-corp.net\/bck\/wp-json\/wp\/v2\/tags?post=6795"}],"curies":[{"name":"wp","href":"https:\/\/api.w.org\/{rel}","templated":true}]}}