{"id":6801,"date":"2021-04-19T04:00:00","date_gmt":"2021-04-19T09:00:00","guid":{"rendered":"http:\/\/www.pro-corp.net\/bck\/?p=6801"},"modified":"2021-09-27T10:23:34","modified_gmt":"2021-09-27T15:23:34","slug":"vivir-en-portugal","status":"publish","type":"post","link":"https:\/\/www.pro-corp.net\/bck\/vivir-en-portugal\/","title":{"rendered":"Te contamos lo que necesitas saber para vivir en Portugal"},"content":{"rendered":"<p><strong>Vivir en Portugal <\/strong>es algo que desean muchas personas gracias al progreso imparable, la seguridad y la afable acogida que ofrece este destino. Si este es tu caso y te encuentras planeando migrar al pa\u00eds luso, debes tener en cuenta ciertos aspectos relacionados a movilidad, costos, salud y vivienda.<\/p>\n<h2>Lo que debes conocer si quieres vivir en Portugal<\/h2>\n<p>Portugal se encuentra situado en el extremo occidental de Europa. Delimitando al oeste y al sur por el oc\u00e9ano Atl\u00e1ntico, y al norte y al este por Espa\u00f1a. La <a href=\"http:\/\/www.pro-corp.net\/bck\/historia-de-portugal\/\">historia de Portugal<\/a> es fascinante. De hecho, es la naci\u00f3n m\u00e1s antigua de este continente. Por eso, sus <a href=\"https:\/\/www.visitportugal.com\/es\/destinos\" target=\"_blank\" rel=\"noopener\">distintas metr\u00f3polis<\/a> son la combinaci\u00f3n perfecta entre historia y modernidad.<\/p>\n<p>La <a href=\"http:\/\/www.pro-corp.net\/bck\/cultura-de-portugal\/\">cultura de Portugal<\/a> ha sido influenciada por la tradici\u00f3n cat\u00f3lica, la cual ha regido en gran parte sus valores, costumbres y celebraciones. Tambi\u00e9n se revela a trav\u00e9s de su arquitectura. Adem\u00e1s, <strong>vivir en Portugal <\/strong>es sin\u00f3nimo de buena comida. Su principal influencia <a href=\"https:\/\/www.visitportugal.com\/es\/experiencias\/gastronomia-e-vinhos\" target=\"_blank\" rel=\"noopener\">gastron\u00f3mica<\/a> es la mediterr\u00e1nea y sus ingredientes representativos son productos del mar, aceite, pan y vino.<\/p>\n<h3>Costos<\/h3>\n<p>Estad\u00edsticas del Banco Mundial (2021) se\u00f1alan que el costo de vida en Portugal es el segundo m\u00e1s barato de Europa Occidental. Un dato relevante es que sus supermercados son sensiblemente m\u00e1s baratos que pa\u00edses vecinos como Espa\u00f1a, por ejemplo.<\/p>\n<p>La Organizaci\u00f3n para la Cooperaci\u00f3n y el Desarrollo Econ\u00f3micos (2020) se\u00f1ala que las familias portuguesas gastan en promedio el 21 % del ingreso disponible para mantener su vivienda. Por otro lado, los gastos b\u00e1sicos de luz, agua y gas no superan generalmente los 95\u20ac mensuales. Mientras que el precio del litro de gasolina se mantiene entre 1,39 y 1,56\u20ac.<\/p>\n<h3>Vivienda<\/h3>\n<p>Ac\u00e1 la propiedad es una de las mejores avaluadas de Europa.\u202fSin embargo, los precios de propiedad y alquiler var\u00edan\u202fentre regiones. Seg\u00fan el Instituto Nacional de Estad\u00edstica de Portugal (2020), el\u202fprecio promedio de la vivienda en el pa\u00eds luso es de 1.187\u20ac por metro cuadrado.<\/p>\n<p>Alquilar un apartamento de una habitaci\u00f3n para vivir en Portugal oscila entre los 350 y 490\u20ac al mes. En cambio, para arrendar un apartamento de tres habitaciones, el monto aproximado mensual es de 580 y 860\u20ac.<\/p>\n<p>Entre las viviendas m\u00e1s comunes figuran las villas, las casas o el chal\u00e9, que generalmente son construcciones unifamiliares muy espaciosas. Tambi\u00e9n las casas rurales y, por supuesto, los apartamentos. Estos \u00faltimos son una alternativa perfecta para los presupuestos m\u00e1s ajustados.<\/p>\n<h3>Movilidad<\/h3>\n<p>Si vas a <strong>vivir en Portugal<\/strong>, debes saber que el pa\u00eds cuenta con diversos medios de transporte para facilitar el desplazamiento. Posee diversos aeropuertos, servicio de autobuses, metro, taxis, una gran red ferroviaria. As\u00ed como adecuadas carreteras y autopistas que facilitan los <a href=\"http:\/\/www.pro-corp.net\/bck\/viajes-en-portugal\/\">viajes en Portugal<\/a>.<\/p>\n<h3>Salud<\/h3>\n<p>El sistema de atenci\u00f3n m\u00e9dica ofrece servicios, tratamientos y procedimientos de alta calidad. De hecho, ocupa primeros lugares dentro del \u00cdndice de Calidad Europeo de la Salud. De acuerdo con la Comisi\u00f3n Europea (2021), la asistencia sanitaria dispensada en el Servicio Nacional de Salud suele ser gratuita. Adem\u00e1s, cubre una amplia gama de servicios.<\/p>\n<p>No obstante, algunos servicios podr\u00edan requerir de alguna inversi\u00f3n econ\u00f3mica dependiendo del seguro de salud del cual se disponga. Los costos del seguro privado pueden variar de unos pocos cientos a unos pocos miles de euros por a\u00f1o, dependiendo de condiciones preexistentes.<\/p>\n<h3>Empleo<\/h3>\n<p>El <a href=\"https:\/\/datosmacro.expansion.com\/idh\/portugal\" target=\"_blank\" rel=\"noopener\">\u00cdndice de Desarrollo Humano<\/a> que mide el progreso de un pa\u00eds a trav\u00e9s de su PIB, indica que Portugal cuenta con los mejores indicadores per c\u00e1pita. Tambi\u00e9n est\u00e1 dentro del <em>ranking<\/em> Doing Business, que clasifica los pa\u00edses seg\u00fan la facilidad que ofrecen para hacer negocios.<\/p>\n<p>Adem\u00e1s, alrededor del 68% de la poblaci\u00f3n en edad laboral tiene un empleo remunerado. Hablar espa\u00f1ol es ventajoso para trabajar y <strong>vivir en Portugal<\/strong>, pues se encuentran empresas de <em>outsourcing<\/em> que reclutan a hispanohablantes nativos. Sin embargo, recomendamos no dejar de lado el <a href=\"http:\/\/www.pro-corp.net\/bck\/estudiar-portugues\/\">estudiar portugu\u00e9s<\/a>, pues es la lengua oficial del pa\u00eds luso.<\/p>\n<h2>Consejos para una adaptaci\u00f3n m\u00e1s llevadera al vivir en Portugal<\/h2>\n<ul>\n<li>Inf\u00f3rmate m\u00e1s sobre las condiciones de vida y planifica un presupuesto.<\/li>\n<li>Intenta sumergirte en su cultura y aprende el idioma.<\/li>\n<li>Inf\u00f3rmate sobre las costumbres de los habitantes.<\/li>\n<li>Haz turismo interno.<\/li>\n<li>Intenta hacer un grupo de amigos.<\/li>\n<li>Prep\u00e1rate profesionalmente<\/li>\n<\/ul>\n<p>En definitiva, esta naci\u00f3n cuenta con una gran cantidad de cosas para hacer, lugares para ir y experiencias que ofrecer. As\u00ed que, si quieres <strong>vivir en Portugal<\/strong> u obtener la <a href=\"http:\/\/www.pro-corp.net\/bck\/nacionalidad-portuguesa\/\">nacionalidad portuguesa<\/a>, no dudes en contactarnos. Te brindaremos asesor\u00eda personalizada para que tengas el mejor proceso.<\/p>\n\n\n<div class=\"wp-container-69f18ea315d84 wp-block-buttons is-content-justification-center\">\n<div class=\"wp-block-button is-style-fill\"><a class=\"wp-block-button__link has-white-color has-text-color has-background\" href=\"http:\/\/www.pro-corp.net\/bck\/asesoria\/\" style=\"border-radius:2px;background-color:#b70000\" target=\"_blank\" rel=\"noopener\">Empieza tu estudio de investigaci\u00f3n geneal\u00f3gica ac\u00e1<\/a><\/div>\n<\/div>\n","protected":false},"excerpt":{"rendered":"<p>Vivir en Portugal es algo que desean muchas personas gracias al progreso imparable, la seguridad y la afable acogida que ofrece este destino. Si este es tu caso y te encuentras planeando migrar al pa\u00eds luso, debes tener en cuenta ciertos aspectos relacionados a movilidad, costos, salud y vivienda. Lo que debes conocer si quieres [&hellip;]<\/p>\n","protected":false},"author":1656,"featured_media":6802,"comment_status":"open","ping_status":"open","sticky":false,"template":"","format":"standard","meta":[],"categories":[58],"tags":[109,110,132,69,131],"yoast_head":"<!-- This site is optimized with the Yoast SEO plugin v18.2 - https:\/\/yoast.com\/wordpress\/plugins\/seo\/ -->\n<title>Vivir en Portugal: te contamos todo lo que debes saber - Pro-corp<\/title>\n<meta name=\"description\" content=\"A continuaci\u00f3n, te contamos todo lo que necesitas saber sobre movilidad, salud y costos si est\u00e1s considerando vivir en Portugal.\" \/>\n<meta name=\"robots\" content=\"index, follow, max-snippet:-1, max-image-preview:large, max-video-preview:-1\" \/>\n<link rel=\"canonical\" href=\"https:\/\/www.pro-corp.net\/bck\/vivir-en-portugal\/\" \/>\n<meta property=\"og:locale\" content=\"es_ES\" \/>\n<meta property=\"og:type\" content=\"article\" \/>\n<meta property=\"og:title\" content=\"Vivir en Portugal: te contamos todo lo que debes saber - Pro-corp\" \/>\n<meta property=\"og:description\" content=\"A continuaci\u00f3n, te contamos todo lo que necesitas saber sobre movilidad, salud y costos si est\u00e1s considerando vivir en Portugal.\" \/>\n<meta property=\"og:url\" content=\"https:\/\/www.pro-corp.net\/bck\/vivir-en-portugal\/\" \/>\n<meta property=\"og:site_name\" content=\"Pro Corp Corporate Development\" \/>\n<meta property=\"article:publisher\" content=\"https:\/\/www.facebook.com\/Pro-Corp-Asesoria-legal-y-empresarial-105779337842842\/\" \/>\n<meta property=\"article:published_time\" content=\"2021-04-19T09:00:00+00:00\" \/>\n<meta property=\"article:modified_time\" content=\"2021-09-27T15:23:34+00:00\" \/>\n<meta property=\"og:image\" content=\"https:\/\/www.pro-corp.net\/bck\/wp-content\/uploads\/2021\/04\/9.-Mar-\u00a1No-esperes-mas-para-trabajar-en-Portugal-Te-contamos-cuales-son-las-prestaciones-sociales-en-este-pais-scaled.jpg\" \/>\n\t<meta property=\"og:image:width\" content=\"2560\" \/>\n\t<meta property=\"og:image:height\" content=\"1708\" \/>\n\t<meta property=\"og:image:type\" content=\"image\/jpeg\" \/>\n<meta name=\"twitter:card\" content=\"summary_large_image\" \/>\n<meta name=\"twitter:creator\" content=\"@Pro_Corp\" \/>\n<meta name=\"twitter:site\" content=\"@Pro_Corp\" \/>\n<meta name=\"twitter:label1\" content=\"Escrito por\" \/>\n\t<meta name=\"twitter:data1\" content=\"Christian Andres\" \/>\n\t<meta name=\"twitter:label2\" content=\"Tiempo de lectura\" \/>\n\t<meta name=\"twitter:data2\" content=\"4 minutos\" \/>\n<script type=\"application\/ld+json\" class=\"yoast-schema-graph\">{\"@context\":\"https:\/\/schema.org\",\"@graph\":[{\"@type\":\"Organization\",\"@id\":\"https:\/\/www.pro-corp.net\/bck\/#organization\",\"name\":\"Pro Corp Corporate Development\",\"url\":\"https:\/\/www.pro-corp.net\/bck\/\",\"sameAs\":[\"https:\/\/www.facebook.com\/Pro-Corp-Asesoria-legal-y-empresarial-105779337842842\/\",\"https:\/\/twitter.com\/Pro_Corp\"],\"logo\":{\"@type\":\"ImageObject\",\"@id\":\"https:\/\/www.pro-corp.net\/bck\/#logo\",\"inLanguage\":\"es\",\"url\":\"http:\/\/www.pro-corp.net\/bck\/wp-content\/uploads\/2020\/06\/icon.png\",\"contentUrl\":\"http:\/\/www.pro-corp.net\/bck\/wp-content\/uploads\/2020\/06\/icon.png\",\"width\":640,\"height\":640,\"caption\":\"Pro Corp Corporate Development\"},\"image\":{\"@id\":\"https:\/\/www.pro-corp.net\/bck\/#logo\"}},{\"@type\":\"WebSite\",\"@id\":\"https:\/\/www.pro-corp.net\/bck\/#website\",\"url\":\"https:\/\/www.pro-corp.net\/bck\/\",\"name\":\"Pro Corp Corporate Development\",\"description\":\"Nacionalidad Europea por Ley Sefard\u00ed\",\"publisher\":{\"@id\":\"https:\/\/www.pro-corp.net\/bck\/#organization\"},\"potentialAction\":[{\"@type\":\"SearchAction\",\"target\":{\"@type\":\"EntryPoint\",\"urlTemplate\":\"https:\/\/www.pro-corp.net\/bck\/?s={search_term_string}\"},\"query-input\":\"required name=search_term_string\"}],\"inLanguage\":\"es\"},{\"@type\":\"ImageObject\",\"@id\":\"https:\/\/www.pro-corp.net\/bck\/vivir-en-portugal\/#primaryimage\",\"inLanguage\":\"es\",\"url\":\"https:\/\/www.pro-corp.net\/bck\/wp-content\/uploads\/2021\/04\/9.-Mar-\u00a1No-esperes-mas-para-trabajar-en-Portugal-Te-contamos-cuales-son-las-prestaciones-sociales-en-este-pais-scaled.jpg\",\"contentUrl\":\"https:\/\/www.pro-corp.net\/bck\/wp-content\/uploads\/2021\/04\/9.-Mar-\u00a1No-esperes-mas-para-trabajar-en-Portugal-Te-contamos-cuales-son-las-prestaciones-sociales-en-este-pais-scaled.jpg\",\"width\":2560,\"height\":1708,\"caption\":\"A continuaci\u00f3n, te contamos todo lo que necesitas saber sobre movilidad, salud y costos si est\u00e1s considerando vivir en Portugal.\"},{\"@type\":\"WebPage\",\"@id\":\"https:\/\/www.pro-corp.net\/bck\/vivir-en-portugal\/#webpage\",\"url\":\"https:\/\/www.pro-corp.net\/bck\/vivir-en-portugal\/\",\"name\":\"Vivir en Portugal: te contamos todo lo que debes saber - Pro-corp\",\"isPartOf\":{\"@id\":\"https:\/\/www.pro-corp.net\/bck\/#website\"},\"primaryImageOfPage\":{\"@id\":\"https:\/\/www.pro-corp.net\/bck\/vivir-en-portugal\/#primaryimage\"},\"datePublished\":\"2021-04-19T09:00:00+00:00\",\"dateModified\":\"2021-09-27T15:23:34+00:00\",\"description\":\"A continuaci\u00f3n, te contamos todo lo que necesitas saber sobre movilidad, salud y costos si est\u00e1s considerando vivir en Portugal.\",\"breadcrumb\":{\"@id\":\"https:\/\/www.pro-corp.net\/bck\/vivir-en-portugal\/#breadcrumb\"},\"inLanguage\":\"es\",\"potentialAction\":[{\"@type\":\"ReadAction\",\"target\":[\"https:\/\/www.pro-corp.net\/bck\/vivir-en-portugal\/\"]}]},{\"@type\":\"BreadcrumbList\",\"@id\":\"https:\/\/www.pro-corp.net\/bck\/vivir-en-portugal\/#breadcrumb\",\"itemListElement\":[{\"@type\":\"ListItem\",\"position\":1,\"name\":\"Te contamos lo que necesitas saber para vivir en Portugal\"}]},{\"@type\":\"Article\",\"@id\":\"https:\/\/www.pro-corp.net\/bck\/vivir-en-portugal\/#article\",\"isPartOf\":{\"@id\":\"https:\/\/www.pro-corp.net\/bck\/vivir-en-portugal\/#webpage\"},\"author\":{\"@id\":\"https:\/\/www.pro-corp.net\/bck\/#\/schema\/person\/d6eda375fcca981cadf1e8f102bb8966\"},\"headline\":\"Te contamos lo que necesitas saber para vivir en Portugal\",\"datePublished\":\"2021-04-19T09:00:00+00:00\",\"dateModified\":\"2021-09-27T15:23:34+00:00\",\"mainEntityOfPage\":{\"@id\":\"https:\/\/www.pro-corp.net\/bck\/vivir-en-portugal\/#webpage\"},\"wordCount\":792,\"commentCount\":0,\"publisher\":{\"@id\":\"https:\/\/www.pro-corp.net\/bck\/#organization\"},\"image\":{\"@id\":\"https:\/\/www.pro-corp.net\/bck\/vivir-en-portugal\/#primaryimage\"},\"thumbnailUrl\":\"https:\/\/www.pro-corp.net\/bck\/wp-content\/uploads\/2021\/04\/9.-Mar-\u00a1No-esperes-mas-para-trabajar-en-Portugal-Te-contamos-cuales-son-las-prestaciones-sociales-en-este-pais-scaled.jpg\",\"keywords\":[\"Cultura de Portugal\",\"estudiar portugu\u00e9s\",\"historia de Portugal.\",\"nacionalidad portuguesa\",\"viajes en Portugal\"],\"articleSection\":[\"Emigrar a Portugal\"],\"inLanguage\":\"es\",\"potentialAction\":[{\"@type\":\"CommentAction\",\"name\":\"Comment\",\"target\":[\"https:\/\/www.pro-corp.net\/bck\/vivir-en-portugal\/#respond\"]}]},{\"@type\":\"Person\",\"@id\":\"https:\/\/www.pro-corp.net\/bck\/#\/schema\/person\/d6eda375fcca981cadf1e8f102bb8966\",\"name\":\"Christian Andres\",\"image\":{\"@type\":\"ImageObject\",\"@id\":\"https:\/\/www.pro-corp.net\/bck\/#personlogo\",\"inLanguage\":\"es\",\"url\":\"https:\/\/secure.gravatar.com\/avatar\/87676f1df919f3ff761ee73fc0e15532?s=96&d=mm&r=g\",\"contentUrl\":\"https:\/\/secure.gravatar.com\/avatar\/87676f1df919f3ff761ee73fc0e15532?s=96&d=mm&r=g\",\"caption\":\"Christian Andres\"}}]}<\/script>\n<!-- \/ Yoast SEO plugin. -->","yoast_head_json":{"title":"Vivir en Portugal: te contamos todo lo que debes saber - Pro-corp","description":"A continuaci\u00f3n, te contamos todo lo que necesitas saber sobre movilidad, salud y costos si est\u00e1s considerando vivir en Portugal.","robots":{"index":"index","follow":"follow","max-snippet":"max-snippet:-1","max-image-preview":"max-image-preview:large","max-video-preview":"max-video-preview:-1"},"canonical":"https:\/\/www.pro-corp.net\/bck\/vivir-en-portugal\/","og_locale":"es_ES","og_type":"article","og_title":"Vivir en Portugal: te contamos todo lo que debes saber - Pro-corp","og_description":"A continuaci\u00f3n, te contamos todo lo que necesitas saber sobre movilidad, salud y costos si est\u00e1s considerando vivir en Portugal.","og_url":"https:\/\/www.pro-corp.net\/bck\/vivir-en-portugal\/","og_site_name":"Pro Corp Corporate Development","article_publisher":"https:\/\/www.facebook.com\/Pro-Corp-Asesoria-legal-y-empresarial-105779337842842\/","article_published_time":"2021-04-19T09:00:00+00:00","article_modified_time":"2021-09-27T15:23:34+00:00","og_image":[{"width":2560,"height":1708,"url":"https:\/\/www.pro-corp.net\/bck\/wp-content\/uploads\/2021\/04\/9.-Mar-\u00a1No-esperes-mas-para-trabajar-en-Portugal-Te-contamos-cuales-son-las-prestaciones-sociales-en-este-pais-scaled.jpg","type":"image\/jpeg"}],"twitter_card":"summary_large_image","twitter_creator":"@Pro_Corp","twitter_site":"@Pro_Corp","twitter_misc":{"Escrito por":"Christian Andres","Tiempo de lectura":"4 minutos"},"schema":{"@context":"https:\/\/schema.org","@graph":[{"@type":"Organization","@id":"https:\/\/www.pro-corp.net\/bck\/#organization","name":"Pro Corp Corporate Development","url":"https:\/\/www.pro-corp.net\/bck\/","sameAs":["https:\/\/www.facebook.com\/Pro-Corp-Asesoria-legal-y-empresarial-105779337842842\/","https:\/\/twitter.com\/Pro_Corp"],"logo":{"@type":"ImageObject","@id":"https:\/\/www.pro-corp.net\/bck\/#logo","inLanguage":"es","url":"http:\/\/www.pro-corp.net\/bck\/wp-content\/uploads\/2020\/06\/icon.png","contentUrl":"http:\/\/www.pro-corp.net\/bck\/wp-content\/uploads\/2020\/06\/icon.png","width":640,"height":640,"caption":"Pro Corp Corporate Development"},"image":{"@id":"https:\/\/www.pro-corp.net\/bck\/#logo"}},{"@type":"WebSite","@id":"https:\/\/www.pro-corp.net\/bck\/#website","url":"https:\/\/www.pro-corp.net\/bck\/","name":"Pro Corp Corporate Development","description":"Nacionalidad Europea por Ley Sefard\u00ed","publisher":{"@id":"https:\/\/www.pro-corp.net\/bck\/#organization"},"potentialAction":[{"@type":"SearchAction","target":{"@type":"EntryPoint","urlTemplate":"https:\/\/www.pro-corp.net\/bck\/?s={search_term_string}"},"query-input":"required name=search_term_string"}],"inLanguage":"es"},{"@type":"ImageObject","@id":"https:\/\/www.pro-corp.net\/bck\/vivir-en-portugal\/#primaryimage","inLanguage":"es","url":"https:\/\/www.pro-corp.net\/bck\/wp-content\/uploads\/2021\/04\/9.-Mar-\u00a1No-esperes-mas-para-trabajar-en-Portugal-Te-contamos-cuales-son-las-prestaciones-sociales-en-este-pais-scaled.jpg","contentUrl":"https:\/\/www.pro-corp.net\/bck\/wp-content\/uploads\/2021\/04\/9.-Mar-\u00a1No-esperes-mas-para-trabajar-en-Portugal-Te-contamos-cuales-son-las-prestaciones-sociales-en-este-pais-scaled.jpg","width":2560,"height":1708,"caption":"A continuaci\u00f3n, te contamos todo lo que necesitas saber sobre movilidad, salud y costos si est\u00e1s considerando vivir en Portugal."},{"@type":"WebPage","@id":"https:\/\/www.pro-corp.net\/bck\/vivir-en-portugal\/#webpage","url":"https:\/\/www.pro-corp.net\/bck\/vivir-en-portugal\/","name":"Vivir en Portugal: te contamos todo lo que debes saber - Pro-corp","isPartOf":{"@id":"https:\/\/www.pro-corp.net\/bck\/#website"},"primaryImageOfPage":{"@id":"https:\/\/www.pro-corp.net\/bck\/vivir-en-portugal\/#primaryimage"},"datePublished":"2021-04-19T09:00:00+00:00","dateModified":"2021-09-27T15:23:34+00:00","description":"A continuaci\u00f3n, te contamos todo lo que necesitas saber sobre movilidad, salud y costos si est\u00e1s considerando vivir en Portugal.","breadcrumb":{"@id":"https:\/\/www.pro-corp.net\/bck\/vivir-en-portugal\/#breadcrumb"},"inLanguage":"es","potentialAction":[{"@type":"ReadAction","target":["https:\/\/www.pro-corp.net\/bck\/vivir-en-portugal\/"]}]},{"@type":"BreadcrumbList","@id":"https:\/\/www.pro-corp.net\/bck\/vivir-en-portugal\/#breadcrumb","itemListElement":[{"@type":"ListItem","position":1,"name":"Te contamos lo que necesitas saber para vivir en Portugal"}]},{"@type":"Article","@id":"https:\/\/www.pro-corp.net\/bck\/vivir-en-portugal\/#article","isPartOf":{"@id":"https:\/\/www.pro-corp.net\/bck\/vivir-en-portugal\/#webpage"},"author":{"@id":"https:\/\/www.pro-corp.net\/bck\/#\/schema\/person\/d6eda375fcca981cadf1e8f102bb8966"},"headline":"Te contamos lo que necesitas saber para vivir en Portugal","datePublished":"2021-04-19T09:00:00+00:00","dateModified":"2021-09-27T15:23:34+00:00","mainEntityOfPage":{"@id":"https:\/\/www.pro-corp.net\/bck\/vivir-en-portugal\/#webpage"},"wordCount":792,"commentCount":0,"publisher":{"@id":"https:\/\/www.pro-corp.net\/bck\/#organization"},"image":{"@id":"https:\/\/www.pro-corp.net\/bck\/vivir-en-portugal\/#primaryimage"},"thumbnailUrl":"https:\/\/www.pro-corp.net\/bck\/wp-content\/uploads\/2021\/04\/9.-Mar-\u00a1No-esperes-mas-para-trabajar-en-Portugal-Te-contamos-cuales-son-las-prestaciones-sociales-en-este-pais-scaled.jpg","keywords":["Cultura de Portugal","estudiar portugu\u00e9s","historia de Portugal.","nacionalidad portuguesa","viajes en Portugal"],"articleSection":["Emigrar a Portugal"],"inLanguage":"es","potentialAction":[{"@type":"CommentAction","name":"Comment","target":["https:\/\/www.pro-corp.net\/bck\/vivir-en-portugal\/#respond"]}]},{"@type":"Person","@id":"https:\/\/www.pro-corp.net\/bck\/#\/schema\/person\/d6eda375fcca981cadf1e8f102bb8966","name":"Christian Andres","image":{"@type":"ImageObject","@id":"https:\/\/www.pro-corp.net\/bck\/#personlogo","inLanguage":"es","url":"https:\/\/secure.gravatar.com\/avatar\/87676f1df919f3ff761ee73fc0e15532?s=96&d=mm&r=g","contentUrl":"https:\/\/secure.gravatar.com\/avatar\/87676f1df919f3ff761ee73fc0e15532?s=96&d=mm&r=g","caption":"Christian Andres"}}]}},"_links":{"self":[{"href":"https:\/\/www.pro-corp.net\/bck\/wp-json\/wp\/v2\/posts\/6801"}],"collection":[{"href":"https:\/\/www.pro-corp.net\/bck\/wp-json\/wp\/v2\/posts"}],"about":[{"href":"https:\/\/www.pro-corp.net\/bck\/wp-json\/wp\/v2\/types\/post"}],"author":[{"embeddable":true,"href":"https:\/\/www.pro-corp.net\/bck\/wp-json\/wp\/v2\/users\/1656"}],"replies":[{"embeddable":true,"href":"https:\/\/www.pro-corp.net\/bck\/wp-json\/wp\/v2\/comments?post=6801"}],"version-history":[{"count":4,"href":"https:\/\/www.pro-corp.net\/bck\/wp-json\/wp\/v2\/posts\/6801\/revisions"}],"predecessor-version":[{"id":7528,"href":"https:\/\/www.pro-corp.net\/bck\/wp-json\/wp\/v2\/posts\/6801\/revisions\/7528"}],"wp:featuredmedia":[{"embeddable":true,"href":"https:\/\/www.pro-corp.net\/bck\/wp-json\/wp\/v2\/media\/6802"}],"wp:attachment":[{"href":"https:\/\/www.pro-corp.net\/bck\/wp-json\/wp\/v2\/media?parent=6801"}],"wp:term":[{"taxonomy":"category","embeddable":true,"href":"https:\/\/www.pro-corp.net\/bck\/wp-json\/wp\/v2\/categories?post=6801"},{"taxonomy":"post_tag","embeddable":true,"href":"https:\/\/www.pro-corp.net\/bck\/wp-json\/wp\/v2\/tags?post=6801"}],"curies":[{"name":"wp","href":"https:\/\/api.w.org\/{rel}","templated":true}]}}