{"id":6805,"date":"2021-04-20T16:59:09","date_gmt":"2021-04-20T21:59:09","guid":{"rendered":"http:\/\/www.pro-corp.net\/bck\/?p=6805"},"modified":"2021-10-25T14:47:13","modified_gmt":"2021-10-25T19:47:13","slug":"novedades-ccse","status":"publish","type":"post","link":"https:\/\/www.pro-corp.net\/bck\/novedades-ccse\/","title":{"rendered":"Recomendaciones acerca de la programaci\u00f3n de la prueba de conocimientos constitucionales y socioculturales de Espa\u00f1a (CCSE)"},"content":{"rendered":"<p>Teniendo en cuenta la emergencia sanitaria ocasionada por la pandemia del COVID-19, el Instituto Cervantes ha decidido llevar a cabo las pruebas con las m\u00e1ximas garant\u00edas de seguridad e higiene, y con la certeza del cumplimiento de las <strong>normativas de aforo, cuarentenas y distanciamiento social<\/strong> marcadas por las autoridades alrededor del mundo.<\/p>\n<p>Esto ha obligado a la entidad a realizar algunos cambios en la programaci\u00f3n actual de la prueba.<\/p>\n<p><strong>Al respecto, queremos recomendarles estar muy atentos a sus correos personales a los cuales llegar\u00e1n las<\/strong> <strong>novedades sobre cambios de fecha, horarios y sedes de presentaci\u00f3n de la prueba<\/strong>.<\/p>\n<p>Tambi\u00e9n pueden acceder a su espacio privado en la p\u00e1gina del Instituto Cervantes mediante el siguiente enlace, <a href=\"https:\/\/examenes.cervantes.es\/es\/usuario\/inicio-sesion\" target=\"_blank\" rel=\"noopener\">https:\/\/examenes.cervantes.es\/es\/usuario\/inicio-sesion<\/a> con su e-mail o usuario y la contrase\u00f1a que asignaron al momento de comprar el cupo para presentar la prueba. En la pesta\u00f1a denominada <strong>Mis Inscripciones<\/strong>, podr\u00e1n consultar el estado actual de la fecha programada.<\/p>\n<p>Para ampliar la informaci\u00f3n al respecto de las dudas m\u00e1s frecuentes acerca de la prueba, les recomendamos consultar el siguiente art\u00edculo publicado en nuestra p\u00e1gina web <a href=\"http:\/\/www.pro-corp.net\/bck\/prueba-ccse\/\" target=\"_blank\" rel=\"noopener\">http:\/\/www.pro-corp.net\/bck\/prueba-ccse\/<\/a><\/p>\n<p><strong>\u00a1No olviden seguirnos en nuestras redes sociales en las que estaremos publicando m\u00e1s actualizaciones! <\/strong><\/p>\n\n","protected":false},"excerpt":{"rendered":"<p>Teniendo en cuenta la emergencia sanitaria ocasionada por la pandemia del COVID-19, el Instituto Cervantes ha decidido llevar a cabo las pruebas con las m\u00e1ximas garant\u00edas de seguridad e higiene, y con la certeza del cumplimiento de las normativas de aforo, cuarentenas y distanciamiento social marcadas por las autoridades alrededor del mundo. Esto ha obligado [&hellip;]<\/p>\n","protected":false},"author":1656,"featured_media":6809,"comment_status":"open","ping_status":"open","sticky":false,"template":"","format":"standard","meta":[],"categories":[56],"tags":[],"yoast_head":"<!-- This site is optimized with the Yoast SEO plugin v18.2 - https:\/\/yoast.com\/wordpress\/plugins\/seo\/ -->\n<title>Programaci\u00f3n de la prueba de conocimientos constitucionales y socioculturales de Espa\u00f1a (CCSE) - Pro-corp<\/title>\n<meta name=\"description\" content=\"Si haces parte de nuestros clientes que no han podido presentar la prueba de conocimientos constitucionales y socioculturales de Espa\u00f1a (CCSE), queremos compartir contigo esta informaci\u00f3n relevante a cerca de los cambios que ha hecho la entidad en la programaci\u00f3n de los ex\u00e1menes.\" \/>\n<meta name=\"robots\" content=\"index, follow, max-snippet:-1, max-image-preview:large, max-video-preview:-1\" \/>\n<link rel=\"canonical\" href=\"https:\/\/www.pro-corp.net\/bck\/novedades-ccse\/\" \/>\n<meta property=\"og:locale\" content=\"es_ES\" \/>\n<meta property=\"og:type\" content=\"article\" \/>\n<meta property=\"og:title\" content=\"Programaci\u00f3n de la prueba de conocimientos constitucionales y socioculturales de Espa\u00f1a (CCSE) - Pro-corp\" \/>\n<meta property=\"og:description\" content=\"Si haces parte de nuestros clientes que no han podido presentar la prueba de conocimientos constitucionales y socioculturales de Espa\u00f1a (CCSE), queremos compartir contigo esta informaci\u00f3n relevante a cerca de los cambios que ha hecho la entidad en la programaci\u00f3n de los ex\u00e1menes.\" \/>\n<meta property=\"og:url\" content=\"https:\/\/www.pro-corp.net\/bck\/novedades-ccse\/\" \/>\n<meta property=\"og:site_name\" content=\"Pro Corp Corporate Development\" \/>\n<meta property=\"article:publisher\" content=\"https:\/\/www.facebook.com\/Pro-Corp-Asesoria-legal-y-empresarial-105779337842842\/\" \/>\n<meta property=\"article:published_time\" content=\"2021-04-20T21:59:09+00:00\" \/>\n<meta property=\"article:modified_time\" content=\"2021-10-25T19:47:13+00:00\" \/>\n<meta property=\"og:image\" content=\"https:\/\/www.pro-corp.net\/bck\/wp-content\/uploads\/2021\/04\/unnamed.png\" \/>\n\t<meta property=\"og:image:width\" content=\"512\" \/>\n\t<meta property=\"og:image:height\" content=\"250\" \/>\n\t<meta property=\"og:image:type\" content=\"image\/png\" \/>\n<meta name=\"twitter:card\" content=\"summary_large_image\" \/>\n<meta name=\"twitter:creator\" content=\"@Pro_Corp\" \/>\n<meta name=\"twitter:site\" content=\"@Pro_Corp\" \/>\n<meta name=\"twitter:label1\" content=\"Escrito por\" \/>\n\t<meta name=\"twitter:data1\" content=\"Christian Andres\" \/>\n\t<meta name=\"twitter:label2\" content=\"Tiempo de lectura\" \/>\n\t<meta name=\"twitter:data2\" content=\"1 minuto\" \/>\n<script type=\"application\/ld+json\" class=\"yoast-schema-graph\">{\"@context\":\"https:\/\/schema.org\",\"@graph\":[{\"@type\":\"Organization\",\"@id\":\"https:\/\/www.pro-corp.net\/bck\/#organization\",\"name\":\"Pro Corp Corporate Development\",\"url\":\"https:\/\/www.pro-corp.net\/bck\/\",\"sameAs\":[\"https:\/\/www.facebook.com\/Pro-Corp-Asesoria-legal-y-empresarial-105779337842842\/\",\"https:\/\/twitter.com\/Pro_Corp\"],\"logo\":{\"@type\":\"ImageObject\",\"@id\":\"https:\/\/www.pro-corp.net\/bck\/#logo\",\"inLanguage\":\"es\",\"url\":\"http:\/\/www.pro-corp.net\/bck\/wp-content\/uploads\/2020\/06\/icon.png\",\"contentUrl\":\"http:\/\/www.pro-corp.net\/bck\/wp-content\/uploads\/2020\/06\/icon.png\",\"width\":640,\"height\":640,\"caption\":\"Pro Corp Corporate Development\"},\"image\":{\"@id\":\"https:\/\/www.pro-corp.net\/bck\/#logo\"}},{\"@type\":\"WebSite\",\"@id\":\"https:\/\/www.pro-corp.net\/bck\/#website\",\"url\":\"https:\/\/www.pro-corp.net\/bck\/\",\"name\":\"Pro Corp Corporate Development\",\"description\":\"Nacionalidad Europea por Ley Sefard\u00ed\",\"publisher\":{\"@id\":\"https:\/\/www.pro-corp.net\/bck\/#organization\"},\"potentialAction\":[{\"@type\":\"SearchAction\",\"target\":{\"@type\":\"EntryPoint\",\"urlTemplate\":\"https:\/\/www.pro-corp.net\/bck\/?s={search_term_string}\"},\"query-input\":\"required name=search_term_string\"}],\"inLanguage\":\"es\"},{\"@type\":\"ImageObject\",\"@id\":\"https:\/\/www.pro-corp.net\/bck\/novedades-ccse\/#primaryimage\",\"inLanguage\":\"es\",\"url\":\"https:\/\/www.pro-corp.net\/bck\/wp-content\/uploads\/2021\/04\/unnamed.png\",\"contentUrl\":\"https:\/\/www.pro-corp.net\/bck\/wp-content\/uploads\/2021\/04\/unnamed.png\",\"width\":512,\"height\":250,\"caption\":\"Instituto Cervantes\"},{\"@type\":\"WebPage\",\"@id\":\"https:\/\/www.pro-corp.net\/bck\/novedades-ccse\/#webpage\",\"url\":\"https:\/\/www.pro-corp.net\/bck\/novedades-ccse\/\",\"name\":\"Programaci\u00f3n de la prueba de conocimientos constitucionales y socioculturales de Espa\u00f1a (CCSE) - Pro-corp\",\"isPartOf\":{\"@id\":\"https:\/\/www.pro-corp.net\/bck\/#website\"},\"primaryImageOfPage\":{\"@id\":\"https:\/\/www.pro-corp.net\/bck\/novedades-ccse\/#primaryimage\"},\"datePublished\":\"2021-04-20T21:59:09+00:00\",\"dateModified\":\"2021-10-25T19:47:13+00:00\",\"description\":\"Si haces parte de nuestros clientes que no han podido presentar la prueba de conocimientos constitucionales y socioculturales de Espa\u00f1a (CCSE), queremos compartir contigo esta informaci\u00f3n relevante a cerca de los cambios que ha hecho la entidad en la programaci\u00f3n de los ex\u00e1menes.\",\"breadcrumb\":{\"@id\":\"https:\/\/www.pro-corp.net\/bck\/novedades-ccse\/#breadcrumb\"},\"inLanguage\":\"es\",\"potentialAction\":[{\"@type\":\"ReadAction\",\"target\":[\"https:\/\/www.pro-corp.net\/bck\/novedades-ccse\/\"]}]},{\"@type\":\"BreadcrumbList\",\"@id\":\"https:\/\/www.pro-corp.net\/bck\/novedades-ccse\/#breadcrumb\",\"itemListElement\":[{\"@type\":\"ListItem\",\"position\":1,\"name\":\"Recomendaciones acerca de la programaci\u00f3n de la prueba de conocimientos constitucionales y socioculturales de Espa\u00f1a (CCSE)\"}]},{\"@type\":\"Article\",\"@id\":\"https:\/\/www.pro-corp.net\/bck\/novedades-ccse\/#article\",\"isPartOf\":{\"@id\":\"https:\/\/www.pro-corp.net\/bck\/novedades-ccse\/#webpage\"},\"author\":{\"@id\":\"https:\/\/www.pro-corp.net\/bck\/#\/schema\/person\/d6eda375fcca981cadf1e8f102bb8966\"},\"headline\":\"Recomendaciones acerca de la programaci\u00f3n de la prueba de conocimientos constitucionales y socioculturales de Espa\u00f1a (CCSE)\",\"datePublished\":\"2021-04-20T21:59:09+00:00\",\"dateModified\":\"2021-10-25T19:47:13+00:00\",\"mainEntityOfPage\":{\"@id\":\"https:\/\/www.pro-corp.net\/bck\/novedades-ccse\/#webpage\"},\"wordCount\":236,\"commentCount\":0,\"publisher\":{\"@id\":\"https:\/\/www.pro-corp.net\/bck\/#organization\"},\"image\":{\"@id\":\"https:\/\/www.pro-corp.net\/bck\/novedades-ccse\/#primaryimage\"},\"thumbnailUrl\":\"https:\/\/www.pro-corp.net\/bck\/wp-content\/uploads\/2021\/04\/unnamed.png\",\"articleSection\":[\"Ciudadan\u00eda europea\"],\"inLanguage\":\"es\",\"potentialAction\":[{\"@type\":\"CommentAction\",\"name\":\"Comment\",\"target\":[\"https:\/\/www.pro-corp.net\/bck\/novedades-ccse\/#respond\"]}]},{\"@type\":\"Person\",\"@id\":\"https:\/\/www.pro-corp.net\/bck\/#\/schema\/person\/d6eda375fcca981cadf1e8f102bb8966\",\"name\":\"Christian Andres\",\"image\":{\"@type\":\"ImageObject\",\"@id\":\"https:\/\/www.pro-corp.net\/bck\/#personlogo\",\"inLanguage\":\"es\",\"url\":\"https:\/\/secure.gravatar.com\/avatar\/87676f1df919f3ff761ee73fc0e15532?s=96&d=mm&r=g\",\"contentUrl\":\"https:\/\/secure.gravatar.com\/avatar\/87676f1df919f3ff761ee73fc0e15532?s=96&d=mm&r=g\",\"caption\":\"Christian Andres\"}}]}<\/script>\n<!-- \/ Yoast SEO plugin. -->","yoast_head_json":{"title":"Programaci\u00f3n de la prueba de conocimientos constitucionales y socioculturales de Espa\u00f1a (CCSE) - Pro-corp","description":"Si haces parte de nuestros clientes que no han podido presentar la prueba de conocimientos constitucionales y socioculturales de Espa\u00f1a (CCSE), queremos compartir contigo esta informaci\u00f3n relevante a cerca de los cambios que ha hecho la entidad en la programaci\u00f3n de los ex\u00e1menes.","robots":{"index":"index","follow":"follow","max-snippet":"max-snippet:-1","max-image-preview":"max-image-preview:large","max-video-preview":"max-video-preview:-1"},"canonical":"https:\/\/www.pro-corp.net\/bck\/novedades-ccse\/","og_locale":"es_ES","og_type":"article","og_title":"Programaci\u00f3n de la prueba de conocimientos constitucionales y socioculturales de Espa\u00f1a (CCSE) - Pro-corp","og_description":"Si haces parte de nuestros clientes que no han podido presentar la prueba de conocimientos constitucionales y socioculturales de Espa\u00f1a (CCSE), queremos compartir contigo esta informaci\u00f3n relevante a cerca de los cambios que ha hecho la entidad en la programaci\u00f3n de los ex\u00e1menes.","og_url":"https:\/\/www.pro-corp.net\/bck\/novedades-ccse\/","og_site_name":"Pro Corp Corporate Development","article_publisher":"https:\/\/www.facebook.com\/Pro-Corp-Asesoria-legal-y-empresarial-105779337842842\/","article_published_time":"2021-04-20T21:59:09+00:00","article_modified_time":"2021-10-25T19:47:13+00:00","og_image":[{"width":512,"height":250,"url":"https:\/\/www.pro-corp.net\/bck\/wp-content\/uploads\/2021\/04\/unnamed.png","type":"image\/png"}],"twitter_card":"summary_large_image","twitter_creator":"@Pro_Corp","twitter_site":"@Pro_Corp","twitter_misc":{"Escrito por":"Christian Andres","Tiempo de lectura":"1 minuto"},"schema":{"@context":"https:\/\/schema.org","@graph":[{"@type":"Organization","@id":"https:\/\/www.pro-corp.net\/bck\/#organization","name":"Pro Corp Corporate Development","url":"https:\/\/www.pro-corp.net\/bck\/","sameAs":["https:\/\/www.facebook.com\/Pro-Corp-Asesoria-legal-y-empresarial-105779337842842\/","https:\/\/twitter.com\/Pro_Corp"],"logo":{"@type":"ImageObject","@id":"https:\/\/www.pro-corp.net\/bck\/#logo","inLanguage":"es","url":"http:\/\/www.pro-corp.net\/bck\/wp-content\/uploads\/2020\/06\/icon.png","contentUrl":"http:\/\/www.pro-corp.net\/bck\/wp-content\/uploads\/2020\/06\/icon.png","width":640,"height":640,"caption":"Pro Corp Corporate Development"},"image":{"@id":"https:\/\/www.pro-corp.net\/bck\/#logo"}},{"@type":"WebSite","@id":"https:\/\/www.pro-corp.net\/bck\/#website","url":"https:\/\/www.pro-corp.net\/bck\/","name":"Pro Corp Corporate Development","description":"Nacionalidad Europea por Ley Sefard\u00ed","publisher":{"@id":"https:\/\/www.pro-corp.net\/bck\/#organization"},"potentialAction":[{"@type":"SearchAction","target":{"@type":"EntryPoint","urlTemplate":"https:\/\/www.pro-corp.net\/bck\/?s={search_term_string}"},"query-input":"required name=search_term_string"}],"inLanguage":"es"},{"@type":"ImageObject","@id":"https:\/\/www.pro-corp.net\/bck\/novedades-ccse\/#primaryimage","inLanguage":"es","url":"https:\/\/www.pro-corp.net\/bck\/wp-content\/uploads\/2021\/04\/unnamed.png","contentUrl":"https:\/\/www.pro-corp.net\/bck\/wp-content\/uploads\/2021\/04\/unnamed.png","width":512,"height":250,"caption":"Instituto Cervantes"},{"@type":"WebPage","@id":"https:\/\/www.pro-corp.net\/bck\/novedades-ccse\/#webpage","url":"https:\/\/www.pro-corp.net\/bck\/novedades-ccse\/","name":"Programaci\u00f3n de la prueba de conocimientos constitucionales y socioculturales de Espa\u00f1a (CCSE) - Pro-corp","isPartOf":{"@id":"https:\/\/www.pro-corp.net\/bck\/#website"},"primaryImageOfPage":{"@id":"https:\/\/www.pro-corp.net\/bck\/novedades-ccse\/#primaryimage"},"datePublished":"2021-04-20T21:59:09+00:00","dateModified":"2021-10-25T19:47:13+00:00","description":"Si haces parte de nuestros clientes que no han podido presentar la prueba de conocimientos constitucionales y socioculturales de Espa\u00f1a (CCSE), queremos compartir contigo esta informaci\u00f3n relevante a cerca de los cambios que ha hecho la entidad en la programaci\u00f3n de los ex\u00e1menes.","breadcrumb":{"@id":"https:\/\/www.pro-corp.net\/bck\/novedades-ccse\/#breadcrumb"},"inLanguage":"es","potentialAction":[{"@type":"ReadAction","target":["https:\/\/www.pro-corp.net\/bck\/novedades-ccse\/"]}]},{"@type":"BreadcrumbList","@id":"https:\/\/www.pro-corp.net\/bck\/novedades-ccse\/#breadcrumb","itemListElement":[{"@type":"ListItem","position":1,"name":"Recomendaciones acerca de la programaci\u00f3n de la prueba de conocimientos constitucionales y socioculturales de Espa\u00f1a (CCSE)"}]},{"@type":"Article","@id":"https:\/\/www.pro-corp.net\/bck\/novedades-ccse\/#article","isPartOf":{"@id":"https:\/\/www.pro-corp.net\/bck\/novedades-ccse\/#webpage"},"author":{"@id":"https:\/\/www.pro-corp.net\/bck\/#\/schema\/person\/d6eda375fcca981cadf1e8f102bb8966"},"headline":"Recomendaciones acerca de la programaci\u00f3n de la prueba de conocimientos constitucionales y socioculturales de Espa\u00f1a (CCSE)","datePublished":"2021-04-20T21:59:09+00:00","dateModified":"2021-10-25T19:47:13+00:00","mainEntityOfPage":{"@id":"https:\/\/www.pro-corp.net\/bck\/novedades-ccse\/#webpage"},"wordCount":236,"commentCount":0,"publisher":{"@id":"https:\/\/www.pro-corp.net\/bck\/#organization"},"image":{"@id":"https:\/\/www.pro-corp.net\/bck\/novedades-ccse\/#primaryimage"},"thumbnailUrl":"https:\/\/www.pro-corp.net\/bck\/wp-content\/uploads\/2021\/04\/unnamed.png","articleSection":["Ciudadan\u00eda europea"],"inLanguage":"es","potentialAction":[{"@type":"CommentAction","name":"Comment","target":["https:\/\/www.pro-corp.net\/bck\/novedades-ccse\/#respond"]}]},{"@type":"Person","@id":"https:\/\/www.pro-corp.net\/bck\/#\/schema\/person\/d6eda375fcca981cadf1e8f102bb8966","name":"Christian Andres","image":{"@type":"ImageObject","@id":"https:\/\/www.pro-corp.net\/bck\/#personlogo","inLanguage":"es","url":"https:\/\/secure.gravatar.com\/avatar\/87676f1df919f3ff761ee73fc0e15532?s=96&d=mm&r=g","contentUrl":"https:\/\/secure.gravatar.com\/avatar\/87676f1df919f3ff761ee73fc0e15532?s=96&d=mm&r=g","caption":"Christian Andres"}}]}},"_links":{"self":[{"href":"https:\/\/www.pro-corp.net\/bck\/wp-json\/wp\/v2\/posts\/6805"}],"collection":[{"href":"https:\/\/www.pro-corp.net\/bck\/wp-json\/wp\/v2\/posts"}],"about":[{"href":"https:\/\/www.pro-corp.net\/bck\/wp-json\/wp\/v2\/types\/post"}],"author":[{"embeddable":true,"href":"https:\/\/www.pro-corp.net\/bck\/wp-json\/wp\/v2\/users\/1656"}],"replies":[{"embeddable":true,"href":"https:\/\/www.pro-corp.net\/bck\/wp-json\/wp\/v2\/comments?post=6805"}],"version-history":[{"count":4,"href":"https:\/\/www.pro-corp.net\/bck\/wp-json\/wp\/v2\/posts\/6805\/revisions"}],"predecessor-version":[{"id":6812,"href":"https:\/\/www.pro-corp.net\/bck\/wp-json\/wp\/v2\/posts\/6805\/revisions\/6812"}],"wp:featuredmedia":[{"embeddable":true,"href":"https:\/\/www.pro-corp.net\/bck\/wp-json\/wp\/v2\/media\/6809"}],"wp:attachment":[{"href":"https:\/\/www.pro-corp.net\/bck\/wp-json\/wp\/v2\/media?parent=6805"}],"wp:term":[{"taxonomy":"category","embeddable":true,"href":"https:\/\/www.pro-corp.net\/bck\/wp-json\/wp\/v2\/categories?post=6805"},{"taxonomy":"post_tag","embeddable":true,"href":"https:\/\/www.pro-corp.net\/bck\/wp-json\/wp\/v2\/tags?post=6805"}],"curies":[{"name":"wp","href":"https:\/\/api.w.org\/{rel}","templated":true}]}}