{"id":6813,"date":"2021-04-26T04:00:00","date_gmt":"2021-04-26T09:00:00","guid":{"rendered":"http:\/\/www.pro-corp.net\/bck\/?p=6813"},"modified":"2021-09-27T09:56:36","modified_gmt":"2021-09-27T14:56:36","slug":"trabajar-en-portugal","status":"publish","type":"post","link":"https:\/\/www.pro-corp.net\/bck\/trabajar-en-portugal\/","title":{"rendered":"Trabajar en Portugal: la puerta de entrada al continente europeo"},"content":{"rendered":"<p>Portugal no solo es un destino con mucho encanto, tambi\u00e9n es un gran lugar para vivir y trabajar. \u00bfTienes dudas? Te contamos los beneficios de <strong>trabajar en Portugal<\/strong> para que visualices tu futuro en este maravilloso pa\u00eds.<\/p>\n<p>Comencemos por establecer cu\u00e1les son las opciones si quieres continuar tu desarrollo profesional en Portugal.<\/p>\n<h2>7 formas de <strong>trabajar en Portugal <\/strong>siendo extranjero<\/h2>\n<p>Si eres latinoamericano y quieres <strong>trabajar en Portugal<\/strong> puedes tramitar ante el <a href=\"https:\/\/imigrante.sef.pt\/en\/solicitar\/trabalhar\/\" target=\"_blank\" rel=\"noopener\">SEF<\/a> (Servicio de Extranjeros y Fronteras) algunas de las siguientes visas de residencia:<\/p>\n<ol>\n<li>Empleados<\/li>\n<li>Actividades culturales<\/li>\n<li>Emprendedores<\/li>\n<li>Actividad docente<\/li>\n<li>Actividades altamente cualificadas en compa\u00f1\u00edas certificadas \u201cTech Visa\u201d<\/li>\n<li>Actividades altamente cualificadas<\/li>\n<li>Visa Golden<\/li>\n<\/ol>\n<p>Los requisitos para cada uno de este tipo de visas pueden variar. No obstante, hay algunos requerimientos que son comunes para todas, entre ellos est\u00e1n (SchengenVisa Info, 2020):<\/p>\n<ul>\n<li>Certificado de antecedentes penales<\/li>\n<li>Certificados bancarios<\/li>\n<li>Seguro de viaje<\/li>\n<li>Contrato de trabajo<\/li>\n<\/ul>\n<p>Ahora que ya sabes c\u00f3mo puedes <strong>trabajar en Portugal,<\/strong> vamos a entrar en materia.<\/p>\n<h2>\u00bfPor qu\u00e9 Portugal es un buen lugar para trabajar?<\/h2>\n<p>Es cierto que este pa\u00eds no se caracteriza por tener los salarios m\u00e1s altos del continente. El <a href=\"http:\/\/www.pro-corp.net\/bck\/salario-minimo-en-europa\/\">salario m\u00ednimo en Europa<\/a> se mueve entre los 600\u20ac y 1.600\u20ac en promedio y suele estar ajustado al costo de la vida en cada pa\u00eds. En Portugal el salario m\u00ednimo es de 775,8\u20ac (Expansi\u00f3n \/ Datosmacro.com, s.f.).<\/p>\n<p>Sin embargo, tambi\u00e9n es verdad que tanto portugueses como ciudadanos extranjeros gozan de interesantes beneficios al vivir y <strong>trabajar en Portugal.<\/strong><\/p>\n<p>Lo primero que tienes que saber es que existen cinco tipos de contratos frecuentes para establecer relaciones entre empresas y empleados (Ministerio de Trabajo y Econom\u00eda Social, s.f.):<\/p>\n<ul>\n<li>Contrato de trabajo indefinido<\/li>\n<li>Contrato de trabajo temporal de duraci\u00f3n determinada<\/li>\n<li>Contrato de trabajo temporal duraci\u00f3n indeterminada<\/li>\n<li>Contrato de trabajo a tiempo parcial<\/li>\n<li>Contrato de teletrabajo<\/li>\n<\/ul>\n<p>En cada uno de ellos la empresa o empleador te asegura los siguientes aspectos:<\/p>\n<ul>\n<li>Retribuci\u00f3n, salario o pago<\/li>\n<li>Dos pagos extraordinarios:<\/li>\n<\/ul>\n<ol>\n<li>Subsidio de natal o paga de Navidad: es igual a un mes de salario y se calcula de forma proporcional seg\u00fan el tiempo trabajado durante el a\u00f1o.<\/li>\n<li>Subsidio de ferias o vacaciones: es adicional a la retribuci\u00f3n del per\u00edodo de vacaciones y debe pagarse antes del inicio del per\u00edodo de vacaciones.<\/li>\n<\/ol>\n<h2>M\u00e1s beneficios de trabajar en Portugal<\/h2>\n<p>Portugal es uno de los pa\u00edses suscritos al <a href=\"https:\/\/www.ilo.org\/secsoc\/areas-of-work\/legal-advice\/WCMS_222058\/lang--es\/index.htm\" target=\"_blank\" rel=\"noopener\">Convenio Europeo de Seguridad Social o Convenio n\u00fam. 102<\/a>. En este sentido, el R\u00e9gimen General de Seguridad Social garantiza las siguientes prestaciones (Ministerio de Trabajo y Econom\u00eda Social, s.f.):<\/p>\n<ul>\n<li>Asistencia m\u00e9dica<\/li>\n<li>Enfermedad<\/li>\n<li>Desempleo<\/li>\n<li>Vejez<\/li>\n<li>Accidentes del trabajo y enfermedad profesional<\/li>\n<li>Cargas familiares<\/li>\n<li>Maternidad, paternidad y adopci\u00f3n<\/li>\n<li>Invalidez<\/li>\n<li>Sobrevivientes<\/li>\n<\/ul>\n<p>Para gozar de estos beneficios, el aporte a la Seguridad Social es de 34,75 %. Aqu\u00ed el 11 % lo hace el empleado y 23,75 % la empresa.<\/p>\n<h3>Trabajar en Europa est\u00e1 a tu alcance<\/h3>\n<p>Otra ventaja de <strong>trabajar en Portugal<\/strong> es que puedes acceder a la red <a href=\"http:\/\/www.pro-corp.net\/bck\/eures\/\">EURES<\/a>. Se trata de una red de cooperaci\u00f3n creada por la Comisi\u00f3n Europea con el objetivo de que los trabajadores puedan optar a ofertas de empleo en cualquiera de los 18 pa\u00edses miembros con libre tr\u00e1nsito. \u00a1<a href=\"http:\/\/www.pro-corp.net\/bck\/trabajar-en-europa\/\">Trabajar en Europa<\/a> nunca fue tan f\u00e1cil!<\/p>\n<h2>3 formas de conseguir vacantes para <strong>trabajar en Portugal<\/strong><\/h2>\n<ol>\n<li>El <a href=\"https:\/\/www.iefp.pt\/emprego\" target=\"_blank\" rel=\"noopener\">IEFP<\/a> (Instituto do Emprego e Forma\u00e7\u00e3o Profissional) es el servicio p\u00fablico de empleo en Portugal, puedes inscribirte y consultar las ofertas de empleo que publican.<\/li>\n<li>Portales de empleo. Existen muchas opciones que puedes encontrar haciendo una b\u00fasqueda en internet. Consulta el tipo de ofertas laborales que publica cada uno y date de alta en aquellos donde consigas m\u00e1s oportunidades afines a tu perfil.<\/li>\n<li>Acercamiento individual a empresas. Si tienes un listado de empresas en las que deseas trabajar puedes presentar tu candidatura de forma espont\u00e1nea. Para hacerlo debes <a href=\"http:\/\/www.pro-corp.net\/bck\/escribir-una-carta-de-presentacion\/\">escribir una carta de presentaci\u00f3n<\/a> y adjuntarla junto a tu curr\u00edculum.<\/li>\n<\/ol>\n<p>\u00a1Ya tienes toda la informaci\u00f3n que necesitas para llevar tu carrera a otro nivel, vivir nuevas experiencias y sumergirte en una cultura fascinante! Ahora solo tienes que tomar la decisi\u00f3n y disfrutar de un continente que espera por ti.<\/p>\n\n\n<div class=\"wp-container-69f191a45e35a wp-block-buttons is-content-justification-center\">\n<div class=\"wp-block-button is-style-fill\"><a class=\"wp-block-button__link has-white-color has-text-color has-background\" href=\"http:\/\/www.pro-corp.net\/bck\/asesoria\/\" style=\"border-radius:2px;background-color:#b70000\" target=\"_blank\" rel=\"noopener\">Empieza tu estudio de investigaci\u00f3n geneal\u00f3gica ac\u00e1<\/a><\/div>\n<\/div>\n","protected":false},"excerpt":{"rendered":"<p>Portugal no solo es un destino con mucho encanto, tambi\u00e9n es un gran lugar para vivir y trabajar. \u00bfTienes dudas? Te contamos los beneficios de trabajar en Portugal para que visualices tu futuro en este maravilloso pa\u00eds. Comencemos por establecer cu\u00e1les son las opciones si quieres continuar tu desarrollo profesional en Portugal. 7 formas de [&hellip;]<\/p>\n","protected":false},"author":1656,"featured_media":6815,"comment_status":"open","ping_status":"open","sticky":false,"template":"","format":"standard","meta":[],"categories":[58],"tags":[133,103,108,102],"yoast_head":"<!-- This site is optimized with the Yoast SEO plugin v18.2 - https:\/\/yoast.com\/wordpress\/plugins\/seo\/ -->\n<title>Trabajar en Portugal: te contamos todos los beneficios - Pro-corp<\/title>\n<meta name=\"description\" content=\"Trabajar en Portugal es llevar tu carrera profesional a otro nivel y vivir una experiencia inolvidable. Conoce los beneficios de emplearse en este pa\u00eds.\" \/>\n<meta name=\"robots\" content=\"index, follow, max-snippet:-1, max-image-preview:large, max-video-preview:-1\" \/>\n<link rel=\"canonical\" href=\"https:\/\/www.pro-corp.net\/bck\/trabajar-en-portugal\/\" \/>\n<meta property=\"og:locale\" content=\"es_ES\" \/>\n<meta property=\"og:type\" content=\"article\" \/>\n<meta property=\"og:title\" content=\"Trabajar en Portugal: te contamos todos los beneficios - Pro-corp\" \/>\n<meta property=\"og:description\" content=\"Trabajar en Portugal es llevar tu carrera profesional a otro nivel y vivir una experiencia inolvidable. Conoce los beneficios de emplearse en este pa\u00eds.\" \/>\n<meta property=\"og:url\" content=\"https:\/\/www.pro-corp.net\/bck\/trabajar-en-portugal\/\" \/>\n<meta property=\"og:site_name\" content=\"Pro Corp Corporate Development\" \/>\n<meta property=\"article:publisher\" content=\"https:\/\/www.facebook.com\/Pro-Corp-Asesoria-legal-y-empresarial-105779337842842\/\" \/>\n<meta property=\"article:published_time\" content=\"2021-04-26T09:00:00+00:00\" \/>\n<meta property=\"article:modified_time\" content=\"2021-09-27T14:56:36+00:00\" \/>\n<meta property=\"og:image\" content=\"https:\/\/www.pro-corp.net\/bck\/wp-content\/uploads\/2021\/04\/10.-Mar-No-esperes-mas-para-trabajar-en-Portugal-Te-contamos-cuales-son-las-prestaciones-sociales-en-este-pais-scaled.jpg\" \/>\n\t<meta property=\"og:image:width\" content=\"2560\" \/>\n\t<meta property=\"og:image:height\" content=\"1706\" \/>\n\t<meta property=\"og:image:type\" content=\"image\/jpeg\" \/>\n<meta name=\"twitter:card\" content=\"summary_large_image\" \/>\n<meta name=\"twitter:creator\" content=\"@Pro_Corp\" \/>\n<meta name=\"twitter:site\" content=\"@Pro_Corp\" \/>\n<meta name=\"twitter:label1\" content=\"Escrito por\" \/>\n\t<meta name=\"twitter:data1\" content=\"Christian Andres\" \/>\n\t<meta name=\"twitter:label2\" content=\"Tiempo de lectura\" \/>\n\t<meta name=\"twitter:data2\" content=\"3 minutos\" \/>\n<script type=\"application\/ld+json\" class=\"yoast-schema-graph\">{\"@context\":\"https:\/\/schema.org\",\"@graph\":[{\"@type\":\"Organization\",\"@id\":\"https:\/\/www.pro-corp.net\/bck\/#organization\",\"name\":\"Pro Corp Corporate Development\",\"url\":\"https:\/\/www.pro-corp.net\/bck\/\",\"sameAs\":[\"https:\/\/www.facebook.com\/Pro-Corp-Asesoria-legal-y-empresarial-105779337842842\/\",\"https:\/\/twitter.com\/Pro_Corp\"],\"logo\":{\"@type\":\"ImageObject\",\"@id\":\"https:\/\/www.pro-corp.net\/bck\/#logo\",\"inLanguage\":\"es\",\"url\":\"http:\/\/www.pro-corp.net\/bck\/wp-content\/uploads\/2020\/06\/icon.png\",\"contentUrl\":\"http:\/\/www.pro-corp.net\/bck\/wp-content\/uploads\/2020\/06\/icon.png\",\"width\":640,\"height\":640,\"caption\":\"Pro Corp Corporate Development\"},\"image\":{\"@id\":\"https:\/\/www.pro-corp.net\/bck\/#logo\"}},{\"@type\":\"WebSite\",\"@id\":\"https:\/\/www.pro-corp.net\/bck\/#website\",\"url\":\"https:\/\/www.pro-corp.net\/bck\/\",\"name\":\"Pro Corp Corporate Development\",\"description\":\"Nacionalidad Europea por Ley Sefard\u00ed\",\"publisher\":{\"@id\":\"https:\/\/www.pro-corp.net\/bck\/#organization\"},\"potentialAction\":[{\"@type\":\"SearchAction\",\"target\":{\"@type\":\"EntryPoint\",\"urlTemplate\":\"https:\/\/www.pro-corp.net\/bck\/?s={search_term_string}\"},\"query-input\":\"required name=search_term_string\"}],\"inLanguage\":\"es\"},{\"@type\":\"ImageObject\",\"@id\":\"https:\/\/www.pro-corp.net\/bck\/trabajar-en-portugal\/#primaryimage\",\"inLanguage\":\"es\",\"url\":\"https:\/\/www.pro-corp.net\/bck\/wp-content\/uploads\/2021\/04\/10.-Mar-No-esperes-mas-para-trabajar-en-Portugal-Te-contamos-cuales-son-las-prestaciones-sociales-en-este-pais-scaled.jpg\",\"contentUrl\":\"https:\/\/www.pro-corp.net\/bck\/wp-content\/uploads\/2021\/04\/10.-Mar-No-esperes-mas-para-trabajar-en-Portugal-Te-contamos-cuales-son-las-prestaciones-sociales-en-este-pais-scaled.jpg\",\"width\":2560,\"height\":1706,\"caption\":\"Trabajar en Portugal es llevar tu carrera profesional a otro nivel y vivir una experiencia inolvidable. Conoce los beneficios de emplearse en este pa\u00eds.\"},{\"@type\":\"WebPage\",\"@id\":\"https:\/\/www.pro-corp.net\/bck\/trabajar-en-portugal\/#webpage\",\"url\":\"https:\/\/www.pro-corp.net\/bck\/trabajar-en-portugal\/\",\"name\":\"Trabajar en Portugal: te contamos todos los beneficios - Pro-corp\",\"isPartOf\":{\"@id\":\"https:\/\/www.pro-corp.net\/bck\/#website\"},\"primaryImageOfPage\":{\"@id\":\"https:\/\/www.pro-corp.net\/bck\/trabajar-en-portugal\/#primaryimage\"},\"datePublished\":\"2021-04-26T09:00:00+00:00\",\"dateModified\":\"2021-09-27T14:56:36+00:00\",\"description\":\"Trabajar en Portugal es llevar tu carrera profesional a otro nivel y vivir una experiencia inolvidable. Conoce los beneficios de emplearse en este pa\u00eds.\",\"breadcrumb\":{\"@id\":\"https:\/\/www.pro-corp.net\/bck\/trabajar-en-portugal\/#breadcrumb\"},\"inLanguage\":\"es\",\"potentialAction\":[{\"@type\":\"ReadAction\",\"target\":[\"https:\/\/www.pro-corp.net\/bck\/trabajar-en-portugal\/\"]}]},{\"@type\":\"BreadcrumbList\",\"@id\":\"https:\/\/www.pro-corp.net\/bck\/trabajar-en-portugal\/#breadcrumb\",\"itemListElement\":[{\"@type\":\"ListItem\",\"position\":1,\"name\":\"Trabajar en Portugal: la puerta de entrada al continente europeo\"}]},{\"@type\":\"Article\",\"@id\":\"https:\/\/www.pro-corp.net\/bck\/trabajar-en-portugal\/#article\",\"isPartOf\":{\"@id\":\"https:\/\/www.pro-corp.net\/bck\/trabajar-en-portugal\/#webpage\"},\"author\":{\"@id\":\"https:\/\/www.pro-corp.net\/bck\/#\/schema\/person\/d6eda375fcca981cadf1e8f102bb8966\"},\"headline\":\"Trabajar en Portugal: la puerta de entrada al continente europeo\",\"datePublished\":\"2021-04-26T09:00:00+00:00\",\"dateModified\":\"2021-09-27T14:56:36+00:00\",\"mainEntityOfPage\":{\"@id\":\"https:\/\/www.pro-corp.net\/bck\/trabajar-en-portugal\/#webpage\"},\"wordCount\":711,\"commentCount\":0,\"publisher\":{\"@id\":\"https:\/\/www.pro-corp.net\/bck\/#organization\"},\"image\":{\"@id\":\"https:\/\/www.pro-corp.net\/bck\/trabajar-en-portugal\/#primaryimage\"},\"thumbnailUrl\":\"https:\/\/www.pro-corp.net\/bck\/wp-content\/uploads\/2021\/04\/10.-Mar-No-esperes-mas-para-trabajar-en-Portugal-Te-contamos-cuales-son-las-prestaciones-sociales-en-este-pais-scaled.jpg\",\"keywords\":[\"Escribir una carta de presentaci\u00f3n\",\"EURES\",\"salario m\u00ednimo en Europa\",\"Trabajar en Europa\"],\"articleSection\":[\"Emigrar a Portugal\"],\"inLanguage\":\"es\",\"potentialAction\":[{\"@type\":\"CommentAction\",\"name\":\"Comment\",\"target\":[\"https:\/\/www.pro-corp.net\/bck\/trabajar-en-portugal\/#respond\"]}]},{\"@type\":\"Person\",\"@id\":\"https:\/\/www.pro-corp.net\/bck\/#\/schema\/person\/d6eda375fcca981cadf1e8f102bb8966\",\"name\":\"Christian Andres\",\"image\":{\"@type\":\"ImageObject\",\"@id\":\"https:\/\/www.pro-corp.net\/bck\/#personlogo\",\"inLanguage\":\"es\",\"url\":\"https:\/\/secure.gravatar.com\/avatar\/87676f1df919f3ff761ee73fc0e15532?s=96&d=mm&r=g\",\"contentUrl\":\"https:\/\/secure.gravatar.com\/avatar\/87676f1df919f3ff761ee73fc0e15532?s=96&d=mm&r=g\",\"caption\":\"Christian Andres\"}}]}<\/script>\n<!-- \/ Yoast SEO plugin. -->","yoast_head_json":{"title":"Trabajar en Portugal: te contamos todos los beneficios - Pro-corp","description":"Trabajar en Portugal es llevar tu carrera profesional a otro nivel y vivir una experiencia inolvidable. Conoce los beneficios de emplearse en este pa\u00eds.","robots":{"index":"index","follow":"follow","max-snippet":"max-snippet:-1","max-image-preview":"max-image-preview:large","max-video-preview":"max-video-preview:-1"},"canonical":"https:\/\/www.pro-corp.net\/bck\/trabajar-en-portugal\/","og_locale":"es_ES","og_type":"article","og_title":"Trabajar en Portugal: te contamos todos los beneficios - Pro-corp","og_description":"Trabajar en Portugal es llevar tu carrera profesional a otro nivel y vivir una experiencia inolvidable. Conoce los beneficios de emplearse en este pa\u00eds.","og_url":"https:\/\/www.pro-corp.net\/bck\/trabajar-en-portugal\/","og_site_name":"Pro Corp Corporate Development","article_publisher":"https:\/\/www.facebook.com\/Pro-Corp-Asesoria-legal-y-empresarial-105779337842842\/","article_published_time":"2021-04-26T09:00:00+00:00","article_modified_time":"2021-09-27T14:56:36+00:00","og_image":[{"width":2560,"height":1706,"url":"https:\/\/www.pro-corp.net\/bck\/wp-content\/uploads\/2021\/04\/10.-Mar-No-esperes-mas-para-trabajar-en-Portugal-Te-contamos-cuales-son-las-prestaciones-sociales-en-este-pais-scaled.jpg","type":"image\/jpeg"}],"twitter_card":"summary_large_image","twitter_creator":"@Pro_Corp","twitter_site":"@Pro_Corp","twitter_misc":{"Escrito por":"Christian Andres","Tiempo de lectura":"3 minutos"},"schema":{"@context":"https:\/\/schema.org","@graph":[{"@type":"Organization","@id":"https:\/\/www.pro-corp.net\/bck\/#organization","name":"Pro Corp Corporate Development","url":"https:\/\/www.pro-corp.net\/bck\/","sameAs":["https:\/\/www.facebook.com\/Pro-Corp-Asesoria-legal-y-empresarial-105779337842842\/","https:\/\/twitter.com\/Pro_Corp"],"logo":{"@type":"ImageObject","@id":"https:\/\/www.pro-corp.net\/bck\/#logo","inLanguage":"es","url":"http:\/\/www.pro-corp.net\/bck\/wp-content\/uploads\/2020\/06\/icon.png","contentUrl":"http:\/\/www.pro-corp.net\/bck\/wp-content\/uploads\/2020\/06\/icon.png","width":640,"height":640,"caption":"Pro Corp Corporate Development"},"image":{"@id":"https:\/\/www.pro-corp.net\/bck\/#logo"}},{"@type":"WebSite","@id":"https:\/\/www.pro-corp.net\/bck\/#website","url":"https:\/\/www.pro-corp.net\/bck\/","name":"Pro Corp Corporate Development","description":"Nacionalidad Europea por Ley Sefard\u00ed","publisher":{"@id":"https:\/\/www.pro-corp.net\/bck\/#organization"},"potentialAction":[{"@type":"SearchAction","target":{"@type":"EntryPoint","urlTemplate":"https:\/\/www.pro-corp.net\/bck\/?s={search_term_string}"},"query-input":"required name=search_term_string"}],"inLanguage":"es"},{"@type":"ImageObject","@id":"https:\/\/www.pro-corp.net\/bck\/trabajar-en-portugal\/#primaryimage","inLanguage":"es","url":"https:\/\/www.pro-corp.net\/bck\/wp-content\/uploads\/2021\/04\/10.-Mar-No-esperes-mas-para-trabajar-en-Portugal-Te-contamos-cuales-son-las-prestaciones-sociales-en-este-pais-scaled.jpg","contentUrl":"https:\/\/www.pro-corp.net\/bck\/wp-content\/uploads\/2021\/04\/10.-Mar-No-esperes-mas-para-trabajar-en-Portugal-Te-contamos-cuales-son-las-prestaciones-sociales-en-este-pais-scaled.jpg","width":2560,"height":1706,"caption":"Trabajar en Portugal es llevar tu carrera profesional a otro nivel y vivir una experiencia inolvidable. Conoce los beneficios de emplearse en este pa\u00eds."},{"@type":"WebPage","@id":"https:\/\/www.pro-corp.net\/bck\/trabajar-en-portugal\/#webpage","url":"https:\/\/www.pro-corp.net\/bck\/trabajar-en-portugal\/","name":"Trabajar en Portugal: te contamos todos los beneficios - Pro-corp","isPartOf":{"@id":"https:\/\/www.pro-corp.net\/bck\/#website"},"primaryImageOfPage":{"@id":"https:\/\/www.pro-corp.net\/bck\/trabajar-en-portugal\/#primaryimage"},"datePublished":"2021-04-26T09:00:00+00:00","dateModified":"2021-09-27T14:56:36+00:00","description":"Trabajar en Portugal es llevar tu carrera profesional a otro nivel y vivir una experiencia inolvidable. Conoce los beneficios de emplearse en este pa\u00eds.","breadcrumb":{"@id":"https:\/\/www.pro-corp.net\/bck\/trabajar-en-portugal\/#breadcrumb"},"inLanguage":"es","potentialAction":[{"@type":"ReadAction","target":["https:\/\/www.pro-corp.net\/bck\/trabajar-en-portugal\/"]}]},{"@type":"BreadcrumbList","@id":"https:\/\/www.pro-corp.net\/bck\/trabajar-en-portugal\/#breadcrumb","itemListElement":[{"@type":"ListItem","position":1,"name":"Trabajar en Portugal: la puerta de entrada al continente europeo"}]},{"@type":"Article","@id":"https:\/\/www.pro-corp.net\/bck\/trabajar-en-portugal\/#article","isPartOf":{"@id":"https:\/\/www.pro-corp.net\/bck\/trabajar-en-portugal\/#webpage"},"author":{"@id":"https:\/\/www.pro-corp.net\/bck\/#\/schema\/person\/d6eda375fcca981cadf1e8f102bb8966"},"headline":"Trabajar en Portugal: la puerta de entrada al continente europeo","datePublished":"2021-04-26T09:00:00+00:00","dateModified":"2021-09-27T14:56:36+00:00","mainEntityOfPage":{"@id":"https:\/\/www.pro-corp.net\/bck\/trabajar-en-portugal\/#webpage"},"wordCount":711,"commentCount":0,"publisher":{"@id":"https:\/\/www.pro-corp.net\/bck\/#organization"},"image":{"@id":"https:\/\/www.pro-corp.net\/bck\/trabajar-en-portugal\/#primaryimage"},"thumbnailUrl":"https:\/\/www.pro-corp.net\/bck\/wp-content\/uploads\/2021\/04\/10.-Mar-No-esperes-mas-para-trabajar-en-Portugal-Te-contamos-cuales-son-las-prestaciones-sociales-en-este-pais-scaled.jpg","keywords":["Escribir una carta de presentaci\u00f3n","EURES","salario m\u00ednimo en Europa","Trabajar en Europa"],"articleSection":["Emigrar a Portugal"],"inLanguage":"es","potentialAction":[{"@type":"CommentAction","name":"Comment","target":["https:\/\/www.pro-corp.net\/bck\/trabajar-en-portugal\/#respond"]}]},{"@type":"Person","@id":"https:\/\/www.pro-corp.net\/bck\/#\/schema\/person\/d6eda375fcca981cadf1e8f102bb8966","name":"Christian Andres","image":{"@type":"ImageObject","@id":"https:\/\/www.pro-corp.net\/bck\/#personlogo","inLanguage":"es","url":"https:\/\/secure.gravatar.com\/avatar\/87676f1df919f3ff761ee73fc0e15532?s=96&d=mm&r=g","contentUrl":"https:\/\/secure.gravatar.com\/avatar\/87676f1df919f3ff761ee73fc0e15532?s=96&d=mm&r=g","caption":"Christian Andres"}}]}},"_links":{"self":[{"href":"https:\/\/www.pro-corp.net\/bck\/wp-json\/wp\/v2\/posts\/6813"}],"collection":[{"href":"https:\/\/www.pro-corp.net\/bck\/wp-json\/wp\/v2\/posts"}],"about":[{"href":"https:\/\/www.pro-corp.net\/bck\/wp-json\/wp\/v2\/types\/post"}],"author":[{"embeddable":true,"href":"https:\/\/www.pro-corp.net\/bck\/wp-json\/wp\/v2\/users\/1656"}],"replies":[{"embeddable":true,"href":"https:\/\/www.pro-corp.net\/bck\/wp-json\/wp\/v2\/comments?post=6813"}],"version-history":[{"count":3,"href":"https:\/\/www.pro-corp.net\/bck\/wp-json\/wp\/v2\/posts\/6813\/revisions"}],"predecessor-version":[{"id":7513,"href":"https:\/\/www.pro-corp.net\/bck\/wp-json\/wp\/v2\/posts\/6813\/revisions\/7513"}],"wp:featuredmedia":[{"embeddable":true,"href":"https:\/\/www.pro-corp.net\/bck\/wp-json\/wp\/v2\/media\/6815"}],"wp:attachment":[{"href":"https:\/\/www.pro-corp.net\/bck\/wp-json\/wp\/v2\/media?parent=6813"}],"wp:term":[{"taxonomy":"category","embeddable":true,"href":"https:\/\/www.pro-corp.net\/bck\/wp-json\/wp\/v2\/categories?post=6813"},{"taxonomy":"post_tag","embeddable":true,"href":"https:\/\/www.pro-corp.net\/bck\/wp-json\/wp\/v2\/tags?post=6813"}],"curies":[{"name":"wp","href":"https:\/\/api.w.org\/{rel}","templated":true}]}}