{"id":6849,"date":"2021-04-23T19:54:25","date_gmt":"2021-04-24T00:54:25","guid":{"rendered":"http:\/\/www.pro-corp.net\/bck\/?p=6849"},"modified":"2021-04-30T12:08:32","modified_gmt":"2021-04-30T17:08:32","slug":"novedades","status":"publish","type":"post","link":"https:\/\/www.pro-corp.net\/bck\/novedades\/","title":{"rendered":"Buenas noticias para hoy viernes 23 de abril de 2021: \u00a1tal como te informamos en anteriores comunicaciones, no hay fecha l\u00edmite para firmar el Acta de Notoriedad en Espa\u00f1a!"},"content":{"rendered":"<p>De acuerdo con la comunicaci\u00f3n emitida hoy por el Ministerio de Justicia de Espa\u00f1a, no hay una fecha l\u00edmite para firmar el acta notarial en ese pa\u00eds. El gobierno reiter\u00f3 esta informaci\u00f3n por ser una consulta frecuente por parte de los solicitantes de la nacionalidad espa\u00f1ola.\u00a0<\/p>\n<p>Entendiendo la preocupaci\u00f3n de algunos de nuestros clientes por la imposibilidad de viajar debido a las medidas adoptadas por el gobierno espa\u00f1ol a ra\u00edz de la pandemia del COVID-19, hacemos extensiva esta noticia para la tranquilidad de todos.<\/p>\n<p>Recuerda que, como asesores legales de tu proceso, estaremos actualizando la informaci\u00f3n constantemente.<\/p>\n<p><a href=\"http:\/\/www.pro-corp.net\/bck\/firma-acta-de-notoriedad\/\">Click aqu\u00ed para leer nuestras respuestas a preguntas frecuentes sobre el proceso de firma de Acta de Notoriedad en \u00e9poca de pandemia.<\/a><\/p>\n\n\n<div class=\"wp-container-69f18f03b2ddc wp-block-buttons\">\n<div class=\"wp-block-button\"><a class=\"wp-block-button__link has-white-color has-text-color has-background\" href=\"https:\/\/web.facebook.com\/procorp.nacionalidadsefardi\/\" style=\"border-radius:40px;background-color:#af0602\" target=\"_blank\" rel=\"noreferrer noopener\">Facebook<\/a><\/div>\n\n\n\n<div class=\"wp-block-button is-style-fill\"><a class=\"wp-block-button__link has-white-color has-text-color has-background\" href=\"https:\/\/twitter.com\/PROCORP\" style=\"border-radius:40px;background-color:#af0602\" target=\"_blank\" rel=\"noreferrer noopener\">Twitter<\/a><\/div>\n\n\n\n<div class=\"wp-block-button\"><a class=\"wp-block-button__link has-white-color has-text-color has-background\" href=\"https:\/\/www.instagram.com\/pro.corp\/?hl=es-la\" style=\"border-radius:40px;background-color:#af0602\" target=\"_blank\" rel=\"noreferrer noopener\">Instagram<\/a><\/div>\n\n\n\n<div class=\"wp-block-button\"><a class=\"wp-block-button__link has-white-color has-text-color has-background\" href=\"https:\/\/api.whatsapp.com\/send?phone=573009290786&amp;text=\" style=\"background-color:#ad0605\" target=\"_blank\" rel=\"noreferrer noopener\">WhatsApp<\/a><\/div>\n<\/div>\n","protected":false},"excerpt":{"rendered":"<p>De acuerdo con la comunicaci\u00f3n emitida hoy por el Ministerio de Justicia de Espa\u00f1a, no hay una fecha l\u00edmite para firmar el acta notarial en ese pa\u00eds. El gobierno reiter\u00f3 esta informaci\u00f3n por ser una consulta frecuente por parte de los solicitantes de la nacionalidad espa\u00f1ola.\u00a0 Entendiendo la preocupaci\u00f3n de algunos de nuestros clientes por [&hellip;]<\/p>\n","protected":false},"author":1656,"featured_media":6854,"comment_status":"open","ping_status":"open","sticky":false,"template":"","format":"standard","meta":[],"categories":[56],"tags":[],"yoast_head":"<!-- This site is optimized with the Yoast SEO plugin v18.2 - https:\/\/yoast.com\/wordpress\/plugins\/seo\/ -->\n<title>firma del Acta de Notoriedad en Espa\u00f1a - Pro-corp<\/title>\n<meta name=\"description\" content=\"De acuerdo con la comunicaci\u00f3n emitida hoy por el Ministerio de Justicia de Espa\u00f1a, no hay una fecha l\u00edmite para firmar el acta notarial en ese pa\u00eds. El\" \/>\n<meta name=\"robots\" content=\"index, follow, max-snippet:-1, max-image-preview:large, max-video-preview:-1\" \/>\n<link rel=\"canonical\" href=\"https:\/\/www.pro-corp.net\/bck\/novedades\/\" \/>\n<meta property=\"og:locale\" content=\"es_ES\" \/>\n<meta property=\"og:type\" content=\"article\" \/>\n<meta property=\"og:title\" content=\"firma del Acta de Notoriedad en Espa\u00f1a - Pro-corp\" \/>\n<meta property=\"og:description\" content=\"De acuerdo con la comunicaci\u00f3n emitida hoy por el Ministerio de Justicia de Espa\u00f1a, no hay una fecha l\u00edmite para firmar el acta notarial en ese pa\u00eds. El\" \/>\n<meta property=\"og:url\" content=\"https:\/\/www.pro-corp.net\/bck\/novedades\/\" \/>\n<meta property=\"og:site_name\" content=\"Pro Corp Corporate Development\" \/>\n<meta property=\"article:publisher\" content=\"https:\/\/www.facebook.com\/Pro-Corp-Asesoria-legal-y-empresarial-105779337842842\/\" \/>\n<meta property=\"article:published_time\" content=\"2021-04-24T00:54:25+00:00\" \/>\n<meta property=\"article:modified_time\" content=\"2021-04-30T17:08:32+00:00\" \/>\n<meta property=\"og:image\" content=\"https:\/\/www.pro-corp.net\/bck\/wp-content\/uploads\/2021\/04\/Los-documentos-notariales.jpg\" \/>\n\t<meta property=\"og:image:width\" content=\"1050\" \/>\n\t<meta property=\"og:image:height\" content=\"700\" \/>\n\t<meta property=\"og:image:type\" content=\"image\/jpeg\" \/>\n<meta name=\"twitter:card\" content=\"summary_large_image\" \/>\n<meta name=\"twitter:creator\" content=\"@Pro_Corp\" \/>\n<meta name=\"twitter:site\" content=\"@Pro_Corp\" \/>\n<meta name=\"twitter:label1\" content=\"Escrito por\" \/>\n\t<meta name=\"twitter:data1\" content=\"Christian Andres\" \/>\n\t<meta name=\"twitter:label2\" content=\"Tiempo de lectura\" \/>\n\t<meta name=\"twitter:data2\" content=\"1 minuto\" \/>\n<script type=\"application\/ld+json\" class=\"yoast-schema-graph\">{\"@context\":\"https:\/\/schema.org\",\"@graph\":[{\"@type\":\"Organization\",\"@id\":\"https:\/\/www.pro-corp.net\/bck\/#organization\",\"name\":\"Pro Corp Corporate Development\",\"url\":\"https:\/\/www.pro-corp.net\/bck\/\",\"sameAs\":[\"https:\/\/www.facebook.com\/Pro-Corp-Asesoria-legal-y-empresarial-105779337842842\/\",\"https:\/\/twitter.com\/Pro_Corp\"],\"logo\":{\"@type\":\"ImageObject\",\"@id\":\"https:\/\/www.pro-corp.net\/bck\/#logo\",\"inLanguage\":\"es\",\"url\":\"http:\/\/www.pro-corp.net\/bck\/wp-content\/uploads\/2020\/06\/icon.png\",\"contentUrl\":\"http:\/\/www.pro-corp.net\/bck\/wp-content\/uploads\/2020\/06\/icon.png\",\"width\":640,\"height\":640,\"caption\":\"Pro Corp Corporate Development\"},\"image\":{\"@id\":\"https:\/\/www.pro-corp.net\/bck\/#logo\"}},{\"@type\":\"WebSite\",\"@id\":\"https:\/\/www.pro-corp.net\/bck\/#website\",\"url\":\"https:\/\/www.pro-corp.net\/bck\/\",\"name\":\"Pro Corp Corporate Development\",\"description\":\"Nacionalidad Europea por Ley Sefard\u00ed\",\"publisher\":{\"@id\":\"https:\/\/www.pro-corp.net\/bck\/#organization\"},\"potentialAction\":[{\"@type\":\"SearchAction\",\"target\":{\"@type\":\"EntryPoint\",\"urlTemplate\":\"https:\/\/www.pro-corp.net\/bck\/?s={search_term_string}\"},\"query-input\":\"required name=search_term_string\"}],\"inLanguage\":\"es\"},{\"@type\":\"ImageObject\",\"@id\":\"https:\/\/www.pro-corp.net\/bck\/novedades\/#primaryimage\",\"inLanguage\":\"es\",\"url\":\"https:\/\/www.pro-corp.net\/bck\/wp-content\/uploads\/2021\/04\/Los-documentos-notariales.jpg\",\"contentUrl\":\"https:\/\/www.pro-corp.net\/bck\/wp-content\/uploads\/2021\/04\/Los-documentos-notariales.jpg\",\"width\":1050,\"height\":700,\"caption\":\"Los-documentos-notariales\"},{\"@type\":\"WebPage\",\"@id\":\"https:\/\/www.pro-corp.net\/bck\/novedades\/#webpage\",\"url\":\"https:\/\/www.pro-corp.net\/bck\/novedades\/\",\"name\":\"firma del Acta de Notoriedad en Espa\u00f1a - Pro-corp\",\"isPartOf\":{\"@id\":\"https:\/\/www.pro-corp.net\/bck\/#website\"},\"primaryImageOfPage\":{\"@id\":\"https:\/\/www.pro-corp.net\/bck\/novedades\/#primaryimage\"},\"datePublished\":\"2021-04-24T00:54:25+00:00\",\"dateModified\":\"2021-04-30T17:08:32+00:00\",\"description\":\"De acuerdo con la comunicaci\u00f3n emitida hoy por el Ministerio de Justicia de Espa\u00f1a, no hay una fecha l\u00edmite para firmar el acta notarial en ese pa\u00eds. El\",\"breadcrumb\":{\"@id\":\"https:\/\/www.pro-corp.net\/bck\/novedades\/#breadcrumb\"},\"inLanguage\":\"es\",\"potentialAction\":[{\"@type\":\"ReadAction\",\"target\":[\"https:\/\/www.pro-corp.net\/bck\/novedades\/\"]}]},{\"@type\":\"BreadcrumbList\",\"@id\":\"https:\/\/www.pro-corp.net\/bck\/novedades\/#breadcrumb\",\"itemListElement\":[{\"@type\":\"ListItem\",\"position\":1,\"name\":\"Buenas noticias para hoy viernes 23 de abril de 2021: \u00a1tal como te informamos en anteriores comunicaciones, no hay fecha l\u00edmite para firmar el Acta de Notoriedad en Espa\u00f1a!\"}]},{\"@type\":\"Article\",\"@id\":\"https:\/\/www.pro-corp.net\/bck\/novedades\/#article\",\"isPartOf\":{\"@id\":\"https:\/\/www.pro-corp.net\/bck\/novedades\/#webpage\"},\"author\":{\"@id\":\"https:\/\/www.pro-corp.net\/bck\/#\/schema\/person\/d6eda375fcca981cadf1e8f102bb8966\"},\"headline\":\"Buenas noticias para hoy viernes 23 de abril de 2021: \u00a1tal como te informamos en anteriores comunicaciones, no hay fecha l\u00edmite para firmar el Acta de Notoriedad en Espa\u00f1a!\",\"datePublished\":\"2021-04-24T00:54:25+00:00\",\"dateModified\":\"2021-04-30T17:08:32+00:00\",\"mainEntityOfPage\":{\"@id\":\"https:\/\/www.pro-corp.net\/bck\/novedades\/#webpage\"},\"wordCount\":158,\"commentCount\":0,\"publisher\":{\"@id\":\"https:\/\/www.pro-corp.net\/bck\/#organization\"},\"image\":{\"@id\":\"https:\/\/www.pro-corp.net\/bck\/novedades\/#primaryimage\"},\"thumbnailUrl\":\"https:\/\/www.pro-corp.net\/bck\/wp-content\/uploads\/2021\/04\/Los-documentos-notariales.jpg\",\"articleSection\":[\"Ciudadan\u00eda europea\"],\"inLanguage\":\"es\",\"potentialAction\":[{\"@type\":\"CommentAction\",\"name\":\"Comment\",\"target\":[\"https:\/\/www.pro-corp.net\/bck\/novedades\/#respond\"]}]},{\"@type\":\"Person\",\"@id\":\"https:\/\/www.pro-corp.net\/bck\/#\/schema\/person\/d6eda375fcca981cadf1e8f102bb8966\",\"name\":\"Christian Andres\",\"image\":{\"@type\":\"ImageObject\",\"@id\":\"https:\/\/www.pro-corp.net\/bck\/#personlogo\",\"inLanguage\":\"es\",\"url\":\"https:\/\/secure.gravatar.com\/avatar\/87676f1df919f3ff761ee73fc0e15532?s=96&d=mm&r=g\",\"contentUrl\":\"https:\/\/secure.gravatar.com\/avatar\/87676f1df919f3ff761ee73fc0e15532?s=96&d=mm&r=g\",\"caption\":\"Christian Andres\"}}]}<\/script>\n<!-- \/ Yoast SEO plugin. -->","yoast_head_json":{"title":"firma del Acta de Notoriedad en Espa\u00f1a - Pro-corp","description":"De acuerdo con la comunicaci\u00f3n emitida hoy por el Ministerio de Justicia de Espa\u00f1a, no hay una fecha l\u00edmite para firmar el acta notarial en ese pa\u00eds. El","robots":{"index":"index","follow":"follow","max-snippet":"max-snippet:-1","max-image-preview":"max-image-preview:large","max-video-preview":"max-video-preview:-1"},"canonical":"https:\/\/www.pro-corp.net\/bck\/novedades\/","og_locale":"es_ES","og_type":"article","og_title":"firma del Acta de Notoriedad en Espa\u00f1a - Pro-corp","og_description":"De acuerdo con la comunicaci\u00f3n emitida hoy por el Ministerio de Justicia de Espa\u00f1a, no hay una fecha l\u00edmite para firmar el acta notarial en ese pa\u00eds. El","og_url":"https:\/\/www.pro-corp.net\/bck\/novedades\/","og_site_name":"Pro Corp Corporate Development","article_publisher":"https:\/\/www.facebook.com\/Pro-Corp-Asesoria-legal-y-empresarial-105779337842842\/","article_published_time":"2021-04-24T00:54:25+00:00","article_modified_time":"2021-04-30T17:08:32+00:00","og_image":[{"width":1050,"height":700,"url":"https:\/\/www.pro-corp.net\/bck\/wp-content\/uploads\/2021\/04\/Los-documentos-notariales.jpg","type":"image\/jpeg"}],"twitter_card":"summary_large_image","twitter_creator":"@Pro_Corp","twitter_site":"@Pro_Corp","twitter_misc":{"Escrito por":"Christian Andres","Tiempo de lectura":"1 minuto"},"schema":{"@context":"https:\/\/schema.org","@graph":[{"@type":"Organization","@id":"https:\/\/www.pro-corp.net\/bck\/#organization","name":"Pro Corp Corporate Development","url":"https:\/\/www.pro-corp.net\/bck\/","sameAs":["https:\/\/www.facebook.com\/Pro-Corp-Asesoria-legal-y-empresarial-105779337842842\/","https:\/\/twitter.com\/Pro_Corp"],"logo":{"@type":"ImageObject","@id":"https:\/\/www.pro-corp.net\/bck\/#logo","inLanguage":"es","url":"http:\/\/www.pro-corp.net\/bck\/wp-content\/uploads\/2020\/06\/icon.png","contentUrl":"http:\/\/www.pro-corp.net\/bck\/wp-content\/uploads\/2020\/06\/icon.png","width":640,"height":640,"caption":"Pro Corp Corporate Development"},"image":{"@id":"https:\/\/www.pro-corp.net\/bck\/#logo"}},{"@type":"WebSite","@id":"https:\/\/www.pro-corp.net\/bck\/#website","url":"https:\/\/www.pro-corp.net\/bck\/","name":"Pro Corp Corporate Development","description":"Nacionalidad Europea por Ley Sefard\u00ed","publisher":{"@id":"https:\/\/www.pro-corp.net\/bck\/#organization"},"potentialAction":[{"@type":"SearchAction","target":{"@type":"EntryPoint","urlTemplate":"https:\/\/www.pro-corp.net\/bck\/?s={search_term_string}"},"query-input":"required name=search_term_string"}],"inLanguage":"es"},{"@type":"ImageObject","@id":"https:\/\/www.pro-corp.net\/bck\/novedades\/#primaryimage","inLanguage":"es","url":"https:\/\/www.pro-corp.net\/bck\/wp-content\/uploads\/2021\/04\/Los-documentos-notariales.jpg","contentUrl":"https:\/\/www.pro-corp.net\/bck\/wp-content\/uploads\/2021\/04\/Los-documentos-notariales.jpg","width":1050,"height":700,"caption":"Los-documentos-notariales"},{"@type":"WebPage","@id":"https:\/\/www.pro-corp.net\/bck\/novedades\/#webpage","url":"https:\/\/www.pro-corp.net\/bck\/novedades\/","name":"firma del Acta de Notoriedad en Espa\u00f1a - Pro-corp","isPartOf":{"@id":"https:\/\/www.pro-corp.net\/bck\/#website"},"primaryImageOfPage":{"@id":"https:\/\/www.pro-corp.net\/bck\/novedades\/#primaryimage"},"datePublished":"2021-04-24T00:54:25+00:00","dateModified":"2021-04-30T17:08:32+00:00","description":"De acuerdo con la comunicaci\u00f3n emitida hoy por el Ministerio de Justicia de Espa\u00f1a, no hay una fecha l\u00edmite para firmar el acta notarial en ese pa\u00eds. El","breadcrumb":{"@id":"https:\/\/www.pro-corp.net\/bck\/novedades\/#breadcrumb"},"inLanguage":"es","potentialAction":[{"@type":"ReadAction","target":["https:\/\/www.pro-corp.net\/bck\/novedades\/"]}]},{"@type":"BreadcrumbList","@id":"https:\/\/www.pro-corp.net\/bck\/novedades\/#breadcrumb","itemListElement":[{"@type":"ListItem","position":1,"name":"Buenas noticias para hoy viernes 23 de abril de 2021: \u00a1tal como te informamos en anteriores comunicaciones, no hay fecha l\u00edmite para firmar el Acta de Notoriedad en Espa\u00f1a!"}]},{"@type":"Article","@id":"https:\/\/www.pro-corp.net\/bck\/novedades\/#article","isPartOf":{"@id":"https:\/\/www.pro-corp.net\/bck\/novedades\/#webpage"},"author":{"@id":"https:\/\/www.pro-corp.net\/bck\/#\/schema\/person\/d6eda375fcca981cadf1e8f102bb8966"},"headline":"Buenas noticias para hoy viernes 23 de abril de 2021: \u00a1tal como te informamos en anteriores comunicaciones, no hay fecha l\u00edmite para firmar el Acta de Notoriedad en Espa\u00f1a!","datePublished":"2021-04-24T00:54:25+00:00","dateModified":"2021-04-30T17:08:32+00:00","mainEntityOfPage":{"@id":"https:\/\/www.pro-corp.net\/bck\/novedades\/#webpage"},"wordCount":158,"commentCount":0,"publisher":{"@id":"https:\/\/www.pro-corp.net\/bck\/#organization"},"image":{"@id":"https:\/\/www.pro-corp.net\/bck\/novedades\/#primaryimage"},"thumbnailUrl":"https:\/\/www.pro-corp.net\/bck\/wp-content\/uploads\/2021\/04\/Los-documentos-notariales.jpg","articleSection":["Ciudadan\u00eda europea"],"inLanguage":"es","potentialAction":[{"@type":"CommentAction","name":"Comment","target":["https:\/\/www.pro-corp.net\/bck\/novedades\/#respond"]}]},{"@type":"Person","@id":"https:\/\/www.pro-corp.net\/bck\/#\/schema\/person\/d6eda375fcca981cadf1e8f102bb8966","name":"Christian Andres","image":{"@type":"ImageObject","@id":"https:\/\/www.pro-corp.net\/bck\/#personlogo","inLanguage":"es","url":"https:\/\/secure.gravatar.com\/avatar\/87676f1df919f3ff761ee73fc0e15532?s=96&d=mm&r=g","contentUrl":"https:\/\/secure.gravatar.com\/avatar\/87676f1df919f3ff761ee73fc0e15532?s=96&d=mm&r=g","caption":"Christian Andres"}}]}},"_links":{"self":[{"href":"https:\/\/www.pro-corp.net\/bck\/wp-json\/wp\/v2\/posts\/6849"}],"collection":[{"href":"https:\/\/www.pro-corp.net\/bck\/wp-json\/wp\/v2\/posts"}],"about":[{"href":"https:\/\/www.pro-corp.net\/bck\/wp-json\/wp\/v2\/types\/post"}],"author":[{"embeddable":true,"href":"https:\/\/www.pro-corp.net\/bck\/wp-json\/wp\/v2\/users\/1656"}],"replies":[{"embeddable":true,"href":"https:\/\/www.pro-corp.net\/bck\/wp-json\/wp\/v2\/comments?post=6849"}],"version-history":[{"count":6,"href":"https:\/\/www.pro-corp.net\/bck\/wp-json\/wp\/v2\/posts\/6849\/revisions"}],"predecessor-version":[{"id":6865,"href":"https:\/\/www.pro-corp.net\/bck\/wp-json\/wp\/v2\/posts\/6849\/revisions\/6865"}],"wp:featuredmedia":[{"embeddable":true,"href":"https:\/\/www.pro-corp.net\/bck\/wp-json\/wp\/v2\/media\/6854"}],"wp:attachment":[{"href":"https:\/\/www.pro-corp.net\/bck\/wp-json\/wp\/v2\/media?parent=6849"}],"wp:term":[{"taxonomy":"category","embeddable":true,"href":"https:\/\/www.pro-corp.net\/bck\/wp-json\/wp\/v2\/categories?post=6849"},{"taxonomy":"post_tag","embeddable":true,"href":"https:\/\/www.pro-corp.net\/bck\/wp-json\/wp\/v2\/tags?post=6849"}],"curies":[{"name":"wp","href":"https:\/\/api.w.org\/{rel}","templated":true}]}}