{"id":6888,"date":"2021-05-11T21:17:43","date_gmt":"2021-05-12T02:17:43","guid":{"rendered":"http:\/\/www.pro-corp.net\/bck\/?p=6888"},"modified":"2021-05-21T14:26:07","modified_gmt":"2021-05-21T19:26:07","slug":"consulado-firma-del-acta-notarial","status":"publish","type":"post","link":"https:\/\/www.pro-corp.net\/bck\/consulado-firma-del-acta-notarial\/","title":{"rendered":"Consulado autorizar\u00e1 viajar a Espa\u00f1a a la firma del acta notarial"},"content":{"rendered":"<p>Nos permitimos informar que el gobierno espa\u00f1ol ha decidido <strong>tramitar autorizaciones para viajar a Espa\u00f1a en tiempos de restricciones gubernamentales con motivo de la crisis sanitaria ocasionada por el COVID-19.<\/strong><\/p>\n<p>Este permiso ser\u00e1 expedido <strong>a los solicitantes de la nacionalidad espa\u00f1ola por Ley Sefard\u00ed<\/strong> para, as\u00ed, cumplir con su cita ante el Notario espa\u00f1ol y poder firmar su acta de notoriedad.<\/p>\n<p>Esto significa que el interesado que actualmente se encuentra finalizando el tr\u00e1mite por la Ley 12\/2015 de 24 de junio, en materia de concesi\u00f3n de la nacionalidad espa\u00f1ola a los sefard\u00edes originarios de Espa\u00f1a, podr\u00e1 solicitar ante el Consulado de Espa\u00f1a en Colombia un documento que autoriza el viaje desde Colombia al territorio espa\u00f1ol.<\/p>\n<p>Este documento es v\u00e1lido por una sola vez y ser\u00e1 entregado <strong>\u00fanicamente*<\/strong> a la persona citada por el Notario para comparecer ante su despacho en Espa\u00f1a y as\u00ed poder dar cumplimiento a esta etapa del tr\u00e1mite de la Ley.<\/p>\n<p>REQUISITOS PARA SOLICITAR LA AUTORIZACI\u00d3N**:<\/p>\n<ul>\n<li>Itinerario de viaje (puede haber m\u00e1ximo 7 d\u00edas calendario entre la entrada y salida de Espa\u00f1a).<\/li>\n<li>Primera p\u00e1gina del pasaporte (p\u00e1gina con los datos del solicitante).<\/li>\n<li>Documento que PRO CORP les enviar\u00e1 a sus clientes con la confirmaci\u00f3n de la cita dada por el Notario.<\/li>\n<\/ul>\n<p>*La autorizaci\u00f3n ante el Consulado de Espa\u00f1a debe ser solicitada \u00fanicamente por el interesado escribiendo al correo <a href=\"mailto:cog.bogota.vis@maec.es\" target=\"_blank\" rel=\"noopener\">cog.bogota.vis@maec.es<\/a> donde se incluya la documentaci\u00f3n que antecede.<\/p>\n<p>**Los requisitos anteriormente mencionados est\u00e1n sujetos a posibles cambios por parte del Consulado de Espa\u00f1a.<\/p>\n<p>Por otra parte, es muy importante considerar las medidas sanitarias para ingresar a Espa\u00f1a. Dicho pa\u00eds adelanta un seguimiento riguroso con todos los viajeros para un control oportuno del COVID-19. A continuaci\u00f3n invitamos a consultar la informaci\u00f3n oficial suministrada por el Consulado de Espa\u00f1a en Bogot\u00e1 ya que es indispensable que se tenga en cuenta antes de viajar:<\/p>\n<p><a href=\"http:\/\/www.exteriores.gob.es\/Consulados\/BOGOTA\/es\/Consulado\/Paginas\/Articulos\/CONTROL-SANITARIO-A-LA-ENTRADA-EN-ESPA%C3%91A.aspx\" target=\"_blank\" rel=\"noopener\">http:\/\/www.exteriores.gob.es\/Consulados\/BOGOTA\/es\/Consulado\/Paginas\/Articulos\/CONTROL-SANITARIO-A-LA-ENTRADA-EN-ESPA%C3%91A.aspx<\/a><\/p>\n<p>\u00a1No olvides seguirnos en nuestras redes sociales en las que estaremos publicando m\u00e1s informaci\u00f3n de inter\u00e9s!<\/p>\n\n\n<div class=\"wp-container-69f191e4c9448 wp-block-buttons\">\n<div class=\"wp-block-button\"><a class=\"wp-block-button__link has-background\" href=\"https:\/\/web.facebook.com\/procorp.nacionalidadsefardi\/\" style=\"border-radius:40px;background-color:#af0602\" target=\"_blank\" rel=\"noreferrer noopener\">Facebook<\/a><\/div>\n\n\n\n<div class=\"wp-block-button is-style-fill\"><a class=\"wp-block-button__link has-background\" href=\"https:\/\/twitter.com\/PROCORP\" style=\"border-radius:40px;background-color:#af0602\" target=\"_blank\" rel=\"noreferrer noopener\">Twitter<\/a><\/div>\n\n\n\n<div class=\"wp-block-button\"><a class=\"wp-block-button__link has-background\" href=\"https:\/\/www.instagram.com\/pro.corp\/?hl=es-la\" style=\"border-radius:40px;background-color:#af0602\" target=\"_blank\" rel=\"noreferrer noopener\">Instagram<\/a><\/div>\n\n\n\n<div class=\"wp-block-button\"><a class=\"wp-block-button__link has-background\" href=\"https:\/\/api.whatsapp.com\/send?phone=573009290786&amp;text=\" style=\"background-color:#ad0605\" target=\"_blank\" rel=\"noreferrer noopener\">WhatsApp<\/a><\/div>\n<\/div>\n\n\n\n<p><\/p>\n","protected":false},"excerpt":{"rendered":"<p>Nos permitimos informar que el gobierno espa\u00f1ol ha decidido tramitar autorizaciones para viajar a Espa\u00f1a en tiempos de restricciones gubernamentales con motivo de la crisis sanitaria ocasionada por el COVID-19. Este permiso ser\u00e1 expedido a los solicitantes de la nacionalidad espa\u00f1ola por Ley Sefard\u00ed para, as\u00ed, cumplir con su cita ante el Notario espa\u00f1ol y [&hellip;]<\/p>\n","protected":false},"author":1656,"featured_media":6941,"comment_status":"open","ping_status":"open","sticky":false,"template":"","format":"standard","meta":[],"categories":[56],"tags":[],"yoast_head":"<!-- This site is optimized with the Yoast SEO plugin v18.2 - https:\/\/yoast.com\/wordpress\/plugins\/seo\/ -->\n<title>Consulado autorizar\u00e1 viajar a Espa\u00f1a a la firma del acta notarial - Pro-corp<\/title>\n<meta name=\"description\" content=\"De acuerdo con la reciente comunicaci\u00f3n emitida por el Consulado de Espa\u00f1a en Colombia, nos permitimos informar que el gobierno espa\u00f1ol ha decidido tramitar autorizaciones para viajar a Espa\u00f1a en tiempos de restricciones gubernamentales con motivo de la crisis sanitaria ocasionada por el COVID-19.\" \/>\n<meta name=\"robots\" content=\"index, follow, max-snippet:-1, max-image-preview:large, max-video-preview:-1\" \/>\n<link rel=\"canonical\" href=\"https:\/\/www.pro-corp.net\/bck\/consulado-firma-del-acta-notarial\/\" \/>\n<meta property=\"og:locale\" content=\"es_ES\" \/>\n<meta property=\"og:type\" content=\"article\" \/>\n<meta property=\"og:title\" content=\"Consulado autorizar\u00e1 viajar a Espa\u00f1a a la firma del acta notarial - Pro-corp\" \/>\n<meta property=\"og:description\" content=\"De acuerdo con la reciente comunicaci\u00f3n emitida por el Consulado de Espa\u00f1a en Colombia, nos permitimos informar que el gobierno espa\u00f1ol ha decidido tramitar autorizaciones para viajar a Espa\u00f1a en tiempos de restricciones gubernamentales con motivo de la crisis sanitaria ocasionada por el COVID-19.\" \/>\n<meta property=\"og:url\" content=\"https:\/\/www.pro-corp.net\/bck\/consulado-firma-del-acta-notarial\/\" \/>\n<meta property=\"og:site_name\" content=\"Pro Corp Corporate Development\" \/>\n<meta property=\"article:publisher\" content=\"https:\/\/www.facebook.com\/Pro-Corp-Asesoria-legal-y-empresarial-105779337842842\/\" \/>\n<meta property=\"article:published_time\" content=\"2021-05-12T02:17:43+00:00\" \/>\n<meta property=\"article:modified_time\" content=\"2021-05-21T19:26:07+00:00\" \/>\n<meta property=\"og:image\" content=\"https:\/\/www.pro-corp.net\/bck\/wp-content\/uploads\/2021\/05\/pexels-andrea-piacquadio-3760067-scaled.jpg\" \/>\n\t<meta property=\"og:image:width\" content=\"2560\" \/>\n\t<meta property=\"og:image:height\" content=\"1707\" \/>\n\t<meta property=\"og:image:type\" content=\"image\/jpeg\" \/>\n<meta name=\"twitter:card\" content=\"summary_large_image\" \/>\n<meta name=\"twitter:creator\" content=\"@Pro_Corp\" \/>\n<meta name=\"twitter:site\" content=\"@Pro_Corp\" \/>\n<meta name=\"twitter:label1\" content=\"Escrito por\" \/>\n\t<meta name=\"twitter:data1\" content=\"Christian Andres\" \/>\n\t<meta name=\"twitter:label2\" content=\"Tiempo de lectura\" \/>\n\t<meta name=\"twitter:data2\" content=\"2 minutos\" \/>\n<script type=\"application\/ld+json\" class=\"yoast-schema-graph\">{\"@context\":\"https:\/\/schema.org\",\"@graph\":[{\"@type\":\"Organization\",\"@id\":\"https:\/\/www.pro-corp.net\/bck\/#organization\",\"name\":\"Pro Corp Corporate Development\",\"url\":\"https:\/\/www.pro-corp.net\/bck\/\",\"sameAs\":[\"https:\/\/www.facebook.com\/Pro-Corp-Asesoria-legal-y-empresarial-105779337842842\/\",\"https:\/\/twitter.com\/Pro_Corp\"],\"logo\":{\"@type\":\"ImageObject\",\"@id\":\"https:\/\/www.pro-corp.net\/bck\/#logo\",\"inLanguage\":\"es\",\"url\":\"http:\/\/www.pro-corp.net\/bck\/wp-content\/uploads\/2020\/06\/icon.png\",\"contentUrl\":\"http:\/\/www.pro-corp.net\/bck\/wp-content\/uploads\/2020\/06\/icon.png\",\"width\":640,\"height\":640,\"caption\":\"Pro Corp Corporate Development\"},\"image\":{\"@id\":\"https:\/\/www.pro-corp.net\/bck\/#logo\"}},{\"@type\":\"WebSite\",\"@id\":\"https:\/\/www.pro-corp.net\/bck\/#website\",\"url\":\"https:\/\/www.pro-corp.net\/bck\/\",\"name\":\"Pro Corp Corporate Development\",\"description\":\"Nacionalidad Europea por Ley Sefard\u00ed\",\"publisher\":{\"@id\":\"https:\/\/www.pro-corp.net\/bck\/#organization\"},\"potentialAction\":[{\"@type\":\"SearchAction\",\"target\":{\"@type\":\"EntryPoint\",\"urlTemplate\":\"https:\/\/www.pro-corp.net\/bck\/?s={search_term_string}\"},\"query-input\":\"required name=search_term_string\"}],\"inLanguage\":\"es\"},{\"@type\":\"ImageObject\",\"@id\":\"https:\/\/www.pro-corp.net\/bck\/consulado-firma-del-acta-notarial\/#primaryimage\",\"inLanguage\":\"es\",\"url\":\"https:\/\/www.pro-corp.net\/bck\/wp-content\/uploads\/2021\/05\/pexels-andrea-piacquadio-3760067-scaled.jpg\",\"contentUrl\":\"https:\/\/www.pro-corp.net\/bck\/wp-content\/uploads\/2021\/05\/pexels-andrea-piacquadio-3760067-scaled.jpg\",\"width\":2560,\"height\":1707,\"caption\":\"Consulado\"},{\"@type\":\"WebPage\",\"@id\":\"https:\/\/www.pro-corp.net\/bck\/consulado-firma-del-acta-notarial\/#webpage\",\"url\":\"https:\/\/www.pro-corp.net\/bck\/consulado-firma-del-acta-notarial\/\",\"name\":\"Consulado autorizar\u00e1 viajar a Espa\u00f1a a la firma del acta notarial - Pro-corp\",\"isPartOf\":{\"@id\":\"https:\/\/www.pro-corp.net\/bck\/#website\"},\"primaryImageOfPage\":{\"@id\":\"https:\/\/www.pro-corp.net\/bck\/consulado-firma-del-acta-notarial\/#primaryimage\"},\"datePublished\":\"2021-05-12T02:17:43+00:00\",\"dateModified\":\"2021-05-21T19:26:07+00:00\",\"description\":\"De acuerdo con la reciente comunicaci\u00f3n emitida por el Consulado de Espa\u00f1a en Colombia, nos permitimos informar que el gobierno espa\u00f1ol ha decidido tramitar autorizaciones para viajar a Espa\u00f1a en tiempos de restricciones gubernamentales con motivo de la crisis sanitaria ocasionada por el COVID-19.\",\"breadcrumb\":{\"@id\":\"https:\/\/www.pro-corp.net\/bck\/consulado-firma-del-acta-notarial\/#breadcrumb\"},\"inLanguage\":\"es\",\"potentialAction\":[{\"@type\":\"ReadAction\",\"target\":[\"https:\/\/www.pro-corp.net\/bck\/consulado-firma-del-acta-notarial\/\"]}]},{\"@type\":\"BreadcrumbList\",\"@id\":\"https:\/\/www.pro-corp.net\/bck\/consulado-firma-del-acta-notarial\/#breadcrumb\",\"itemListElement\":[{\"@type\":\"ListItem\",\"position\":1,\"name\":\"Consulado autorizar\u00e1 viajar a Espa\u00f1a a la firma del acta notarial\"}]},{\"@type\":\"Article\",\"@id\":\"https:\/\/www.pro-corp.net\/bck\/consulado-firma-del-acta-notarial\/#article\",\"isPartOf\":{\"@id\":\"https:\/\/www.pro-corp.net\/bck\/consulado-firma-del-acta-notarial\/#webpage\"},\"author\":{\"@id\":\"https:\/\/www.pro-corp.net\/bck\/#\/schema\/person\/d6eda375fcca981cadf1e8f102bb8966\"},\"headline\":\"Consulado autorizar\u00e1 viajar a Espa\u00f1a a la firma del acta notarial\",\"datePublished\":\"2021-05-12T02:17:43+00:00\",\"dateModified\":\"2021-05-21T19:26:07+00:00\",\"mainEntityOfPage\":{\"@id\":\"https:\/\/www.pro-corp.net\/bck\/consulado-firma-del-acta-notarial\/#webpage\"},\"wordCount\":384,\"commentCount\":0,\"publisher\":{\"@id\":\"https:\/\/www.pro-corp.net\/bck\/#organization\"},\"image\":{\"@id\":\"https:\/\/www.pro-corp.net\/bck\/consulado-firma-del-acta-notarial\/#primaryimage\"},\"thumbnailUrl\":\"https:\/\/www.pro-corp.net\/bck\/wp-content\/uploads\/2021\/05\/pexels-andrea-piacquadio-3760067-scaled.jpg\",\"articleSection\":[\"Ciudadan\u00eda europea\"],\"inLanguage\":\"es\",\"potentialAction\":[{\"@type\":\"CommentAction\",\"name\":\"Comment\",\"target\":[\"https:\/\/www.pro-corp.net\/bck\/consulado-firma-del-acta-notarial\/#respond\"]}]},{\"@type\":\"Person\",\"@id\":\"https:\/\/www.pro-corp.net\/bck\/#\/schema\/person\/d6eda375fcca981cadf1e8f102bb8966\",\"name\":\"Christian Andres\",\"image\":{\"@type\":\"ImageObject\",\"@id\":\"https:\/\/www.pro-corp.net\/bck\/#personlogo\",\"inLanguage\":\"es\",\"url\":\"https:\/\/secure.gravatar.com\/avatar\/87676f1df919f3ff761ee73fc0e15532?s=96&d=mm&r=g\",\"contentUrl\":\"https:\/\/secure.gravatar.com\/avatar\/87676f1df919f3ff761ee73fc0e15532?s=96&d=mm&r=g\",\"caption\":\"Christian Andres\"}}]}<\/script>\n<!-- \/ Yoast SEO plugin. -->","yoast_head_json":{"title":"Consulado autorizar\u00e1 viajar a Espa\u00f1a a la firma del acta notarial - Pro-corp","description":"De acuerdo con la reciente comunicaci\u00f3n emitida por el Consulado de Espa\u00f1a en Colombia, nos permitimos informar que el gobierno espa\u00f1ol ha decidido tramitar autorizaciones para viajar a Espa\u00f1a en tiempos de restricciones gubernamentales con motivo de la crisis sanitaria ocasionada por el COVID-19.","robots":{"index":"index","follow":"follow","max-snippet":"max-snippet:-1","max-image-preview":"max-image-preview:large","max-video-preview":"max-video-preview:-1"},"canonical":"https:\/\/www.pro-corp.net\/bck\/consulado-firma-del-acta-notarial\/","og_locale":"es_ES","og_type":"article","og_title":"Consulado autorizar\u00e1 viajar a Espa\u00f1a a la firma del acta notarial - Pro-corp","og_description":"De acuerdo con la reciente comunicaci\u00f3n emitida por el Consulado de Espa\u00f1a en Colombia, nos permitimos informar que el gobierno espa\u00f1ol ha decidido tramitar autorizaciones para viajar a Espa\u00f1a en tiempos de restricciones gubernamentales con motivo de la crisis sanitaria ocasionada por el COVID-19.","og_url":"https:\/\/www.pro-corp.net\/bck\/consulado-firma-del-acta-notarial\/","og_site_name":"Pro Corp Corporate Development","article_publisher":"https:\/\/www.facebook.com\/Pro-Corp-Asesoria-legal-y-empresarial-105779337842842\/","article_published_time":"2021-05-12T02:17:43+00:00","article_modified_time":"2021-05-21T19:26:07+00:00","og_image":[{"width":2560,"height":1707,"url":"https:\/\/www.pro-corp.net\/bck\/wp-content\/uploads\/2021\/05\/pexels-andrea-piacquadio-3760067-scaled.jpg","type":"image\/jpeg"}],"twitter_card":"summary_large_image","twitter_creator":"@Pro_Corp","twitter_site":"@Pro_Corp","twitter_misc":{"Escrito por":"Christian Andres","Tiempo de lectura":"2 minutos"},"schema":{"@context":"https:\/\/schema.org","@graph":[{"@type":"Organization","@id":"https:\/\/www.pro-corp.net\/bck\/#organization","name":"Pro Corp Corporate Development","url":"https:\/\/www.pro-corp.net\/bck\/","sameAs":["https:\/\/www.facebook.com\/Pro-Corp-Asesoria-legal-y-empresarial-105779337842842\/","https:\/\/twitter.com\/Pro_Corp"],"logo":{"@type":"ImageObject","@id":"https:\/\/www.pro-corp.net\/bck\/#logo","inLanguage":"es","url":"http:\/\/www.pro-corp.net\/bck\/wp-content\/uploads\/2020\/06\/icon.png","contentUrl":"http:\/\/www.pro-corp.net\/bck\/wp-content\/uploads\/2020\/06\/icon.png","width":640,"height":640,"caption":"Pro Corp Corporate Development"},"image":{"@id":"https:\/\/www.pro-corp.net\/bck\/#logo"}},{"@type":"WebSite","@id":"https:\/\/www.pro-corp.net\/bck\/#website","url":"https:\/\/www.pro-corp.net\/bck\/","name":"Pro Corp Corporate Development","description":"Nacionalidad Europea por Ley Sefard\u00ed","publisher":{"@id":"https:\/\/www.pro-corp.net\/bck\/#organization"},"potentialAction":[{"@type":"SearchAction","target":{"@type":"EntryPoint","urlTemplate":"https:\/\/www.pro-corp.net\/bck\/?s={search_term_string}"},"query-input":"required name=search_term_string"}],"inLanguage":"es"},{"@type":"ImageObject","@id":"https:\/\/www.pro-corp.net\/bck\/consulado-firma-del-acta-notarial\/#primaryimage","inLanguage":"es","url":"https:\/\/www.pro-corp.net\/bck\/wp-content\/uploads\/2021\/05\/pexels-andrea-piacquadio-3760067-scaled.jpg","contentUrl":"https:\/\/www.pro-corp.net\/bck\/wp-content\/uploads\/2021\/05\/pexels-andrea-piacquadio-3760067-scaled.jpg","width":2560,"height":1707,"caption":"Consulado"},{"@type":"WebPage","@id":"https:\/\/www.pro-corp.net\/bck\/consulado-firma-del-acta-notarial\/#webpage","url":"https:\/\/www.pro-corp.net\/bck\/consulado-firma-del-acta-notarial\/","name":"Consulado autorizar\u00e1 viajar a Espa\u00f1a a la firma del acta notarial - Pro-corp","isPartOf":{"@id":"https:\/\/www.pro-corp.net\/bck\/#website"},"primaryImageOfPage":{"@id":"https:\/\/www.pro-corp.net\/bck\/consulado-firma-del-acta-notarial\/#primaryimage"},"datePublished":"2021-05-12T02:17:43+00:00","dateModified":"2021-05-21T19:26:07+00:00","description":"De acuerdo con la reciente comunicaci\u00f3n emitida por el Consulado de Espa\u00f1a en Colombia, nos permitimos informar que el gobierno espa\u00f1ol ha decidido tramitar autorizaciones para viajar a Espa\u00f1a en tiempos de restricciones gubernamentales con motivo de la crisis sanitaria ocasionada por el COVID-19.","breadcrumb":{"@id":"https:\/\/www.pro-corp.net\/bck\/consulado-firma-del-acta-notarial\/#breadcrumb"},"inLanguage":"es","potentialAction":[{"@type":"ReadAction","target":["https:\/\/www.pro-corp.net\/bck\/consulado-firma-del-acta-notarial\/"]}]},{"@type":"BreadcrumbList","@id":"https:\/\/www.pro-corp.net\/bck\/consulado-firma-del-acta-notarial\/#breadcrumb","itemListElement":[{"@type":"ListItem","position":1,"name":"Consulado autorizar\u00e1 viajar a Espa\u00f1a a la firma del acta notarial"}]},{"@type":"Article","@id":"https:\/\/www.pro-corp.net\/bck\/consulado-firma-del-acta-notarial\/#article","isPartOf":{"@id":"https:\/\/www.pro-corp.net\/bck\/consulado-firma-del-acta-notarial\/#webpage"},"author":{"@id":"https:\/\/www.pro-corp.net\/bck\/#\/schema\/person\/d6eda375fcca981cadf1e8f102bb8966"},"headline":"Consulado autorizar\u00e1 viajar a Espa\u00f1a a la firma del acta notarial","datePublished":"2021-05-12T02:17:43+00:00","dateModified":"2021-05-21T19:26:07+00:00","mainEntityOfPage":{"@id":"https:\/\/www.pro-corp.net\/bck\/consulado-firma-del-acta-notarial\/#webpage"},"wordCount":384,"commentCount":0,"publisher":{"@id":"https:\/\/www.pro-corp.net\/bck\/#organization"},"image":{"@id":"https:\/\/www.pro-corp.net\/bck\/consulado-firma-del-acta-notarial\/#primaryimage"},"thumbnailUrl":"https:\/\/www.pro-corp.net\/bck\/wp-content\/uploads\/2021\/05\/pexels-andrea-piacquadio-3760067-scaled.jpg","articleSection":["Ciudadan\u00eda europea"],"inLanguage":"es","potentialAction":[{"@type":"CommentAction","name":"Comment","target":["https:\/\/www.pro-corp.net\/bck\/consulado-firma-del-acta-notarial\/#respond"]}]},{"@type":"Person","@id":"https:\/\/www.pro-corp.net\/bck\/#\/schema\/person\/d6eda375fcca981cadf1e8f102bb8966","name":"Christian Andres","image":{"@type":"ImageObject","@id":"https:\/\/www.pro-corp.net\/bck\/#personlogo","inLanguage":"es","url":"https:\/\/secure.gravatar.com\/avatar\/87676f1df919f3ff761ee73fc0e15532?s=96&d=mm&r=g","contentUrl":"https:\/\/secure.gravatar.com\/avatar\/87676f1df919f3ff761ee73fc0e15532?s=96&d=mm&r=g","caption":"Christian Andres"}}]}},"_links":{"self":[{"href":"https:\/\/www.pro-corp.net\/bck\/wp-json\/wp\/v2\/posts\/6888"}],"collection":[{"href":"https:\/\/www.pro-corp.net\/bck\/wp-json\/wp\/v2\/posts"}],"about":[{"href":"https:\/\/www.pro-corp.net\/bck\/wp-json\/wp\/v2\/types\/post"}],"author":[{"embeddable":true,"href":"https:\/\/www.pro-corp.net\/bck\/wp-json\/wp\/v2\/users\/1656"}],"replies":[{"embeddable":true,"href":"https:\/\/www.pro-corp.net\/bck\/wp-json\/wp\/v2\/comments?post=6888"}],"version-history":[{"count":7,"href":"https:\/\/www.pro-corp.net\/bck\/wp-json\/wp\/v2\/posts\/6888\/revisions"}],"predecessor-version":[{"id":6943,"href":"https:\/\/www.pro-corp.net\/bck\/wp-json\/wp\/v2\/posts\/6888\/revisions\/6943"}],"wp:featuredmedia":[{"embeddable":true,"href":"https:\/\/www.pro-corp.net\/bck\/wp-json\/wp\/v2\/media\/6941"}],"wp:attachment":[{"href":"https:\/\/www.pro-corp.net\/bck\/wp-json\/wp\/v2\/media?parent=6888"}],"wp:term":[{"taxonomy":"category","embeddable":true,"href":"https:\/\/www.pro-corp.net\/bck\/wp-json\/wp\/v2\/categories?post=6888"},{"taxonomy":"post_tag","embeddable":true,"href":"https:\/\/www.pro-corp.net\/bck\/wp-json\/wp\/v2\/tags?post=6888"}],"curies":[{"name":"wp","href":"https:\/\/api.w.org\/{rel}","templated":true}]}}