{"id":6947,"date":"2021-05-23T04:00:00","date_gmt":"2021-05-23T09:00:00","guid":{"rendered":"http:\/\/www.pro-corp.net\/bck\/?p=6947"},"modified":"2021-09-27T09:56:55","modified_gmt":"2021-09-27T14:56:55","slug":"turismo-en-portugal","status":"publish","type":"post","link":"https:\/\/www.pro-corp.net\/bck\/turismo-en-portugal\/","title":{"rendered":"7 lugares bell\u00edsimos para hacer turismo en Portugal"},"content":{"rendered":"<p>Muchos latinoamericanos hacen <strong>turismo en Portugal<\/strong>. Por un lado, les resulta fascinante su cultura. Por otro, los <a href=\"http:\/\/www.pro-corp.net\/bck\/viajes-en-portugal\/\">viajes en Portugal<\/a> requieren poco dinero y tiempo de desplazamiento (bastan 8 horas para cruzar el pa\u00eds por carretera).<\/p>\n<p>Adem\u00e1s, los portugueses son muy hospitalarios con quienes hacen <strong>turismo en Portugal<\/strong>. Como si fuera poco, su gastronom\u00eda es deliciosa: bacalao, carnes, embutidos, legumbres, quesos (como el de la <em>Serra da Estrela<\/em>), dulces (como los <em>Past\u00e9is de Bel\u00e9m<\/em>) y vinos (como el de Oporto).<\/p>\n<h2><strong>Turismo en Portugal<\/strong> y principales ciudades para visitar<\/h2>\n<p>En 2018, <a href=\"https:\/\/www.worldtravelawards.com\/\">los <\/a><a href=\"https:\/\/www.worldtravelawards.com\/\" target=\"_blank\" rel=\"noopener\"><em>World Travel Awards<\/em><\/a>, los \u00abOscar\u00bb del turismo, eligieron a Portugal como el mejor destino tur\u00edstico del mundo y han otorgado otros reconocimientos al <strong>turismo en Portugal <\/strong>(Skyscanner, 2018). En 2020, entre otros, recibieron el t\u00edtulo de \u00abDestino l\u00edder de Europa\u201d (Daily Travelling News, 2020).<\/p>\n<p>Algunas de las ciudades m\u00e1s importantes para hacer <strong>turismo en Portugal<\/strong> son Lisboa, Oporto, Aveiro, Braga, Co\u00edmbra, Guimar\u00e3es, \u00c9vora y Faro (Turismo.org, 2014).<\/p>\n<h2>Lugares imperdibles para hacer <strong>turismo en Portugal<\/strong><\/h2>\n<h3>1. Oporto<\/h3>\n<p>Su arquitectura es muy antigua y produce uno de los vinos m\u00e1s preciados del mundo (L\u00e1nzate y Viaja, 2021). El Norte fue la cuna y origen de la <a href=\"http:\/\/www.pro-corp.net\/bck\/cultura-de-portugal\/\">cultura de Portugal<\/a>, por ello, para entender el car\u00e1cter de los portugueses y la <a href=\"http:\/\/www.pro-corp.net\/bck\/historia-de-portugal\/\">historia de Portugal<\/a>, es indispensable visitar esta regi\u00f3n.<\/p>\n<h3>2. Sintra<\/h3>\n<p>Si est\u00e1s haciendo <strong>turismo en Portugal<\/strong>, no puedes perderte este lugar. Es popular por su volc\u00e1n, ubicado en la cima de la monta\u00f1a. Su Castillo de los Moros es una construcci\u00f3n amurallada en la cima de la monta\u00f1a de Sierra. Posee tambi\u00e9n un Parque Natural en el que puedes realizar senderismo.<\/p>\n<h3>3. Aveiro<\/h3>\n<p>La Venecia de Portugal tiene calles que solo pueden ser recorridas en embarcaci\u00f3n. Adem\u00e1s, muchos caminos hist\u00f3ricos, como el Beira Mar, un barrio con m\u00e1s de cuatro siglos. En su Plaza de los Peces puedes comprar pescados y artesan\u00edas.<\/p>\n<h3>4. Co\u00edmbra<\/h3>\n<p>Parada obligatoria si haces <strong>turismo en Portugal<\/strong>. Su universidad, de m\u00e1s de 800 a\u00f1os, es la primera de Portugal y su Campus es Patrimonio de la Humanidad. El acueducto tiene m\u00e1s de 500 a\u00f1os y la Biblioteca Joanina, edificios barrocos y murales antiguos.<\/p>\n<h3>5. Torre de Belem (Lisboa)<\/h3>\n<p>Si te preguntas <a href=\"http:\/\/www.pro-corp.net\/bck\/que-hacer-en-lisboa\/\">qu\u00e9 hacer en Lisboa<\/a>, visita esta fortaleza militar de m\u00e1s de 500 a\u00f1os que parece flotar sobre el agua. Sirvi\u00f3 como c\u00e1rcel hace m\u00e1s de 400 a\u00f1os y como puerto de las naves que llegaron a las Indias, por eso fue declarada Patrimonio de la Humanidad.<\/p>\n<h3>6. \u00c9vora<\/h3>\n<p>Es una <a href=\"https:\/\/www.lasexta.com\/viajestic\/destinos\/conocida-como-ciudad-museo-portugal-destino-ideal-escapada_201904155cb4fcec0cf2e136694dc5c4.html\" target=\"_blank\" rel=\"noopener\">Ciudad Museo<\/a> rodeada de murallas. Fue hecha por \u00e1rabes, pero fundada por romanos. Quiz\u00e1 no imaginabas que hacer <strong>turismo en Portugal<\/strong> te permitir\u00eda visitar un Templo Romano, pero en \u00c9vora hay uno llamado Templo de Diana.<\/p>\n<h3>7. Cabo Gir\u00e3o (Isla de Madeira)<\/h3>\n<p>All\u00ed se puede mirar el mar desde la cima de las monta\u00f1as. Es un acantilado muy apreciado por su valor conservacionista. El mirador est\u00e1 a 500 metros arriba del oc\u00e9ano Atl\u00e1ntico. Si haces <strong>turismo en Portugal<\/strong> la atracci\u00f3n por excelencia es la plataforma con suelos de cristal en el que se camina sobre el vidrio con vistas del vac\u00edo.<\/p>\n<p>\u00a1An\u00edmate a hacer <strong>turismo en Portugal<\/strong>! Visita algunos de estos lugares repletos de belleza natural y arquitect\u00f3nica y de gran inter\u00e9s hist\u00f3rico y cultural.<\/p>\n\n\n<div class=\"wp-container-69f19186e31e9 wp-block-buttons is-content-justification-center\">\n<div class=\"wp-block-button is-style-fill\"><a class=\"wp-block-button__link has-white-color has-text-color has-background\" href=\"http:\/\/www.pro-corp.net\/bck\/asesoria\/\" style=\"border-radius:2px;background-color:#b70000\" target=\"_blank\" rel=\"noopener\">Empieza tu estudio de investigaci\u00f3n geneal\u00f3gica ac\u00e1<\/a><\/div>\n<\/div>\n","protected":false},"excerpt":{"rendered":"<p>Muchos latinoamericanos hacen turismo en Portugal. Por un lado, les resulta fascinante su cultura. Por otro, los viajes en Portugal requieren poco dinero y tiempo de desplazamiento (bastan 8 horas para cruzar el pa\u00eds por carretera). Adem\u00e1s, los portugueses son muy hospitalarios con quienes hacen turismo en Portugal. Como si fuera poco, su gastronom\u00eda es [&hellip;]<\/p>\n","protected":false},"author":1656,"featured_media":6948,"comment_status":"open","ping_status":"open","sticky":false,"template":"","format":"standard","meta":[],"categories":[58],"tags":[],"yoast_head":"<!-- This site is optimized with the Yoast SEO plugin v18.2 - https:\/\/yoast.com\/wordpress\/plugins\/seo\/ -->\n<title>Turismo en Portugal: monumentos y centros culturales imperdibles - Pro-corp<\/title>\n<meta name=\"description\" content=\"Te presentamos 15 lugares, de inter\u00e9s hist\u00f3rico y belleza natural y arquitect\u00f3nica, para hacer turismo en Portugal.\" \/>\n<meta name=\"robots\" content=\"index, follow, max-snippet:-1, max-image-preview:large, max-video-preview:-1\" \/>\n<link rel=\"canonical\" href=\"https:\/\/www.pro-corp.net\/bck\/turismo-en-portugal\/\" \/>\n<meta property=\"og:locale\" content=\"es_ES\" \/>\n<meta property=\"og:type\" content=\"article\" \/>\n<meta property=\"og:title\" content=\"Turismo en Portugal: monumentos y centros culturales imperdibles - Pro-corp\" \/>\n<meta property=\"og:description\" content=\"Te presentamos 15 lugares, de inter\u00e9s hist\u00f3rico y belleza natural y arquitect\u00f3nica, para hacer turismo en Portugal.\" \/>\n<meta property=\"og:url\" content=\"https:\/\/www.pro-corp.net\/bck\/turismo-en-portugal\/\" \/>\n<meta property=\"og:site_name\" content=\"Pro Corp Corporate Development\" \/>\n<meta property=\"article:publisher\" content=\"https:\/\/www.facebook.com\/Pro-Corp-Asesoria-legal-y-empresarial-105779337842842\/\" \/>\n<meta property=\"article:published_time\" content=\"2021-05-23T09:00:00+00:00\" \/>\n<meta property=\"article:modified_time\" content=\"2021-09-27T14:56:55+00:00\" \/>\n<meta property=\"og:image\" content=\"https:\/\/www.pro-corp.net\/bck\/wp-content\/uploads\/2021\/05\/4.Abr-Turismo-en-Portugal-monumentos-y-centros-culturales-imperdibles-scaled.jpg\" \/>\n\t<meta property=\"og:image:width\" content=\"2560\" \/>\n\t<meta property=\"og:image:height\" content=\"1709\" \/>\n\t<meta property=\"og:image:type\" content=\"image\/jpeg\" \/>\n<meta name=\"twitter:card\" content=\"summary_large_image\" \/>\n<meta name=\"twitter:creator\" content=\"@Pro_Corp\" \/>\n<meta name=\"twitter:site\" content=\"@Pro_Corp\" \/>\n<meta name=\"twitter:label1\" content=\"Escrito por\" \/>\n\t<meta name=\"twitter:data1\" content=\"Christian Andres\" \/>\n\t<meta name=\"twitter:label2\" content=\"Tiempo de lectura\" \/>\n\t<meta name=\"twitter:data2\" content=\"3 minutos\" \/>\n<script type=\"application\/ld+json\" class=\"yoast-schema-graph\">{\"@context\":\"https:\/\/schema.org\",\"@graph\":[{\"@type\":\"Organization\",\"@id\":\"https:\/\/www.pro-corp.net\/bck\/#organization\",\"name\":\"Pro Corp Corporate Development\",\"url\":\"https:\/\/www.pro-corp.net\/bck\/\",\"sameAs\":[\"https:\/\/www.facebook.com\/Pro-Corp-Asesoria-legal-y-empresarial-105779337842842\/\",\"https:\/\/twitter.com\/Pro_Corp\"],\"logo\":{\"@type\":\"ImageObject\",\"@id\":\"https:\/\/www.pro-corp.net\/bck\/#logo\",\"inLanguage\":\"es\",\"url\":\"http:\/\/www.pro-corp.net\/bck\/wp-content\/uploads\/2020\/06\/icon.png\",\"contentUrl\":\"http:\/\/www.pro-corp.net\/bck\/wp-content\/uploads\/2020\/06\/icon.png\",\"width\":640,\"height\":640,\"caption\":\"Pro Corp Corporate Development\"},\"image\":{\"@id\":\"https:\/\/www.pro-corp.net\/bck\/#logo\"}},{\"@type\":\"WebSite\",\"@id\":\"https:\/\/www.pro-corp.net\/bck\/#website\",\"url\":\"https:\/\/www.pro-corp.net\/bck\/\",\"name\":\"Pro Corp Corporate Development\",\"description\":\"Nacionalidad Europea por Ley Sefard\u00ed\",\"publisher\":{\"@id\":\"https:\/\/www.pro-corp.net\/bck\/#organization\"},\"potentialAction\":[{\"@type\":\"SearchAction\",\"target\":{\"@type\":\"EntryPoint\",\"urlTemplate\":\"https:\/\/www.pro-corp.net\/bck\/?s={search_term_string}\"},\"query-input\":\"required name=search_term_string\"}],\"inLanguage\":\"es\"},{\"@type\":\"ImageObject\",\"@id\":\"https:\/\/www.pro-corp.net\/bck\/turismo-en-portugal\/#primaryimage\",\"inLanguage\":\"es\",\"url\":\"https:\/\/www.pro-corp.net\/bck\/wp-content\/uploads\/2021\/05\/4.Abr-Turismo-en-Portugal-monumentos-y-centros-culturales-imperdibles-scaled.jpg\",\"contentUrl\":\"https:\/\/www.pro-corp.net\/bck\/wp-content\/uploads\/2021\/05\/4.Abr-Turismo-en-Portugal-monumentos-y-centros-culturales-imperdibles-scaled.jpg\",\"width\":2560,\"height\":1709,\"caption\":\"Te presentamos 15 lugares, de inter\u00e9s hist\u00f3rico y belleza natural y arquitect\u00f3nica, para hacer turismo en Portugal.\"},{\"@type\":\"WebPage\",\"@id\":\"https:\/\/www.pro-corp.net\/bck\/turismo-en-portugal\/#webpage\",\"url\":\"https:\/\/www.pro-corp.net\/bck\/turismo-en-portugal\/\",\"name\":\"Turismo en Portugal: monumentos y centros culturales imperdibles - Pro-corp\",\"isPartOf\":{\"@id\":\"https:\/\/www.pro-corp.net\/bck\/#website\"},\"primaryImageOfPage\":{\"@id\":\"https:\/\/www.pro-corp.net\/bck\/turismo-en-portugal\/#primaryimage\"},\"datePublished\":\"2021-05-23T09:00:00+00:00\",\"dateModified\":\"2021-09-27T14:56:55+00:00\",\"description\":\"Te presentamos 15 lugares, de inter\u00e9s hist\u00f3rico y belleza natural y arquitect\u00f3nica, para hacer turismo en Portugal.\",\"breadcrumb\":{\"@id\":\"https:\/\/www.pro-corp.net\/bck\/turismo-en-portugal\/#breadcrumb\"},\"inLanguage\":\"es\",\"potentialAction\":[{\"@type\":\"ReadAction\",\"target\":[\"https:\/\/www.pro-corp.net\/bck\/turismo-en-portugal\/\"]}]},{\"@type\":\"BreadcrumbList\",\"@id\":\"https:\/\/www.pro-corp.net\/bck\/turismo-en-portugal\/#breadcrumb\",\"itemListElement\":[{\"@type\":\"ListItem\",\"position\":1,\"name\":\"7 lugares bell\u00edsimos para hacer turismo en Portugal\"}]},{\"@type\":\"Article\",\"@id\":\"https:\/\/www.pro-corp.net\/bck\/turismo-en-portugal\/#article\",\"isPartOf\":{\"@id\":\"https:\/\/www.pro-corp.net\/bck\/turismo-en-portugal\/#webpage\"},\"author\":{\"@id\":\"https:\/\/www.pro-corp.net\/bck\/#\/schema\/person\/d6eda375fcca981cadf1e8f102bb8966\"},\"headline\":\"7 lugares bell\u00edsimos para hacer turismo en Portugal\",\"datePublished\":\"2021-05-23T09:00:00+00:00\",\"dateModified\":\"2021-09-27T14:56:55+00:00\",\"mainEntityOfPage\":{\"@id\":\"https:\/\/www.pro-corp.net\/bck\/turismo-en-portugal\/#webpage\"},\"wordCount\":576,\"commentCount\":0,\"publisher\":{\"@id\":\"https:\/\/www.pro-corp.net\/bck\/#organization\"},\"image\":{\"@id\":\"https:\/\/www.pro-corp.net\/bck\/turismo-en-portugal\/#primaryimage\"},\"thumbnailUrl\":\"https:\/\/www.pro-corp.net\/bck\/wp-content\/uploads\/2021\/05\/4.Abr-Turismo-en-Portugal-monumentos-y-centros-culturales-imperdibles-scaled.jpg\",\"articleSection\":[\"Emigrar a Portugal\"],\"inLanguage\":\"es\",\"potentialAction\":[{\"@type\":\"CommentAction\",\"name\":\"Comment\",\"target\":[\"https:\/\/www.pro-corp.net\/bck\/turismo-en-portugal\/#respond\"]}]},{\"@type\":\"Person\",\"@id\":\"https:\/\/www.pro-corp.net\/bck\/#\/schema\/person\/d6eda375fcca981cadf1e8f102bb8966\",\"name\":\"Christian Andres\",\"image\":{\"@type\":\"ImageObject\",\"@id\":\"https:\/\/www.pro-corp.net\/bck\/#personlogo\",\"inLanguage\":\"es\",\"url\":\"https:\/\/secure.gravatar.com\/avatar\/87676f1df919f3ff761ee73fc0e15532?s=96&d=mm&r=g\",\"contentUrl\":\"https:\/\/secure.gravatar.com\/avatar\/87676f1df919f3ff761ee73fc0e15532?s=96&d=mm&r=g\",\"caption\":\"Christian Andres\"}}]}<\/script>\n<!-- \/ Yoast SEO plugin. -->","yoast_head_json":{"title":"Turismo en Portugal: monumentos y centros culturales imperdibles - Pro-corp","description":"Te presentamos 15 lugares, de inter\u00e9s hist\u00f3rico y belleza natural y arquitect\u00f3nica, para hacer turismo en Portugal.","robots":{"index":"index","follow":"follow","max-snippet":"max-snippet:-1","max-image-preview":"max-image-preview:large","max-video-preview":"max-video-preview:-1"},"canonical":"https:\/\/www.pro-corp.net\/bck\/turismo-en-portugal\/","og_locale":"es_ES","og_type":"article","og_title":"Turismo en Portugal: monumentos y centros culturales imperdibles - Pro-corp","og_description":"Te presentamos 15 lugares, de inter\u00e9s hist\u00f3rico y belleza natural y arquitect\u00f3nica, para hacer turismo en Portugal.","og_url":"https:\/\/www.pro-corp.net\/bck\/turismo-en-portugal\/","og_site_name":"Pro Corp Corporate Development","article_publisher":"https:\/\/www.facebook.com\/Pro-Corp-Asesoria-legal-y-empresarial-105779337842842\/","article_published_time":"2021-05-23T09:00:00+00:00","article_modified_time":"2021-09-27T14:56:55+00:00","og_image":[{"width":2560,"height":1709,"url":"https:\/\/www.pro-corp.net\/bck\/wp-content\/uploads\/2021\/05\/4.Abr-Turismo-en-Portugal-monumentos-y-centros-culturales-imperdibles-scaled.jpg","type":"image\/jpeg"}],"twitter_card":"summary_large_image","twitter_creator":"@Pro_Corp","twitter_site":"@Pro_Corp","twitter_misc":{"Escrito por":"Christian Andres","Tiempo de lectura":"3 minutos"},"schema":{"@context":"https:\/\/schema.org","@graph":[{"@type":"Organization","@id":"https:\/\/www.pro-corp.net\/bck\/#organization","name":"Pro Corp Corporate Development","url":"https:\/\/www.pro-corp.net\/bck\/","sameAs":["https:\/\/www.facebook.com\/Pro-Corp-Asesoria-legal-y-empresarial-105779337842842\/","https:\/\/twitter.com\/Pro_Corp"],"logo":{"@type":"ImageObject","@id":"https:\/\/www.pro-corp.net\/bck\/#logo","inLanguage":"es","url":"http:\/\/www.pro-corp.net\/bck\/wp-content\/uploads\/2020\/06\/icon.png","contentUrl":"http:\/\/www.pro-corp.net\/bck\/wp-content\/uploads\/2020\/06\/icon.png","width":640,"height":640,"caption":"Pro Corp Corporate Development"},"image":{"@id":"https:\/\/www.pro-corp.net\/bck\/#logo"}},{"@type":"WebSite","@id":"https:\/\/www.pro-corp.net\/bck\/#website","url":"https:\/\/www.pro-corp.net\/bck\/","name":"Pro Corp Corporate Development","description":"Nacionalidad Europea por Ley Sefard\u00ed","publisher":{"@id":"https:\/\/www.pro-corp.net\/bck\/#organization"},"potentialAction":[{"@type":"SearchAction","target":{"@type":"EntryPoint","urlTemplate":"https:\/\/www.pro-corp.net\/bck\/?s={search_term_string}"},"query-input":"required name=search_term_string"}],"inLanguage":"es"},{"@type":"ImageObject","@id":"https:\/\/www.pro-corp.net\/bck\/turismo-en-portugal\/#primaryimage","inLanguage":"es","url":"https:\/\/www.pro-corp.net\/bck\/wp-content\/uploads\/2021\/05\/4.Abr-Turismo-en-Portugal-monumentos-y-centros-culturales-imperdibles-scaled.jpg","contentUrl":"https:\/\/www.pro-corp.net\/bck\/wp-content\/uploads\/2021\/05\/4.Abr-Turismo-en-Portugal-monumentos-y-centros-culturales-imperdibles-scaled.jpg","width":2560,"height":1709,"caption":"Te presentamos 15 lugares, de inter\u00e9s hist\u00f3rico y belleza natural y arquitect\u00f3nica, para hacer turismo en Portugal."},{"@type":"WebPage","@id":"https:\/\/www.pro-corp.net\/bck\/turismo-en-portugal\/#webpage","url":"https:\/\/www.pro-corp.net\/bck\/turismo-en-portugal\/","name":"Turismo en Portugal: monumentos y centros culturales imperdibles - Pro-corp","isPartOf":{"@id":"https:\/\/www.pro-corp.net\/bck\/#website"},"primaryImageOfPage":{"@id":"https:\/\/www.pro-corp.net\/bck\/turismo-en-portugal\/#primaryimage"},"datePublished":"2021-05-23T09:00:00+00:00","dateModified":"2021-09-27T14:56:55+00:00","description":"Te presentamos 15 lugares, de inter\u00e9s hist\u00f3rico y belleza natural y arquitect\u00f3nica, para hacer turismo en Portugal.","breadcrumb":{"@id":"https:\/\/www.pro-corp.net\/bck\/turismo-en-portugal\/#breadcrumb"},"inLanguage":"es","potentialAction":[{"@type":"ReadAction","target":["https:\/\/www.pro-corp.net\/bck\/turismo-en-portugal\/"]}]},{"@type":"BreadcrumbList","@id":"https:\/\/www.pro-corp.net\/bck\/turismo-en-portugal\/#breadcrumb","itemListElement":[{"@type":"ListItem","position":1,"name":"7 lugares bell\u00edsimos para hacer turismo en Portugal"}]},{"@type":"Article","@id":"https:\/\/www.pro-corp.net\/bck\/turismo-en-portugal\/#article","isPartOf":{"@id":"https:\/\/www.pro-corp.net\/bck\/turismo-en-portugal\/#webpage"},"author":{"@id":"https:\/\/www.pro-corp.net\/bck\/#\/schema\/person\/d6eda375fcca981cadf1e8f102bb8966"},"headline":"7 lugares bell\u00edsimos para hacer turismo en Portugal","datePublished":"2021-05-23T09:00:00+00:00","dateModified":"2021-09-27T14:56:55+00:00","mainEntityOfPage":{"@id":"https:\/\/www.pro-corp.net\/bck\/turismo-en-portugal\/#webpage"},"wordCount":576,"commentCount":0,"publisher":{"@id":"https:\/\/www.pro-corp.net\/bck\/#organization"},"image":{"@id":"https:\/\/www.pro-corp.net\/bck\/turismo-en-portugal\/#primaryimage"},"thumbnailUrl":"https:\/\/www.pro-corp.net\/bck\/wp-content\/uploads\/2021\/05\/4.Abr-Turismo-en-Portugal-monumentos-y-centros-culturales-imperdibles-scaled.jpg","articleSection":["Emigrar a Portugal"],"inLanguage":"es","potentialAction":[{"@type":"CommentAction","name":"Comment","target":["https:\/\/www.pro-corp.net\/bck\/turismo-en-portugal\/#respond"]}]},{"@type":"Person","@id":"https:\/\/www.pro-corp.net\/bck\/#\/schema\/person\/d6eda375fcca981cadf1e8f102bb8966","name":"Christian Andres","image":{"@type":"ImageObject","@id":"https:\/\/www.pro-corp.net\/bck\/#personlogo","inLanguage":"es","url":"https:\/\/secure.gravatar.com\/avatar\/87676f1df919f3ff761ee73fc0e15532?s=96&d=mm&r=g","contentUrl":"https:\/\/secure.gravatar.com\/avatar\/87676f1df919f3ff761ee73fc0e15532?s=96&d=mm&r=g","caption":"Christian Andres"}}]}},"_links":{"self":[{"href":"https:\/\/www.pro-corp.net\/bck\/wp-json\/wp\/v2\/posts\/6947"}],"collection":[{"href":"https:\/\/www.pro-corp.net\/bck\/wp-json\/wp\/v2\/posts"}],"about":[{"href":"https:\/\/www.pro-corp.net\/bck\/wp-json\/wp\/v2\/types\/post"}],"author":[{"embeddable":true,"href":"https:\/\/www.pro-corp.net\/bck\/wp-json\/wp\/v2\/users\/1656"}],"replies":[{"embeddable":true,"href":"https:\/\/www.pro-corp.net\/bck\/wp-json\/wp\/v2\/comments?post=6947"}],"version-history":[{"count":3,"href":"https:\/\/www.pro-corp.net\/bck\/wp-json\/wp\/v2\/posts\/6947\/revisions"}],"predecessor-version":[{"id":7515,"href":"https:\/\/www.pro-corp.net\/bck\/wp-json\/wp\/v2\/posts\/6947\/revisions\/7515"}],"wp:featuredmedia":[{"embeddable":true,"href":"https:\/\/www.pro-corp.net\/bck\/wp-json\/wp\/v2\/media\/6948"}],"wp:attachment":[{"href":"https:\/\/www.pro-corp.net\/bck\/wp-json\/wp\/v2\/media?parent=6947"}],"wp:term":[{"taxonomy":"category","embeddable":true,"href":"https:\/\/www.pro-corp.net\/bck\/wp-json\/wp\/v2\/categories?post=6947"},{"taxonomy":"post_tag","embeddable":true,"href":"https:\/\/www.pro-corp.net\/bck\/wp-json\/wp\/v2\/tags?post=6947"}],"curies":[{"name":"wp","href":"https:\/\/api.w.org\/{rel}","templated":true}]}}