{"id":7048,"date":"2021-06-10T04:00:00","date_gmt":"2021-06-10T09:00:00","guid":{"rendered":"http:\/\/www.pro-corp.net\/bck\/?p=7048"},"modified":"2021-09-27T10:02:27","modified_gmt":"2021-09-27T15:02:27","slug":"economia-de-portugal","status":"publish","type":"post","link":"https:\/\/www.pro-corp.net\/bck\/economia-de-portugal\/","title":{"rendered":"La econom\u00eda de Portugal y su papel en la Uni\u00f3n Europea"},"content":{"rendered":"<p>En los \u00faltimos a\u00f1os, Portugal ha pasado por transformaciones bastante importantes. Pas\u00f3 de pedir un rescate, a gozar de un super\u00e1vit. As\u00ed, hoy en d\u00eda la <strong>econom\u00eda de Portugal<\/strong> es una de las m\u00e1s fuertes de Europa.<\/p>\n<p>Si est\u00e1s interesado en realizar <a href=\"http:\/\/www.pro-corp.net\/bck\/viajes-en-portugal\/\">viajes en Portugal<\/a> o trabajar all\u00ed, necesitas saber que este es el tercer pa\u00eds m\u00e1s seguro del mundo y que su poblaci\u00f3n tiene una alta calidad de vida. Pero, \u00bfc\u00f3mo fue el proceso de <a href=\"https:\/\/elpais.com\/economia\/2018\/03\/28\/actualidad\/1522264428_972593.html\" target=\"_blank\" rel=\"noopener\">cambio<\/a> de los \u00faltimos a\u00f1os en el pa\u00eds? Aqu\u00ed te contamos un poco de la <a href=\"http:\/\/www.pro-corp.net\/bck\/historia-de-portugal\/\">historia de Portugal<\/a>.<\/p>\n<h2>Econom\u00eda de Portugal: de la mano del turismo<\/h2>\n<p>La <strong>econom\u00eda de Portugal<\/strong> pas\u00f3 de pedir un rescate financiero en 2011 a ser una de las econom\u00edas m\u00e1s s\u00f3lidas. \u00bfC\u00f3mo lo logr\u00f3? Con la llegada al poder de Antonio Costa en 2015, se dieron transformaciones como (Benito, 2019):<\/p>\n<ul>\n<li>Parar privatizaciones de las empresas.<\/li>\n<li>Elevar las pensiones m\u00e1s bajas.<\/li>\n<li>Incrementar el turismo. Hoy supone el 15 % del PIB.<\/li>\n<li>Incrementar las exportaciones y la inversi\u00f3n.<\/li>\n<\/ul>\n<p>A lo anterior se puede sumar que aument\u00f3 considerablemente la tasa de empleo. Esto puede ser un factor clave para que te animes a ir a <a href=\"http:\/\/www.pro-corp.net\/bck\/vivir-en-portugal\/\">vivir en Portugal<\/a> o solicitar la <a href=\"http:\/\/www.pro-corp.net\/bck\/nacionalidad-portuguesa\/\">nacionalidad portuguesa<\/a>. Con una econom\u00eda estable, Portugal es un pa\u00eds que adem\u00e1s ofrece m\u00faltiples destinos atractivos.<\/p>\n<p>Pero \u00bfc\u00f3mo est\u00e1 actualmente su econom\u00eda? Y \u00bfc\u00f3mo es su relaci\u00f3n con la Uni\u00f3n Europea (UE)? Sigue leyendo.<\/p>\n<h2>Econom\u00eda portuguesa y su relaci\u00f3n con la Uni\u00f3n Europea<\/h2>\n<p>La econom\u00eda de Portugal, como la de muchos otros pa\u00edses, se ha visto afectada por la pandemia del Covid-19. El golpe se evidencia en la ca\u00edda del empleo y de las peque\u00f1as y medianas empresas.&nbsp; Debido a esto, desde enero de 2021, Portugal es quien preside el Consejo de la Uni\u00f3n Europea.<\/p>\n<p>El lema que enarbolar\u00e1 hasta el 30 de junio es \u201cTiempo de actuar: por una recuperaci\u00f3n justa, ecol\u00f3gica y digital\u201d. As\u00ed, como presidente del Consejo contin\u00faa impulsando un plan de vacunaci\u00f3n r\u00e1pida y eficaz. A ello se le suma un alto componente social, pues los \u00edndices de paro en la UE son altos.<\/p>\n<p>Dentro de los objetivos de estos meses, tambi\u00e9n han estado reforzar v\u00ednculos con MERCOSUR, as\u00ed como con la nueva administraci\u00f3n de Estados Unidos y de M\u00e9xico (La Vanguardia, 2021).<\/p>\n<h2>Sectores claves de la econom\u00eda de Portugal<\/h2>\n<p>La industria es uno de los sectores claves de la <strong>econom\u00eda de Portugal<\/strong>. Seg\u00fan CaixaBank Research (2019), este sector provee empleo al menos a 720.000 personas, lo que equivale a un 16 % de la poblaci\u00f3n. Aunque las que generan m\u00e1s ingresos son las empresas exportadoras.<\/p>\n<p>En cuanto a cifras, podemos contarte que alrededor del 16 % de la industria manufacturera tienen el perfil exportador. Estamos hablando de unas 6.500 empresas. Ahora, si tu inter\u00e9s son los negocios, necesitas saber que Portugal est\u00e1 en el puesto 34 de los 190 pa\u00edses presentes en el <em>ranking<\/em> Doing Business.<\/p>\n<h2>Retos en conjunto con la Uni\u00f3n Europea<\/h2>\n<p>El campo de lo digital y del cuidado del medioambiente ser\u00e1n los ejes que jalonen la econom\u00eda europea en los pr\u00f3ximos a\u00f1os. Portugal lo ha dejado claro como presidente del Consejo de la Uni\u00f3n Europea.<\/p>\n<p>El pa\u00eds luso tiene como reto la transici\u00f3n hacia una econom\u00eda neutra en carbono. Tambi\u00e9n promueve la econom\u00eda circular, la innovaci\u00f3n y la gesti\u00f3n sostenible de los recursos naturales (El \u00c1gora, 2021).<\/p>\n<p>Gran parte del trabajo de la <strong>econom\u00eda de Portugal<\/strong> estar\u00e1 encaminado a conseguir que Europa sea el primer continente neutro en carbono para 2050. Este y otros objetivos hacen parte del <a href=\"https:\/\/ec.europa.eu\/info\/strategy\/priorities-2019-2024\/european-green-deal_es\" target=\"_blank\" rel=\"noopener\">Pacto Verde Europeo<\/a>.<\/p>\n<p>Como ves, la <strong>econom\u00eda de Portugal <\/strong>ser\u00e1 clave para un futuro sostenible. El <a href=\"http:\/\/www.pro-corp.net\/bck\/turismo-en-portugal\/\">turismo en Portugal<\/a> adem\u00e1s jugar\u00e1 un papel relevante en la econom\u00eda. \u00bfPor qu\u00e9? Se promover\u00e1 el turismo sostenible con el fin de proveer m\u00e1s y mejores empleos, cuidando el entorno natural.<\/p>\n<p>Una vez que tomes la decisi\u00f3n de vivir en Portugal, estar\u00e1s encantado con todas las maravillas que el pa\u00eds te ofrece. Entre estos: ciudades costeras con rincones hist\u00f3ricos inolvidables y gastronom\u00eda \u00fanica. Los sue\u00f1os hay que cumplirlos hoy, Europa te espera.<\/p>\n\n\n<div class=\"wp-container-69f1919f8040b wp-block-buttons is-content-justification-center\">\n<div class=\"wp-block-button is-style-fill\"><a class=\"wp-block-button__link has-white-color has-text-color has-background\" href=\"http:\/\/www.pro-corp.net\/bck\/asesoria\/\" style=\"border-radius:2px;background-color:#b70000\" target=\"_blank\" rel=\"noopener\">Empieza tu estudio de investigaci\u00f3n geneal\u00f3gica ac\u00e1<\/a><\/div>\n<\/div>\n","protected":false},"excerpt":{"rendered":"<p>En los \u00faltimos a\u00f1os, Portugal ha pasado por transformaciones bastante importantes. Pas\u00f3 de pedir un rescate, a gozar de un super\u00e1vit. As\u00ed, hoy en d\u00eda la econom\u00eda de Portugal es una de las m\u00e1s fuertes de Europa. Si est\u00e1s interesado en realizar viajes en Portugal o trabajar all\u00ed, necesitas saber que este es el tercer [&hellip;]<\/p>\n","protected":false},"author":1656,"featured_media":7049,"comment_status":"open","ping_status":"open","sticky":false,"template":"","format":"standard","meta":[],"categories":[58],"tags":[147,69,148,131,146],"yoast_head":"<!-- This site is optimized with the Yoast SEO plugin v18.2 - https:\/\/yoast.com\/wordpress\/plugins\/seo\/ -->\n<title>Econom\u00eda de Portugal: datos clave de un pa\u00eds con gran futuro - Pro-corp<\/title>\n<meta name=\"description\" content=\"Portugal es uno de los pa\u00edses m\u00e1s atractivos de Europa. Si sue\u00f1as con trabajar o estudiar all\u00ed, conoce aqu\u00ed aspectos claves de la econom\u00eda de Portugal.\" \/>\n<meta name=\"robots\" content=\"index, follow, max-snippet:-1, max-image-preview:large, max-video-preview:-1\" \/>\n<link rel=\"canonical\" href=\"https:\/\/www.pro-corp.net\/bck\/economia-de-portugal\/\" \/>\n<meta property=\"og:locale\" content=\"es_ES\" \/>\n<meta property=\"og:type\" content=\"article\" \/>\n<meta property=\"og:title\" content=\"Econom\u00eda de Portugal: datos clave de un pa\u00eds con gran futuro - Pro-corp\" \/>\n<meta property=\"og:description\" content=\"Portugal es uno de los pa\u00edses m\u00e1s atractivos de Europa. Si sue\u00f1as con trabajar o estudiar all\u00ed, conoce aqu\u00ed aspectos claves de la econom\u00eda de Portugal.\" \/>\n<meta property=\"og:url\" content=\"https:\/\/www.pro-corp.net\/bck\/economia-de-portugal\/\" \/>\n<meta property=\"og:site_name\" content=\"Pro Corp Corporate Development\" \/>\n<meta property=\"article:publisher\" content=\"https:\/\/www.facebook.com\/Pro-Corp-Asesoria-legal-y-empresarial-105779337842842\/\" \/>\n<meta property=\"article:published_time\" content=\"2021-06-10T09:00:00+00:00\" \/>\n<meta property=\"article:modified_time\" content=\"2021-09-27T15:02:27+00:00\" \/>\n<meta property=\"og:image\" content=\"https:\/\/www.pro-corp.net\/bck\/wp-content\/uploads\/2021\/05\/10.-May-Panorama-de-la-economia-de-Portugal-evolucion-datos-importantes-y-sectores-mas-activos-de-los-ultimos-anos-scaled.jpg\" \/>\n\t<meta property=\"og:image:width\" content=\"2560\" \/>\n\t<meta property=\"og:image:height\" content=\"1440\" \/>\n\t<meta property=\"og:image:type\" content=\"image\/jpeg\" \/>\n<meta name=\"twitter:card\" content=\"summary_large_image\" \/>\n<meta name=\"twitter:creator\" content=\"@Pro_Corp\" \/>\n<meta name=\"twitter:site\" content=\"@Pro_Corp\" \/>\n<meta name=\"twitter:label1\" content=\"Escrito por\" \/>\n\t<meta name=\"twitter:data1\" content=\"Christian Andres\" \/>\n\t<meta name=\"twitter:label2\" content=\"Tiempo de lectura\" \/>\n\t<meta name=\"twitter:data2\" content=\"3 minutos\" \/>\n<script type=\"application\/ld+json\" class=\"yoast-schema-graph\">{\"@context\":\"https:\/\/schema.org\",\"@graph\":[{\"@type\":\"Organization\",\"@id\":\"https:\/\/www.pro-corp.net\/bck\/#organization\",\"name\":\"Pro Corp Corporate Development\",\"url\":\"https:\/\/www.pro-corp.net\/bck\/\",\"sameAs\":[\"https:\/\/www.facebook.com\/Pro-Corp-Asesoria-legal-y-empresarial-105779337842842\/\",\"https:\/\/twitter.com\/Pro_Corp\"],\"logo\":{\"@type\":\"ImageObject\",\"@id\":\"https:\/\/www.pro-corp.net\/bck\/#logo\",\"inLanguage\":\"es\",\"url\":\"http:\/\/www.pro-corp.net\/bck\/wp-content\/uploads\/2020\/06\/icon.png\",\"contentUrl\":\"http:\/\/www.pro-corp.net\/bck\/wp-content\/uploads\/2020\/06\/icon.png\",\"width\":640,\"height\":640,\"caption\":\"Pro Corp Corporate Development\"},\"image\":{\"@id\":\"https:\/\/www.pro-corp.net\/bck\/#logo\"}},{\"@type\":\"WebSite\",\"@id\":\"https:\/\/www.pro-corp.net\/bck\/#website\",\"url\":\"https:\/\/www.pro-corp.net\/bck\/\",\"name\":\"Pro Corp Corporate Development\",\"description\":\"Nacionalidad Europea por Ley Sefard\u00ed\",\"publisher\":{\"@id\":\"https:\/\/www.pro-corp.net\/bck\/#organization\"},\"potentialAction\":[{\"@type\":\"SearchAction\",\"target\":{\"@type\":\"EntryPoint\",\"urlTemplate\":\"https:\/\/www.pro-corp.net\/bck\/?s={search_term_string}\"},\"query-input\":\"required name=search_term_string\"}],\"inLanguage\":\"es\"},{\"@type\":\"ImageObject\",\"@id\":\"https:\/\/www.pro-corp.net\/bck\/economia-de-portugal\/#primaryimage\",\"inLanguage\":\"es\",\"url\":\"https:\/\/www.pro-corp.net\/bck\/wp-content\/uploads\/2021\/05\/10.-May-Panorama-de-la-economia-de-Portugal-evolucion-datos-importantes-y-sectores-mas-activos-de-los-ultimos-anos-scaled.jpg\",\"contentUrl\":\"https:\/\/www.pro-corp.net\/bck\/wp-content\/uploads\/2021\/05\/10.-May-Panorama-de-la-economia-de-Portugal-evolucion-datos-importantes-y-sectores-mas-activos-de-los-ultimos-anos-scaled.jpg\",\"width\":2560,\"height\":1440,\"caption\":\"Portugal es uno de los pa\u00edses m\u00e1s atractivos de Europa. Si sue\u00f1as con trabajar o estudiar all\u00ed, conoce aqu\u00ed aspectos claves de la econom\u00eda de Portugal.\"},{\"@type\":\"WebPage\",\"@id\":\"https:\/\/www.pro-corp.net\/bck\/economia-de-portugal\/#webpage\",\"url\":\"https:\/\/www.pro-corp.net\/bck\/economia-de-portugal\/\",\"name\":\"Econom\u00eda de Portugal: datos clave de un pa\u00eds con gran futuro - Pro-corp\",\"isPartOf\":{\"@id\":\"https:\/\/www.pro-corp.net\/bck\/#website\"},\"primaryImageOfPage\":{\"@id\":\"https:\/\/www.pro-corp.net\/bck\/economia-de-portugal\/#primaryimage\"},\"datePublished\":\"2021-06-10T09:00:00+00:00\",\"dateModified\":\"2021-09-27T15:02:27+00:00\",\"description\":\"Portugal es uno de los pa\u00edses m\u00e1s atractivos de Europa. Si sue\u00f1as con trabajar o estudiar all\u00ed, conoce aqu\u00ed aspectos claves de la econom\u00eda de Portugal.\",\"breadcrumb\":{\"@id\":\"https:\/\/www.pro-corp.net\/bck\/economia-de-portugal\/#breadcrumb\"},\"inLanguage\":\"es\",\"potentialAction\":[{\"@type\":\"ReadAction\",\"target\":[\"https:\/\/www.pro-corp.net\/bck\/economia-de-portugal\/\"]}]},{\"@type\":\"BreadcrumbList\",\"@id\":\"https:\/\/www.pro-corp.net\/bck\/economia-de-portugal\/#breadcrumb\",\"itemListElement\":[{\"@type\":\"ListItem\",\"position\":1,\"name\":\"La econom\u00eda de Portugal y su papel en la Uni\u00f3n Europea\"}]},{\"@type\":\"Article\",\"@id\":\"https:\/\/www.pro-corp.net\/bck\/economia-de-portugal\/#article\",\"isPartOf\":{\"@id\":\"https:\/\/www.pro-corp.net\/bck\/economia-de-portugal\/#webpage\"},\"author\":{\"@id\":\"https:\/\/www.pro-corp.net\/bck\/#\/schema\/person\/d6eda375fcca981cadf1e8f102bb8966\"},\"headline\":\"La econom\u00eda de Portugal y su papel en la Uni\u00f3n Europea\",\"datePublished\":\"2021-06-10T09:00:00+00:00\",\"dateModified\":\"2021-09-27T15:02:27+00:00\",\"mainEntityOfPage\":{\"@id\":\"https:\/\/www.pro-corp.net\/bck\/economia-de-portugal\/#webpage\"},\"wordCount\":745,\"commentCount\":0,\"publisher\":{\"@id\":\"https:\/\/www.pro-corp.net\/bck\/#organization\"},\"image\":{\"@id\":\"https:\/\/www.pro-corp.net\/bck\/economia-de-portugal\/#primaryimage\"},\"thumbnailUrl\":\"https:\/\/www.pro-corp.net\/bck\/wp-content\/uploads\/2021\/05\/10.-May-Panorama-de-la-economia-de-Portugal-evolucion-datos-importantes-y-sectores-mas-activos-de-los-ultimos-anos-scaled.jpg\",\"keywords\":[\"historia de Portugal\",\"nacionalidad portuguesa\",\"turismo en Portugal.\",\"viajes en Portugal\",\"vivir en Portugal\"],\"articleSection\":[\"Emigrar a Portugal\"],\"inLanguage\":\"es\",\"potentialAction\":[{\"@type\":\"CommentAction\",\"name\":\"Comment\",\"target\":[\"https:\/\/www.pro-corp.net\/bck\/economia-de-portugal\/#respond\"]}]},{\"@type\":\"Person\",\"@id\":\"https:\/\/www.pro-corp.net\/bck\/#\/schema\/person\/d6eda375fcca981cadf1e8f102bb8966\",\"name\":\"Christian Andres\",\"image\":{\"@type\":\"ImageObject\",\"@id\":\"https:\/\/www.pro-corp.net\/bck\/#personlogo\",\"inLanguage\":\"es\",\"url\":\"https:\/\/secure.gravatar.com\/avatar\/87676f1df919f3ff761ee73fc0e15532?s=96&d=mm&r=g\",\"contentUrl\":\"https:\/\/secure.gravatar.com\/avatar\/87676f1df919f3ff761ee73fc0e15532?s=96&d=mm&r=g\",\"caption\":\"Christian Andres\"}}]}<\/script>\n<!-- \/ Yoast SEO plugin. -->","yoast_head_json":{"title":"Econom\u00eda de Portugal: datos clave de un pa\u00eds con gran futuro - Pro-corp","description":"Portugal es uno de los pa\u00edses m\u00e1s atractivos de Europa. Si sue\u00f1as con trabajar o estudiar all\u00ed, conoce aqu\u00ed aspectos claves de la econom\u00eda de Portugal.","robots":{"index":"index","follow":"follow","max-snippet":"max-snippet:-1","max-image-preview":"max-image-preview:large","max-video-preview":"max-video-preview:-1"},"canonical":"https:\/\/www.pro-corp.net\/bck\/economia-de-portugal\/","og_locale":"es_ES","og_type":"article","og_title":"Econom\u00eda de Portugal: datos clave de un pa\u00eds con gran futuro - Pro-corp","og_description":"Portugal es uno de los pa\u00edses m\u00e1s atractivos de Europa. Si sue\u00f1as con trabajar o estudiar all\u00ed, conoce aqu\u00ed aspectos claves de la econom\u00eda de Portugal.","og_url":"https:\/\/www.pro-corp.net\/bck\/economia-de-portugal\/","og_site_name":"Pro Corp Corporate Development","article_publisher":"https:\/\/www.facebook.com\/Pro-Corp-Asesoria-legal-y-empresarial-105779337842842\/","article_published_time":"2021-06-10T09:00:00+00:00","article_modified_time":"2021-09-27T15:02:27+00:00","og_image":[{"width":2560,"height":1440,"url":"https:\/\/www.pro-corp.net\/bck\/wp-content\/uploads\/2021\/05\/10.-May-Panorama-de-la-economia-de-Portugal-evolucion-datos-importantes-y-sectores-mas-activos-de-los-ultimos-anos-scaled.jpg","type":"image\/jpeg"}],"twitter_card":"summary_large_image","twitter_creator":"@Pro_Corp","twitter_site":"@Pro_Corp","twitter_misc":{"Escrito por":"Christian Andres","Tiempo de lectura":"3 minutos"},"schema":{"@context":"https:\/\/schema.org","@graph":[{"@type":"Organization","@id":"https:\/\/www.pro-corp.net\/bck\/#organization","name":"Pro Corp Corporate Development","url":"https:\/\/www.pro-corp.net\/bck\/","sameAs":["https:\/\/www.facebook.com\/Pro-Corp-Asesoria-legal-y-empresarial-105779337842842\/","https:\/\/twitter.com\/Pro_Corp"],"logo":{"@type":"ImageObject","@id":"https:\/\/www.pro-corp.net\/bck\/#logo","inLanguage":"es","url":"http:\/\/www.pro-corp.net\/bck\/wp-content\/uploads\/2020\/06\/icon.png","contentUrl":"http:\/\/www.pro-corp.net\/bck\/wp-content\/uploads\/2020\/06\/icon.png","width":640,"height":640,"caption":"Pro Corp Corporate Development"},"image":{"@id":"https:\/\/www.pro-corp.net\/bck\/#logo"}},{"@type":"WebSite","@id":"https:\/\/www.pro-corp.net\/bck\/#website","url":"https:\/\/www.pro-corp.net\/bck\/","name":"Pro Corp Corporate Development","description":"Nacionalidad Europea por Ley Sefard\u00ed","publisher":{"@id":"https:\/\/www.pro-corp.net\/bck\/#organization"},"potentialAction":[{"@type":"SearchAction","target":{"@type":"EntryPoint","urlTemplate":"https:\/\/www.pro-corp.net\/bck\/?s={search_term_string}"},"query-input":"required name=search_term_string"}],"inLanguage":"es"},{"@type":"ImageObject","@id":"https:\/\/www.pro-corp.net\/bck\/economia-de-portugal\/#primaryimage","inLanguage":"es","url":"https:\/\/www.pro-corp.net\/bck\/wp-content\/uploads\/2021\/05\/10.-May-Panorama-de-la-economia-de-Portugal-evolucion-datos-importantes-y-sectores-mas-activos-de-los-ultimos-anos-scaled.jpg","contentUrl":"https:\/\/www.pro-corp.net\/bck\/wp-content\/uploads\/2021\/05\/10.-May-Panorama-de-la-economia-de-Portugal-evolucion-datos-importantes-y-sectores-mas-activos-de-los-ultimos-anos-scaled.jpg","width":2560,"height":1440,"caption":"Portugal es uno de los pa\u00edses m\u00e1s atractivos de Europa. Si sue\u00f1as con trabajar o estudiar all\u00ed, conoce aqu\u00ed aspectos claves de la econom\u00eda de Portugal."},{"@type":"WebPage","@id":"https:\/\/www.pro-corp.net\/bck\/economia-de-portugal\/#webpage","url":"https:\/\/www.pro-corp.net\/bck\/economia-de-portugal\/","name":"Econom\u00eda de Portugal: datos clave de un pa\u00eds con gran futuro - Pro-corp","isPartOf":{"@id":"https:\/\/www.pro-corp.net\/bck\/#website"},"primaryImageOfPage":{"@id":"https:\/\/www.pro-corp.net\/bck\/economia-de-portugal\/#primaryimage"},"datePublished":"2021-06-10T09:00:00+00:00","dateModified":"2021-09-27T15:02:27+00:00","description":"Portugal es uno de los pa\u00edses m\u00e1s atractivos de Europa. Si sue\u00f1as con trabajar o estudiar all\u00ed, conoce aqu\u00ed aspectos claves de la econom\u00eda de Portugal.","breadcrumb":{"@id":"https:\/\/www.pro-corp.net\/bck\/economia-de-portugal\/#breadcrumb"},"inLanguage":"es","potentialAction":[{"@type":"ReadAction","target":["https:\/\/www.pro-corp.net\/bck\/economia-de-portugal\/"]}]},{"@type":"BreadcrumbList","@id":"https:\/\/www.pro-corp.net\/bck\/economia-de-portugal\/#breadcrumb","itemListElement":[{"@type":"ListItem","position":1,"name":"La econom\u00eda de Portugal y su papel en la Uni\u00f3n Europea"}]},{"@type":"Article","@id":"https:\/\/www.pro-corp.net\/bck\/economia-de-portugal\/#article","isPartOf":{"@id":"https:\/\/www.pro-corp.net\/bck\/economia-de-portugal\/#webpage"},"author":{"@id":"https:\/\/www.pro-corp.net\/bck\/#\/schema\/person\/d6eda375fcca981cadf1e8f102bb8966"},"headline":"La econom\u00eda de Portugal y su papel en la Uni\u00f3n Europea","datePublished":"2021-06-10T09:00:00+00:00","dateModified":"2021-09-27T15:02:27+00:00","mainEntityOfPage":{"@id":"https:\/\/www.pro-corp.net\/bck\/economia-de-portugal\/#webpage"},"wordCount":745,"commentCount":0,"publisher":{"@id":"https:\/\/www.pro-corp.net\/bck\/#organization"},"image":{"@id":"https:\/\/www.pro-corp.net\/bck\/economia-de-portugal\/#primaryimage"},"thumbnailUrl":"https:\/\/www.pro-corp.net\/bck\/wp-content\/uploads\/2021\/05\/10.-May-Panorama-de-la-economia-de-Portugal-evolucion-datos-importantes-y-sectores-mas-activos-de-los-ultimos-anos-scaled.jpg","keywords":["historia de Portugal","nacionalidad portuguesa","turismo en Portugal.","viajes en Portugal","vivir en Portugal"],"articleSection":["Emigrar a Portugal"],"inLanguage":"es","potentialAction":[{"@type":"CommentAction","name":"Comment","target":["https:\/\/www.pro-corp.net\/bck\/economia-de-portugal\/#respond"]}]},{"@type":"Person","@id":"https:\/\/www.pro-corp.net\/bck\/#\/schema\/person\/d6eda375fcca981cadf1e8f102bb8966","name":"Christian Andres","image":{"@type":"ImageObject","@id":"https:\/\/www.pro-corp.net\/bck\/#personlogo","inLanguage":"es","url":"https:\/\/secure.gravatar.com\/avatar\/87676f1df919f3ff761ee73fc0e15532?s=96&d=mm&r=g","contentUrl":"https:\/\/secure.gravatar.com\/avatar\/87676f1df919f3ff761ee73fc0e15532?s=96&d=mm&r=g","caption":"Christian Andres"}}]}},"_links":{"self":[{"href":"https:\/\/www.pro-corp.net\/bck\/wp-json\/wp\/v2\/posts\/7048"}],"collection":[{"href":"https:\/\/www.pro-corp.net\/bck\/wp-json\/wp\/v2\/posts"}],"about":[{"href":"https:\/\/www.pro-corp.net\/bck\/wp-json\/wp\/v2\/types\/post"}],"author":[{"embeddable":true,"href":"https:\/\/www.pro-corp.net\/bck\/wp-json\/wp\/v2\/users\/1656"}],"replies":[{"embeddable":true,"href":"https:\/\/www.pro-corp.net\/bck\/wp-json\/wp\/v2\/comments?post=7048"}],"version-history":[{"count":4,"href":"https:\/\/www.pro-corp.net\/bck\/wp-json\/wp\/v2\/posts\/7048\/revisions"}],"predecessor-version":[{"id":7520,"href":"https:\/\/www.pro-corp.net\/bck\/wp-json\/wp\/v2\/posts\/7048\/revisions\/7520"}],"wp:featuredmedia":[{"embeddable":true,"href":"https:\/\/www.pro-corp.net\/bck\/wp-json\/wp\/v2\/media\/7049"}],"wp:attachment":[{"href":"https:\/\/www.pro-corp.net\/bck\/wp-json\/wp\/v2\/media?parent=7048"}],"wp:term":[{"taxonomy":"category","embeddable":true,"href":"https:\/\/www.pro-corp.net\/bck\/wp-json\/wp\/v2\/categories?post=7048"},{"taxonomy":"post_tag","embeddable":true,"href":"https:\/\/www.pro-corp.net\/bck\/wp-json\/wp\/v2\/tags?post=7048"}],"curies":[{"name":"wp","href":"https:\/\/api.w.org\/{rel}","templated":true}]}}