{"id":7052,"date":"2021-06-16T04:00:00","date_gmt":"2021-06-16T09:00:00","guid":{"rendered":"http:\/\/www.pro-corp.net\/bck\/?p=7052"},"modified":"2021-09-27T10:02:35","modified_gmt":"2021-09-27T15:02:35","slug":"cv-europass","status":"publish","type":"post","link":"https:\/\/www.pro-corp.net\/bck\/cv-europass\/","title":{"rendered":"C\u00f3mo crear tu CV Europass y aplicar a una oferta laboral en Europa"},"content":{"rendered":"<p>Si quieres <a href=\"http:\/\/www.pro-corp.net\/bck\/trabajar-en-europa\/\">trabajar en Europa<\/a> y tener \u00e9xito en tu b\u00fasqueda laboral, uno de los pasos que tienes que seguir es crear un <strong>CV Europass<\/strong>. A continuaci\u00f3n, te contamos de qu\u00e9 se trata y c\u00f3mo puedes hacerlo.<\/p>\n<h2>Qu\u00e9 es un <strong>CV Europass<\/strong><\/h2>\n<p>El <strong>CV Europass <\/strong>es el formato de curr\u00edculum que propone la Uni\u00f3n Europea (UE) para unificar la presentaci\u00f3n de los perfiles de los candidatos, favorecer la b\u00fasqueda de empleo y facilitar la selecci\u00f3n de los empleadores en los diferentes pa\u00edses de Europa.<\/p>\n<p>De esta manera, aporta transparencia y comprensi\u00f3n sobre las cualificaciones y titulaciones de los aspirantes. Este modelo est\u00e1ndar est\u00e1 disponible en 29 idiomas, convirti\u00e9ndolo en uno de los m\u00e1s reconocidos y aceptados en todo el continente. Te servir\u00e1 para solicitar empleos, becas, pr\u00e1cticas o voluntariados.<\/p>\n<p>De hecho, est\u00e1 adaptado para compartirlo en <a href=\"http:\/\/www.pro-corp.net\/bck\/eures\/\">EURES<\/a>. Esta es una red de cooperaci\u00f3n que facilita la libre circulaci\u00f3n de trabajadores de los estados miembros de la UE. Por eso, es ideal si quieres aplicar a <a href=\"http:\/\/www.pro-corp.net\/bck\/empresas-espanolas\/\">empresas espa\u00f1olas<\/a> o <a href=\"http:\/\/www.pro-corp.net\/bck\/trabajar-en-portugal\/\">trabajar en Portugal<\/a>, por ejemplo.<\/p>\n<h2>\u00bfC\u00f3mo es el <strong>CV Europass<\/strong>?<\/h2>\n<p>Un <strong>CV Europass <\/strong>tiene una estructura muy similar a un curr\u00edculum tradicional. Est\u00e1 compuesto por:<\/p>\n<ul>\n<li>Informaci\u00f3n personal.<\/li>\n<li>Puesto o estudio que se solicita.<\/li>\n<li>Experiencia profesional.<\/li>\n<li>Formaci\u00f3n acad\u00e9mica.<\/li>\n<li>Competencias personales (competencias ling\u00fc\u00edsticas, habilidades directivas o uso de herramientas).<\/li>\n<li>Informaci\u00f3n adicional (publicaciones, proyectos, reconocimientos).<\/li>\n<\/ul>\n<h2>El <strong>CV Europass<\/strong> y todo lo que necesitas para trabajar en Europa<\/h2>\n<p>El <strong>CV Europass <\/strong>es solo uno de los documentos que necesitas&nbsp;para aplicar a una oferta de trabajo en Europa. Este hace parte del sistema Europass de la UE y se compone de estos documentos (Uni\u00f3n Europea, s.f.):<\/p>\n<ul>\n<li>Curr\u00edculum Europass y carta de motivaci\u00f3n.<\/li>\n<li>Pasaporte de Lenguas Europass.<\/li>\n<li>Documento de Movilidad Europass.<\/li>\n<li>Suplemento Europass al T\u00edtulo de T\u00e9cnico\/Certificado de Profesionalidad.<\/li>\n<li>Suplemento Europass al T\u00edtulo Superior.<\/li>\n<\/ul>\n<p>La plataforma te ofrece la plantilla para generar y descargar el <strong>CV Europass<\/strong> y el Pasaporte de Lenguas, aportando las certificaciones respectivas. Lo dem\u00e1s lo solicitas con las autoridades competentes. Para comenzar, solo tienes que ingresar a <a href=\"https:\/\/europa.eu\/europass\/en\" target=\"_blank\" rel=\"noopener\">Europass,<\/a> crear tu perfil y seguir los pasos indicados.<\/p>\n<h2>Recomendaciones para crear un <strong>CV Europass<\/strong> exitoso<\/h2>\n<p>Para crear un <strong>CV Europass<\/strong> que te permita diferenciarte y conseguir con \u00e9xito una vacante laboral, te recomendamos:<\/p>\n<h3>Habla de ti de manera clara y precisa<\/h3>\n<p>Aprovecha la secci\u00f3n \u201cAs\u00ed soy yo\u201d para <a href=\"http:\/\/www.pro-corp.net\/bck\/escribir-una-carta-de-presentacion\/\">escribir una carta de presentaci\u00f3n<\/a>. Es decir, explica por qu\u00e9 eres la persona id\u00f3nea para el puesto de trabajo. Destaca tus capacidades de acuerdo con los requerimientos del anunciante.<\/p>\n<h3>Presenta tu experiencia m\u00e1s destacada<\/h3>\n<p>Los reclutadores no desean conocer todos los puestos que has tenido durante toda tu vida. As\u00ed que solo destaca aquellas experiencias que m\u00e1s se ajusten con el puesto solicitado, indicando primero la m\u00e1s reciente.<\/p>\n<h3>Revisa hasta el \u00faltimo detalle<\/h3>\n<p>Evita cometer errores gramaticales u ortogr\u00e1ficos, pues estos no hablan bien de tu profesionalidad. Tu <strong>CV Europass <\/strong>debe tener un lenguaje claro y sencillo, f\u00e1cil de entender. Recuerda incluir un <em>e-mail<\/em> y una foto de uso profesional.<\/p>\n<h3>Deja tu toque personal<\/h3>\n<p>Es cierto que su estructura r\u00edgida limita la personalizaci\u00f3n. Sin embargo, en 2020, Europass incluy\u00f3 tres nuevos estilos que puedes usar. Asimismo, puedes encontrar plataformas que ofrecen m\u00e1s plantillas. Por otro lado, recuerda que la diferencia la podr\u00e1s marcar en la forma como hables sobre ti.<\/p>\n<h2>En definitiva, \u00bfqu\u00e9 debes tener claro sobre el CV Europa Express?<\/h2>\n<p>Si quieres trabajar en Europa, pero no sabes c\u00f3mo presentar tu curr\u00edculum, este es un formato que puedes usar. M\u00e1s a\u00fan cuando existen organismos p\u00fablicos, universidades e instituciones que lo solicitan expl\u00edcitamente.<\/p>\n<p>Asimismo, no olvides tener presente los otros documentos que exige Europass para aplicar a un trabajo.&nbsp;Comienza a crear tu <strong>CV Europass<\/strong> ahora y logra al fin tu sue\u00f1o de trabajar en el extranjero.<\/p>\n<p>Actualmente, el <a href=\"http:\/\/www.pro-corp.net\/bck\/salario-minimo-en-europa\/\">salario m\u00ednimo en Europa<\/a> se encuentra entre los 332\u20ac (Bulgaria) y los 1202\u20ac (Luxemburgo). El <a href=\"https:\/\/datosmacro.expansion.com\/smi\" target=\"_blank\" rel=\"noopener\">salario m\u00ednimo<\/a> espa\u00f1ol, por su parte, sigue siendo uno de los m\u00e1s altos de la UE (950\u20ac), a pesar de haber sido congelado tras la crisis del COVID-19 (Valera, 2021).<\/p>\n\n\n<div class=\"wp-container-69f18eae2f04b wp-block-buttons is-content-justification-center\">\n<div class=\"wp-block-button is-style-fill\"><a class=\"wp-block-button__link has-white-color has-text-color has-background\" href=\"http:\/\/www.pro-corp.net\/bck\/asesoria\/\" style=\"border-radius:2px;background-color:#b70000\" target=\"_blank\" rel=\"noopener\">Empieza tu estudio de investigaci\u00f3n geneal\u00f3gica ac\u00e1<\/a><\/div>\n<\/div>\n","protected":false},"excerpt":{"rendered":"<p>Si quieres trabajar en Europa y tener \u00e9xito en tu b\u00fasqueda laboral, uno de los pasos que tienes que seguir es crear un CV Europass. A continuaci\u00f3n, te contamos de qu\u00e9 se trata y c\u00f3mo puedes hacerlo. Qu\u00e9 es un CV Europass El CV Europass es el formato de curr\u00edculum que propone la Uni\u00f3n Europea [&hellip;]<\/p>\n","protected":false},"author":1656,"featured_media":7053,"comment_status":"open","ping_status":"open","sticky":false,"template":"","format":"standard","meta":[],"categories":[59],"tags":[119,133,103,108,102,149],"yoast_head":"<!-- This site is optimized with the Yoast SEO plugin v18.2 - https:\/\/yoast.com\/wordpress\/plugins\/seo\/ -->\n<title>CV Europass: c\u00f3mo crearlo para aplicar a un trabajo en Europa - Pro-corp<\/title>\n<meta name=\"description\" content=\"\u00bfQuieres trabajar en Europa? A continuaci\u00f3n, te contamos qu\u00e9 es el CV Europass, para qu\u00e9 te sirve y todo lo que necesitas para crearlo.\" \/>\n<meta name=\"robots\" content=\"index, follow, max-snippet:-1, max-image-preview:large, max-video-preview:-1\" \/>\n<link rel=\"canonical\" href=\"https:\/\/www.pro-corp.net\/bck\/cv-europass\/\" \/>\n<meta property=\"og:locale\" content=\"es_ES\" \/>\n<meta property=\"og:type\" content=\"article\" \/>\n<meta property=\"og:title\" content=\"CV Europass: c\u00f3mo crearlo para aplicar a un trabajo en Europa - Pro-corp\" \/>\n<meta property=\"og:description\" content=\"\u00bfQuieres trabajar en Europa? A continuaci\u00f3n, te contamos qu\u00e9 es el CV Europass, para qu\u00e9 te sirve y todo lo que necesitas para crearlo.\" \/>\n<meta property=\"og:url\" content=\"https:\/\/www.pro-corp.net\/bck\/cv-europass\/\" \/>\n<meta property=\"og:site_name\" content=\"Pro Corp Corporate Development\" \/>\n<meta property=\"article:publisher\" content=\"https:\/\/www.facebook.com\/Pro-Corp-Asesoria-legal-y-empresarial-105779337842842\/\" \/>\n<meta property=\"article:published_time\" content=\"2021-06-16T09:00:00+00:00\" \/>\n<meta property=\"article:modified_time\" content=\"2021-09-27T15:02:35+00:00\" \/>\n<meta property=\"og:image\" content=\"https:\/\/www.pro-corp.net\/bck\/wp-content\/uploads\/2021\/05\/5.Abr-Guia-para-crear-tu-CV-europass-y-tener-exito-al-aplicar-a-una-oferta-scaled.jpg\" \/>\n\t<meta property=\"og:image:width\" content=\"2560\" \/>\n\t<meta property=\"og:image:height\" content=\"1707\" \/>\n\t<meta property=\"og:image:type\" content=\"image\/jpeg\" \/>\n<meta name=\"twitter:card\" content=\"summary_large_image\" \/>\n<meta name=\"twitter:creator\" content=\"@Pro_Corp\" \/>\n<meta name=\"twitter:site\" content=\"@Pro_Corp\" \/>\n<meta name=\"twitter:label1\" content=\"Escrito por\" \/>\n\t<meta name=\"twitter:data1\" content=\"Christian Andres\" \/>\n\t<meta name=\"twitter:label2\" content=\"Tiempo de lectura\" \/>\n\t<meta name=\"twitter:data2\" content=\"3 minutos\" \/>\n<script type=\"application\/ld+json\" class=\"yoast-schema-graph\">{\"@context\":\"https:\/\/schema.org\",\"@graph\":[{\"@type\":\"Organization\",\"@id\":\"https:\/\/www.pro-corp.net\/bck\/#organization\",\"name\":\"Pro Corp Corporate Development\",\"url\":\"https:\/\/www.pro-corp.net\/bck\/\",\"sameAs\":[\"https:\/\/www.facebook.com\/Pro-Corp-Asesoria-legal-y-empresarial-105779337842842\/\",\"https:\/\/twitter.com\/Pro_Corp\"],\"logo\":{\"@type\":\"ImageObject\",\"@id\":\"https:\/\/www.pro-corp.net\/bck\/#logo\",\"inLanguage\":\"es\",\"url\":\"http:\/\/www.pro-corp.net\/bck\/wp-content\/uploads\/2020\/06\/icon.png\",\"contentUrl\":\"http:\/\/www.pro-corp.net\/bck\/wp-content\/uploads\/2020\/06\/icon.png\",\"width\":640,\"height\":640,\"caption\":\"Pro Corp Corporate Development\"},\"image\":{\"@id\":\"https:\/\/www.pro-corp.net\/bck\/#logo\"}},{\"@type\":\"WebSite\",\"@id\":\"https:\/\/www.pro-corp.net\/bck\/#website\",\"url\":\"https:\/\/www.pro-corp.net\/bck\/\",\"name\":\"Pro Corp Corporate Development\",\"description\":\"Nacionalidad Europea por Ley Sefard\u00ed\",\"publisher\":{\"@id\":\"https:\/\/www.pro-corp.net\/bck\/#organization\"},\"potentialAction\":[{\"@type\":\"SearchAction\",\"target\":{\"@type\":\"EntryPoint\",\"urlTemplate\":\"https:\/\/www.pro-corp.net\/bck\/?s={search_term_string}\"},\"query-input\":\"required name=search_term_string\"}],\"inLanguage\":\"es\"},{\"@type\":\"ImageObject\",\"@id\":\"https:\/\/www.pro-corp.net\/bck\/cv-europass\/#primaryimage\",\"inLanguage\":\"es\",\"url\":\"https:\/\/www.pro-corp.net\/bck\/wp-content\/uploads\/2021\/05\/5.Abr-Guia-para-crear-tu-CV-europass-y-tener-exito-al-aplicar-a-una-oferta-scaled.jpg\",\"contentUrl\":\"https:\/\/www.pro-corp.net\/bck\/wp-content\/uploads\/2021\/05\/5.Abr-Guia-para-crear-tu-CV-europass-y-tener-exito-al-aplicar-a-una-oferta-scaled.jpg\",\"width\":2560,\"height\":1707,\"caption\":\"\u00bfQuieres trabajar en Europa? A continuaci\u00f3n, te contamos qu\u00e9 es el CV Europass, para qu\u00e9 te sirve y todo lo que necesitas para crearlo.\"},{\"@type\":\"WebPage\",\"@id\":\"https:\/\/www.pro-corp.net\/bck\/cv-europass\/#webpage\",\"url\":\"https:\/\/www.pro-corp.net\/bck\/cv-europass\/\",\"name\":\"CV Europass: c\u00f3mo crearlo para aplicar a un trabajo en Europa - Pro-corp\",\"isPartOf\":{\"@id\":\"https:\/\/www.pro-corp.net\/bck\/#website\"},\"primaryImageOfPage\":{\"@id\":\"https:\/\/www.pro-corp.net\/bck\/cv-europass\/#primaryimage\"},\"datePublished\":\"2021-06-16T09:00:00+00:00\",\"dateModified\":\"2021-09-27T15:02:35+00:00\",\"description\":\"\u00bfQuieres trabajar en Europa? A continuaci\u00f3n, te contamos qu\u00e9 es el CV Europass, para qu\u00e9 te sirve y todo lo que necesitas para crearlo.\",\"breadcrumb\":{\"@id\":\"https:\/\/www.pro-corp.net\/bck\/cv-europass\/#breadcrumb\"},\"inLanguage\":\"es\",\"potentialAction\":[{\"@type\":\"ReadAction\",\"target\":[\"https:\/\/www.pro-corp.net\/bck\/cv-europass\/\"]}]},{\"@type\":\"BreadcrumbList\",\"@id\":\"https:\/\/www.pro-corp.net\/bck\/cv-europass\/#breadcrumb\",\"itemListElement\":[{\"@type\":\"ListItem\",\"position\":1,\"name\":\"C\u00f3mo crear tu CV Europass y aplicar a una oferta laboral en Europa\"}]},{\"@type\":\"Article\",\"@id\":\"https:\/\/www.pro-corp.net\/bck\/cv-europass\/#article\",\"isPartOf\":{\"@id\":\"https:\/\/www.pro-corp.net\/bck\/cv-europass\/#webpage\"},\"author\":{\"@id\":\"https:\/\/www.pro-corp.net\/bck\/#\/schema\/person\/d6eda375fcca981cadf1e8f102bb8966\"},\"headline\":\"C\u00f3mo crear tu CV Europass y aplicar a una oferta laboral en Europa\",\"datePublished\":\"2021-06-16T09:00:00+00:00\",\"dateModified\":\"2021-09-27T15:02:35+00:00\",\"mainEntityOfPage\":{\"@id\":\"https:\/\/www.pro-corp.net\/bck\/cv-europass\/#webpage\"},\"wordCount\":733,\"commentCount\":0,\"publisher\":{\"@id\":\"https:\/\/www.pro-corp.net\/bck\/#organization\"},\"image\":{\"@id\":\"https:\/\/www.pro-corp.net\/bck\/cv-europass\/#primaryimage\"},\"thumbnailUrl\":\"https:\/\/www.pro-corp.net\/bck\/wp-content\/uploads\/2021\/05\/5.Abr-Guia-para-crear-tu-CV-europass-y-tener-exito-al-aplicar-a-una-oferta-scaled.jpg\",\"keywords\":[\"empresas espa\u00f1olas\",\"Escribir una carta de presentaci\u00f3n\",\"EURES\",\"salario m\u00ednimo en Europa\",\"Trabajar en Europa\",\"Trabajar en Portugal.\"],\"articleSection\":[\"Vivir en Europa\"],\"inLanguage\":\"es\",\"potentialAction\":[{\"@type\":\"CommentAction\",\"name\":\"Comment\",\"target\":[\"https:\/\/www.pro-corp.net\/bck\/cv-europass\/#respond\"]}]},{\"@type\":\"Person\",\"@id\":\"https:\/\/www.pro-corp.net\/bck\/#\/schema\/person\/d6eda375fcca981cadf1e8f102bb8966\",\"name\":\"Christian Andres\",\"image\":{\"@type\":\"ImageObject\",\"@id\":\"https:\/\/www.pro-corp.net\/bck\/#personlogo\",\"inLanguage\":\"es\",\"url\":\"https:\/\/secure.gravatar.com\/avatar\/87676f1df919f3ff761ee73fc0e15532?s=96&d=mm&r=g\",\"contentUrl\":\"https:\/\/secure.gravatar.com\/avatar\/87676f1df919f3ff761ee73fc0e15532?s=96&d=mm&r=g\",\"caption\":\"Christian Andres\"}}]}<\/script>\n<!-- \/ Yoast SEO plugin. -->","yoast_head_json":{"title":"CV Europass: c\u00f3mo crearlo para aplicar a un trabajo en Europa - Pro-corp","description":"\u00bfQuieres trabajar en Europa? A continuaci\u00f3n, te contamos qu\u00e9 es el CV Europass, para qu\u00e9 te sirve y todo lo que necesitas para crearlo.","robots":{"index":"index","follow":"follow","max-snippet":"max-snippet:-1","max-image-preview":"max-image-preview:large","max-video-preview":"max-video-preview:-1"},"canonical":"https:\/\/www.pro-corp.net\/bck\/cv-europass\/","og_locale":"es_ES","og_type":"article","og_title":"CV Europass: c\u00f3mo crearlo para aplicar a un trabajo en Europa - Pro-corp","og_description":"\u00bfQuieres trabajar en Europa? A continuaci\u00f3n, te contamos qu\u00e9 es el CV Europass, para qu\u00e9 te sirve y todo lo que necesitas para crearlo.","og_url":"https:\/\/www.pro-corp.net\/bck\/cv-europass\/","og_site_name":"Pro Corp Corporate Development","article_publisher":"https:\/\/www.facebook.com\/Pro-Corp-Asesoria-legal-y-empresarial-105779337842842\/","article_published_time":"2021-06-16T09:00:00+00:00","article_modified_time":"2021-09-27T15:02:35+00:00","og_image":[{"width":2560,"height":1707,"url":"https:\/\/www.pro-corp.net\/bck\/wp-content\/uploads\/2021\/05\/5.Abr-Guia-para-crear-tu-CV-europass-y-tener-exito-al-aplicar-a-una-oferta-scaled.jpg","type":"image\/jpeg"}],"twitter_card":"summary_large_image","twitter_creator":"@Pro_Corp","twitter_site":"@Pro_Corp","twitter_misc":{"Escrito por":"Christian Andres","Tiempo de lectura":"3 minutos"},"schema":{"@context":"https:\/\/schema.org","@graph":[{"@type":"Organization","@id":"https:\/\/www.pro-corp.net\/bck\/#organization","name":"Pro Corp Corporate Development","url":"https:\/\/www.pro-corp.net\/bck\/","sameAs":["https:\/\/www.facebook.com\/Pro-Corp-Asesoria-legal-y-empresarial-105779337842842\/","https:\/\/twitter.com\/Pro_Corp"],"logo":{"@type":"ImageObject","@id":"https:\/\/www.pro-corp.net\/bck\/#logo","inLanguage":"es","url":"http:\/\/www.pro-corp.net\/bck\/wp-content\/uploads\/2020\/06\/icon.png","contentUrl":"http:\/\/www.pro-corp.net\/bck\/wp-content\/uploads\/2020\/06\/icon.png","width":640,"height":640,"caption":"Pro Corp Corporate Development"},"image":{"@id":"https:\/\/www.pro-corp.net\/bck\/#logo"}},{"@type":"WebSite","@id":"https:\/\/www.pro-corp.net\/bck\/#website","url":"https:\/\/www.pro-corp.net\/bck\/","name":"Pro Corp Corporate Development","description":"Nacionalidad Europea por Ley Sefard\u00ed","publisher":{"@id":"https:\/\/www.pro-corp.net\/bck\/#organization"},"potentialAction":[{"@type":"SearchAction","target":{"@type":"EntryPoint","urlTemplate":"https:\/\/www.pro-corp.net\/bck\/?s={search_term_string}"},"query-input":"required name=search_term_string"}],"inLanguage":"es"},{"@type":"ImageObject","@id":"https:\/\/www.pro-corp.net\/bck\/cv-europass\/#primaryimage","inLanguage":"es","url":"https:\/\/www.pro-corp.net\/bck\/wp-content\/uploads\/2021\/05\/5.Abr-Guia-para-crear-tu-CV-europass-y-tener-exito-al-aplicar-a-una-oferta-scaled.jpg","contentUrl":"https:\/\/www.pro-corp.net\/bck\/wp-content\/uploads\/2021\/05\/5.Abr-Guia-para-crear-tu-CV-europass-y-tener-exito-al-aplicar-a-una-oferta-scaled.jpg","width":2560,"height":1707,"caption":"\u00bfQuieres trabajar en Europa? A continuaci\u00f3n, te contamos qu\u00e9 es el CV Europass, para qu\u00e9 te sirve y todo lo que necesitas para crearlo."},{"@type":"WebPage","@id":"https:\/\/www.pro-corp.net\/bck\/cv-europass\/#webpage","url":"https:\/\/www.pro-corp.net\/bck\/cv-europass\/","name":"CV Europass: c\u00f3mo crearlo para aplicar a un trabajo en Europa - Pro-corp","isPartOf":{"@id":"https:\/\/www.pro-corp.net\/bck\/#website"},"primaryImageOfPage":{"@id":"https:\/\/www.pro-corp.net\/bck\/cv-europass\/#primaryimage"},"datePublished":"2021-06-16T09:00:00+00:00","dateModified":"2021-09-27T15:02:35+00:00","description":"\u00bfQuieres trabajar en Europa? A continuaci\u00f3n, te contamos qu\u00e9 es el CV Europass, para qu\u00e9 te sirve y todo lo que necesitas para crearlo.","breadcrumb":{"@id":"https:\/\/www.pro-corp.net\/bck\/cv-europass\/#breadcrumb"},"inLanguage":"es","potentialAction":[{"@type":"ReadAction","target":["https:\/\/www.pro-corp.net\/bck\/cv-europass\/"]}]},{"@type":"BreadcrumbList","@id":"https:\/\/www.pro-corp.net\/bck\/cv-europass\/#breadcrumb","itemListElement":[{"@type":"ListItem","position":1,"name":"C\u00f3mo crear tu CV Europass y aplicar a una oferta laboral en Europa"}]},{"@type":"Article","@id":"https:\/\/www.pro-corp.net\/bck\/cv-europass\/#article","isPartOf":{"@id":"https:\/\/www.pro-corp.net\/bck\/cv-europass\/#webpage"},"author":{"@id":"https:\/\/www.pro-corp.net\/bck\/#\/schema\/person\/d6eda375fcca981cadf1e8f102bb8966"},"headline":"C\u00f3mo crear tu CV Europass y aplicar a una oferta laboral en Europa","datePublished":"2021-06-16T09:00:00+00:00","dateModified":"2021-09-27T15:02:35+00:00","mainEntityOfPage":{"@id":"https:\/\/www.pro-corp.net\/bck\/cv-europass\/#webpage"},"wordCount":733,"commentCount":0,"publisher":{"@id":"https:\/\/www.pro-corp.net\/bck\/#organization"},"image":{"@id":"https:\/\/www.pro-corp.net\/bck\/cv-europass\/#primaryimage"},"thumbnailUrl":"https:\/\/www.pro-corp.net\/bck\/wp-content\/uploads\/2021\/05\/5.Abr-Guia-para-crear-tu-CV-europass-y-tener-exito-al-aplicar-a-una-oferta-scaled.jpg","keywords":["empresas espa\u00f1olas","Escribir una carta de presentaci\u00f3n","EURES","salario m\u00ednimo en Europa","Trabajar en Europa","Trabajar en Portugal."],"articleSection":["Vivir en Europa"],"inLanguage":"es","potentialAction":[{"@type":"CommentAction","name":"Comment","target":["https:\/\/www.pro-corp.net\/bck\/cv-europass\/#respond"]}]},{"@type":"Person","@id":"https:\/\/www.pro-corp.net\/bck\/#\/schema\/person\/d6eda375fcca981cadf1e8f102bb8966","name":"Christian Andres","image":{"@type":"ImageObject","@id":"https:\/\/www.pro-corp.net\/bck\/#personlogo","inLanguage":"es","url":"https:\/\/secure.gravatar.com\/avatar\/87676f1df919f3ff761ee73fc0e15532?s=96&d=mm&r=g","contentUrl":"https:\/\/secure.gravatar.com\/avatar\/87676f1df919f3ff761ee73fc0e15532?s=96&d=mm&r=g","caption":"Christian Andres"}}]}},"_links":{"self":[{"href":"https:\/\/www.pro-corp.net\/bck\/wp-json\/wp\/v2\/posts\/7052"}],"collection":[{"href":"https:\/\/www.pro-corp.net\/bck\/wp-json\/wp\/v2\/posts"}],"about":[{"href":"https:\/\/www.pro-corp.net\/bck\/wp-json\/wp\/v2\/types\/post"}],"author":[{"embeddable":true,"href":"https:\/\/www.pro-corp.net\/bck\/wp-json\/wp\/v2\/users\/1656"}],"replies":[{"embeddable":true,"href":"https:\/\/www.pro-corp.net\/bck\/wp-json\/wp\/v2\/comments?post=7052"}],"version-history":[{"count":3,"href":"https:\/\/www.pro-corp.net\/bck\/wp-json\/wp\/v2\/posts\/7052\/revisions"}],"predecessor-version":[{"id":7521,"href":"https:\/\/www.pro-corp.net\/bck\/wp-json\/wp\/v2\/posts\/7052\/revisions\/7521"}],"wp:featuredmedia":[{"embeddable":true,"href":"https:\/\/www.pro-corp.net\/bck\/wp-json\/wp\/v2\/media\/7053"}],"wp:attachment":[{"href":"https:\/\/www.pro-corp.net\/bck\/wp-json\/wp\/v2\/media?parent=7052"}],"wp:term":[{"taxonomy":"category","embeddable":true,"href":"https:\/\/www.pro-corp.net\/bck\/wp-json\/wp\/v2\/categories?post=7052"},{"taxonomy":"post_tag","embeddable":true,"href":"https:\/\/www.pro-corp.net\/bck\/wp-json\/wp\/v2\/tags?post=7052"}],"curies":[{"name":"wp","href":"https:\/\/api.w.org\/{rel}","templated":true}]}}