{"id":7057,"date":"2021-06-23T04:00:00","date_gmt":"2021-06-23T09:00:00","guid":{"rendered":"http:\/\/www.pro-corp.net\/bck\/?p=7057"},"modified":"2021-09-27T10:02:47","modified_gmt":"2021-09-27T15:02:47","slug":"cultura-judia","status":"publish","type":"post","link":"https:\/\/www.pro-corp.net\/bck\/cultura-judia\/","title":{"rendered":"Aprende sobre la cultura jud\u00eda y sus costumbres"},"content":{"rendered":"<p>Si vas a solicitar la <a href=\"http:\/\/www.pro-corp.net\/bck\/ciudadania-espanola\/\">ciudadan\u00eda espa\u00f1ola<\/a> por tus <a href=\"http:\/\/www.pro-corp.net\/bck\/apellidos-sefardies\/\">apellidos sefard\u00edes<\/a>, seguro est\u00e1s indagando sobre la <strong>cultura jud\u00eda<\/strong>, los distintos <a href=\"http:\/\/www.pro-corp.net\/bck\/tipos-de-arbol-genealogico\/\">tipos de \u00e1rbol geneal\u00f3gico<\/a>, etc. Aqu\u00ed te presentamos, de forma sencilla, algunas costumbres del pueblo jud\u00edo para que despu\u00e9s puedas profundizar en ellas.<\/p>\n<h2>Caracter\u00edsticas de la cultura jud\u00eda<\/h2>\n<p>La <strong>cultura jud\u00eda<\/strong> es un conjunto de fen\u00f3menos culturales del pueblo jud\u00edo y sus descendientes. Es muy h\u00edbrida porque hasta el siglo XX fueron migrantes, pero su modo de vida y c\u00f3digo moral lo determina el juda\u00edsmo. Pese a que los jud\u00edos has estado geogr\u00e1ficamente dispersos, la <strong>cultura jud\u00eda<\/strong> ha mantenido su unidad, como resistencia frente a las comunidades mayoritarias.<\/p>\n<h3>Religiosidad<\/h3>\n<p>Las pr\u00e1cticas religiosas del juda\u00edsmo se rigen por la <em>Tor\u00e1<\/em> del Antiguo Testamento. Creen en un Dios \u00fanico, omnipresente, omnisciente, creador del universo, que elige al pueblo jud\u00edo para revelarle sus mandamientos.<\/p>\n<p>La religiosidad ha sido muy importante para la unidad del pueblo jud\u00edo, sobre todo para los ortodoxos. Pero a principios del siglo XX surge en Europa un juda\u00edsmo secular. Este permite a los descendientes jud\u00edos reconocerse como tales, sin regir sus vidas por las leyes religiosas jud\u00edas.<\/p>\n<h3>Lengua<\/h3>\n<p>El idioma del pueblo jud\u00edo (y su lengua sagrada) es el hebreo, con m\u00e1s de seis millones de hablantes en Israel en m\u00e1s de 80 pa\u00edses. Pero las migraciones llevaron a los jud\u00edos mezclar su idioma con otros. Su lengua mayoritaria fue, en distintas \u00e9pocas: arameo, judeo\u00e1rabe, judeopersa, judeogriego, judeoitaliano y yidis.<\/p>\n<h2>Costumbres de la cultura jud\u00eda<\/h2>\n<p>Tras describir brevemente algunas caracter\u00edsticas de la cultura jud\u00eda, vamos a compartirte ahora algunas de sus tradiciones. M\u00e1s espec\u00edficamente, costumbres vinculadas a la comida, la ropa, las celebraciones, etc. Algunas de ellas solo son llevadas a cabo por las comunidades m\u00e1s ortodoxas.<\/p>\n<h3>Circuncisi\u00f3n<\/h3>\n<p>A los ocho d\u00edas de nacer, todo ni\u00f1o es circuncidado en el rito Brit Mil\u00e1 (\u201cpacto de la circuncisi\u00f3n\u201d), como s\u00edmbolo del pacto entre Dios y Abraham.<\/p>\n<h3><em>Sabbat<\/em><\/h3>\n<p>El s\u00e9ptimo d\u00eda de la semana es sagrado. Desde el atardecer del viernes hasta la aparici\u00f3n de tres estrellas en la noche del s\u00e1bado, los jud\u00edos no realizan ning\u00fan trabajo. As\u00ed como \u201cDios termin\u00f3 su creaci\u00f3n y descans\u00f3\u201d.<\/p>\n<h3>Bar Mitzv\u00e1 y Bat Mitzv\u00e1<\/h3>\n<p>Es una celebraci\u00f3n de la comunidad para el joven jud\u00edo cuando cumple 13 a\u00f1os y se considera que ha alcanzado su madurez personal. Para las ni\u00f1as es a los 12.<\/p>\n<h3>Romper una copa en las bodas<\/h3>\n<p>Se rompe con el pie, envuelta en un pa\u00f1uelo blanco. As\u00ed se recuerda la destrucci\u00f3n (hace 2000 a\u00f1os) del templo de Jerusal\u00e9n, donde estaban el arca de la alianza y el candelabro de siete brazos.<\/p>\n<h3>Vestimenta<\/h3>\n<p>La ropa suele ser muy sencilla y hay algunas telas prohibidas, como la lana y el lino. Tampoco se acepta que un hombre se vista con prendas \u201cde mujer\u201d o viceversa. Los sacerdotes jud\u00edos deben vestir de negro, con sombrero plano. El resto de los hombres lleva mechones en tirabuz\u00f3n a los costados del rostro.<\/p>\n<p>La <a href=\"https:\/\/www.zankyou.com.mx\/p\/cual-es-el-significado-de-la-kipa-o-solideo-en-el-judaismo-interesante\" target=\"_blank\" rel=\"noopener\">kip\u00e1<\/a> es un sombrero redondo que usan los varones en la parte trasera de la cabeza. Este les recuerda la presencia constante de Dios y que no hay nadie por encima de \u00e9l. Su uso no es obligatorio, pero se lleva en las sinagogas.<\/p>\n<h3>Mujer<\/h3>\n<p>En el juda\u00edsmo ortodoxo, la mujer no puede mostrar el cabello en p\u00fablico, por eso utiliza pa\u00f1uelos y pelucas. Tampoco puede tener relaciones sexuales despu\u00e9s del parto o de la menstruaci\u00f3n hasta darse un ba\u00f1o fr\u00edo en la micv\u00e9, una ba\u00f1era en las sinagogas.<\/p>\n<p>Debe estar en el hogar, educar a los hijos y preservar las tradiciones, por lo que no suele tener profesi\u00f3n y a veces ni siquiera estudios. Tampoco puede usar anticonceptivos.<\/p>\n<h3>Gastronom\u00eda<\/h3>\n<p>En la <strong>cultura jud\u00eda<\/strong> hay alimentos prohibidos, como el cerdo, que es considerado un animal impuro. Tambi\u00e9n lo es la sangre, por lo que no se consumen embutidos y la carne se prepara al modo <a href=\"https:\/\/www.enlacejudio.com\/2017\/07\/01\/que-es-kosher-6-reglas-basicas\/\" target=\"_blank\" rel=\"noopener\"><em>kosher<\/em><\/a>. Es decir, con un sangrado previo muy riguroso. Se proh\u00edben, adem\u00e1s, los crust\u00e1ceos y mariscos, y el vino que no sea <em>kosher<\/em>.<\/p>\n<p>Otros alimentos se separan, como los l\u00e1cteos y la carne. Deben tomarse con horas de diferencia porque la carne se considera un \u201calimento muerto\u201d y la leche, uno \u201cvivo\u201d. Tampoco se deben servir con la misma vajilla. Los l\u00e1cteos se toman antes de la comida, no durante.<\/p>\n<h3>Duelo<\/h3>\n<p>Durante 30 d\u00edas, los familiares del difunto no pueden salir de su casa. Tampoco pueden escuchar m\u00fasica hasta cumplido un a\u00f1o. Los cad\u00e1veres no pueden ser cremados, ni enterrados en altura o incompletos.<\/p>\n<h3>Cuerpo<\/h3>\n<p>La ley jud\u00eda proh\u00edbe los tatuajes y <em>piercings<\/em>. Los ni\u00f1os no deben cortarse el pelo hasta los tres a\u00f1os, en la ceremonia de <em>Upsherin<\/em> (Uriarte, 2020).<\/p>\n<p>M\u00e1s all\u00e1 de que puedas obtener tu ciudadan\u00eda espa\u00f1ola por origen <a href=\"http:\/\/www.pro-corp.net\/bck\/sefardi\/\">sefard\u00ed<\/a> o debas recurrir a otros modos, como solicitar una <a href=\"http:\/\/www.pro-corp.net\/bck\/visa-golden\/\">Visa Gold<\/a>, seguro que esta informaci\u00f3n te conecta con tus ra\u00edces y ampl\u00eda tu conocimiento sobre la <strong>cultura jud\u00eda<\/strong>.<\/p>\n\n\n<div class=\"wp-container-69f1919d9f092 wp-block-buttons is-content-justification-center\">\n<div class=\"wp-block-button is-style-fill\"><a class=\"wp-block-button__link has-white-color has-text-color has-background\" href=\"http:\/\/www.pro-corp.net\/bck\/asesoria\/\" style=\"border-radius:2px;background-color:#b70000\" target=\"_blank\" rel=\"noopener\">Empieza tu estudio de investigaci\u00f3n geneal\u00f3gica ac\u00e1<\/a><\/div>\n<\/div>\n","protected":false},"excerpt":{"rendered":"<p>Si vas a solicitar la ciudadan\u00eda espa\u00f1ola por tus apellidos sefard\u00edes, seguro est\u00e1s indagando sobre la cultura jud\u00eda, los distintos tipos de \u00e1rbol geneal\u00f3gico, etc. Aqu\u00ed te presentamos, de forma sencilla, algunas costumbres del pueblo jud\u00edo para que despu\u00e9s puedas profundizar en ellas. Caracter\u00edsticas de la cultura jud\u00eda La cultura jud\u00eda es un conjunto de [&hellip;]<\/p>\n","protected":false},"author":1656,"featured_media":7058,"comment_status":"open","ping_status":"open","sticky":false,"template":"","format":"standard","meta":[],"categories":[56],"tags":[124,97,82,150,151],"yoast_head":"<!-- This site is optimized with the Yoast SEO plugin v18.2 - https:\/\/yoast.com\/wordpress\/plugins\/seo\/ -->\n<title>Cultura jud\u00eda: descubre sobre algunas de sus costumbres - Pro-corp<\/title>\n<meta name=\"description\" content=\"Te presentamos algunos rasgos caracter\u00edsticos de la cultura jud\u00eda y varias de sus tradiciones: gastronom\u00eda, vestimenta, etc.\" \/>\n<meta name=\"robots\" content=\"index, follow, max-snippet:-1, max-image-preview:large, max-video-preview:-1\" \/>\n<link rel=\"canonical\" href=\"https:\/\/www.pro-corp.net\/bck\/cultura-judia\/\" \/>\n<meta property=\"og:locale\" content=\"es_ES\" \/>\n<meta property=\"og:type\" content=\"article\" \/>\n<meta property=\"og:title\" content=\"Cultura jud\u00eda: descubre sobre algunas de sus costumbres - Pro-corp\" \/>\n<meta property=\"og:description\" content=\"Te presentamos algunos rasgos caracter\u00edsticos de la cultura jud\u00eda y varias de sus tradiciones: gastronom\u00eda, vestimenta, etc.\" \/>\n<meta property=\"og:url\" content=\"https:\/\/www.pro-corp.net\/bck\/cultura-judia\/\" \/>\n<meta property=\"og:site_name\" content=\"Pro Corp Corporate Development\" \/>\n<meta property=\"article:publisher\" content=\"https:\/\/www.facebook.com\/Pro-Corp-Asesoria-legal-y-empresarial-105779337842842\/\" \/>\n<meta property=\"article:published_time\" content=\"2021-06-23T09:00:00+00:00\" \/>\n<meta property=\"article:modified_time\" content=\"2021-09-27T15:02:47+00:00\" \/>\n<meta property=\"og:image\" content=\"https:\/\/www.pro-corp.net\/bck\/wp-content\/uploads\/2021\/06\/7.-May-Animate-a-aprender-mas-de-la-cultura-judia-desde-gastronomia-hasta-vestimenta-scaled.jpg\" \/>\n\t<meta property=\"og:image:width\" content=\"2560\" \/>\n\t<meta property=\"og:image:height\" content=\"1979\" \/>\n\t<meta property=\"og:image:type\" content=\"image\/jpeg\" \/>\n<meta name=\"twitter:card\" content=\"summary_large_image\" \/>\n<meta name=\"twitter:creator\" content=\"@Pro_Corp\" \/>\n<meta name=\"twitter:site\" content=\"@Pro_Corp\" \/>\n<meta name=\"twitter:label1\" content=\"Escrito por\" \/>\n\t<meta name=\"twitter:data1\" content=\"Christian Andres\" \/>\n\t<meta name=\"twitter:label2\" content=\"Tiempo de lectura\" \/>\n\t<meta name=\"twitter:data2\" content=\"4 minutos\" \/>\n<script type=\"application\/ld+json\" class=\"yoast-schema-graph\">{\"@context\":\"https:\/\/schema.org\",\"@graph\":[{\"@type\":\"Organization\",\"@id\":\"https:\/\/www.pro-corp.net\/bck\/#organization\",\"name\":\"Pro Corp Corporate Development\",\"url\":\"https:\/\/www.pro-corp.net\/bck\/\",\"sameAs\":[\"https:\/\/www.facebook.com\/Pro-Corp-Asesoria-legal-y-empresarial-105779337842842\/\",\"https:\/\/twitter.com\/Pro_Corp\"],\"logo\":{\"@type\":\"ImageObject\",\"@id\":\"https:\/\/www.pro-corp.net\/bck\/#logo\",\"inLanguage\":\"es\",\"url\":\"http:\/\/www.pro-corp.net\/bck\/wp-content\/uploads\/2020\/06\/icon.png\",\"contentUrl\":\"http:\/\/www.pro-corp.net\/bck\/wp-content\/uploads\/2020\/06\/icon.png\",\"width\":640,\"height\":640,\"caption\":\"Pro Corp Corporate Development\"},\"image\":{\"@id\":\"https:\/\/www.pro-corp.net\/bck\/#logo\"}},{\"@type\":\"WebSite\",\"@id\":\"https:\/\/www.pro-corp.net\/bck\/#website\",\"url\":\"https:\/\/www.pro-corp.net\/bck\/\",\"name\":\"Pro Corp Corporate Development\",\"description\":\"Nacionalidad Europea por Ley Sefard\u00ed\",\"publisher\":{\"@id\":\"https:\/\/www.pro-corp.net\/bck\/#organization\"},\"potentialAction\":[{\"@type\":\"SearchAction\",\"target\":{\"@type\":\"EntryPoint\",\"urlTemplate\":\"https:\/\/www.pro-corp.net\/bck\/?s={search_term_string}\"},\"query-input\":\"required name=search_term_string\"}],\"inLanguage\":\"es\"},{\"@type\":\"ImageObject\",\"@id\":\"https:\/\/www.pro-corp.net\/bck\/cultura-judia\/#primaryimage\",\"inLanguage\":\"es\",\"url\":\"https:\/\/www.pro-corp.net\/bck\/wp-content\/uploads\/2021\/06\/7.-May-Animate-a-aprender-mas-de-la-cultura-judia-desde-gastronomia-hasta-vestimenta-scaled.jpg\",\"contentUrl\":\"https:\/\/www.pro-corp.net\/bck\/wp-content\/uploads\/2021\/06\/7.-May-Animate-a-aprender-mas-de-la-cultura-judia-desde-gastronomia-hasta-vestimenta-scaled.jpg\",\"width\":2560,\"height\":1979,\"caption\":\"Te presentamos algunos rasgos caracter\u00edsticos de la cultura jud\u00eda y varias de sus tradiciones: gastronom\u00eda, vestimenta, etc.\"},{\"@type\":\"WebPage\",\"@id\":\"https:\/\/www.pro-corp.net\/bck\/cultura-judia\/#webpage\",\"url\":\"https:\/\/www.pro-corp.net\/bck\/cultura-judia\/\",\"name\":\"Cultura jud\u00eda: descubre sobre algunas de sus costumbres - Pro-corp\",\"isPartOf\":{\"@id\":\"https:\/\/www.pro-corp.net\/bck\/#website\"},\"primaryImageOfPage\":{\"@id\":\"https:\/\/www.pro-corp.net\/bck\/cultura-judia\/#primaryimage\"},\"datePublished\":\"2021-06-23T09:00:00+00:00\",\"dateModified\":\"2021-09-27T15:02:47+00:00\",\"description\":\"Te presentamos algunos rasgos caracter\u00edsticos de la cultura jud\u00eda y varias de sus tradiciones: gastronom\u00eda, vestimenta, etc.\",\"breadcrumb\":{\"@id\":\"https:\/\/www.pro-corp.net\/bck\/cultura-judia\/#breadcrumb\"},\"inLanguage\":\"es\",\"potentialAction\":[{\"@type\":\"ReadAction\",\"target\":[\"https:\/\/www.pro-corp.net\/bck\/cultura-judia\/\"]}]},{\"@type\":\"BreadcrumbList\",\"@id\":\"https:\/\/www.pro-corp.net\/bck\/cultura-judia\/#breadcrumb\",\"itemListElement\":[{\"@type\":\"ListItem\",\"position\":1,\"name\":\"Aprende sobre la cultura jud\u00eda y sus costumbres\"}]},{\"@type\":\"Article\",\"@id\":\"https:\/\/www.pro-corp.net\/bck\/cultura-judia\/#article\",\"isPartOf\":{\"@id\":\"https:\/\/www.pro-corp.net\/bck\/cultura-judia\/#webpage\"},\"author\":{\"@id\":\"https:\/\/www.pro-corp.net\/bck\/#\/schema\/person\/d6eda375fcca981cadf1e8f102bb8966\"},\"headline\":\"Aprende sobre la cultura jud\u00eda y sus costumbres\",\"datePublished\":\"2021-06-23T09:00:00+00:00\",\"dateModified\":\"2021-09-27T15:02:47+00:00\",\"mainEntityOfPage\":{\"@id\":\"https:\/\/www.pro-corp.net\/bck\/cultura-judia\/#webpage\"},\"wordCount\":909,\"commentCount\":0,\"publisher\":{\"@id\":\"https:\/\/www.pro-corp.net\/bck\/#organization\"},\"image\":{\"@id\":\"https:\/\/www.pro-corp.net\/bck\/cultura-judia\/#primaryimage\"},\"thumbnailUrl\":\"https:\/\/www.pro-corp.net\/bck\/wp-content\/uploads\/2021\/06\/7.-May-Animate-a-aprender-mas-de-la-cultura-judia-desde-gastronomia-hasta-vestimenta-scaled.jpg\",\"keywords\":[\"Apellidos sefard\u00edes\",\"ciudadan\u00eda espa\u00f1ola\",\"sefard\u00ed\",\"Tipos de \u00e1rbol geneal\u00f3gico\",\"Visa Golden.\"],\"articleSection\":[\"Ciudadan\u00eda europea\"],\"inLanguage\":\"es\",\"potentialAction\":[{\"@type\":\"CommentAction\",\"name\":\"Comment\",\"target\":[\"https:\/\/www.pro-corp.net\/bck\/cultura-judia\/#respond\"]}]},{\"@type\":\"Person\",\"@id\":\"https:\/\/www.pro-corp.net\/bck\/#\/schema\/person\/d6eda375fcca981cadf1e8f102bb8966\",\"name\":\"Christian Andres\",\"image\":{\"@type\":\"ImageObject\",\"@id\":\"https:\/\/www.pro-corp.net\/bck\/#personlogo\",\"inLanguage\":\"es\",\"url\":\"https:\/\/secure.gravatar.com\/avatar\/87676f1df919f3ff761ee73fc0e15532?s=96&d=mm&r=g\",\"contentUrl\":\"https:\/\/secure.gravatar.com\/avatar\/87676f1df919f3ff761ee73fc0e15532?s=96&d=mm&r=g\",\"caption\":\"Christian Andres\"}}]}<\/script>\n<!-- \/ Yoast SEO plugin. -->","yoast_head_json":{"title":"Cultura jud\u00eda: descubre sobre algunas de sus costumbres - Pro-corp","description":"Te presentamos algunos rasgos caracter\u00edsticos de la cultura jud\u00eda y varias de sus tradiciones: gastronom\u00eda, vestimenta, etc.","robots":{"index":"index","follow":"follow","max-snippet":"max-snippet:-1","max-image-preview":"max-image-preview:large","max-video-preview":"max-video-preview:-1"},"canonical":"https:\/\/www.pro-corp.net\/bck\/cultura-judia\/","og_locale":"es_ES","og_type":"article","og_title":"Cultura jud\u00eda: descubre sobre algunas de sus costumbres - Pro-corp","og_description":"Te presentamos algunos rasgos caracter\u00edsticos de la cultura jud\u00eda y varias de sus tradiciones: gastronom\u00eda, vestimenta, etc.","og_url":"https:\/\/www.pro-corp.net\/bck\/cultura-judia\/","og_site_name":"Pro Corp Corporate Development","article_publisher":"https:\/\/www.facebook.com\/Pro-Corp-Asesoria-legal-y-empresarial-105779337842842\/","article_published_time":"2021-06-23T09:00:00+00:00","article_modified_time":"2021-09-27T15:02:47+00:00","og_image":[{"width":2560,"height":1979,"url":"https:\/\/www.pro-corp.net\/bck\/wp-content\/uploads\/2021\/06\/7.-May-Animate-a-aprender-mas-de-la-cultura-judia-desde-gastronomia-hasta-vestimenta-scaled.jpg","type":"image\/jpeg"}],"twitter_card":"summary_large_image","twitter_creator":"@Pro_Corp","twitter_site":"@Pro_Corp","twitter_misc":{"Escrito por":"Christian Andres","Tiempo de lectura":"4 minutos"},"schema":{"@context":"https:\/\/schema.org","@graph":[{"@type":"Organization","@id":"https:\/\/www.pro-corp.net\/bck\/#organization","name":"Pro Corp Corporate Development","url":"https:\/\/www.pro-corp.net\/bck\/","sameAs":["https:\/\/www.facebook.com\/Pro-Corp-Asesoria-legal-y-empresarial-105779337842842\/","https:\/\/twitter.com\/Pro_Corp"],"logo":{"@type":"ImageObject","@id":"https:\/\/www.pro-corp.net\/bck\/#logo","inLanguage":"es","url":"http:\/\/www.pro-corp.net\/bck\/wp-content\/uploads\/2020\/06\/icon.png","contentUrl":"http:\/\/www.pro-corp.net\/bck\/wp-content\/uploads\/2020\/06\/icon.png","width":640,"height":640,"caption":"Pro Corp Corporate Development"},"image":{"@id":"https:\/\/www.pro-corp.net\/bck\/#logo"}},{"@type":"WebSite","@id":"https:\/\/www.pro-corp.net\/bck\/#website","url":"https:\/\/www.pro-corp.net\/bck\/","name":"Pro Corp Corporate Development","description":"Nacionalidad Europea por Ley Sefard\u00ed","publisher":{"@id":"https:\/\/www.pro-corp.net\/bck\/#organization"},"potentialAction":[{"@type":"SearchAction","target":{"@type":"EntryPoint","urlTemplate":"https:\/\/www.pro-corp.net\/bck\/?s={search_term_string}"},"query-input":"required name=search_term_string"}],"inLanguage":"es"},{"@type":"ImageObject","@id":"https:\/\/www.pro-corp.net\/bck\/cultura-judia\/#primaryimage","inLanguage":"es","url":"https:\/\/www.pro-corp.net\/bck\/wp-content\/uploads\/2021\/06\/7.-May-Animate-a-aprender-mas-de-la-cultura-judia-desde-gastronomia-hasta-vestimenta-scaled.jpg","contentUrl":"https:\/\/www.pro-corp.net\/bck\/wp-content\/uploads\/2021\/06\/7.-May-Animate-a-aprender-mas-de-la-cultura-judia-desde-gastronomia-hasta-vestimenta-scaled.jpg","width":2560,"height":1979,"caption":"Te presentamos algunos rasgos caracter\u00edsticos de la cultura jud\u00eda y varias de sus tradiciones: gastronom\u00eda, vestimenta, etc."},{"@type":"WebPage","@id":"https:\/\/www.pro-corp.net\/bck\/cultura-judia\/#webpage","url":"https:\/\/www.pro-corp.net\/bck\/cultura-judia\/","name":"Cultura jud\u00eda: descubre sobre algunas de sus costumbres - Pro-corp","isPartOf":{"@id":"https:\/\/www.pro-corp.net\/bck\/#website"},"primaryImageOfPage":{"@id":"https:\/\/www.pro-corp.net\/bck\/cultura-judia\/#primaryimage"},"datePublished":"2021-06-23T09:00:00+00:00","dateModified":"2021-09-27T15:02:47+00:00","description":"Te presentamos algunos rasgos caracter\u00edsticos de la cultura jud\u00eda y varias de sus tradiciones: gastronom\u00eda, vestimenta, etc.","breadcrumb":{"@id":"https:\/\/www.pro-corp.net\/bck\/cultura-judia\/#breadcrumb"},"inLanguage":"es","potentialAction":[{"@type":"ReadAction","target":["https:\/\/www.pro-corp.net\/bck\/cultura-judia\/"]}]},{"@type":"BreadcrumbList","@id":"https:\/\/www.pro-corp.net\/bck\/cultura-judia\/#breadcrumb","itemListElement":[{"@type":"ListItem","position":1,"name":"Aprende sobre la cultura jud\u00eda y sus costumbres"}]},{"@type":"Article","@id":"https:\/\/www.pro-corp.net\/bck\/cultura-judia\/#article","isPartOf":{"@id":"https:\/\/www.pro-corp.net\/bck\/cultura-judia\/#webpage"},"author":{"@id":"https:\/\/www.pro-corp.net\/bck\/#\/schema\/person\/d6eda375fcca981cadf1e8f102bb8966"},"headline":"Aprende sobre la cultura jud\u00eda y sus costumbres","datePublished":"2021-06-23T09:00:00+00:00","dateModified":"2021-09-27T15:02:47+00:00","mainEntityOfPage":{"@id":"https:\/\/www.pro-corp.net\/bck\/cultura-judia\/#webpage"},"wordCount":909,"commentCount":0,"publisher":{"@id":"https:\/\/www.pro-corp.net\/bck\/#organization"},"image":{"@id":"https:\/\/www.pro-corp.net\/bck\/cultura-judia\/#primaryimage"},"thumbnailUrl":"https:\/\/www.pro-corp.net\/bck\/wp-content\/uploads\/2021\/06\/7.-May-Animate-a-aprender-mas-de-la-cultura-judia-desde-gastronomia-hasta-vestimenta-scaled.jpg","keywords":["Apellidos sefard\u00edes","ciudadan\u00eda espa\u00f1ola","sefard\u00ed","Tipos de \u00e1rbol geneal\u00f3gico","Visa Golden."],"articleSection":["Ciudadan\u00eda europea"],"inLanguage":"es","potentialAction":[{"@type":"CommentAction","name":"Comment","target":["https:\/\/www.pro-corp.net\/bck\/cultura-judia\/#respond"]}]},{"@type":"Person","@id":"https:\/\/www.pro-corp.net\/bck\/#\/schema\/person\/d6eda375fcca981cadf1e8f102bb8966","name":"Christian Andres","image":{"@type":"ImageObject","@id":"https:\/\/www.pro-corp.net\/bck\/#personlogo","inLanguage":"es","url":"https:\/\/secure.gravatar.com\/avatar\/87676f1df919f3ff761ee73fc0e15532?s=96&d=mm&r=g","contentUrl":"https:\/\/secure.gravatar.com\/avatar\/87676f1df919f3ff761ee73fc0e15532?s=96&d=mm&r=g","caption":"Christian Andres"}}]}},"_links":{"self":[{"href":"https:\/\/www.pro-corp.net\/bck\/wp-json\/wp\/v2\/posts\/7057"}],"collection":[{"href":"https:\/\/www.pro-corp.net\/bck\/wp-json\/wp\/v2\/posts"}],"about":[{"href":"https:\/\/www.pro-corp.net\/bck\/wp-json\/wp\/v2\/types\/post"}],"author":[{"embeddable":true,"href":"https:\/\/www.pro-corp.net\/bck\/wp-json\/wp\/v2\/users\/1656"}],"replies":[{"embeddable":true,"href":"https:\/\/www.pro-corp.net\/bck\/wp-json\/wp\/v2\/comments?post=7057"}],"version-history":[{"count":3,"href":"https:\/\/www.pro-corp.net\/bck\/wp-json\/wp\/v2\/posts\/7057\/revisions"}],"predecessor-version":[{"id":7522,"href":"https:\/\/www.pro-corp.net\/bck\/wp-json\/wp\/v2\/posts\/7057\/revisions\/7522"}],"wp:featuredmedia":[{"embeddable":true,"href":"https:\/\/www.pro-corp.net\/bck\/wp-json\/wp\/v2\/media\/7058"}],"wp:attachment":[{"href":"https:\/\/www.pro-corp.net\/bck\/wp-json\/wp\/v2\/media?parent=7057"}],"wp:term":[{"taxonomy":"category","embeddable":true,"href":"https:\/\/www.pro-corp.net\/bck\/wp-json\/wp\/v2\/categories?post=7057"},{"taxonomy":"post_tag","embeddable":true,"href":"https:\/\/www.pro-corp.net\/bck\/wp-json\/wp\/v2\/tags?post=7057"}],"curies":[{"name":"wp","href":"https:\/\/api.w.org\/{rel}","templated":true}]}}