{"id":7085,"date":"2021-06-12T13:57:43","date_gmt":"2021-06-12T18:57:43","guid":{"rendered":"http:\/\/www.pro-corp.net\/bck\/?p=7085"},"modified":"2021-10-25T15:08:30","modified_gmt":"2021-10-25T20:08:30","slug":"plazo-para-aporte-documental","status":"publish","type":"post","link":"https:\/\/www.pro-corp.net\/bck\/plazo-para-aporte-documental\/","title":{"rendered":"Urgente: el 1 de septiembre vence el plazo del Ministerio de Justicia de Espa\u00f1a para el aporte documental"},"content":{"rendered":"<p>Como el Ministerio de Justicia de Espa\u00f1a y nosotros hemos hecho p\u00fablico en varias ocasiones, la fecha de cierre definitiva de la plataforma para la carga documental <strong>ser\u00e1 el 1 de septiembre de 2021.<\/strong><\/p>\n<p>Desde Pro Corp queremos hacer un \u00faltimo llamado a todos nuestros clientes para que aporten la documentaci\u00f3n faltante.<\/p>\n<p><strong>Por lo tanto, La fecha l\u00edmite de Pro Corp para recibir sus documentos y tener tiempo de radicarlos es el 15 de agosto<\/strong>, con esto evitaremos inconvenientes o contratiempos que perjudiquen el proceso.<\/p>\n<p><strong>Tengan en cuenta lo siguiente: <\/strong><\/p>\n<p>1. Documentos que no est\u00e9n en la plataforma del Ministerio de Justicia de Espa\u00f1a para el 1 de septiembre no se aceptar\u00e1n por esa entidad.<\/p>\n<p>2. Con el expediente incompleto para esta fecha (1 de septiembre de 2021) <strong>no se podr\u00e1 solicitar cita ante los notarios para firmar el acta de notoriedad.<\/strong><\/p>\n<p>Es urgente que vayan a nuestro portal: <a href=\"http:\/\/www.pro-corp.net\/bck\/login\/\">http:\/\/www.pro-corp.net\/bck\/login\/<\/a>&nbsp; en el que podr\u00e1n <strong>ingresar con su n\u00famero de pasaporte y contrase\u00f1a asignada (si no la recuerda, simplemente use la opci\u00f3n de pedir una nueva que le llegara por correo electr\u00f3nico)<\/strong>. All\u00ed encontrar\u00e1n los documentos que tienen y los que faltan y que deber\u00e1n aportar lo m\u00e1s pronto posible.&nbsp;<\/p>\n<p>S\u00edgannos en nuestras redes sociales<\/p>\n\n\n<div class=\"wp-container-69f18ec9d85b9 wp-block-buttons\">\n<div class=\"wp-block-button\"><a class=\"wp-block-button__link has-white-color has-text-color has-background\" href=\"https:\/\/web.facebook.com\/procorp.nacionalidadsefardi\/\" style=\"border-radius:40px;background-color:#af0602\" target=\"_blank\" rel=\"noreferrer noopener\">Facebook<\/a><\/div>\n\n\n\n<div class=\"wp-block-button is-style-fill\"><a class=\"wp-block-button__link has-white-color has-text-color has-background\" href=\"https:\/\/twitter.com\/PROCORP\" style=\"border-radius:40px;background-color:#af0602\" target=\"_blank\" rel=\"noreferrer noopener\">Twitter<\/a><\/div>\n\n\n\n<div class=\"wp-block-button\"><a class=\"wp-block-button__link has-white-color has-text-color has-background\" href=\"https:\/\/www.instagram.com\/pro.corp\/?hl=es-la\" style=\"border-radius:40px;background-color:#af0602\" target=\"_blank\" rel=\"noreferrer noopener\">Instagram<\/a><\/div>\n\n\n\n<div class=\"wp-block-button\"><a class=\"wp-block-button__link has-white-color has-text-color has-background\" href=\"https:\/\/api.whatsapp.com\/send?phone=573009290786&amp;text=\" style=\"background-color:#ad0605\" target=\"_blank\" rel=\"noreferrer noopener\">WhatsApp<\/a><\/div>\n<\/div>\n","protected":false},"excerpt":{"rendered":"<p>Como el Ministerio de Justicia de Espa\u00f1a y nosotros hemos hecho p\u00fablico en varias ocasiones, la fecha de cierre definitiva de la plataforma para la carga documental ser\u00e1 el 1 de septiembre de 2021. Desde Pro Corp queremos hacer un \u00faltimo llamado a todos nuestros clientes para que aporten la documentaci\u00f3n faltante. Por lo tanto, [&hellip;]<\/p>\n","protected":false},"author":1656,"featured_media":7086,"comment_status":"open","ping_status":"open","sticky":false,"template":"","format":"standard","meta":[],"categories":[57],"tags":[],"yoast_head":"<!-- This site is optimized with the Yoast SEO plugin v18.2 - https:\/\/yoast.com\/wordpress\/plugins\/seo\/ -->\n<title>El 1 de septiembre vence el plazo del MJE para aporte de documental - Pro-corp<\/title>\n<meta name=\"description\" content=\"Como el Ministerio de Justicia de Espa\u00f1a y nosotros hemos hecho p\u00fablico en varias ocasiones, la fecha de cierre definitiva de la plataforma para la carga documental ser\u00e1 el 1 de septiembre de 2021.\" \/>\n<meta name=\"robots\" content=\"index, follow, max-snippet:-1, max-image-preview:large, max-video-preview:-1\" \/>\n<link rel=\"canonical\" href=\"https:\/\/www.pro-corp.net\/bck\/plazo-para-aporte-documental\/\" \/>\n<meta property=\"og:locale\" content=\"es_ES\" \/>\n<meta property=\"og:type\" content=\"article\" \/>\n<meta property=\"og:title\" content=\"El 1 de septiembre vence el plazo del MJE para aporte de documental - Pro-corp\" \/>\n<meta property=\"og:description\" content=\"Como el Ministerio de Justicia de Espa\u00f1a y nosotros hemos hecho p\u00fablico en varias ocasiones, la fecha de cierre definitiva de la plataforma para la carga documental ser\u00e1 el 1 de septiembre de 2021.\" \/>\n<meta property=\"og:url\" content=\"https:\/\/www.pro-corp.net\/bck\/plazo-para-aporte-documental\/\" \/>\n<meta property=\"og:site_name\" content=\"Pro Corp Corporate Development\" \/>\n<meta property=\"article:publisher\" content=\"https:\/\/www.facebook.com\/Pro-Corp-Asesoria-legal-y-empresarial-105779337842842\/\" \/>\n<meta property=\"article:published_time\" content=\"2021-06-12T18:57:43+00:00\" \/>\n<meta property=\"article:modified_time\" content=\"2021-10-25T20:08:30+00:00\" \/>\n<meta property=\"og:image\" content=\"https:\/\/www.pro-corp.net\/bck\/wp-content\/uploads\/2021\/06\/2018-09-19-documents.jpg\" \/>\n\t<meta property=\"og:image:width\" content=\"1200\" \/>\n\t<meta property=\"og:image:height\" content=\"628\" \/>\n\t<meta property=\"og:image:type\" content=\"image\/jpeg\" \/>\n<meta name=\"twitter:card\" content=\"summary_large_image\" \/>\n<meta name=\"twitter:creator\" content=\"@Pro_Corp\" \/>\n<meta name=\"twitter:site\" content=\"@Pro_Corp\" \/>\n<meta name=\"twitter:label1\" content=\"Escrito por\" \/>\n\t<meta name=\"twitter:data1\" content=\"Christian Andres\" \/>\n\t<meta name=\"twitter:label2\" content=\"Tiempo de lectura\" \/>\n\t<meta name=\"twitter:data2\" content=\"1 minuto\" \/>\n<script type=\"application\/ld+json\" class=\"yoast-schema-graph\">{\"@context\":\"https:\/\/schema.org\",\"@graph\":[{\"@type\":\"Organization\",\"@id\":\"https:\/\/www.pro-corp.net\/bck\/#organization\",\"name\":\"Pro Corp Corporate Development\",\"url\":\"https:\/\/www.pro-corp.net\/bck\/\",\"sameAs\":[\"https:\/\/www.facebook.com\/Pro-Corp-Asesoria-legal-y-empresarial-105779337842842\/\",\"https:\/\/twitter.com\/Pro_Corp\"],\"logo\":{\"@type\":\"ImageObject\",\"@id\":\"https:\/\/www.pro-corp.net\/bck\/#logo\",\"inLanguage\":\"es\",\"url\":\"http:\/\/www.pro-corp.net\/bck\/wp-content\/uploads\/2020\/06\/icon.png\",\"contentUrl\":\"http:\/\/www.pro-corp.net\/bck\/wp-content\/uploads\/2020\/06\/icon.png\",\"width\":640,\"height\":640,\"caption\":\"Pro Corp Corporate Development\"},\"image\":{\"@id\":\"https:\/\/www.pro-corp.net\/bck\/#logo\"}},{\"@type\":\"WebSite\",\"@id\":\"https:\/\/www.pro-corp.net\/bck\/#website\",\"url\":\"https:\/\/www.pro-corp.net\/bck\/\",\"name\":\"Pro Corp Corporate Development\",\"description\":\"Nacionalidad Europea por Ley Sefard\u00ed\",\"publisher\":{\"@id\":\"https:\/\/www.pro-corp.net\/bck\/#organization\"},\"potentialAction\":[{\"@type\":\"SearchAction\",\"target\":{\"@type\":\"EntryPoint\",\"urlTemplate\":\"https:\/\/www.pro-corp.net\/bck\/?s={search_term_string}\"},\"query-input\":\"required name=search_term_string\"}],\"inLanguage\":\"es\"},{\"@type\":\"ImageObject\",\"@id\":\"https:\/\/www.pro-corp.net\/bck\/plazo-para-aporte-documental\/#primaryimage\",\"inLanguage\":\"es\",\"url\":\"https:\/\/www.pro-corp.net\/bck\/wp-content\/uploads\/2021\/06\/2018-09-19-documents.jpg\",\"contentUrl\":\"https:\/\/www.pro-corp.net\/bck\/wp-content\/uploads\/2021\/06\/2018-09-19-documents.jpg\",\"width\":1200,\"height\":628,\"caption\":\"Documentos\"},{\"@type\":\"WebPage\",\"@id\":\"https:\/\/www.pro-corp.net\/bck\/plazo-para-aporte-documental\/#webpage\",\"url\":\"https:\/\/www.pro-corp.net\/bck\/plazo-para-aporte-documental\/\",\"name\":\"El 1 de septiembre vence el plazo del MJE para aporte de documental - Pro-corp\",\"isPartOf\":{\"@id\":\"https:\/\/www.pro-corp.net\/bck\/#website\"},\"primaryImageOfPage\":{\"@id\":\"https:\/\/www.pro-corp.net\/bck\/plazo-para-aporte-documental\/#primaryimage\"},\"datePublished\":\"2021-06-12T18:57:43+00:00\",\"dateModified\":\"2021-10-25T20:08:30+00:00\",\"description\":\"Como el Ministerio de Justicia de Espa\u00f1a y nosotros hemos hecho p\u00fablico en varias ocasiones, la fecha de cierre definitiva de la plataforma para la carga documental ser\u00e1 el 1 de septiembre de 2021.\",\"breadcrumb\":{\"@id\":\"https:\/\/www.pro-corp.net\/bck\/plazo-para-aporte-documental\/#breadcrumb\"},\"inLanguage\":\"es\",\"potentialAction\":[{\"@type\":\"ReadAction\",\"target\":[\"https:\/\/www.pro-corp.net\/bck\/plazo-para-aporte-documental\/\"]}]},{\"@type\":\"BreadcrumbList\",\"@id\":\"https:\/\/www.pro-corp.net\/bck\/plazo-para-aporte-documental\/#breadcrumb\",\"itemListElement\":[{\"@type\":\"ListItem\",\"position\":1,\"name\":\"Urgente: el 1 de septiembre vence el plazo del Ministerio de Justicia de Espa\u00f1a para el aporte documental\"}]},{\"@type\":\"Article\",\"@id\":\"https:\/\/www.pro-corp.net\/bck\/plazo-para-aporte-documental\/#article\",\"isPartOf\":{\"@id\":\"https:\/\/www.pro-corp.net\/bck\/plazo-para-aporte-documental\/#webpage\"},\"author\":{\"@id\":\"https:\/\/www.pro-corp.net\/bck\/#\/schema\/person\/d6eda375fcca981cadf1e8f102bb8966\"},\"headline\":\"Urgente: el 1 de septiembre vence el plazo del Ministerio de Justicia de Espa\u00f1a para el aporte documental\",\"datePublished\":\"2021-06-12T18:57:43+00:00\",\"dateModified\":\"2021-10-25T20:08:30+00:00\",\"mainEntityOfPage\":{\"@id\":\"https:\/\/www.pro-corp.net\/bck\/plazo-para-aporte-documental\/#webpage\"},\"wordCount\":237,\"commentCount\":0,\"publisher\":{\"@id\":\"https:\/\/www.pro-corp.net\/bck\/#organization\"},\"image\":{\"@id\":\"https:\/\/www.pro-corp.net\/bck\/plazo-para-aporte-documental\/#primaryimage\"},\"thumbnailUrl\":\"https:\/\/www.pro-corp.net\/bck\/wp-content\/uploads\/2021\/06\/2018-09-19-documents.jpg\",\"articleSection\":[\"Emigrar a Espa\u00f1a\"],\"inLanguage\":\"es\",\"potentialAction\":[{\"@type\":\"CommentAction\",\"name\":\"Comment\",\"target\":[\"https:\/\/www.pro-corp.net\/bck\/plazo-para-aporte-documental\/#respond\"]}]},{\"@type\":\"Person\",\"@id\":\"https:\/\/www.pro-corp.net\/bck\/#\/schema\/person\/d6eda375fcca981cadf1e8f102bb8966\",\"name\":\"Christian Andres\",\"image\":{\"@type\":\"ImageObject\",\"@id\":\"https:\/\/www.pro-corp.net\/bck\/#personlogo\",\"inLanguage\":\"es\",\"url\":\"https:\/\/secure.gravatar.com\/avatar\/87676f1df919f3ff761ee73fc0e15532?s=96&d=mm&r=g\",\"contentUrl\":\"https:\/\/secure.gravatar.com\/avatar\/87676f1df919f3ff761ee73fc0e15532?s=96&d=mm&r=g\",\"caption\":\"Christian Andres\"}}]}<\/script>\n<!-- \/ Yoast SEO plugin. -->","yoast_head_json":{"title":"El 1 de septiembre vence el plazo del MJE para aporte de documental - Pro-corp","description":"Como el Ministerio de Justicia de Espa\u00f1a y nosotros hemos hecho p\u00fablico en varias ocasiones, la fecha de cierre definitiva de la plataforma para la carga documental ser\u00e1 el 1 de septiembre de 2021.","robots":{"index":"index","follow":"follow","max-snippet":"max-snippet:-1","max-image-preview":"max-image-preview:large","max-video-preview":"max-video-preview:-1"},"canonical":"https:\/\/www.pro-corp.net\/bck\/plazo-para-aporte-documental\/","og_locale":"es_ES","og_type":"article","og_title":"El 1 de septiembre vence el plazo del MJE para aporte de documental - Pro-corp","og_description":"Como el Ministerio de Justicia de Espa\u00f1a y nosotros hemos hecho p\u00fablico en varias ocasiones, la fecha de cierre definitiva de la plataforma para la carga documental ser\u00e1 el 1 de septiembre de 2021.","og_url":"https:\/\/www.pro-corp.net\/bck\/plazo-para-aporte-documental\/","og_site_name":"Pro Corp Corporate Development","article_publisher":"https:\/\/www.facebook.com\/Pro-Corp-Asesoria-legal-y-empresarial-105779337842842\/","article_published_time":"2021-06-12T18:57:43+00:00","article_modified_time":"2021-10-25T20:08:30+00:00","og_image":[{"width":1200,"height":628,"url":"https:\/\/www.pro-corp.net\/bck\/wp-content\/uploads\/2021\/06\/2018-09-19-documents.jpg","type":"image\/jpeg"}],"twitter_card":"summary_large_image","twitter_creator":"@Pro_Corp","twitter_site":"@Pro_Corp","twitter_misc":{"Escrito por":"Christian Andres","Tiempo de lectura":"1 minuto"},"schema":{"@context":"https:\/\/schema.org","@graph":[{"@type":"Organization","@id":"https:\/\/www.pro-corp.net\/bck\/#organization","name":"Pro Corp Corporate Development","url":"https:\/\/www.pro-corp.net\/bck\/","sameAs":["https:\/\/www.facebook.com\/Pro-Corp-Asesoria-legal-y-empresarial-105779337842842\/","https:\/\/twitter.com\/Pro_Corp"],"logo":{"@type":"ImageObject","@id":"https:\/\/www.pro-corp.net\/bck\/#logo","inLanguage":"es","url":"http:\/\/www.pro-corp.net\/bck\/wp-content\/uploads\/2020\/06\/icon.png","contentUrl":"http:\/\/www.pro-corp.net\/bck\/wp-content\/uploads\/2020\/06\/icon.png","width":640,"height":640,"caption":"Pro Corp Corporate Development"},"image":{"@id":"https:\/\/www.pro-corp.net\/bck\/#logo"}},{"@type":"WebSite","@id":"https:\/\/www.pro-corp.net\/bck\/#website","url":"https:\/\/www.pro-corp.net\/bck\/","name":"Pro Corp Corporate Development","description":"Nacionalidad Europea por Ley Sefard\u00ed","publisher":{"@id":"https:\/\/www.pro-corp.net\/bck\/#organization"},"potentialAction":[{"@type":"SearchAction","target":{"@type":"EntryPoint","urlTemplate":"https:\/\/www.pro-corp.net\/bck\/?s={search_term_string}"},"query-input":"required name=search_term_string"}],"inLanguage":"es"},{"@type":"ImageObject","@id":"https:\/\/www.pro-corp.net\/bck\/plazo-para-aporte-documental\/#primaryimage","inLanguage":"es","url":"https:\/\/www.pro-corp.net\/bck\/wp-content\/uploads\/2021\/06\/2018-09-19-documents.jpg","contentUrl":"https:\/\/www.pro-corp.net\/bck\/wp-content\/uploads\/2021\/06\/2018-09-19-documents.jpg","width":1200,"height":628,"caption":"Documentos"},{"@type":"WebPage","@id":"https:\/\/www.pro-corp.net\/bck\/plazo-para-aporte-documental\/#webpage","url":"https:\/\/www.pro-corp.net\/bck\/plazo-para-aporte-documental\/","name":"El 1 de septiembre vence el plazo del MJE para aporte de documental - Pro-corp","isPartOf":{"@id":"https:\/\/www.pro-corp.net\/bck\/#website"},"primaryImageOfPage":{"@id":"https:\/\/www.pro-corp.net\/bck\/plazo-para-aporte-documental\/#primaryimage"},"datePublished":"2021-06-12T18:57:43+00:00","dateModified":"2021-10-25T20:08:30+00:00","description":"Como el Ministerio de Justicia de Espa\u00f1a y nosotros hemos hecho p\u00fablico en varias ocasiones, la fecha de cierre definitiva de la plataforma para la carga documental ser\u00e1 el 1 de septiembre de 2021.","breadcrumb":{"@id":"https:\/\/www.pro-corp.net\/bck\/plazo-para-aporte-documental\/#breadcrumb"},"inLanguage":"es","potentialAction":[{"@type":"ReadAction","target":["https:\/\/www.pro-corp.net\/bck\/plazo-para-aporte-documental\/"]}]},{"@type":"BreadcrumbList","@id":"https:\/\/www.pro-corp.net\/bck\/plazo-para-aporte-documental\/#breadcrumb","itemListElement":[{"@type":"ListItem","position":1,"name":"Urgente: el 1 de septiembre vence el plazo del Ministerio de Justicia de Espa\u00f1a para el aporte documental"}]},{"@type":"Article","@id":"https:\/\/www.pro-corp.net\/bck\/plazo-para-aporte-documental\/#article","isPartOf":{"@id":"https:\/\/www.pro-corp.net\/bck\/plazo-para-aporte-documental\/#webpage"},"author":{"@id":"https:\/\/www.pro-corp.net\/bck\/#\/schema\/person\/d6eda375fcca981cadf1e8f102bb8966"},"headline":"Urgente: el 1 de septiembre vence el plazo del Ministerio de Justicia de Espa\u00f1a para el aporte documental","datePublished":"2021-06-12T18:57:43+00:00","dateModified":"2021-10-25T20:08:30+00:00","mainEntityOfPage":{"@id":"https:\/\/www.pro-corp.net\/bck\/plazo-para-aporte-documental\/#webpage"},"wordCount":237,"commentCount":0,"publisher":{"@id":"https:\/\/www.pro-corp.net\/bck\/#organization"},"image":{"@id":"https:\/\/www.pro-corp.net\/bck\/plazo-para-aporte-documental\/#primaryimage"},"thumbnailUrl":"https:\/\/www.pro-corp.net\/bck\/wp-content\/uploads\/2021\/06\/2018-09-19-documents.jpg","articleSection":["Emigrar a Espa\u00f1a"],"inLanguage":"es","potentialAction":[{"@type":"CommentAction","name":"Comment","target":["https:\/\/www.pro-corp.net\/bck\/plazo-para-aporte-documental\/#respond"]}]},{"@type":"Person","@id":"https:\/\/www.pro-corp.net\/bck\/#\/schema\/person\/d6eda375fcca981cadf1e8f102bb8966","name":"Christian Andres","image":{"@type":"ImageObject","@id":"https:\/\/www.pro-corp.net\/bck\/#personlogo","inLanguage":"es","url":"https:\/\/secure.gravatar.com\/avatar\/87676f1df919f3ff761ee73fc0e15532?s=96&d=mm&r=g","contentUrl":"https:\/\/secure.gravatar.com\/avatar\/87676f1df919f3ff761ee73fc0e15532?s=96&d=mm&r=g","caption":"Christian Andres"}}]}},"_links":{"self":[{"href":"https:\/\/www.pro-corp.net\/bck\/wp-json\/wp\/v2\/posts\/7085"}],"collection":[{"href":"https:\/\/www.pro-corp.net\/bck\/wp-json\/wp\/v2\/posts"}],"about":[{"href":"https:\/\/www.pro-corp.net\/bck\/wp-json\/wp\/v2\/types\/post"}],"author":[{"embeddable":true,"href":"https:\/\/www.pro-corp.net\/bck\/wp-json\/wp\/v2\/users\/1656"}],"replies":[{"embeddable":true,"href":"https:\/\/www.pro-corp.net\/bck\/wp-json\/wp\/v2\/comments?post=7085"}],"version-history":[{"count":4,"href":"https:\/\/www.pro-corp.net\/bck\/wp-json\/wp\/v2\/posts\/7085\/revisions"}],"predecessor-version":[{"id":7930,"href":"https:\/\/www.pro-corp.net\/bck\/wp-json\/wp\/v2\/posts\/7085\/revisions\/7930"}],"wp:featuredmedia":[{"embeddable":true,"href":"https:\/\/www.pro-corp.net\/bck\/wp-json\/wp\/v2\/media\/7086"}],"wp:attachment":[{"href":"https:\/\/www.pro-corp.net\/bck\/wp-json\/wp\/v2\/media?parent=7085"}],"wp:term":[{"taxonomy":"category","embeddable":true,"href":"https:\/\/www.pro-corp.net\/bck\/wp-json\/wp\/v2\/categories?post=7085"},{"taxonomy":"post_tag","embeddable":true,"href":"https:\/\/www.pro-corp.net\/bck\/wp-json\/wp\/v2\/tags?post=7085"}],"curies":[{"name":"wp","href":"https:\/\/api.w.org\/{rel}","templated":true}]}}