{"id":7197,"date":"2021-07-24T17:48:50","date_gmt":"2021-07-24T22:48:50","guid":{"rendered":"http:\/\/www.pro-corp.net\/bck\/?p=7197"},"modified":"2021-07-24T17:48:53","modified_gmt":"2021-07-24T22:48:53","slug":"colombianos-viajando-a-espana","status":"publish","type":"post","link":"https:\/\/www.pro-corp.net\/bck\/colombianos-viajando-a-espana\/","title":{"rendered":"IMPORTANTE: EL REINO DE ESPA\u00d1A IMPONE UNA NUEVA CUARENTENA A LOS VIAJEROS DE COLOMBIA (Y OTROS TERCEROS PA\u00cdSES FUERA DE LA UE)."},"content":{"rendered":"<p>De acuerdo con las dos \u00f3rdenes emitidas por el Gobierno Espa\u00f1ol a trav\u00e9s del Bolet\u00edn Oficial de Estado (BOE) que se expidieron el d\u00eda de hoy 24 de julio de 2021 (Ministerio del Interior y de Sanidad), queremos comunicarles que las personas que quieran viajar a Espa\u00f1a desde de Colombia (tambi\u00e9n incluidos otro n\u00famero de pa\u00edses que est\u00e1n en el listado fuera de la Uni\u00f3n Europea), <strong>deber\u00e1n someterse a una\u00a0<\/strong><strong>cuarentena obligatoria<\/strong><strong>\u00a0al llegar a Espa\u00f1a por un tiempo de 10 d\u00edas.<\/strong><\/p>\n<p>Adem\u00e1s, es importante resaltar que la cuarentena puede terminar antes si al s\u00e9ptimo d\u00eda a la persona se le realiza una\u00a0prueba diagn\u00f3stica con resultado negativo para COVID y solo con unos test espec\u00edficos admitidos por Espa\u00f1a.<\/p>\n<p>La orden tiene vigencia desde este martes 27 de julio de 2021 y durante 14 d\u00edas prorrogables seg\u00fan el Ministerio de Sanidad, luego el Ministerio del interior aclar\u00f3 que la disposici\u00f3n final \u00fanica queda hasta las 24 horas del 31 de agosto de 2021.<\/p>\n<p>As\u00ed las cosas, Pro Corp informa a todos sus clientes que est\u00e1n pendientes de viajar a Espa\u00f1a para sus firmas del Acta de Notoriedad que debido a dicho comunicado, no podr\u00e1n viajar sin hacer la cuarentena obligatoria al llegar a Espa\u00f1a. Por esta raz\u00f3n, para quienes los clientes que nos lo pidan, con gusto nos encargaremos de gestionar los cambios de fecha de firma con los Notarios demostr\u00e1ndoles que es un tema de fuerza mayor.<\/p>\n<p>Igualmente, es nuestro deber informar que esta noticia no afecta a las personas que son de los pa\u00edses mencionados a continuaci\u00f3n y no tendr\u00e1n que hacer dicha cuarentena:<\/p>\n\n<ol>\n<li>Albania.<\/li>\n<li>Armenia.<\/li>\n<li>Australia.<\/li>\n<li>Azerbaiy\u00e1n.<\/li>\n<li>Bosnia y Herzegovina.<\/li>\n<li>Brunei.<\/li>\n<li>Canad\u00e1.<\/li>\n<li>Israel.<\/li>\n<li>Jap\u00f3n.<\/li>\n<li>Jordania.<\/li>\n<li>L\u00edbano.<\/li>\n<li>Montenegro.<\/li>\n<li>Nueva Zelanda.<\/li>\n<li>Qatar.<\/li>\n<li>Rep\u00fablica de Moldavia.<\/li>\n<li>Rep\u00fablica de Macedonia del Norte.<\/li>\n<li>Arabia Saud\u00ed.<\/li>\n<li>Serbia.<\/li>\n<li>Singapur.<\/li>\n<li>Corea del Sur.<\/li>\n<li>Ucrania.<\/li>\n<li>Estados Unidos de Am\u00e9rica.<\/li>\n<li>China.<\/li>\n<\/ol>\n\n<p>Por \u00faltimo, les recordamos que podr\u00e1n firmar despu\u00e9s del 01 de septiembre de 2021 siempre y cuando su documentaci\u00f3n exigida por la ley, que hemos solicitado, est\u00e9 completa antes de dicha fecha. Por esta raz\u00f3n, es importante que nos env\u00eden a no m\u00e1s tardar el 25 de agosto de 2021 los documentos que tienen pendientes de aportar.\u00a0<\/p>\n<p>Cualquier nueva exigencia del Gobierno de Espa\u00f1a seguir\u00e1 siendo debidamente comunicadas por nuestra firma Pro Corp oportunamente.<\/p>\n<p>Si tienen preguntas espec\u00edficas respecto a esta noticia, no duden en comunicarse con nosotros.<\/p>\n<p>\u00a1No olviden seguirnos en nuestras redes sociales en las que estaremos publicando m\u00e1s actualizaciones!<\/p>\n\n\n<p><a href=\"https:\/\/www.eltiempo.com\/mundo\/europa\/covid-19-colombianos-que-viajen-a-espana-tendran-que-hacer-cuarentena-605550\">https:\/\/www.eltiempo.com\/mundo\/europa\/covid-19-colombianos-que-viajen-a-espana-tendran-que-hacer-cuarentena-605550<\/a><\/p>\n","protected":false},"excerpt":{"rendered":"<p>De acuerdo con las dos \u00f3rdenes emitidas por el Gobierno Espa\u00f1ol a trav\u00e9s del Bolet\u00edn Oficial de Estado (BOE) que se expidieron el d\u00eda de hoy 24 de julio de 2021 (Ministerio del Interior y de Sanidad), queremos comunicarles que las personas que quieran viajar a Espa\u00f1a desde de Colombia (tambi\u00e9n incluidos otro n\u00famero de [&hellip;]<\/p>\n","protected":false},"author":1656,"featured_media":7198,"comment_status":"open","ping_status":"open","sticky":false,"template":"","format":"standard","meta":[],"categories":[57],"tags":[124,97,154,155,82],"yoast_head":"<!-- This site is optimized with the Yoast SEO plugin v18.2 - https:\/\/yoast.com\/wordpress\/plugins\/seo\/ -->\n<title>Restricciones a Colombianos para viajar a Espa\u00f1a - Pro-corp<\/title>\n<meta name=\"description\" content=\"Informaci\u00f3n importante para colombianos que quieran viajar a Espa\u00f1a.\" \/>\n<meta name=\"robots\" content=\"index, follow, max-snippet:-1, max-image-preview:large, max-video-preview:-1\" \/>\n<link rel=\"canonical\" href=\"https:\/\/www.pro-corp.net\/bck\/colombianos-viajando-a-espana\/\" \/>\n<meta property=\"og:locale\" content=\"es_ES\" \/>\n<meta property=\"og:type\" content=\"article\" \/>\n<meta property=\"og:title\" content=\"Restricciones a Colombianos para viajar a Espa\u00f1a - Pro-corp\" \/>\n<meta property=\"og:description\" content=\"Informaci\u00f3n importante para colombianos que quieran viajar a Espa\u00f1a.\" \/>\n<meta property=\"og:url\" content=\"https:\/\/www.pro-corp.net\/bck\/colombianos-viajando-a-espana\/\" \/>\n<meta property=\"og:site_name\" content=\"Pro Corp Corporate Development\" \/>\n<meta property=\"article:publisher\" content=\"https:\/\/www.facebook.com\/Pro-Corp-Asesoria-legal-y-empresarial-105779337842842\/\" \/>\n<meta property=\"article:published_time\" content=\"2021-07-24T22:48:50+00:00\" \/>\n<meta property=\"article:modified_time\" content=\"2021-07-24T22:48:53+00:00\" \/>\n<meta property=\"og:image\" content=\"https:\/\/www.pro-corp.net\/bck\/wp-content\/uploads\/2021\/07\/pexels-anna-shvets-3943882-scaled.jpeg\" \/>\n\t<meta property=\"og:image:width\" content=\"2560\" \/>\n\t<meta property=\"og:image:height\" content=\"1707\" \/>\n\t<meta property=\"og:image:type\" content=\"image\/jpeg\" \/>\n<meta name=\"twitter:card\" content=\"summary_large_image\" \/>\n<meta name=\"twitter:creator\" content=\"@Pro_Corp\" \/>\n<meta name=\"twitter:site\" content=\"@Pro_Corp\" \/>\n<meta name=\"twitter:label1\" content=\"Escrito por\" \/>\n\t<meta name=\"twitter:data1\" content=\"Christian Andres\" \/>\n\t<meta name=\"twitter:label2\" content=\"Tiempo de lectura\" \/>\n\t<meta name=\"twitter:data2\" content=\"2 minutos\" \/>\n<script type=\"application\/ld+json\" class=\"yoast-schema-graph\">{\"@context\":\"https:\/\/schema.org\",\"@graph\":[{\"@type\":\"Organization\",\"@id\":\"https:\/\/www.pro-corp.net\/bck\/#organization\",\"name\":\"Pro Corp Corporate Development\",\"url\":\"https:\/\/www.pro-corp.net\/bck\/\",\"sameAs\":[\"https:\/\/www.facebook.com\/Pro-Corp-Asesoria-legal-y-empresarial-105779337842842\/\",\"https:\/\/twitter.com\/Pro_Corp\"],\"logo\":{\"@type\":\"ImageObject\",\"@id\":\"https:\/\/www.pro-corp.net\/bck\/#logo\",\"inLanguage\":\"es\",\"url\":\"http:\/\/www.pro-corp.net\/bck\/wp-content\/uploads\/2020\/06\/icon.png\",\"contentUrl\":\"http:\/\/www.pro-corp.net\/bck\/wp-content\/uploads\/2020\/06\/icon.png\",\"width\":640,\"height\":640,\"caption\":\"Pro Corp Corporate Development\"},\"image\":{\"@id\":\"https:\/\/www.pro-corp.net\/bck\/#logo\"}},{\"@type\":\"WebSite\",\"@id\":\"https:\/\/www.pro-corp.net\/bck\/#website\",\"url\":\"https:\/\/www.pro-corp.net\/bck\/\",\"name\":\"Pro Corp Corporate Development\",\"description\":\"Nacionalidad Europea por Ley Sefard\u00ed\",\"publisher\":{\"@id\":\"https:\/\/www.pro-corp.net\/bck\/#organization\"},\"potentialAction\":[{\"@type\":\"SearchAction\",\"target\":{\"@type\":\"EntryPoint\",\"urlTemplate\":\"https:\/\/www.pro-corp.net\/bck\/?s={search_term_string}\"},\"query-input\":\"required name=search_term_string\"}],\"inLanguage\":\"es\"},{\"@type\":\"ImageObject\",\"@id\":\"https:\/\/www.pro-corp.net\/bck\/colombianos-viajando-a-espana\/#primaryimage\",\"inLanguage\":\"es\",\"url\":\"https:\/\/www.pro-corp.net\/bck\/wp-content\/uploads\/2021\/07\/pexels-anna-shvets-3943882-scaled.jpeg\",\"contentUrl\":\"https:\/\/www.pro-corp.net\/bck\/wp-content\/uploads\/2021\/07\/pexels-anna-shvets-3943882-scaled.jpeg\",\"width\":2560,\"height\":1707,\"caption\":\"Restricciones a Colombianos para viajar a Espa\u00f1a\"},{\"@type\":\"WebPage\",\"@id\":\"https:\/\/www.pro-corp.net\/bck\/colombianos-viajando-a-espana\/#webpage\",\"url\":\"https:\/\/www.pro-corp.net\/bck\/colombianos-viajando-a-espana\/\",\"name\":\"Restricciones a Colombianos para viajar a Espa\u00f1a - Pro-corp\",\"isPartOf\":{\"@id\":\"https:\/\/www.pro-corp.net\/bck\/#website\"},\"primaryImageOfPage\":{\"@id\":\"https:\/\/www.pro-corp.net\/bck\/colombianos-viajando-a-espana\/#primaryimage\"},\"datePublished\":\"2021-07-24T22:48:50+00:00\",\"dateModified\":\"2021-07-24T22:48:53+00:00\",\"description\":\"Informaci\u00f3n importante para colombianos que quieran viajar a Espa\u00f1a.\",\"breadcrumb\":{\"@id\":\"https:\/\/www.pro-corp.net\/bck\/colombianos-viajando-a-espana\/#breadcrumb\"},\"inLanguage\":\"es\",\"potentialAction\":[{\"@type\":\"ReadAction\",\"target\":[\"https:\/\/www.pro-corp.net\/bck\/colombianos-viajando-a-espana\/\"]}]},{\"@type\":\"BreadcrumbList\",\"@id\":\"https:\/\/www.pro-corp.net\/bck\/colombianos-viajando-a-espana\/#breadcrumb\",\"itemListElement\":[{\"@type\":\"ListItem\",\"position\":1,\"name\":\"IMPORTANTE: EL REINO DE ESPA\u00d1A IMPONE UNA NUEVA CUARENTENA A LOS VIAJEROS DE COLOMBIA (Y OTROS TERCEROS PA\u00cdSES FUERA DE LA UE).\"}]},{\"@type\":\"Article\",\"@id\":\"https:\/\/www.pro-corp.net\/bck\/colombianos-viajando-a-espana\/#article\",\"isPartOf\":{\"@id\":\"https:\/\/www.pro-corp.net\/bck\/colombianos-viajando-a-espana\/#webpage\"},\"author\":{\"@id\":\"https:\/\/www.pro-corp.net\/bck\/#\/schema\/person\/d6eda375fcca981cadf1e8f102bb8966\"},\"headline\":\"IMPORTANTE: EL REINO DE ESPA\u00d1A IMPONE UNA NUEVA CUARENTENA A LOS VIAJEROS DE COLOMBIA (Y OTROS TERCEROS PA\u00cdSES FUERA DE LA UE).\",\"datePublished\":\"2021-07-24T22:48:50+00:00\",\"dateModified\":\"2021-07-24T22:48:53+00:00\",\"mainEntityOfPage\":{\"@id\":\"https:\/\/www.pro-corp.net\/bck\/colombianos-viajando-a-espana\/#webpage\"},\"wordCount\":471,\"commentCount\":0,\"publisher\":{\"@id\":\"https:\/\/www.pro-corp.net\/bck\/#organization\"},\"image\":{\"@id\":\"https:\/\/www.pro-corp.net\/bck\/colombianos-viajando-a-espana\/#primaryimage\"},\"thumbnailUrl\":\"https:\/\/www.pro-corp.net\/bck\/wp-content\/uploads\/2021\/07\/pexels-anna-shvets-3943882-scaled.jpeg\",\"keywords\":[\"Apellidos sefard\u00edes\",\"ciudadan\u00eda espa\u00f1ola\",\"Colombianos viajando a Espa\u00f1a\",\"Cuarentena en Espa\u00f1a\",\"sefard\u00ed\"],\"articleSection\":[\"Emigrar a Espa\u00f1a\"],\"inLanguage\":\"es\",\"potentialAction\":[{\"@type\":\"CommentAction\",\"name\":\"Comment\",\"target\":[\"https:\/\/www.pro-corp.net\/bck\/colombianos-viajando-a-espana\/#respond\"]}]},{\"@type\":\"Person\",\"@id\":\"https:\/\/www.pro-corp.net\/bck\/#\/schema\/person\/d6eda375fcca981cadf1e8f102bb8966\",\"name\":\"Christian Andres\",\"image\":{\"@type\":\"ImageObject\",\"@id\":\"https:\/\/www.pro-corp.net\/bck\/#personlogo\",\"inLanguage\":\"es\",\"url\":\"https:\/\/secure.gravatar.com\/avatar\/87676f1df919f3ff761ee73fc0e15532?s=96&d=mm&r=g\",\"contentUrl\":\"https:\/\/secure.gravatar.com\/avatar\/87676f1df919f3ff761ee73fc0e15532?s=96&d=mm&r=g\",\"caption\":\"Christian Andres\"}}]}<\/script>\n<!-- \/ Yoast SEO plugin. -->","yoast_head_json":{"title":"Restricciones a Colombianos para viajar a Espa\u00f1a - Pro-corp","description":"Informaci\u00f3n importante para colombianos que quieran viajar a Espa\u00f1a.","robots":{"index":"index","follow":"follow","max-snippet":"max-snippet:-1","max-image-preview":"max-image-preview:large","max-video-preview":"max-video-preview:-1"},"canonical":"https:\/\/www.pro-corp.net\/bck\/colombianos-viajando-a-espana\/","og_locale":"es_ES","og_type":"article","og_title":"Restricciones a Colombianos para viajar a Espa\u00f1a - Pro-corp","og_description":"Informaci\u00f3n importante para colombianos que quieran viajar a Espa\u00f1a.","og_url":"https:\/\/www.pro-corp.net\/bck\/colombianos-viajando-a-espana\/","og_site_name":"Pro Corp Corporate Development","article_publisher":"https:\/\/www.facebook.com\/Pro-Corp-Asesoria-legal-y-empresarial-105779337842842\/","article_published_time":"2021-07-24T22:48:50+00:00","article_modified_time":"2021-07-24T22:48:53+00:00","og_image":[{"width":2560,"height":1707,"url":"https:\/\/www.pro-corp.net\/bck\/wp-content\/uploads\/2021\/07\/pexels-anna-shvets-3943882-scaled.jpeg","type":"image\/jpeg"}],"twitter_card":"summary_large_image","twitter_creator":"@Pro_Corp","twitter_site":"@Pro_Corp","twitter_misc":{"Escrito por":"Christian Andres","Tiempo de lectura":"2 minutos"},"schema":{"@context":"https:\/\/schema.org","@graph":[{"@type":"Organization","@id":"https:\/\/www.pro-corp.net\/bck\/#organization","name":"Pro Corp Corporate Development","url":"https:\/\/www.pro-corp.net\/bck\/","sameAs":["https:\/\/www.facebook.com\/Pro-Corp-Asesoria-legal-y-empresarial-105779337842842\/","https:\/\/twitter.com\/Pro_Corp"],"logo":{"@type":"ImageObject","@id":"https:\/\/www.pro-corp.net\/bck\/#logo","inLanguage":"es","url":"http:\/\/www.pro-corp.net\/bck\/wp-content\/uploads\/2020\/06\/icon.png","contentUrl":"http:\/\/www.pro-corp.net\/bck\/wp-content\/uploads\/2020\/06\/icon.png","width":640,"height":640,"caption":"Pro Corp Corporate Development"},"image":{"@id":"https:\/\/www.pro-corp.net\/bck\/#logo"}},{"@type":"WebSite","@id":"https:\/\/www.pro-corp.net\/bck\/#website","url":"https:\/\/www.pro-corp.net\/bck\/","name":"Pro Corp Corporate Development","description":"Nacionalidad Europea por Ley Sefard\u00ed","publisher":{"@id":"https:\/\/www.pro-corp.net\/bck\/#organization"},"potentialAction":[{"@type":"SearchAction","target":{"@type":"EntryPoint","urlTemplate":"https:\/\/www.pro-corp.net\/bck\/?s={search_term_string}"},"query-input":"required name=search_term_string"}],"inLanguage":"es"},{"@type":"ImageObject","@id":"https:\/\/www.pro-corp.net\/bck\/colombianos-viajando-a-espana\/#primaryimage","inLanguage":"es","url":"https:\/\/www.pro-corp.net\/bck\/wp-content\/uploads\/2021\/07\/pexels-anna-shvets-3943882-scaled.jpeg","contentUrl":"https:\/\/www.pro-corp.net\/bck\/wp-content\/uploads\/2021\/07\/pexels-anna-shvets-3943882-scaled.jpeg","width":2560,"height":1707,"caption":"Restricciones a Colombianos para viajar a Espa\u00f1a"},{"@type":"WebPage","@id":"https:\/\/www.pro-corp.net\/bck\/colombianos-viajando-a-espana\/#webpage","url":"https:\/\/www.pro-corp.net\/bck\/colombianos-viajando-a-espana\/","name":"Restricciones a Colombianos para viajar a Espa\u00f1a - Pro-corp","isPartOf":{"@id":"https:\/\/www.pro-corp.net\/bck\/#website"},"primaryImageOfPage":{"@id":"https:\/\/www.pro-corp.net\/bck\/colombianos-viajando-a-espana\/#primaryimage"},"datePublished":"2021-07-24T22:48:50+00:00","dateModified":"2021-07-24T22:48:53+00:00","description":"Informaci\u00f3n importante para colombianos que quieran viajar a Espa\u00f1a.","breadcrumb":{"@id":"https:\/\/www.pro-corp.net\/bck\/colombianos-viajando-a-espana\/#breadcrumb"},"inLanguage":"es","potentialAction":[{"@type":"ReadAction","target":["https:\/\/www.pro-corp.net\/bck\/colombianos-viajando-a-espana\/"]}]},{"@type":"BreadcrumbList","@id":"https:\/\/www.pro-corp.net\/bck\/colombianos-viajando-a-espana\/#breadcrumb","itemListElement":[{"@type":"ListItem","position":1,"name":"IMPORTANTE: EL REINO DE ESPA\u00d1A IMPONE UNA NUEVA CUARENTENA A LOS VIAJEROS DE COLOMBIA (Y OTROS TERCEROS PA\u00cdSES FUERA DE LA UE)."}]},{"@type":"Article","@id":"https:\/\/www.pro-corp.net\/bck\/colombianos-viajando-a-espana\/#article","isPartOf":{"@id":"https:\/\/www.pro-corp.net\/bck\/colombianos-viajando-a-espana\/#webpage"},"author":{"@id":"https:\/\/www.pro-corp.net\/bck\/#\/schema\/person\/d6eda375fcca981cadf1e8f102bb8966"},"headline":"IMPORTANTE: EL REINO DE ESPA\u00d1A IMPONE UNA NUEVA CUARENTENA A LOS VIAJEROS DE COLOMBIA (Y OTROS TERCEROS PA\u00cdSES FUERA DE LA UE).","datePublished":"2021-07-24T22:48:50+00:00","dateModified":"2021-07-24T22:48:53+00:00","mainEntityOfPage":{"@id":"https:\/\/www.pro-corp.net\/bck\/colombianos-viajando-a-espana\/#webpage"},"wordCount":471,"commentCount":0,"publisher":{"@id":"https:\/\/www.pro-corp.net\/bck\/#organization"},"image":{"@id":"https:\/\/www.pro-corp.net\/bck\/colombianos-viajando-a-espana\/#primaryimage"},"thumbnailUrl":"https:\/\/www.pro-corp.net\/bck\/wp-content\/uploads\/2021\/07\/pexels-anna-shvets-3943882-scaled.jpeg","keywords":["Apellidos sefard\u00edes","ciudadan\u00eda espa\u00f1ola","Colombianos viajando a Espa\u00f1a","Cuarentena en Espa\u00f1a","sefard\u00ed"],"articleSection":["Emigrar a Espa\u00f1a"],"inLanguage":"es","potentialAction":[{"@type":"CommentAction","name":"Comment","target":["https:\/\/www.pro-corp.net\/bck\/colombianos-viajando-a-espana\/#respond"]}]},{"@type":"Person","@id":"https:\/\/www.pro-corp.net\/bck\/#\/schema\/person\/d6eda375fcca981cadf1e8f102bb8966","name":"Christian Andres","image":{"@type":"ImageObject","@id":"https:\/\/www.pro-corp.net\/bck\/#personlogo","inLanguage":"es","url":"https:\/\/secure.gravatar.com\/avatar\/87676f1df919f3ff761ee73fc0e15532?s=96&d=mm&r=g","contentUrl":"https:\/\/secure.gravatar.com\/avatar\/87676f1df919f3ff761ee73fc0e15532?s=96&d=mm&r=g","caption":"Christian Andres"}}]}},"_links":{"self":[{"href":"https:\/\/www.pro-corp.net\/bck\/wp-json\/wp\/v2\/posts\/7197"}],"collection":[{"href":"https:\/\/www.pro-corp.net\/bck\/wp-json\/wp\/v2\/posts"}],"about":[{"href":"https:\/\/www.pro-corp.net\/bck\/wp-json\/wp\/v2\/types\/post"}],"author":[{"embeddable":true,"href":"https:\/\/www.pro-corp.net\/bck\/wp-json\/wp\/v2\/users\/1656"}],"replies":[{"embeddable":true,"href":"https:\/\/www.pro-corp.net\/bck\/wp-json\/wp\/v2\/comments?post=7197"}],"version-history":[{"count":2,"href":"https:\/\/www.pro-corp.net\/bck\/wp-json\/wp\/v2\/posts\/7197\/revisions"}],"predecessor-version":[{"id":7200,"href":"https:\/\/www.pro-corp.net\/bck\/wp-json\/wp\/v2\/posts\/7197\/revisions\/7200"}],"wp:featuredmedia":[{"embeddable":true,"href":"https:\/\/www.pro-corp.net\/bck\/wp-json\/wp\/v2\/media\/7198"}],"wp:attachment":[{"href":"https:\/\/www.pro-corp.net\/bck\/wp-json\/wp\/v2\/media?parent=7197"}],"wp:term":[{"taxonomy":"category","embeddable":true,"href":"https:\/\/www.pro-corp.net\/bck\/wp-json\/wp\/v2\/categories?post=7197"},{"taxonomy":"post_tag","embeddable":true,"href":"https:\/\/www.pro-corp.net\/bck\/wp-json\/wp\/v2\/tags?post=7197"}],"curies":[{"name":"wp","href":"https:\/\/api.w.org\/{rel}","templated":true}]}}