{"id":7223,"date":"2021-07-19T04:00:00","date_gmt":"2021-07-19T09:00:00","guid":{"rendered":"http:\/\/www.pro-corp.net\/bck\/?p=7223"},"modified":"2021-10-25T14:43:19","modified_gmt":"2021-10-25T19:43:19","slug":"comunicado-solicitudes-nacionalidad-espanola","status":"publish","type":"post","link":"https:\/\/www.pro-corp.net\/bck\/comunicado-solicitudes-nacionalidad-espanola\/","title":{"rendered":"\u00bfQu\u00e9 dice el comunicado emitido el 12 de julio con respecto a las solicitudes de nacionalidad espa\u00f1ola por origen sefard\u00ed?"},"content":{"rendered":"<p>Para todas aquellas personas que actualmente est\u00e1n en el proceso para la obtenci\u00f3n de la nacionalidad espa\u00f1ola por origen sefard\u00ed, es importante tener en cuenta la siguiente informaci\u00f3n con respecto a la mas reciente circular por parte de la comisi\u00f3n permanente del consejo general del notariado, de 12 de julio.<\/p>\n<p>En Pro-Corp realizamos un peque\u00f1o resumen para que todos nuestros clientes est\u00e9n informados sobre todas las comunicaciones recientes por parte las entidades del gobierno de Espa\u00f1a con respecto a todo lo relacionado con los procesos de nacionalidad espa\u00f1ola por origen sefard\u00ed. La circular emitida el 12 de julio enumera cuatro puntos principales donde se mencionan los plazos para iniciar el acta de notoriedad, la documentaci\u00f3n de los interesados, el acta y la comparecencia, y excepciones. Para entender un poco m\u00e1s esta informaci\u00f3n miremos en detalle cada uno de los puntos:<\/p>\n<ol>\n<li><strong>En cuanto al plazo para iniciar el acta de notoriedad:<\/strong><\/li>\n<\/ol>\n<ul>\n<li>Si la solicitud fue entregada antes del 1 de octubre de 2019 y ya se tiene el c\u00f3digo identificador de la solicitud, NO existe un plazo especifico para formalizar el requerimiento notarial una vez se haya elegido el notario de manera telem\u00e1tica.<\/li>\n<li>Recordemos que el plazo limite para presentar las solicitudes de nacionalidad espa\u00f1ola por origen sefard\u00ed finalizo en 1 de octubre de 2019.<\/li>\n<li>Con respecto a lo relacionado con las subsanaciones de las solicitudes, el plazo finaliza el 1 de septiembre de 2021 y no afecta la comparecencia ante notario para formalizar el requerimiento notarial del proceso.<\/li>\n<\/ul>\n<p>Asimismo, dentro de la circular se aclara que todo aquel solicitante que no respondiera a la citaci\u00f3n de comparecencia ante el notario sin acreditar causa justificada y conforme al art\u00edculo 95.1 de la ley 39\/2015, del Procedimiento Administrativo Com\u00fan de las Administraciones P\u00fablicas, la solicitud del interesado una vez iniciado el procedimiento ser\u00e1 paralizado por causa imputable. Si transcurridos los tres meses el interesado no realiza las actividades necesarias para reanudar el expediente este ser\u00e1 archivado.<\/p>\n<ol start=\"2\">\n<li><strong>En cuanto a la aportaci\u00f3n de documentaci\u00f3n por el interesado. Procede distinguir tres momentos en el expediente administrativo<\/strong><\/li>\n<\/ol>\n<ol>\n<li>Antes de la designaci\u00f3n del notario el solicitante deber\u00e1 aportar toda la documentaci\u00f3n prevista. El solicitante solo podr\u00e1 aportar nueva documentaci\u00f3n si su expediente inicio su tramite antes del 01\/10\/2019 y ya cuenta con un c\u00f3digo identificador. Es importante que la documentaci\u00f3n faltante se adjunte en la mayor brevedad posible.<\/li>\n<li>Una vez designado el notario, toda lo documentaci\u00f3n requerida deber\u00e1 aportarse directamente a este para que, en cumplimiento de su funci\u00f3n p\u00fablica, pueda denegar o emitir juicio de notoriedad.<\/li>\n<li>Una vez emitido el juicio de notoriedad y cerrada el acta por parte del notario, toda la documentaci\u00f3n que el solicitante quiera presentar no se podr\u00e1 realizar por el procedimiento habilitado para el notario.<\/li>\n<\/ol>\n<p>Si el interesado necesita presentar documentaci\u00f3n adicional una vez cerrada el acta, deber\u00e1 hacerlo ante la Subdirecci\u00f3n General de Nacionalidad y Estado Civil a trav\u00e9s de los procedimientos del articulo 16.4 de la Ley 39\/2015.<\/p>\n<ol start=\"3\">\n<li><strong>En cuanto a la documentaci\u00f3n que debe contenerse en el acta y la comparecencia personal del requirente.<\/strong><\/li>\n<\/ol>\n<ul>\n<li>Toda la documentaci\u00f3n deber\u00e1 remitirse completa para el procedimiento de valoraci\u00f3n.<\/li>\n<li>Junto a la documentaci\u00f3n se debe tener en cuenta la informaci\u00f3n de las circulares del 12 de septiembre de 2019, y la del 29 de octubre de 2020.<\/li>\n<\/ul>\n<p>La Direcci\u00f3n General de Seguridad Jur\u00eddica y Fe P\u00fablica se esta viendo obligada a denegar la nacionalidad en muchos expedientes ante la aportaci\u00f3n de certificados que no est\u00e1n permitidos por ley, indicando a los notarios a ser mas estrictos en la aplicaci\u00f3n de las normas indicadas.<\/p>\n<ol start=\"4\">\n<li><strong>Excepci\u00f3n a la documentaci\u00f3n mencionada en las normas anteriores <\/strong><\/li>\n<\/ol>\n<p>En cuanto a las personas de nacionalidad mexicana que no puedan obtener sus certificados de antecedentes penales de las autoridades federales, el registro civil consular de Espa\u00f1a en M\u00e9xico est\u00e1 aceptando en su lugar el documento de constancia de datos registrales.<\/p>\n<p>En Pro-Corp todo nuestro equipo legal se encuentra a disposici\u00f3n de nuestros clientes para resolver cualquier duda que tengan y a su vez a trav\u00e9s del portal privado podr\u00e1n verificar que toda su documentaci\u00f3n este completa.<\/p>\n","protected":false},"excerpt":{"rendered":"<p>Para todas aquellas personas que actualmente est\u00e1n en el proceso para la obtenci\u00f3n de la nacionalidad espa\u00f1ola por origen sefard\u00ed, es importante tener en cuenta la siguiente informaci\u00f3n con respecto a la mas reciente circular por parte de la comisi\u00f3n permanente del consejo general del notariado, de 12 de julio. En Pro-Corp realizamos un peque\u00f1o [&hellip;]<\/p>\n","protected":false},"author":1656,"featured_media":7224,"comment_status":"open","ping_status":"open","sticky":false,"template":"","format":"standard","meta":[],"categories":[57],"tags":[],"yoast_head":"<!-- This site is optimized with the Yoast SEO plugin v18.2 - https:\/\/yoast.com\/wordpress\/plugins\/seo\/ -->\n<title>Comunicado emitido el 12 de julio con respecto a las solicitudes de nacionalidad espa\u00f1ola- Pro-corp<\/title>\n<meta name=\"description\" content=\"Para todas aquellas personas que actualmente est\u00e1n en el proceso para la obtenci\u00f3n de la nacionalidad espa\u00f1ola por origen sefard\u00ed, es importante tener en cuenta la siguiente informaci\u00f3n con respecto a la mas reciente circular por parte de la comisi\u00f3n permanente del consejo general del notariado, de 12 de julio.\" \/>\n<meta name=\"robots\" content=\"index, follow, max-snippet:-1, max-image-preview:large, max-video-preview:-1\" \/>\n<link rel=\"canonical\" href=\"https:\/\/www.pro-corp.net\/bck\/comunicado-solicitudes-nacionalidad-espanola\/\" \/>\n<meta property=\"og:locale\" content=\"es_ES\" \/>\n<meta property=\"og:type\" content=\"article\" \/>\n<meta property=\"og:title\" content=\"Comunicado emitido el 12 de julio con respecto a las solicitudes de nacionalidad espa\u00f1ola- Pro-corp\" \/>\n<meta property=\"og:description\" content=\"Para todas aquellas personas que actualmente est\u00e1n en el proceso para la obtenci\u00f3n de la nacionalidad espa\u00f1ola por origen sefard\u00ed, es importante tener en cuenta la siguiente informaci\u00f3n con respecto a la mas reciente circular por parte de la comisi\u00f3n permanente del consejo general del notariado, de 12 de julio.\" \/>\n<meta property=\"og:url\" content=\"https:\/\/www.pro-corp.net\/bck\/comunicado-solicitudes-nacionalidad-espanola\/\" \/>\n<meta property=\"og:site_name\" content=\"Pro Corp Corporate Development\" \/>\n<meta property=\"article:publisher\" content=\"https:\/\/www.facebook.com\/Pro-Corp-Asesoria-legal-y-empresarial-105779337842842\/\" \/>\n<meta property=\"article:published_time\" content=\"2021-07-19T09:00:00+00:00\" \/>\n<meta property=\"article:modified_time\" content=\"2021-10-25T19:43:19+00:00\" \/>\n<meta property=\"og:image\" content=\"https:\/\/www.pro-corp.net\/bck\/wp-content\/uploads\/2021\/07\/pexels-nappy-1058959-scaled.jpeg\" \/>\n\t<meta property=\"og:image:width\" content=\"2560\" \/>\n\t<meta property=\"og:image:height\" content=\"1707\" \/>\n\t<meta property=\"og:image:type\" content=\"image\/jpeg\" \/>\n<meta name=\"twitter:card\" content=\"summary_large_image\" \/>\n<meta name=\"twitter:creator\" content=\"@Pro_Corp\" \/>\n<meta name=\"twitter:site\" content=\"@Pro_Corp\" \/>\n<meta name=\"twitter:label1\" content=\"Escrito por\" \/>\n\t<meta name=\"twitter:data1\" content=\"Christian Andres\" \/>\n\t<meta name=\"twitter:label2\" content=\"Tiempo de lectura\" \/>\n\t<meta name=\"twitter:data2\" content=\"3 minutos\" \/>\n<script type=\"application\/ld+json\" class=\"yoast-schema-graph\">{\"@context\":\"https:\/\/schema.org\",\"@graph\":[{\"@type\":\"Organization\",\"@id\":\"https:\/\/www.pro-corp.net\/bck\/#organization\",\"name\":\"Pro Corp Corporate Development\",\"url\":\"https:\/\/www.pro-corp.net\/bck\/\",\"sameAs\":[\"https:\/\/www.facebook.com\/Pro-Corp-Asesoria-legal-y-empresarial-105779337842842\/\",\"https:\/\/twitter.com\/Pro_Corp\"],\"logo\":{\"@type\":\"ImageObject\",\"@id\":\"https:\/\/www.pro-corp.net\/bck\/#logo\",\"inLanguage\":\"es\",\"url\":\"http:\/\/www.pro-corp.net\/bck\/wp-content\/uploads\/2020\/06\/icon.png\",\"contentUrl\":\"http:\/\/www.pro-corp.net\/bck\/wp-content\/uploads\/2020\/06\/icon.png\",\"width\":640,\"height\":640,\"caption\":\"Pro Corp Corporate Development\"},\"image\":{\"@id\":\"https:\/\/www.pro-corp.net\/bck\/#logo\"}},{\"@type\":\"WebSite\",\"@id\":\"https:\/\/www.pro-corp.net\/bck\/#website\",\"url\":\"https:\/\/www.pro-corp.net\/bck\/\",\"name\":\"Pro Corp Corporate Development\",\"description\":\"Nacionalidad Europea por Ley Sefard\u00ed\",\"publisher\":{\"@id\":\"https:\/\/www.pro-corp.net\/bck\/#organization\"},\"potentialAction\":[{\"@type\":\"SearchAction\",\"target\":{\"@type\":\"EntryPoint\",\"urlTemplate\":\"https:\/\/www.pro-corp.net\/bck\/?s={search_term_string}\"},\"query-input\":\"required name=search_term_string\"}],\"inLanguage\":\"es\"},{\"@type\":\"ImageObject\",\"@id\":\"https:\/\/www.pro-corp.net\/bck\/comunicado-solicitudes-nacionalidad-espanola\/#primaryimage\",\"inLanguage\":\"es\",\"url\":\"https:\/\/www.pro-corp.net\/bck\/wp-content\/uploads\/2021\/07\/pexels-nappy-1058959-scaled.jpeg\",\"contentUrl\":\"https:\/\/www.pro-corp.net\/bck\/wp-content\/uploads\/2021\/07\/pexels-nappy-1058959-scaled.jpeg\",\"width\":2560,\"height\":1707,\"caption\":\"Solicitudes nacionalidad\"},{\"@type\":\"WebPage\",\"@id\":\"https:\/\/www.pro-corp.net\/bck\/comunicado-solicitudes-nacionalidad-espanola\/#webpage\",\"url\":\"https:\/\/www.pro-corp.net\/bck\/comunicado-solicitudes-nacionalidad-espanola\/\",\"name\":\"Comunicado emitido el 12 de julio con respecto a las solicitudes de nacionalidad espa\u00f1ola- Pro-corp\",\"isPartOf\":{\"@id\":\"https:\/\/www.pro-corp.net\/bck\/#website\"},\"primaryImageOfPage\":{\"@id\":\"https:\/\/www.pro-corp.net\/bck\/comunicado-solicitudes-nacionalidad-espanola\/#primaryimage\"},\"datePublished\":\"2021-07-19T09:00:00+00:00\",\"dateModified\":\"2021-10-25T19:43:19+00:00\",\"description\":\"Para todas aquellas personas que actualmente est\u00e1n en el proceso para la obtenci\u00f3n de la nacionalidad espa\u00f1ola por origen sefard\u00ed, es importante tener en cuenta la siguiente informaci\u00f3n con respecto a la mas reciente circular por parte de la comisi\u00f3n permanente del consejo general del notariado, de 12 de julio.\",\"breadcrumb\":{\"@id\":\"https:\/\/www.pro-corp.net\/bck\/comunicado-solicitudes-nacionalidad-espanola\/#breadcrumb\"},\"inLanguage\":\"es\",\"potentialAction\":[{\"@type\":\"ReadAction\",\"target\":[\"https:\/\/www.pro-corp.net\/bck\/comunicado-solicitudes-nacionalidad-espanola\/\"]}]},{\"@type\":\"BreadcrumbList\",\"@id\":\"https:\/\/www.pro-corp.net\/bck\/comunicado-solicitudes-nacionalidad-espanola\/#breadcrumb\",\"itemListElement\":[{\"@type\":\"ListItem\",\"position\":1,\"name\":\"\u00bfQu\u00e9 dice el comunicado emitido el 12 de julio con respecto a las solicitudes de nacionalidad espa\u00f1ola por origen sefard\u00ed?\"}]},{\"@type\":\"Article\",\"@id\":\"https:\/\/www.pro-corp.net\/bck\/comunicado-solicitudes-nacionalidad-espanola\/#article\",\"isPartOf\":{\"@id\":\"https:\/\/www.pro-corp.net\/bck\/comunicado-solicitudes-nacionalidad-espanola\/#webpage\"},\"author\":{\"@id\":\"https:\/\/www.pro-corp.net\/bck\/#\/schema\/person\/d6eda375fcca981cadf1e8f102bb8966\"},\"headline\":\"\u00bfQu\u00e9 dice el comunicado emitido el 12 de julio con respecto a las solicitudes de nacionalidad espa\u00f1ola por origen sefard\u00ed?\",\"datePublished\":\"2021-07-19T09:00:00+00:00\",\"dateModified\":\"2021-10-25T19:43:19+00:00\",\"mainEntityOfPage\":{\"@id\":\"https:\/\/www.pro-corp.net\/bck\/comunicado-solicitudes-nacionalidad-espanola\/#webpage\"},\"wordCount\":733,\"commentCount\":0,\"publisher\":{\"@id\":\"https:\/\/www.pro-corp.net\/bck\/#organization\"},\"image\":{\"@id\":\"https:\/\/www.pro-corp.net\/bck\/comunicado-solicitudes-nacionalidad-espanola\/#primaryimage\"},\"thumbnailUrl\":\"https:\/\/www.pro-corp.net\/bck\/wp-content\/uploads\/2021\/07\/pexels-nappy-1058959-scaled.jpeg\",\"articleSection\":[\"Emigrar a Espa\u00f1a\"],\"inLanguage\":\"es\",\"potentialAction\":[{\"@type\":\"CommentAction\",\"name\":\"Comment\",\"target\":[\"https:\/\/www.pro-corp.net\/bck\/comunicado-solicitudes-nacionalidad-espanola\/#respond\"]}]},{\"@type\":\"Person\",\"@id\":\"https:\/\/www.pro-corp.net\/bck\/#\/schema\/person\/d6eda375fcca981cadf1e8f102bb8966\",\"name\":\"Christian Andres\",\"image\":{\"@type\":\"ImageObject\",\"@id\":\"https:\/\/www.pro-corp.net\/bck\/#personlogo\",\"inLanguage\":\"es\",\"url\":\"https:\/\/secure.gravatar.com\/avatar\/87676f1df919f3ff761ee73fc0e15532?s=96&d=mm&r=g\",\"contentUrl\":\"https:\/\/secure.gravatar.com\/avatar\/87676f1df919f3ff761ee73fc0e15532?s=96&d=mm&r=g\",\"caption\":\"Christian Andres\"}}]}<\/script>\n<!-- \/ Yoast SEO plugin. -->","yoast_head_json":{"title":"Comunicado emitido el 12 de julio con respecto a las solicitudes de nacionalidad espa\u00f1ola- Pro-corp","description":"Para todas aquellas personas que actualmente est\u00e1n en el proceso para la obtenci\u00f3n de la nacionalidad espa\u00f1ola por origen sefard\u00ed, es importante tener en cuenta la siguiente informaci\u00f3n con respecto a la mas reciente circular por parte de la comisi\u00f3n permanente del consejo general del notariado, de 12 de julio.","robots":{"index":"index","follow":"follow","max-snippet":"max-snippet:-1","max-image-preview":"max-image-preview:large","max-video-preview":"max-video-preview:-1"},"canonical":"https:\/\/www.pro-corp.net\/bck\/comunicado-solicitudes-nacionalidad-espanola\/","og_locale":"es_ES","og_type":"article","og_title":"Comunicado emitido el 12 de julio con respecto a las solicitudes de nacionalidad espa\u00f1ola- Pro-corp","og_description":"Para todas aquellas personas que actualmente est\u00e1n en el proceso para la obtenci\u00f3n de la nacionalidad espa\u00f1ola por origen sefard\u00ed, es importante tener en cuenta la siguiente informaci\u00f3n con respecto a la mas reciente circular por parte de la comisi\u00f3n permanente del consejo general del notariado, de 12 de julio.","og_url":"https:\/\/www.pro-corp.net\/bck\/comunicado-solicitudes-nacionalidad-espanola\/","og_site_name":"Pro Corp Corporate Development","article_publisher":"https:\/\/www.facebook.com\/Pro-Corp-Asesoria-legal-y-empresarial-105779337842842\/","article_published_time":"2021-07-19T09:00:00+00:00","article_modified_time":"2021-10-25T19:43:19+00:00","og_image":[{"width":2560,"height":1707,"url":"https:\/\/www.pro-corp.net\/bck\/wp-content\/uploads\/2021\/07\/pexels-nappy-1058959-scaled.jpeg","type":"image\/jpeg"}],"twitter_card":"summary_large_image","twitter_creator":"@Pro_Corp","twitter_site":"@Pro_Corp","twitter_misc":{"Escrito por":"Christian Andres","Tiempo de lectura":"3 minutos"},"schema":{"@context":"https:\/\/schema.org","@graph":[{"@type":"Organization","@id":"https:\/\/www.pro-corp.net\/bck\/#organization","name":"Pro Corp Corporate Development","url":"https:\/\/www.pro-corp.net\/bck\/","sameAs":["https:\/\/www.facebook.com\/Pro-Corp-Asesoria-legal-y-empresarial-105779337842842\/","https:\/\/twitter.com\/Pro_Corp"],"logo":{"@type":"ImageObject","@id":"https:\/\/www.pro-corp.net\/bck\/#logo","inLanguage":"es","url":"http:\/\/www.pro-corp.net\/bck\/wp-content\/uploads\/2020\/06\/icon.png","contentUrl":"http:\/\/www.pro-corp.net\/bck\/wp-content\/uploads\/2020\/06\/icon.png","width":640,"height":640,"caption":"Pro Corp Corporate Development"},"image":{"@id":"https:\/\/www.pro-corp.net\/bck\/#logo"}},{"@type":"WebSite","@id":"https:\/\/www.pro-corp.net\/bck\/#website","url":"https:\/\/www.pro-corp.net\/bck\/","name":"Pro Corp Corporate Development","description":"Nacionalidad Europea por Ley Sefard\u00ed","publisher":{"@id":"https:\/\/www.pro-corp.net\/bck\/#organization"},"potentialAction":[{"@type":"SearchAction","target":{"@type":"EntryPoint","urlTemplate":"https:\/\/www.pro-corp.net\/bck\/?s={search_term_string}"},"query-input":"required name=search_term_string"}],"inLanguage":"es"},{"@type":"ImageObject","@id":"https:\/\/www.pro-corp.net\/bck\/comunicado-solicitudes-nacionalidad-espanola\/#primaryimage","inLanguage":"es","url":"https:\/\/www.pro-corp.net\/bck\/wp-content\/uploads\/2021\/07\/pexels-nappy-1058959-scaled.jpeg","contentUrl":"https:\/\/www.pro-corp.net\/bck\/wp-content\/uploads\/2021\/07\/pexels-nappy-1058959-scaled.jpeg","width":2560,"height":1707,"caption":"Solicitudes nacionalidad"},{"@type":"WebPage","@id":"https:\/\/www.pro-corp.net\/bck\/comunicado-solicitudes-nacionalidad-espanola\/#webpage","url":"https:\/\/www.pro-corp.net\/bck\/comunicado-solicitudes-nacionalidad-espanola\/","name":"Comunicado emitido el 12 de julio con respecto a las solicitudes de nacionalidad espa\u00f1ola- Pro-corp","isPartOf":{"@id":"https:\/\/www.pro-corp.net\/bck\/#website"},"primaryImageOfPage":{"@id":"https:\/\/www.pro-corp.net\/bck\/comunicado-solicitudes-nacionalidad-espanola\/#primaryimage"},"datePublished":"2021-07-19T09:00:00+00:00","dateModified":"2021-10-25T19:43:19+00:00","description":"Para todas aquellas personas que actualmente est\u00e1n en el proceso para la obtenci\u00f3n de la nacionalidad espa\u00f1ola por origen sefard\u00ed, es importante tener en cuenta la siguiente informaci\u00f3n con respecto a la mas reciente circular por parte de la comisi\u00f3n permanente del consejo general del notariado, de 12 de julio.","breadcrumb":{"@id":"https:\/\/www.pro-corp.net\/bck\/comunicado-solicitudes-nacionalidad-espanola\/#breadcrumb"},"inLanguage":"es","potentialAction":[{"@type":"ReadAction","target":["https:\/\/www.pro-corp.net\/bck\/comunicado-solicitudes-nacionalidad-espanola\/"]}]},{"@type":"BreadcrumbList","@id":"https:\/\/www.pro-corp.net\/bck\/comunicado-solicitudes-nacionalidad-espanola\/#breadcrumb","itemListElement":[{"@type":"ListItem","position":1,"name":"\u00bfQu\u00e9 dice el comunicado emitido el 12 de julio con respecto a las solicitudes de nacionalidad espa\u00f1ola por origen sefard\u00ed?"}]},{"@type":"Article","@id":"https:\/\/www.pro-corp.net\/bck\/comunicado-solicitudes-nacionalidad-espanola\/#article","isPartOf":{"@id":"https:\/\/www.pro-corp.net\/bck\/comunicado-solicitudes-nacionalidad-espanola\/#webpage"},"author":{"@id":"https:\/\/www.pro-corp.net\/bck\/#\/schema\/person\/d6eda375fcca981cadf1e8f102bb8966"},"headline":"\u00bfQu\u00e9 dice el comunicado emitido el 12 de julio con respecto a las solicitudes de nacionalidad espa\u00f1ola por origen sefard\u00ed?","datePublished":"2021-07-19T09:00:00+00:00","dateModified":"2021-10-25T19:43:19+00:00","mainEntityOfPage":{"@id":"https:\/\/www.pro-corp.net\/bck\/comunicado-solicitudes-nacionalidad-espanola\/#webpage"},"wordCount":733,"commentCount":0,"publisher":{"@id":"https:\/\/www.pro-corp.net\/bck\/#organization"},"image":{"@id":"https:\/\/www.pro-corp.net\/bck\/comunicado-solicitudes-nacionalidad-espanola\/#primaryimage"},"thumbnailUrl":"https:\/\/www.pro-corp.net\/bck\/wp-content\/uploads\/2021\/07\/pexels-nappy-1058959-scaled.jpeg","articleSection":["Emigrar a Espa\u00f1a"],"inLanguage":"es","potentialAction":[{"@type":"CommentAction","name":"Comment","target":["https:\/\/www.pro-corp.net\/bck\/comunicado-solicitudes-nacionalidad-espanola\/#respond"]}]},{"@type":"Person","@id":"https:\/\/www.pro-corp.net\/bck\/#\/schema\/person\/d6eda375fcca981cadf1e8f102bb8966","name":"Christian Andres","image":{"@type":"ImageObject","@id":"https:\/\/www.pro-corp.net\/bck\/#personlogo","inLanguage":"es","url":"https:\/\/secure.gravatar.com\/avatar\/87676f1df919f3ff761ee73fc0e15532?s=96&d=mm&r=g","contentUrl":"https:\/\/secure.gravatar.com\/avatar\/87676f1df919f3ff761ee73fc0e15532?s=96&d=mm&r=g","caption":"Christian Andres"}}]}},"_links":{"self":[{"href":"https:\/\/www.pro-corp.net\/bck\/wp-json\/wp\/v2\/posts\/7223"}],"collection":[{"href":"https:\/\/www.pro-corp.net\/bck\/wp-json\/wp\/v2\/posts"}],"about":[{"href":"https:\/\/www.pro-corp.net\/bck\/wp-json\/wp\/v2\/types\/post"}],"author":[{"embeddable":true,"href":"https:\/\/www.pro-corp.net\/bck\/wp-json\/wp\/v2\/users\/1656"}],"replies":[{"embeddable":true,"href":"https:\/\/www.pro-corp.net\/bck\/wp-json\/wp\/v2\/comments?post=7223"}],"version-history":[{"count":2,"href":"https:\/\/www.pro-corp.net\/bck\/wp-json\/wp\/v2\/posts\/7223\/revisions"}],"predecessor-version":[{"id":7928,"href":"https:\/\/www.pro-corp.net\/bck\/wp-json\/wp\/v2\/posts\/7223\/revisions\/7928"}],"wp:featuredmedia":[{"embeddable":true,"href":"https:\/\/www.pro-corp.net\/bck\/wp-json\/wp\/v2\/media\/7224"}],"wp:attachment":[{"href":"https:\/\/www.pro-corp.net\/bck\/wp-json\/wp\/v2\/media?parent=7223"}],"wp:term":[{"taxonomy":"category","embeddable":true,"href":"https:\/\/www.pro-corp.net\/bck\/wp-json\/wp\/v2\/categories?post=7223"},{"taxonomy":"post_tag","embeddable":true,"href":"https:\/\/www.pro-corp.net\/bck\/wp-json\/wp\/v2\/tags?post=7223"}],"curies":[{"name":"wp","href":"https:\/\/api.w.org\/{rel}","templated":true}]}}