{"id":7229,"date":"2021-07-29T10:33:23","date_gmt":"2021-07-29T15:33:23","guid":{"rendered":"http:\/\/www.pro-corp.net\/bck\/?p=7229"},"modified":"2021-10-14T09:53:43","modified_gmt":"2021-10-14T14:53:43","slug":"comunicado-pro-corp-viajes-a-espana","status":"publish","type":"post","link":"https:\/\/www.pro-corp.net\/bck\/comunicado-pro-corp-viajes-a-espana\/","title":{"rendered":"Comunicado Pro-corp: Nueva restricci\u00f3n para ingresar a Espa\u00f1a"},"content":{"rendered":"\t\t<div data-elementor-type=\"wp-post\" data-elementor-id=\"7229\" class=\"elementor elementor-7229\" data-elementor-settings=\"[]\">\n\t\t\t\t\t\t<div class=\"elementor-inner\">\n\t\t\t\t\t\t\t<div class=\"elementor-section-wrap\">\n\t\t\t\t\t\t\t<section class=\"elementor-section elementor-top-section elementor-element elementor-element-cb80d0f elementor-section-boxed elementor-section-height-default elementor-section-height-default\" data-id=\"cb80d0f\" data-element_type=\"section\">\n\t\t\t\t\t\t<div class=\"elementor-container elementor-column-gap-default\">\n\t\t\t\t\t\t\t<div class=\"elementor-row\">\n\t\t\t\t\t<div class=\"elementor-column elementor-col-100 elementor-top-column elementor-element elementor-element-af2e381\" data-id=\"af2e381\" data-element_type=\"column\">\n\t\t\t<div class=\"elementor-column-wrap elementor-element-populated\">\n\t\t\t\t\t\t\t<div class=\"elementor-widget-wrap\">\n\t\t\t\t\t\t<div class=\"elementor-element elementor-element-22cdf61 elementor-widget elementor-widget-spacer\" data-id=\"22cdf61\" data-element_type=\"widget\" data-widget_type=\"spacer.default\">\n\t\t\t\t<div class=\"elementor-widget-container\">\n\t\t\t\t\t<div class=\"elementor-spacer\">\n\t\t\t<div class=\"elementor-spacer-inner\"><\/div>\n\t\t<\/div>\n\t\t\t\t<\/div>\n\t\t\t\t<\/div>\n\t\t\t\t<div class=\"elementor-element elementor-element-1d9f2e9 elementor-widget elementor-widget-heading\" data-id=\"1d9f2e9\" data-element_type=\"widget\" data-widget_type=\"heading.default\">\n\t\t\t\t<div class=\"elementor-widget-container\">\n\t\t\t<h1 class=\"elementor-heading-title elementor-size-default\">Comunicado<\/h1>\t\t<\/div>\n\t\t\t\t<\/div>\n\t\t\t\t\t\t<\/div>\n\t\t\t\t\t<\/div>\n\t\t<\/div>\n\t\t\t\t\t\t\t\t<\/div>\n\t\t\t\t\t<\/div>\n\t\t<\/section>\n\t\t\t\t\t\t<\/div>\n\t\t\t\t\t\t<\/div>\n\t\t\t\t\t<\/div>\n\t\t","protected":false},"excerpt":{"rendered":"<p>Comunicado<\/p>\n","protected":false},"author":1656,"featured_media":7242,"comment_status":"open","ping_status":"open","sticky":false,"template":"elementor_header_footer","format":"standard","meta":[],"categories":[57,156],"tags":[],"yoast_head":"<!-- This site is optimized with the Yoast SEO plugin v18.2 - https:\/\/yoast.com\/wordpress\/plugins\/seo\/ -->\n<title>Comunicado Pro Corp Viajes a Espa\u00f1a - Pro-corp<\/title>\n<meta name=\"description\" content=\"Nos permitimos informarle que de acuerdo con las \u00f3rdenes emitidas por el Gobierno Espa\u00f1ol a trav\u00e9s del Bolet\u00edn Oficial de Estado (BOE) que se expidieron el d\u00eda 24 de julio de 2021 por parte del Ministerio del Interior y de Sanidad, inicialmente, las personas que quisieran viajar a Espa\u00f1a desde de Colombia (tambi\u00e9n incluidos otro n\u00famero de pa\u00edses que est\u00e1n en el listado fuera de la Uni\u00f3n Europea), deb\u00edan someterse a una cuarentena obligatoria por un tiempo de 10 d\u00edas.\" \/>\n<meta name=\"robots\" content=\"index, follow, max-snippet:-1, max-image-preview:large, max-video-preview:-1\" \/>\n<link rel=\"canonical\" href=\"https:\/\/www.pro-corp.net\/bck\/comunicado-pro-corp-viajes-a-espana\/\" \/>\n<meta property=\"og:locale\" content=\"es_ES\" \/>\n<meta property=\"og:type\" content=\"article\" \/>\n<meta property=\"og:title\" content=\"Comunicado Pro Corp Viajes a Espa\u00f1a - Pro-corp\" \/>\n<meta property=\"og:description\" content=\"Nos permitimos informarle que de acuerdo con las \u00f3rdenes emitidas por el Gobierno Espa\u00f1ol a trav\u00e9s del Bolet\u00edn Oficial de Estado (BOE) que se expidieron el d\u00eda 24 de julio de 2021 por parte del Ministerio del Interior y de Sanidad, inicialmente, las personas que quisieran viajar a Espa\u00f1a desde de Colombia (tambi\u00e9n incluidos otro n\u00famero de pa\u00edses que est\u00e1n en el listado fuera de la Uni\u00f3n Europea), deb\u00edan someterse a una cuarentena obligatoria por un tiempo de 10 d\u00edas.\" \/>\n<meta property=\"og:url\" content=\"https:\/\/www.pro-corp.net\/bck\/comunicado-pro-corp-viajes-a-espana\/\" \/>\n<meta property=\"og:site_name\" content=\"Pro Corp Corporate Development\" \/>\n<meta property=\"article:publisher\" content=\"https:\/\/www.facebook.com\/Pro-Corp-Asesoria-legal-y-empresarial-105779337842842\/\" \/>\n<meta property=\"article:published_time\" content=\"2021-07-29T15:33:23+00:00\" \/>\n<meta property=\"article:modified_time\" content=\"2021-10-14T14:53:43+00:00\" \/>\n<meta property=\"og:image\" content=\"https:\/\/www.pro-corp.net\/bck\/wp-content\/uploads\/2021\/07\/pexels-anna-shvets-3943885-scaled.jpeg\" \/>\n\t<meta property=\"og:image:width\" content=\"1707\" \/>\n\t<meta property=\"og:image:height\" content=\"2560\" \/>\n\t<meta property=\"og:image:type\" content=\"image\/jpeg\" \/>\n<meta name=\"twitter:card\" content=\"summary_large_image\" \/>\n<meta name=\"twitter:creator\" content=\"@Pro_Corp\" \/>\n<meta name=\"twitter:site\" content=\"@Pro_Corp\" \/>\n<meta name=\"twitter:label1\" content=\"Escrito por\" \/>\n\t<meta name=\"twitter:data1\" content=\"Christian Andres\" \/>\n\t<meta name=\"twitter:label2\" content=\"Tiempo de lectura\" \/>\n\t<meta name=\"twitter:data2\" content=\"1 minuto\" \/>\n<script type=\"application\/ld+json\" class=\"yoast-schema-graph\">{\"@context\":\"https:\/\/schema.org\",\"@graph\":[{\"@type\":\"Organization\",\"@id\":\"https:\/\/www.pro-corp.net\/bck\/#organization\",\"name\":\"Pro Corp Corporate Development\",\"url\":\"https:\/\/www.pro-corp.net\/bck\/\",\"sameAs\":[\"https:\/\/www.facebook.com\/Pro-Corp-Asesoria-legal-y-empresarial-105779337842842\/\",\"https:\/\/twitter.com\/Pro_Corp\"],\"logo\":{\"@type\":\"ImageObject\",\"@id\":\"https:\/\/www.pro-corp.net\/bck\/#logo\",\"inLanguage\":\"es\",\"url\":\"http:\/\/www.pro-corp.net\/bck\/wp-content\/uploads\/2020\/06\/icon.png\",\"contentUrl\":\"http:\/\/www.pro-corp.net\/bck\/wp-content\/uploads\/2020\/06\/icon.png\",\"width\":640,\"height\":640,\"caption\":\"Pro Corp Corporate Development\"},\"image\":{\"@id\":\"https:\/\/www.pro-corp.net\/bck\/#logo\"}},{\"@type\":\"WebSite\",\"@id\":\"https:\/\/www.pro-corp.net\/bck\/#website\",\"url\":\"https:\/\/www.pro-corp.net\/bck\/\",\"name\":\"Pro Corp Corporate Development\",\"description\":\"Nacionalidad Europea por Ley Sefard\u00ed\",\"publisher\":{\"@id\":\"https:\/\/www.pro-corp.net\/bck\/#organization\"},\"potentialAction\":[{\"@type\":\"SearchAction\",\"target\":{\"@type\":\"EntryPoint\",\"urlTemplate\":\"https:\/\/www.pro-corp.net\/bck\/?s={search_term_string}\"},\"query-input\":\"required name=search_term_string\"}],\"inLanguage\":\"es\"},{\"@type\":\"ImageObject\",\"@id\":\"https:\/\/www.pro-corp.net\/bck\/comunicado-pro-corp-viajes-a-espana\/#primaryimage\",\"inLanguage\":\"es\",\"url\":\"https:\/\/www.pro-corp.net\/bck\/wp-content\/uploads\/2021\/07\/pexels-anna-shvets-3943885-scaled.jpeg\",\"contentUrl\":\"https:\/\/www.pro-corp.net\/bck\/wp-content\/uploads\/2021\/07\/pexels-anna-shvets-3943885-scaled.jpeg\",\"width\":1707,\"height\":2560,\"caption\":\"Comunicado Pro Corp\"},{\"@type\":\"WebPage\",\"@id\":\"https:\/\/www.pro-corp.net\/bck\/comunicado-pro-corp-viajes-a-espana\/#webpage\",\"url\":\"https:\/\/www.pro-corp.net\/bck\/comunicado-pro-corp-viajes-a-espana\/\",\"name\":\"Comunicado Pro Corp Viajes a Espa\u00f1a - Pro-corp\",\"isPartOf\":{\"@id\":\"https:\/\/www.pro-corp.net\/bck\/#website\"},\"primaryImageOfPage\":{\"@id\":\"https:\/\/www.pro-corp.net\/bck\/comunicado-pro-corp-viajes-a-espana\/#primaryimage\"},\"datePublished\":\"2021-07-29T15:33:23+00:00\",\"dateModified\":\"2021-10-14T14:53:43+00:00\",\"description\":\"Nos permitimos informarle que de acuerdo con las \u00f3rdenes emitidas por el Gobierno Espa\u00f1ol a trav\u00e9s del Bolet\u00edn Oficial de Estado (BOE) que se expidieron el d\u00eda 24 de julio de 2021 por parte del Ministerio del Interior y de Sanidad, inicialmente, las personas que quisieran viajar a Espa\u00f1a desde de Colombia (tambi\u00e9n incluidos otro n\u00famero de pa\u00edses que est\u00e1n en el listado fuera de la Uni\u00f3n Europea), deb\u00edan someterse a una cuarentena obligatoria por un tiempo de 10 d\u00edas.\",\"breadcrumb\":{\"@id\":\"https:\/\/www.pro-corp.net\/bck\/comunicado-pro-corp-viajes-a-espana\/#breadcrumb\"},\"inLanguage\":\"es\",\"potentialAction\":[{\"@type\":\"ReadAction\",\"target\":[\"https:\/\/www.pro-corp.net\/bck\/comunicado-pro-corp-viajes-a-espana\/\"]}]},{\"@type\":\"BreadcrumbList\",\"@id\":\"https:\/\/www.pro-corp.net\/bck\/comunicado-pro-corp-viajes-a-espana\/#breadcrumb\",\"itemListElement\":[{\"@type\":\"ListItem\",\"position\":1,\"name\":\"Comunicado Pro-corp: Nueva restricci\u00f3n para ingresar a Espa\u00f1a\"}]},{\"@type\":\"Article\",\"@id\":\"https:\/\/www.pro-corp.net\/bck\/comunicado-pro-corp-viajes-a-espana\/#article\",\"isPartOf\":{\"@id\":\"https:\/\/www.pro-corp.net\/bck\/comunicado-pro-corp-viajes-a-espana\/#webpage\"},\"author\":{\"@id\":\"https:\/\/www.pro-corp.net\/bck\/#\/schema\/person\/d6eda375fcca981cadf1e8f102bb8966\"},\"headline\":\"Comunicado Pro-corp: Nueva restricci\u00f3n para ingresar a Espa\u00f1a\",\"datePublished\":\"2021-07-29T15:33:23+00:00\",\"dateModified\":\"2021-10-14T14:53:43+00:00\",\"mainEntityOfPage\":{\"@id\":\"https:\/\/www.pro-corp.net\/bck\/comunicado-pro-corp-viajes-a-espana\/#webpage\"},\"wordCount\":11,\"commentCount\":0,\"publisher\":{\"@id\":\"https:\/\/www.pro-corp.net\/bck\/#organization\"},\"image\":{\"@id\":\"https:\/\/www.pro-corp.net\/bck\/comunicado-pro-corp-viajes-a-espana\/#primaryimage\"},\"thumbnailUrl\":\"https:\/\/www.pro-corp.net\/bck\/wp-content\/uploads\/2021\/07\/pexels-anna-shvets-3943885-scaled.jpeg\",\"articleSection\":[\"Emigrar a Espa\u00f1a\",\"nacionalidad espa\u00f1ola por origen sefard\u00ed\"],\"inLanguage\":\"es\",\"potentialAction\":[{\"@type\":\"CommentAction\",\"name\":\"Comment\",\"target\":[\"https:\/\/www.pro-corp.net\/bck\/comunicado-pro-corp-viajes-a-espana\/#respond\"]}]},{\"@type\":\"Person\",\"@id\":\"https:\/\/www.pro-corp.net\/bck\/#\/schema\/person\/d6eda375fcca981cadf1e8f102bb8966\",\"name\":\"Christian Andres\",\"image\":{\"@type\":\"ImageObject\",\"@id\":\"https:\/\/www.pro-corp.net\/bck\/#personlogo\",\"inLanguage\":\"es\",\"url\":\"https:\/\/secure.gravatar.com\/avatar\/87676f1df919f3ff761ee73fc0e15532?s=96&d=mm&r=g\",\"contentUrl\":\"https:\/\/secure.gravatar.com\/avatar\/87676f1df919f3ff761ee73fc0e15532?s=96&d=mm&r=g\",\"caption\":\"Christian Andres\"}}]}<\/script>\n<!-- \/ Yoast SEO plugin. -->","yoast_head_json":{"title":"Comunicado Pro Corp Viajes a Espa\u00f1a - Pro-corp","description":"Nos permitimos informarle que de acuerdo con las \u00f3rdenes emitidas por el Gobierno Espa\u00f1ol a trav\u00e9s del Bolet\u00edn Oficial de Estado (BOE) que se expidieron el d\u00eda 24 de julio de 2021 por parte del Ministerio del Interior y de Sanidad, inicialmente, las personas que quisieran viajar a Espa\u00f1a desde de Colombia (tambi\u00e9n incluidos otro n\u00famero de pa\u00edses que est\u00e1n en el listado fuera de la Uni\u00f3n Europea), deb\u00edan someterse a una cuarentena obligatoria por un tiempo de 10 d\u00edas.","robots":{"index":"index","follow":"follow","max-snippet":"max-snippet:-1","max-image-preview":"max-image-preview:large","max-video-preview":"max-video-preview:-1"},"canonical":"https:\/\/www.pro-corp.net\/bck\/comunicado-pro-corp-viajes-a-espana\/","og_locale":"es_ES","og_type":"article","og_title":"Comunicado Pro Corp Viajes a Espa\u00f1a - Pro-corp","og_description":"Nos permitimos informarle que de acuerdo con las \u00f3rdenes emitidas por el Gobierno Espa\u00f1ol a trav\u00e9s del Bolet\u00edn Oficial de Estado (BOE) que se expidieron el d\u00eda 24 de julio de 2021 por parte del Ministerio del Interior y de Sanidad, inicialmente, las personas que quisieran viajar a Espa\u00f1a desde de Colombia (tambi\u00e9n incluidos otro n\u00famero de pa\u00edses que est\u00e1n en el listado fuera de la Uni\u00f3n Europea), deb\u00edan someterse a una cuarentena obligatoria por un tiempo de 10 d\u00edas.","og_url":"https:\/\/www.pro-corp.net\/bck\/comunicado-pro-corp-viajes-a-espana\/","og_site_name":"Pro Corp Corporate Development","article_publisher":"https:\/\/www.facebook.com\/Pro-Corp-Asesoria-legal-y-empresarial-105779337842842\/","article_published_time":"2021-07-29T15:33:23+00:00","article_modified_time":"2021-10-14T14:53:43+00:00","og_image":[{"width":1707,"height":2560,"url":"https:\/\/www.pro-corp.net\/bck\/wp-content\/uploads\/2021\/07\/pexels-anna-shvets-3943885-scaled.jpeg","type":"image\/jpeg"}],"twitter_card":"summary_large_image","twitter_creator":"@Pro_Corp","twitter_site":"@Pro_Corp","twitter_misc":{"Escrito por":"Christian Andres","Tiempo de lectura":"1 minuto"},"schema":{"@context":"https:\/\/schema.org","@graph":[{"@type":"Organization","@id":"https:\/\/www.pro-corp.net\/bck\/#organization","name":"Pro Corp Corporate Development","url":"https:\/\/www.pro-corp.net\/bck\/","sameAs":["https:\/\/www.facebook.com\/Pro-Corp-Asesoria-legal-y-empresarial-105779337842842\/","https:\/\/twitter.com\/Pro_Corp"],"logo":{"@type":"ImageObject","@id":"https:\/\/www.pro-corp.net\/bck\/#logo","inLanguage":"es","url":"http:\/\/www.pro-corp.net\/bck\/wp-content\/uploads\/2020\/06\/icon.png","contentUrl":"http:\/\/www.pro-corp.net\/bck\/wp-content\/uploads\/2020\/06\/icon.png","width":640,"height":640,"caption":"Pro Corp Corporate Development"},"image":{"@id":"https:\/\/www.pro-corp.net\/bck\/#logo"}},{"@type":"WebSite","@id":"https:\/\/www.pro-corp.net\/bck\/#website","url":"https:\/\/www.pro-corp.net\/bck\/","name":"Pro Corp Corporate Development","description":"Nacionalidad Europea por Ley Sefard\u00ed","publisher":{"@id":"https:\/\/www.pro-corp.net\/bck\/#organization"},"potentialAction":[{"@type":"SearchAction","target":{"@type":"EntryPoint","urlTemplate":"https:\/\/www.pro-corp.net\/bck\/?s={search_term_string}"},"query-input":"required name=search_term_string"}],"inLanguage":"es"},{"@type":"ImageObject","@id":"https:\/\/www.pro-corp.net\/bck\/comunicado-pro-corp-viajes-a-espana\/#primaryimage","inLanguage":"es","url":"https:\/\/www.pro-corp.net\/bck\/wp-content\/uploads\/2021\/07\/pexels-anna-shvets-3943885-scaled.jpeg","contentUrl":"https:\/\/www.pro-corp.net\/bck\/wp-content\/uploads\/2021\/07\/pexels-anna-shvets-3943885-scaled.jpeg","width":1707,"height":2560,"caption":"Comunicado Pro Corp"},{"@type":"WebPage","@id":"https:\/\/www.pro-corp.net\/bck\/comunicado-pro-corp-viajes-a-espana\/#webpage","url":"https:\/\/www.pro-corp.net\/bck\/comunicado-pro-corp-viajes-a-espana\/","name":"Comunicado Pro Corp Viajes a Espa\u00f1a - Pro-corp","isPartOf":{"@id":"https:\/\/www.pro-corp.net\/bck\/#website"},"primaryImageOfPage":{"@id":"https:\/\/www.pro-corp.net\/bck\/comunicado-pro-corp-viajes-a-espana\/#primaryimage"},"datePublished":"2021-07-29T15:33:23+00:00","dateModified":"2021-10-14T14:53:43+00:00","description":"Nos permitimos informarle que de acuerdo con las \u00f3rdenes emitidas por el Gobierno Espa\u00f1ol a trav\u00e9s del Bolet\u00edn Oficial de Estado (BOE) que se expidieron el d\u00eda 24 de julio de 2021 por parte del Ministerio del Interior y de Sanidad, inicialmente, las personas que quisieran viajar a Espa\u00f1a desde de Colombia (tambi\u00e9n incluidos otro n\u00famero de pa\u00edses que est\u00e1n en el listado fuera de la Uni\u00f3n Europea), deb\u00edan someterse a una cuarentena obligatoria por un tiempo de 10 d\u00edas.","breadcrumb":{"@id":"https:\/\/www.pro-corp.net\/bck\/comunicado-pro-corp-viajes-a-espana\/#breadcrumb"},"inLanguage":"es","potentialAction":[{"@type":"ReadAction","target":["https:\/\/www.pro-corp.net\/bck\/comunicado-pro-corp-viajes-a-espana\/"]}]},{"@type":"BreadcrumbList","@id":"https:\/\/www.pro-corp.net\/bck\/comunicado-pro-corp-viajes-a-espana\/#breadcrumb","itemListElement":[{"@type":"ListItem","position":1,"name":"Comunicado Pro-corp: Nueva restricci\u00f3n para ingresar a Espa\u00f1a"}]},{"@type":"Article","@id":"https:\/\/www.pro-corp.net\/bck\/comunicado-pro-corp-viajes-a-espana\/#article","isPartOf":{"@id":"https:\/\/www.pro-corp.net\/bck\/comunicado-pro-corp-viajes-a-espana\/#webpage"},"author":{"@id":"https:\/\/www.pro-corp.net\/bck\/#\/schema\/person\/d6eda375fcca981cadf1e8f102bb8966"},"headline":"Comunicado Pro-corp: Nueva restricci\u00f3n para ingresar a Espa\u00f1a","datePublished":"2021-07-29T15:33:23+00:00","dateModified":"2021-10-14T14:53:43+00:00","mainEntityOfPage":{"@id":"https:\/\/www.pro-corp.net\/bck\/comunicado-pro-corp-viajes-a-espana\/#webpage"},"wordCount":11,"commentCount":0,"publisher":{"@id":"https:\/\/www.pro-corp.net\/bck\/#organization"},"image":{"@id":"https:\/\/www.pro-corp.net\/bck\/comunicado-pro-corp-viajes-a-espana\/#primaryimage"},"thumbnailUrl":"https:\/\/www.pro-corp.net\/bck\/wp-content\/uploads\/2021\/07\/pexels-anna-shvets-3943885-scaled.jpeg","articleSection":["Emigrar a Espa\u00f1a","nacionalidad espa\u00f1ola por origen sefard\u00ed"],"inLanguage":"es","potentialAction":[{"@type":"CommentAction","name":"Comment","target":["https:\/\/www.pro-corp.net\/bck\/comunicado-pro-corp-viajes-a-espana\/#respond"]}]},{"@type":"Person","@id":"https:\/\/www.pro-corp.net\/bck\/#\/schema\/person\/d6eda375fcca981cadf1e8f102bb8966","name":"Christian Andres","image":{"@type":"ImageObject","@id":"https:\/\/www.pro-corp.net\/bck\/#personlogo","inLanguage":"es","url":"https:\/\/secure.gravatar.com\/avatar\/87676f1df919f3ff761ee73fc0e15532?s=96&d=mm&r=g","contentUrl":"https:\/\/secure.gravatar.com\/avatar\/87676f1df919f3ff761ee73fc0e15532?s=96&d=mm&r=g","caption":"Christian Andres"}}]}},"_links":{"self":[{"href":"https:\/\/www.pro-corp.net\/bck\/wp-json\/wp\/v2\/posts\/7229"}],"collection":[{"href":"https:\/\/www.pro-corp.net\/bck\/wp-json\/wp\/v2\/posts"}],"about":[{"href":"https:\/\/www.pro-corp.net\/bck\/wp-json\/wp\/v2\/types\/post"}],"author":[{"embeddable":true,"href":"https:\/\/www.pro-corp.net\/bck\/wp-json\/wp\/v2\/users\/1656"}],"replies":[{"embeddable":true,"href":"https:\/\/www.pro-corp.net\/bck\/wp-json\/wp\/v2\/comments?post=7229"}],"version-history":[{"count":37,"href":"https:\/\/www.pro-corp.net\/bck\/wp-json\/wp\/v2\/posts\/7229\/revisions"}],"predecessor-version":[{"id":7914,"href":"https:\/\/www.pro-corp.net\/bck\/wp-json\/wp\/v2\/posts\/7229\/revisions\/7914"}],"wp:featuredmedia":[{"embeddable":true,"href":"https:\/\/www.pro-corp.net\/bck\/wp-json\/wp\/v2\/media\/7242"}],"wp:attachment":[{"href":"https:\/\/www.pro-corp.net\/bck\/wp-json\/wp\/v2\/media?parent=7229"}],"wp:term":[{"taxonomy":"category","embeddable":true,"href":"https:\/\/www.pro-corp.net\/bck\/wp-json\/wp\/v2\/categories?post=7229"},{"taxonomy":"post_tag","embeddable":true,"href":"https:\/\/www.pro-corp.net\/bck\/wp-json\/wp\/v2\/tags?post=7229"}],"curies":[{"name":"wp","href":"https:\/\/api.w.org\/{rel}","templated":true}]}}