{"id":7277,"date":"2021-08-10T04:00:00","date_gmt":"2021-08-10T09:00:00","guid":{"rendered":"http:\/\/www.pro-corp.net\/bck\/?p=7277"},"modified":"2021-10-25T15:05:10","modified_gmt":"2021-10-25T20:05:10","slug":"espana-extiende-la-cuarentena-obligatoria-para-viajeros-procedente-de-colombia-argentina-bolivia-y-brasil","status":"publish","type":"post","link":"https:\/\/www.pro-corp.net\/bck\/espana-extiende-la-cuarentena-obligatoria-para-viajeros-procedente-de-colombia-argentina-bolivia-y-brasil\/","title":{"rendered":"Espa\u00f1a extiende la cuarentena obligatoria para viajeros procedente de Colombia, Argentina, Bolivia y Brasil."},"content":{"rendered":"<p>Fecha de publicaci\u00f3n: 10 de agosto 2021<\/p>\n<p>El gobierno espa\u00f1ol decidi\u00f3 extender hasta el pr\u00f3ximo del 23 de agosto la cuarentena obligatoria de diez d\u00edas para todas las personas procedentes de pa\u00edses de alto riesgo epidemiol\u00f3gico. El Bolet\u00edn Oficial del Estado espa\u00f1ol public\u00f3 este s\u00e1bado una orden que extiende la cuarentena vigente desde el pasado 23 de julio. Todos los pasajeros de vuelos provenientes de Colombia, Argentina, Bolivia y Brasil deber\u00e1n someterse a la cuarentena obligatoria de diez d\u00edas. El confinamiento se puede suspender a partir del s\u00e9ptimo d\u00eda se realiza una prueba diagn\u00f3stica con resultado negativo.<\/p>\n","protected":false},"excerpt":{"rendered":"<p>Fecha de publicaci\u00f3n: 10 de agosto 2021 El gobierno espa\u00f1ol decidi\u00f3 extender hasta el pr\u00f3ximo del 23 de agosto la cuarentena obligatoria de diez d\u00edas para todas las personas procedentes de pa\u00edses de alto riesgo epidemiol\u00f3gico. El Bolet\u00edn Oficial del Estado espa\u00f1ol public\u00f3 este s\u00e1bado una orden que extiende la cuarentena vigente desde el pasado [&hellip;]<\/p>\n","protected":false},"author":1656,"featured_media":7279,"comment_status":"open","ping_status":"open","sticky":false,"template":"","format":"standard","meta":[],"categories":[57,156],"tags":[],"yoast_head":"<!-- This site is optimized with the Yoast SEO plugin v18.2 - https:\/\/yoast.com\/wordpress\/plugins\/seo\/ -->\n<title>Espa\u00f1a extiende la cuarentena obligatoria para viajeros procedente de Colombia. - Pro-corp<\/title>\n<meta name=\"description\" content=\"El gobierno espa\u00f1ol decidi\u00f3 extender hasta el pr\u00f3ximo del 23 de agosto la cuarentena obligatoria de diez d\u00edas para todas las personas procedentes de pa\u00edses de alto riesgo epidemiol\u00f3gico.\" \/>\n<meta name=\"robots\" content=\"index, follow, max-snippet:-1, max-image-preview:large, max-video-preview:-1\" \/>\n<link rel=\"canonical\" href=\"https:\/\/www.pro-corp.net\/bck\/espana-extiende-la-cuarentena-obligatoria-para-viajeros-procedente-de-colombia-argentina-bolivia-y-brasil\/\" \/>\n<meta property=\"og:locale\" content=\"es_ES\" \/>\n<meta property=\"og:type\" content=\"article\" \/>\n<meta property=\"og:title\" content=\"Espa\u00f1a extiende la cuarentena obligatoria para viajeros procedente de Colombia. - Pro-corp\" \/>\n<meta property=\"og:description\" content=\"El gobierno espa\u00f1ol decidi\u00f3 extender hasta el pr\u00f3ximo del 23 de agosto la cuarentena obligatoria de diez d\u00edas para todas las personas procedentes de pa\u00edses de alto riesgo epidemiol\u00f3gico.\" \/>\n<meta property=\"og:url\" content=\"https:\/\/www.pro-corp.net\/bck\/espana-extiende-la-cuarentena-obligatoria-para-viajeros-procedente-de-colombia-argentina-bolivia-y-brasil\/\" \/>\n<meta property=\"og:site_name\" content=\"Pro Corp Corporate Development\" \/>\n<meta property=\"article:publisher\" content=\"https:\/\/www.facebook.com\/Pro-Corp-Asesoria-legal-y-empresarial-105779337842842\/\" \/>\n<meta property=\"article:published_time\" content=\"2021-08-10T09:00:00+00:00\" \/>\n<meta property=\"article:modified_time\" content=\"2021-10-25T20:05:10+00:00\" \/>\n<meta property=\"og:image\" content=\"https:\/\/www.pro-corp.net\/bck\/wp-content\/uploads\/2021\/08\/pexels-anna-shvets-4167541-scaled.jpeg\" \/>\n\t<meta property=\"og:image:width\" content=\"1707\" \/>\n\t<meta property=\"og:image:height\" content=\"2560\" \/>\n\t<meta property=\"og:image:type\" content=\"image\/jpeg\" \/>\n<meta name=\"twitter:card\" content=\"summary_large_image\" \/>\n<meta name=\"twitter:creator\" content=\"@Pro_Corp\" \/>\n<meta name=\"twitter:site\" content=\"@Pro_Corp\" \/>\n<meta name=\"twitter:label1\" content=\"Escrito por\" \/>\n\t<meta name=\"twitter:data1\" content=\"Christian Andres\" \/>\n\t<meta name=\"twitter:label2\" content=\"Tiempo de lectura\" \/>\n\t<meta name=\"twitter:data2\" content=\"1 minuto\" \/>\n<script type=\"application\/ld+json\" class=\"yoast-schema-graph\">{\"@context\":\"https:\/\/schema.org\",\"@graph\":[{\"@type\":\"Organization\",\"@id\":\"https:\/\/www.pro-corp.net\/bck\/#organization\",\"name\":\"Pro Corp Corporate Development\",\"url\":\"https:\/\/www.pro-corp.net\/bck\/\",\"sameAs\":[\"https:\/\/www.facebook.com\/Pro-Corp-Asesoria-legal-y-empresarial-105779337842842\/\",\"https:\/\/twitter.com\/Pro_Corp\"],\"logo\":{\"@type\":\"ImageObject\",\"@id\":\"https:\/\/www.pro-corp.net\/bck\/#logo\",\"inLanguage\":\"es\",\"url\":\"http:\/\/www.pro-corp.net\/bck\/wp-content\/uploads\/2020\/06\/icon.png\",\"contentUrl\":\"http:\/\/www.pro-corp.net\/bck\/wp-content\/uploads\/2020\/06\/icon.png\",\"width\":640,\"height\":640,\"caption\":\"Pro Corp Corporate Development\"},\"image\":{\"@id\":\"https:\/\/www.pro-corp.net\/bck\/#logo\"}},{\"@type\":\"WebSite\",\"@id\":\"https:\/\/www.pro-corp.net\/bck\/#website\",\"url\":\"https:\/\/www.pro-corp.net\/bck\/\",\"name\":\"Pro Corp Corporate Development\",\"description\":\"Nacionalidad Europea por Ley Sefard\u00ed\",\"publisher\":{\"@id\":\"https:\/\/www.pro-corp.net\/bck\/#organization\"},\"potentialAction\":[{\"@type\":\"SearchAction\",\"target\":{\"@type\":\"EntryPoint\",\"urlTemplate\":\"https:\/\/www.pro-corp.net\/bck\/?s={search_term_string}\"},\"query-input\":\"required name=search_term_string\"}],\"inLanguage\":\"es\"},{\"@type\":\"ImageObject\",\"@id\":\"https:\/\/www.pro-corp.net\/bck\/espana-extiende-la-cuarentena-obligatoria-para-viajeros-procedente-de-colombia-argentina-bolivia-y-brasil\/#primaryimage\",\"inLanguage\":\"es\",\"url\":\"https:\/\/www.pro-corp.net\/bck\/wp-content\/uploads\/2021\/08\/pexels-anna-shvets-4167541-scaled.jpeg\",\"contentUrl\":\"https:\/\/www.pro-corp.net\/bck\/wp-content\/uploads\/2021\/08\/pexels-anna-shvets-4167541-scaled.jpeg\",\"width\":1707,\"height\":2560},{\"@type\":\"WebPage\",\"@id\":\"https:\/\/www.pro-corp.net\/bck\/espana-extiende-la-cuarentena-obligatoria-para-viajeros-procedente-de-colombia-argentina-bolivia-y-brasil\/#webpage\",\"url\":\"https:\/\/www.pro-corp.net\/bck\/espana-extiende-la-cuarentena-obligatoria-para-viajeros-procedente-de-colombia-argentina-bolivia-y-brasil\/\",\"name\":\"Espa\u00f1a extiende la cuarentena obligatoria para viajeros procedente de Colombia. - Pro-corp\",\"isPartOf\":{\"@id\":\"https:\/\/www.pro-corp.net\/bck\/#website\"},\"primaryImageOfPage\":{\"@id\":\"https:\/\/www.pro-corp.net\/bck\/espana-extiende-la-cuarentena-obligatoria-para-viajeros-procedente-de-colombia-argentina-bolivia-y-brasil\/#primaryimage\"},\"datePublished\":\"2021-08-10T09:00:00+00:00\",\"dateModified\":\"2021-10-25T20:05:10+00:00\",\"description\":\"El gobierno espa\u00f1ol decidi\u00f3 extender hasta el pr\u00f3ximo del 23 de agosto la cuarentena obligatoria de diez d\u00edas para todas las personas procedentes de pa\u00edses de alto riesgo epidemiol\u00f3gico.\",\"breadcrumb\":{\"@id\":\"https:\/\/www.pro-corp.net\/bck\/espana-extiende-la-cuarentena-obligatoria-para-viajeros-procedente-de-colombia-argentina-bolivia-y-brasil\/#breadcrumb\"},\"inLanguage\":\"es\",\"potentialAction\":[{\"@type\":\"ReadAction\",\"target\":[\"https:\/\/www.pro-corp.net\/bck\/espana-extiende-la-cuarentena-obligatoria-para-viajeros-procedente-de-colombia-argentina-bolivia-y-brasil\/\"]}]},{\"@type\":\"BreadcrumbList\",\"@id\":\"https:\/\/www.pro-corp.net\/bck\/espana-extiende-la-cuarentena-obligatoria-para-viajeros-procedente-de-colombia-argentina-bolivia-y-brasil\/#breadcrumb\",\"itemListElement\":[{\"@type\":\"ListItem\",\"position\":1,\"name\":\"Espa\u00f1a extiende la cuarentena obligatoria para viajeros procedente de Colombia, Argentina, Bolivia y Brasil.\"}]},{\"@type\":\"Article\",\"@id\":\"https:\/\/www.pro-corp.net\/bck\/espana-extiende-la-cuarentena-obligatoria-para-viajeros-procedente-de-colombia-argentina-bolivia-y-brasil\/#article\",\"isPartOf\":{\"@id\":\"https:\/\/www.pro-corp.net\/bck\/espana-extiende-la-cuarentena-obligatoria-para-viajeros-procedente-de-colombia-argentina-bolivia-y-brasil\/#webpage\"},\"author\":{\"@id\":\"https:\/\/www.pro-corp.net\/bck\/#\/schema\/person\/d6eda375fcca981cadf1e8f102bb8966\"},\"headline\":\"Espa\u00f1a extiende la cuarentena obligatoria para viajeros procedente de Colombia, Argentina, Bolivia y Brasil.\",\"datePublished\":\"2021-08-10T09:00:00+00:00\",\"dateModified\":\"2021-10-25T20:05:10+00:00\",\"mainEntityOfPage\":{\"@id\":\"https:\/\/www.pro-corp.net\/bck\/espana-extiende-la-cuarentena-obligatoria-para-viajeros-procedente-de-colombia-argentina-bolivia-y-brasil\/#webpage\"},\"wordCount\":122,\"commentCount\":0,\"publisher\":{\"@id\":\"https:\/\/www.pro-corp.net\/bck\/#organization\"},\"image\":{\"@id\":\"https:\/\/www.pro-corp.net\/bck\/espana-extiende-la-cuarentena-obligatoria-para-viajeros-procedente-de-colombia-argentina-bolivia-y-brasil\/#primaryimage\"},\"thumbnailUrl\":\"https:\/\/www.pro-corp.net\/bck\/wp-content\/uploads\/2021\/08\/pexels-anna-shvets-4167541-scaled.jpeg\",\"articleSection\":[\"Emigrar a Espa\u00f1a\",\"nacionalidad espa\u00f1ola por origen sefard\u00ed\"],\"inLanguage\":\"es\",\"potentialAction\":[{\"@type\":\"CommentAction\",\"name\":\"Comment\",\"target\":[\"https:\/\/www.pro-corp.net\/bck\/espana-extiende-la-cuarentena-obligatoria-para-viajeros-procedente-de-colombia-argentina-bolivia-y-brasil\/#respond\"]}]},{\"@type\":\"Person\",\"@id\":\"https:\/\/www.pro-corp.net\/bck\/#\/schema\/person\/d6eda375fcca981cadf1e8f102bb8966\",\"name\":\"Christian Andres\",\"image\":{\"@type\":\"ImageObject\",\"@id\":\"https:\/\/www.pro-corp.net\/bck\/#personlogo\",\"inLanguage\":\"es\",\"url\":\"https:\/\/secure.gravatar.com\/avatar\/87676f1df919f3ff761ee73fc0e15532?s=96&d=mm&r=g\",\"contentUrl\":\"https:\/\/secure.gravatar.com\/avatar\/87676f1df919f3ff761ee73fc0e15532?s=96&d=mm&r=g\",\"caption\":\"Christian Andres\"}}]}<\/script>\n<!-- \/ Yoast SEO plugin. -->","yoast_head_json":{"title":"Espa\u00f1a extiende la cuarentena obligatoria para viajeros procedente de Colombia. - Pro-corp","description":"El gobierno espa\u00f1ol decidi\u00f3 extender hasta el pr\u00f3ximo del 23 de agosto la cuarentena obligatoria de diez d\u00edas para todas las personas procedentes de pa\u00edses de alto riesgo epidemiol\u00f3gico.","robots":{"index":"index","follow":"follow","max-snippet":"max-snippet:-1","max-image-preview":"max-image-preview:large","max-video-preview":"max-video-preview:-1"},"canonical":"https:\/\/www.pro-corp.net\/bck\/espana-extiende-la-cuarentena-obligatoria-para-viajeros-procedente-de-colombia-argentina-bolivia-y-brasil\/","og_locale":"es_ES","og_type":"article","og_title":"Espa\u00f1a extiende la cuarentena obligatoria para viajeros procedente de Colombia. - Pro-corp","og_description":"El gobierno espa\u00f1ol decidi\u00f3 extender hasta el pr\u00f3ximo del 23 de agosto la cuarentena obligatoria de diez d\u00edas para todas las personas procedentes de pa\u00edses de alto riesgo epidemiol\u00f3gico.","og_url":"https:\/\/www.pro-corp.net\/bck\/espana-extiende-la-cuarentena-obligatoria-para-viajeros-procedente-de-colombia-argentina-bolivia-y-brasil\/","og_site_name":"Pro Corp Corporate Development","article_publisher":"https:\/\/www.facebook.com\/Pro-Corp-Asesoria-legal-y-empresarial-105779337842842\/","article_published_time":"2021-08-10T09:00:00+00:00","article_modified_time":"2021-10-25T20:05:10+00:00","og_image":[{"width":1707,"height":2560,"url":"https:\/\/www.pro-corp.net\/bck\/wp-content\/uploads\/2021\/08\/pexels-anna-shvets-4167541-scaled.jpeg","type":"image\/jpeg"}],"twitter_card":"summary_large_image","twitter_creator":"@Pro_Corp","twitter_site":"@Pro_Corp","twitter_misc":{"Escrito por":"Christian Andres","Tiempo de lectura":"1 minuto"},"schema":{"@context":"https:\/\/schema.org","@graph":[{"@type":"Organization","@id":"https:\/\/www.pro-corp.net\/bck\/#organization","name":"Pro Corp Corporate Development","url":"https:\/\/www.pro-corp.net\/bck\/","sameAs":["https:\/\/www.facebook.com\/Pro-Corp-Asesoria-legal-y-empresarial-105779337842842\/","https:\/\/twitter.com\/Pro_Corp"],"logo":{"@type":"ImageObject","@id":"https:\/\/www.pro-corp.net\/bck\/#logo","inLanguage":"es","url":"http:\/\/www.pro-corp.net\/bck\/wp-content\/uploads\/2020\/06\/icon.png","contentUrl":"http:\/\/www.pro-corp.net\/bck\/wp-content\/uploads\/2020\/06\/icon.png","width":640,"height":640,"caption":"Pro Corp Corporate Development"},"image":{"@id":"https:\/\/www.pro-corp.net\/bck\/#logo"}},{"@type":"WebSite","@id":"https:\/\/www.pro-corp.net\/bck\/#website","url":"https:\/\/www.pro-corp.net\/bck\/","name":"Pro Corp Corporate Development","description":"Nacionalidad Europea por Ley Sefard\u00ed","publisher":{"@id":"https:\/\/www.pro-corp.net\/bck\/#organization"},"potentialAction":[{"@type":"SearchAction","target":{"@type":"EntryPoint","urlTemplate":"https:\/\/www.pro-corp.net\/bck\/?s={search_term_string}"},"query-input":"required name=search_term_string"}],"inLanguage":"es"},{"@type":"ImageObject","@id":"https:\/\/www.pro-corp.net\/bck\/espana-extiende-la-cuarentena-obligatoria-para-viajeros-procedente-de-colombia-argentina-bolivia-y-brasil\/#primaryimage","inLanguage":"es","url":"https:\/\/www.pro-corp.net\/bck\/wp-content\/uploads\/2021\/08\/pexels-anna-shvets-4167541-scaled.jpeg","contentUrl":"https:\/\/www.pro-corp.net\/bck\/wp-content\/uploads\/2021\/08\/pexels-anna-shvets-4167541-scaled.jpeg","width":1707,"height":2560},{"@type":"WebPage","@id":"https:\/\/www.pro-corp.net\/bck\/espana-extiende-la-cuarentena-obligatoria-para-viajeros-procedente-de-colombia-argentina-bolivia-y-brasil\/#webpage","url":"https:\/\/www.pro-corp.net\/bck\/espana-extiende-la-cuarentena-obligatoria-para-viajeros-procedente-de-colombia-argentina-bolivia-y-brasil\/","name":"Espa\u00f1a extiende la cuarentena obligatoria para viajeros procedente de Colombia. - Pro-corp","isPartOf":{"@id":"https:\/\/www.pro-corp.net\/bck\/#website"},"primaryImageOfPage":{"@id":"https:\/\/www.pro-corp.net\/bck\/espana-extiende-la-cuarentena-obligatoria-para-viajeros-procedente-de-colombia-argentina-bolivia-y-brasil\/#primaryimage"},"datePublished":"2021-08-10T09:00:00+00:00","dateModified":"2021-10-25T20:05:10+00:00","description":"El gobierno espa\u00f1ol decidi\u00f3 extender hasta el pr\u00f3ximo del 23 de agosto la cuarentena obligatoria de diez d\u00edas para todas las personas procedentes de pa\u00edses de alto riesgo epidemiol\u00f3gico.","breadcrumb":{"@id":"https:\/\/www.pro-corp.net\/bck\/espana-extiende-la-cuarentena-obligatoria-para-viajeros-procedente-de-colombia-argentina-bolivia-y-brasil\/#breadcrumb"},"inLanguage":"es","potentialAction":[{"@type":"ReadAction","target":["https:\/\/www.pro-corp.net\/bck\/espana-extiende-la-cuarentena-obligatoria-para-viajeros-procedente-de-colombia-argentina-bolivia-y-brasil\/"]}]},{"@type":"BreadcrumbList","@id":"https:\/\/www.pro-corp.net\/bck\/espana-extiende-la-cuarentena-obligatoria-para-viajeros-procedente-de-colombia-argentina-bolivia-y-brasil\/#breadcrumb","itemListElement":[{"@type":"ListItem","position":1,"name":"Espa\u00f1a extiende la cuarentena obligatoria para viajeros procedente de Colombia, Argentina, Bolivia y Brasil."}]},{"@type":"Article","@id":"https:\/\/www.pro-corp.net\/bck\/espana-extiende-la-cuarentena-obligatoria-para-viajeros-procedente-de-colombia-argentina-bolivia-y-brasil\/#article","isPartOf":{"@id":"https:\/\/www.pro-corp.net\/bck\/espana-extiende-la-cuarentena-obligatoria-para-viajeros-procedente-de-colombia-argentina-bolivia-y-brasil\/#webpage"},"author":{"@id":"https:\/\/www.pro-corp.net\/bck\/#\/schema\/person\/d6eda375fcca981cadf1e8f102bb8966"},"headline":"Espa\u00f1a extiende la cuarentena obligatoria para viajeros procedente de Colombia, Argentina, Bolivia y Brasil.","datePublished":"2021-08-10T09:00:00+00:00","dateModified":"2021-10-25T20:05:10+00:00","mainEntityOfPage":{"@id":"https:\/\/www.pro-corp.net\/bck\/espana-extiende-la-cuarentena-obligatoria-para-viajeros-procedente-de-colombia-argentina-bolivia-y-brasil\/#webpage"},"wordCount":122,"commentCount":0,"publisher":{"@id":"https:\/\/www.pro-corp.net\/bck\/#organization"},"image":{"@id":"https:\/\/www.pro-corp.net\/bck\/espana-extiende-la-cuarentena-obligatoria-para-viajeros-procedente-de-colombia-argentina-bolivia-y-brasil\/#primaryimage"},"thumbnailUrl":"https:\/\/www.pro-corp.net\/bck\/wp-content\/uploads\/2021\/08\/pexels-anna-shvets-4167541-scaled.jpeg","articleSection":["Emigrar a Espa\u00f1a","nacionalidad espa\u00f1ola por origen sefard\u00ed"],"inLanguage":"es","potentialAction":[{"@type":"CommentAction","name":"Comment","target":["https:\/\/www.pro-corp.net\/bck\/espana-extiende-la-cuarentena-obligatoria-para-viajeros-procedente-de-colombia-argentina-bolivia-y-brasil\/#respond"]}]},{"@type":"Person","@id":"https:\/\/www.pro-corp.net\/bck\/#\/schema\/person\/d6eda375fcca981cadf1e8f102bb8966","name":"Christian Andres","image":{"@type":"ImageObject","@id":"https:\/\/www.pro-corp.net\/bck\/#personlogo","inLanguage":"es","url":"https:\/\/secure.gravatar.com\/avatar\/87676f1df919f3ff761ee73fc0e15532?s=96&d=mm&r=g","contentUrl":"https:\/\/secure.gravatar.com\/avatar\/87676f1df919f3ff761ee73fc0e15532?s=96&d=mm&r=g","caption":"Christian Andres"}}]}},"_links":{"self":[{"href":"https:\/\/www.pro-corp.net\/bck\/wp-json\/wp\/v2\/posts\/7277"}],"collection":[{"href":"https:\/\/www.pro-corp.net\/bck\/wp-json\/wp\/v2\/posts"}],"about":[{"href":"https:\/\/www.pro-corp.net\/bck\/wp-json\/wp\/v2\/types\/post"}],"author":[{"embeddable":true,"href":"https:\/\/www.pro-corp.net\/bck\/wp-json\/wp\/v2\/users\/1656"}],"replies":[{"embeddable":true,"href":"https:\/\/www.pro-corp.net\/bck\/wp-json\/wp\/v2\/comments?post=7277"}],"version-history":[{"count":2,"href":"https:\/\/www.pro-corp.net\/bck\/wp-json\/wp\/v2\/posts\/7277\/revisions"}],"predecessor-version":[{"id":7929,"href":"https:\/\/www.pro-corp.net\/bck\/wp-json\/wp\/v2\/posts\/7277\/revisions\/7929"}],"wp:featuredmedia":[{"embeddable":true,"href":"https:\/\/www.pro-corp.net\/bck\/wp-json\/wp\/v2\/media\/7279"}],"wp:attachment":[{"href":"https:\/\/www.pro-corp.net\/bck\/wp-json\/wp\/v2\/media?parent=7277"}],"wp:term":[{"taxonomy":"category","embeddable":true,"href":"https:\/\/www.pro-corp.net\/bck\/wp-json\/wp\/v2\/categories?post=7277"},{"taxonomy":"post_tag","embeddable":true,"href":"https:\/\/www.pro-corp.net\/bck\/wp-json\/wp\/v2\/tags?post=7277"}],"curies":[{"name":"wp","href":"https:\/\/api.w.org\/{rel}","templated":true}]}}