{"id":7280,"date":"2021-08-11T04:00:00","date_gmt":"2021-08-11T09:00:00","guid":{"rendered":"http:\/\/www.pro-corp.net\/bck\/?p=7280"},"modified":"2021-10-25T15:15:44","modified_gmt":"2021-10-25T20:15:44","slug":"el-eje-del-paseo-del-prado-recoletos","status":"publish","type":"post","link":"https:\/\/www.pro-corp.net\/bck\/el-eje-del-paseo-del-prado-recoletos\/","title":{"rendered":"El eje del paseo del Prado-Recoletos en Madrid es declarado patrimonio de la humanidad por la UNESCO"},"content":{"rendered":"<p>Fecha de publicaci\u00f3n: 11 de agosto de 2021<\/p>\n<p>Uno de los recorridos culturales mas importantes de Madrid es el eje del paseo del Prado-Recoletos, el cual tiene un extremo en Plaza del Emperador Carlos V (Glorieta de atocha) y recorre el Paseo del Prado atravesando las Plazas de Neptuno y Cibeles y contin\u00faa por el Paseo de Recoletos hasta la Plaza de Col\u00f3n y la Castellana.<\/p>\n<p>Tras el m\u00e1s recientemente Comit\u00e9 de Patrimonio Mundial, la UNESCO ha declarado el eje del Paseo del Prado-Recoletos y el Parque del Retiro en Madrid como un bien de Patrimonio de la Humanidad. Este es el primer paisaje hist\u00f3rico urbano declarado en Europa.<\/p>\n<p>21 pa\u00edses pertenecientes al comit\u00e9 del Patrimonio Mundial han apoyado la candidatura, la cual fue posible gracias a la colaboraci\u00f3n entre diferentes ministerios tales como el Ministerio de Cultura y Deporte, el Ministerio de Asuntos Exteriores, Uni\u00f3n Europea y Cooperaci\u00f3n, la Comunidad de Madrid y el Ayuntamiento de la capital.<\/p>\n<p>Con este gran acontecimiento Espa\u00f1a se ubica como el tercer pa\u00eds a nivel mundial con mayores sitios de Patrimonio Mundial con un total de 49.<\/p>\n","protected":false},"excerpt":{"rendered":"<p>Fecha de publicaci\u00f3n: 11 de agosto de 2021 Uno de los recorridos culturales mas importantes de Madrid es el eje del paseo del Prado-Recoletos, el cual tiene un extremo en Plaza del Emperador Carlos V (Glorieta de atocha) y recorre el Paseo del Prado atravesando las Plazas de Neptuno y Cibeles y contin\u00faa por el [&hellip;]<\/p>\n","protected":false},"author":1656,"featured_media":7282,"comment_status":"open","ping_status":"open","sticky":false,"template":"","format":"standard","meta":[],"categories":[57,59],"tags":[],"yoast_head":"<!-- This site is optimized with the Yoast SEO plugin v18.2 - https:\/\/yoast.com\/wordpress\/plugins\/seo\/ -->\n<title>Eje del paseo del Prado-Recoletos en Madrid es patrimonio de la humanidad por la UNESCO - Pro-corp<\/title>\n<meta name=\"description\" content=\"Uno de los recorridos culturales mas importantes de Madrid es el eje del paseo del Prado-Recoletos, el cual tiene un extremo en Plaza del Emperador Carlos V (Glorieta de atocha) y recorre el Paseo del Prado atravesando las Plazas de Neptuno y Cibeles y contin\u00faa por el Paseo de Recoletos hasta la Plaza de Col\u00f3n y la Castellana.\" \/>\n<meta name=\"robots\" content=\"index, follow, max-snippet:-1, max-image-preview:large, max-video-preview:-1\" \/>\n<link rel=\"canonical\" href=\"https:\/\/www.pro-corp.net\/bck\/el-eje-del-paseo-del-prado-recoletos\/\" \/>\n<meta property=\"og:locale\" content=\"es_ES\" \/>\n<meta property=\"og:type\" content=\"article\" \/>\n<meta property=\"og:title\" content=\"Eje del paseo del Prado-Recoletos en Madrid es patrimonio de la humanidad por la UNESCO - Pro-corp\" \/>\n<meta property=\"og:description\" content=\"Uno de los recorridos culturales mas importantes de Madrid es el eje del paseo del Prado-Recoletos, el cual tiene un extremo en Plaza del Emperador Carlos V (Glorieta de atocha) y recorre el Paseo del Prado atravesando las Plazas de Neptuno y Cibeles y contin\u00faa por el Paseo de Recoletos hasta la Plaza de Col\u00f3n y la Castellana.\" \/>\n<meta property=\"og:url\" content=\"https:\/\/www.pro-corp.net\/bck\/el-eje-del-paseo-del-prado-recoletos\/\" \/>\n<meta property=\"og:site_name\" content=\"Pro Corp Corporate Development\" \/>\n<meta property=\"article:publisher\" content=\"https:\/\/www.facebook.com\/Pro-Corp-Asesoria-legal-y-empresarial-105779337842842\/\" \/>\n<meta property=\"article:published_time\" content=\"2021-08-11T09:00:00+00:00\" \/>\n<meta property=\"article:modified_time\" content=\"2021-10-25T20:15:44+00:00\" \/>\n<meta property=\"og:image\" content=\"https:\/\/www.pro-corp.net\/bck\/wp-content\/uploads\/2021\/08\/Paseo_del_Prado_Madrid_01.jpeg\" \/>\n\t<meta property=\"og:image:width\" content=\"1280\" \/>\n\t<meta property=\"og:image:height\" content=\"960\" \/>\n\t<meta property=\"og:image:type\" content=\"image\/jpeg\" \/>\n<meta name=\"twitter:card\" content=\"summary_large_image\" \/>\n<meta name=\"twitter:creator\" content=\"@Pro_Corp\" \/>\n<meta name=\"twitter:site\" content=\"@Pro_Corp\" \/>\n<meta name=\"twitter:label1\" content=\"Escrito por\" \/>\n\t<meta name=\"twitter:data1\" content=\"Christian Andres\" \/>\n\t<meta name=\"twitter:label2\" content=\"Tiempo de lectura\" \/>\n\t<meta name=\"twitter:data2\" content=\"1 minuto\" \/>\n<script type=\"application\/ld+json\" class=\"yoast-schema-graph\">{\"@context\":\"https:\/\/schema.org\",\"@graph\":[{\"@type\":\"Organization\",\"@id\":\"https:\/\/www.pro-corp.net\/bck\/#organization\",\"name\":\"Pro Corp Corporate Development\",\"url\":\"https:\/\/www.pro-corp.net\/bck\/\",\"sameAs\":[\"https:\/\/www.facebook.com\/Pro-Corp-Asesoria-legal-y-empresarial-105779337842842\/\",\"https:\/\/twitter.com\/Pro_Corp\"],\"logo\":{\"@type\":\"ImageObject\",\"@id\":\"https:\/\/www.pro-corp.net\/bck\/#logo\",\"inLanguage\":\"es\",\"url\":\"http:\/\/www.pro-corp.net\/bck\/wp-content\/uploads\/2020\/06\/icon.png\",\"contentUrl\":\"http:\/\/www.pro-corp.net\/bck\/wp-content\/uploads\/2020\/06\/icon.png\",\"width\":640,\"height\":640,\"caption\":\"Pro Corp Corporate Development\"},\"image\":{\"@id\":\"https:\/\/www.pro-corp.net\/bck\/#logo\"}},{\"@type\":\"WebSite\",\"@id\":\"https:\/\/www.pro-corp.net\/bck\/#website\",\"url\":\"https:\/\/www.pro-corp.net\/bck\/\",\"name\":\"Pro Corp Corporate Development\",\"description\":\"Nacionalidad Europea por Ley Sefard\u00ed\",\"publisher\":{\"@id\":\"https:\/\/www.pro-corp.net\/bck\/#organization\"},\"potentialAction\":[{\"@type\":\"SearchAction\",\"target\":{\"@type\":\"EntryPoint\",\"urlTemplate\":\"https:\/\/www.pro-corp.net\/bck\/?s={search_term_string}\"},\"query-input\":\"required name=search_term_string\"}],\"inLanguage\":\"es\"},{\"@type\":\"ImageObject\",\"@id\":\"https:\/\/www.pro-corp.net\/bck\/el-eje-del-paseo-del-prado-recoletos\/#primaryimage\",\"inLanguage\":\"es\",\"url\":\"https:\/\/www.pro-corp.net\/bck\/wp-content\/uploads\/2021\/08\/Paseo_del_Prado_Madrid_01.jpeg\",\"contentUrl\":\"https:\/\/www.pro-corp.net\/bck\/wp-content\/uploads\/2021\/08\/Paseo_del_Prado_Madrid_01.jpeg\",\"width\":1280,\"height\":960},{\"@type\":\"WebPage\",\"@id\":\"https:\/\/www.pro-corp.net\/bck\/el-eje-del-paseo-del-prado-recoletos\/#webpage\",\"url\":\"https:\/\/www.pro-corp.net\/bck\/el-eje-del-paseo-del-prado-recoletos\/\",\"name\":\"Eje del paseo del Prado-Recoletos en Madrid es patrimonio de la humanidad por la UNESCO - Pro-corp\",\"isPartOf\":{\"@id\":\"https:\/\/www.pro-corp.net\/bck\/#website\"},\"primaryImageOfPage\":{\"@id\":\"https:\/\/www.pro-corp.net\/bck\/el-eje-del-paseo-del-prado-recoletos\/#primaryimage\"},\"datePublished\":\"2021-08-11T09:00:00+00:00\",\"dateModified\":\"2021-10-25T20:15:44+00:00\",\"description\":\"Uno de los recorridos culturales mas importantes de Madrid es el eje del paseo del Prado-Recoletos, el cual tiene un extremo en Plaza del Emperador Carlos V (Glorieta de atocha) y recorre el Paseo del Prado atravesando las Plazas de Neptuno y Cibeles y contin\u00faa por el Paseo de Recoletos hasta la Plaza de Col\u00f3n y la Castellana.\",\"breadcrumb\":{\"@id\":\"https:\/\/www.pro-corp.net\/bck\/el-eje-del-paseo-del-prado-recoletos\/#breadcrumb\"},\"inLanguage\":\"es\",\"potentialAction\":[{\"@type\":\"ReadAction\",\"target\":[\"https:\/\/www.pro-corp.net\/bck\/el-eje-del-paseo-del-prado-recoletos\/\"]}]},{\"@type\":\"BreadcrumbList\",\"@id\":\"https:\/\/www.pro-corp.net\/bck\/el-eje-del-paseo-del-prado-recoletos\/#breadcrumb\",\"itemListElement\":[{\"@type\":\"ListItem\",\"position\":1,\"name\":\"El eje del paseo del Prado-Recoletos en Madrid es declarado patrimonio de la humanidad por la UNESCO\"}]},{\"@type\":\"Article\",\"@id\":\"https:\/\/www.pro-corp.net\/bck\/el-eje-del-paseo-del-prado-recoletos\/#article\",\"isPartOf\":{\"@id\":\"https:\/\/www.pro-corp.net\/bck\/el-eje-del-paseo-del-prado-recoletos\/#webpage\"},\"author\":{\"@id\":\"https:\/\/www.pro-corp.net\/bck\/#\/schema\/person\/d6eda375fcca981cadf1e8f102bb8966\"},\"headline\":\"El eje del paseo del Prado-Recoletos en Madrid es declarado patrimonio de la humanidad por la UNESCO\",\"datePublished\":\"2021-08-11T09:00:00+00:00\",\"dateModified\":\"2021-10-25T20:15:44+00:00\",\"mainEntityOfPage\":{\"@id\":\"https:\/\/www.pro-corp.net\/bck\/el-eje-del-paseo-del-prado-recoletos\/#webpage\"},\"wordCount\":208,\"commentCount\":0,\"publisher\":{\"@id\":\"https:\/\/www.pro-corp.net\/bck\/#organization\"},\"image\":{\"@id\":\"https:\/\/www.pro-corp.net\/bck\/el-eje-del-paseo-del-prado-recoletos\/#primaryimage\"},\"thumbnailUrl\":\"https:\/\/www.pro-corp.net\/bck\/wp-content\/uploads\/2021\/08\/Paseo_del_Prado_Madrid_01.jpeg\",\"articleSection\":[\"Emigrar a Espa\u00f1a\",\"Vivir en Europa\"],\"inLanguage\":\"es\",\"potentialAction\":[{\"@type\":\"CommentAction\",\"name\":\"Comment\",\"target\":[\"https:\/\/www.pro-corp.net\/bck\/el-eje-del-paseo-del-prado-recoletos\/#respond\"]}]},{\"@type\":\"Person\",\"@id\":\"https:\/\/www.pro-corp.net\/bck\/#\/schema\/person\/d6eda375fcca981cadf1e8f102bb8966\",\"name\":\"Christian Andres\",\"image\":{\"@type\":\"ImageObject\",\"@id\":\"https:\/\/www.pro-corp.net\/bck\/#personlogo\",\"inLanguage\":\"es\",\"url\":\"https:\/\/secure.gravatar.com\/avatar\/87676f1df919f3ff761ee73fc0e15532?s=96&d=mm&r=g\",\"contentUrl\":\"https:\/\/secure.gravatar.com\/avatar\/87676f1df919f3ff761ee73fc0e15532?s=96&d=mm&r=g\",\"caption\":\"Christian Andres\"}}]}<\/script>\n<!-- \/ Yoast SEO plugin. -->","yoast_head_json":{"title":"Eje del paseo del Prado-Recoletos en Madrid es patrimonio de la humanidad por la UNESCO - Pro-corp","description":"Uno de los recorridos culturales mas importantes de Madrid es el eje del paseo del Prado-Recoletos, el cual tiene un extremo en Plaza del Emperador Carlos V (Glorieta de atocha) y recorre el Paseo del Prado atravesando las Plazas de Neptuno y Cibeles y contin\u00faa por el Paseo de Recoletos hasta la Plaza de Col\u00f3n y la Castellana.","robots":{"index":"index","follow":"follow","max-snippet":"max-snippet:-1","max-image-preview":"max-image-preview:large","max-video-preview":"max-video-preview:-1"},"canonical":"https:\/\/www.pro-corp.net\/bck\/el-eje-del-paseo-del-prado-recoletos\/","og_locale":"es_ES","og_type":"article","og_title":"Eje del paseo del Prado-Recoletos en Madrid es patrimonio de la humanidad por la UNESCO - Pro-corp","og_description":"Uno de los recorridos culturales mas importantes de Madrid es el eje del paseo del Prado-Recoletos, el cual tiene un extremo en Plaza del Emperador Carlos V (Glorieta de atocha) y recorre el Paseo del Prado atravesando las Plazas de Neptuno y Cibeles y contin\u00faa por el Paseo de Recoletos hasta la Plaza de Col\u00f3n y la Castellana.","og_url":"https:\/\/www.pro-corp.net\/bck\/el-eje-del-paseo-del-prado-recoletos\/","og_site_name":"Pro Corp Corporate Development","article_publisher":"https:\/\/www.facebook.com\/Pro-Corp-Asesoria-legal-y-empresarial-105779337842842\/","article_published_time":"2021-08-11T09:00:00+00:00","article_modified_time":"2021-10-25T20:15:44+00:00","og_image":[{"width":1280,"height":960,"url":"https:\/\/www.pro-corp.net\/bck\/wp-content\/uploads\/2021\/08\/Paseo_del_Prado_Madrid_01.jpeg","type":"image\/jpeg"}],"twitter_card":"summary_large_image","twitter_creator":"@Pro_Corp","twitter_site":"@Pro_Corp","twitter_misc":{"Escrito por":"Christian Andres","Tiempo de lectura":"1 minuto"},"schema":{"@context":"https:\/\/schema.org","@graph":[{"@type":"Organization","@id":"https:\/\/www.pro-corp.net\/bck\/#organization","name":"Pro Corp Corporate Development","url":"https:\/\/www.pro-corp.net\/bck\/","sameAs":["https:\/\/www.facebook.com\/Pro-Corp-Asesoria-legal-y-empresarial-105779337842842\/","https:\/\/twitter.com\/Pro_Corp"],"logo":{"@type":"ImageObject","@id":"https:\/\/www.pro-corp.net\/bck\/#logo","inLanguage":"es","url":"http:\/\/www.pro-corp.net\/bck\/wp-content\/uploads\/2020\/06\/icon.png","contentUrl":"http:\/\/www.pro-corp.net\/bck\/wp-content\/uploads\/2020\/06\/icon.png","width":640,"height":640,"caption":"Pro Corp Corporate Development"},"image":{"@id":"https:\/\/www.pro-corp.net\/bck\/#logo"}},{"@type":"WebSite","@id":"https:\/\/www.pro-corp.net\/bck\/#website","url":"https:\/\/www.pro-corp.net\/bck\/","name":"Pro Corp Corporate Development","description":"Nacionalidad Europea por Ley Sefard\u00ed","publisher":{"@id":"https:\/\/www.pro-corp.net\/bck\/#organization"},"potentialAction":[{"@type":"SearchAction","target":{"@type":"EntryPoint","urlTemplate":"https:\/\/www.pro-corp.net\/bck\/?s={search_term_string}"},"query-input":"required name=search_term_string"}],"inLanguage":"es"},{"@type":"ImageObject","@id":"https:\/\/www.pro-corp.net\/bck\/el-eje-del-paseo-del-prado-recoletos\/#primaryimage","inLanguage":"es","url":"https:\/\/www.pro-corp.net\/bck\/wp-content\/uploads\/2021\/08\/Paseo_del_Prado_Madrid_01.jpeg","contentUrl":"https:\/\/www.pro-corp.net\/bck\/wp-content\/uploads\/2021\/08\/Paseo_del_Prado_Madrid_01.jpeg","width":1280,"height":960},{"@type":"WebPage","@id":"https:\/\/www.pro-corp.net\/bck\/el-eje-del-paseo-del-prado-recoletos\/#webpage","url":"https:\/\/www.pro-corp.net\/bck\/el-eje-del-paseo-del-prado-recoletos\/","name":"Eje del paseo del Prado-Recoletos en Madrid es patrimonio de la humanidad por la UNESCO - Pro-corp","isPartOf":{"@id":"https:\/\/www.pro-corp.net\/bck\/#website"},"primaryImageOfPage":{"@id":"https:\/\/www.pro-corp.net\/bck\/el-eje-del-paseo-del-prado-recoletos\/#primaryimage"},"datePublished":"2021-08-11T09:00:00+00:00","dateModified":"2021-10-25T20:15:44+00:00","description":"Uno de los recorridos culturales mas importantes de Madrid es el eje del paseo del Prado-Recoletos, el cual tiene un extremo en Plaza del Emperador Carlos V (Glorieta de atocha) y recorre el Paseo del Prado atravesando las Plazas de Neptuno y Cibeles y contin\u00faa por el Paseo de Recoletos hasta la Plaza de Col\u00f3n y la Castellana.","breadcrumb":{"@id":"https:\/\/www.pro-corp.net\/bck\/el-eje-del-paseo-del-prado-recoletos\/#breadcrumb"},"inLanguage":"es","potentialAction":[{"@type":"ReadAction","target":["https:\/\/www.pro-corp.net\/bck\/el-eje-del-paseo-del-prado-recoletos\/"]}]},{"@type":"BreadcrumbList","@id":"https:\/\/www.pro-corp.net\/bck\/el-eje-del-paseo-del-prado-recoletos\/#breadcrumb","itemListElement":[{"@type":"ListItem","position":1,"name":"El eje del paseo del Prado-Recoletos en Madrid es declarado patrimonio de la humanidad por la UNESCO"}]},{"@type":"Article","@id":"https:\/\/www.pro-corp.net\/bck\/el-eje-del-paseo-del-prado-recoletos\/#article","isPartOf":{"@id":"https:\/\/www.pro-corp.net\/bck\/el-eje-del-paseo-del-prado-recoletos\/#webpage"},"author":{"@id":"https:\/\/www.pro-corp.net\/bck\/#\/schema\/person\/d6eda375fcca981cadf1e8f102bb8966"},"headline":"El eje del paseo del Prado-Recoletos en Madrid es declarado patrimonio de la humanidad por la UNESCO","datePublished":"2021-08-11T09:00:00+00:00","dateModified":"2021-10-25T20:15:44+00:00","mainEntityOfPage":{"@id":"https:\/\/www.pro-corp.net\/bck\/el-eje-del-paseo-del-prado-recoletos\/#webpage"},"wordCount":208,"commentCount":0,"publisher":{"@id":"https:\/\/www.pro-corp.net\/bck\/#organization"},"image":{"@id":"https:\/\/www.pro-corp.net\/bck\/el-eje-del-paseo-del-prado-recoletos\/#primaryimage"},"thumbnailUrl":"https:\/\/www.pro-corp.net\/bck\/wp-content\/uploads\/2021\/08\/Paseo_del_Prado_Madrid_01.jpeg","articleSection":["Emigrar a Espa\u00f1a","Vivir en Europa"],"inLanguage":"es","potentialAction":[{"@type":"CommentAction","name":"Comment","target":["https:\/\/www.pro-corp.net\/bck\/el-eje-del-paseo-del-prado-recoletos\/#respond"]}]},{"@type":"Person","@id":"https:\/\/www.pro-corp.net\/bck\/#\/schema\/person\/d6eda375fcca981cadf1e8f102bb8966","name":"Christian Andres","image":{"@type":"ImageObject","@id":"https:\/\/www.pro-corp.net\/bck\/#personlogo","inLanguage":"es","url":"https:\/\/secure.gravatar.com\/avatar\/87676f1df919f3ff761ee73fc0e15532?s=96&d=mm&r=g","contentUrl":"https:\/\/secure.gravatar.com\/avatar\/87676f1df919f3ff761ee73fc0e15532?s=96&d=mm&r=g","caption":"Christian Andres"}}]}},"_links":{"self":[{"href":"https:\/\/www.pro-corp.net\/bck\/wp-json\/wp\/v2\/posts\/7280"}],"collection":[{"href":"https:\/\/www.pro-corp.net\/bck\/wp-json\/wp\/v2\/posts"}],"about":[{"href":"https:\/\/www.pro-corp.net\/bck\/wp-json\/wp\/v2\/types\/post"}],"author":[{"embeddable":true,"href":"https:\/\/www.pro-corp.net\/bck\/wp-json\/wp\/v2\/users\/1656"}],"replies":[{"embeddable":true,"href":"https:\/\/www.pro-corp.net\/bck\/wp-json\/wp\/v2\/comments?post=7280"}],"version-history":[{"count":3,"href":"https:\/\/www.pro-corp.net\/bck\/wp-json\/wp\/v2\/posts\/7280\/revisions"}],"predecessor-version":[{"id":7932,"href":"https:\/\/www.pro-corp.net\/bck\/wp-json\/wp\/v2\/posts\/7280\/revisions\/7932"}],"wp:featuredmedia":[{"embeddable":true,"href":"https:\/\/www.pro-corp.net\/bck\/wp-json\/wp\/v2\/media\/7282"}],"wp:attachment":[{"href":"https:\/\/www.pro-corp.net\/bck\/wp-json\/wp\/v2\/media?parent=7280"}],"wp:term":[{"taxonomy":"category","embeddable":true,"href":"https:\/\/www.pro-corp.net\/bck\/wp-json\/wp\/v2\/categories?post=7280"},{"taxonomy":"post_tag","embeddable":true,"href":"https:\/\/www.pro-corp.net\/bck\/wp-json\/wp\/v2\/tags?post=7280"}],"curies":[{"name":"wp","href":"https:\/\/api.w.org\/{rel}","templated":true}]}}