{"id":7299,"date":"2021-09-08T17:23:26","date_gmt":"2021-09-08T22:23:26","guid":{"rendered":"http:\/\/www.pro-corp.net\/bck\/?p=7299"},"modified":"2021-10-25T15:32:48","modified_gmt":"2021-10-25T20:32:48","slug":"que-debo-saber-sobre-el-tramite-de-nacionalidad-sefardi-por-portugal","status":"publish","type":"post","link":"https:\/\/www.pro-corp.net\/bck\/que-debo-saber-sobre-el-tramite-de-nacionalidad-sefardi-por-portugal\/","title":{"rendered":"\u00bfQu\u00e9 debo saber sobre el tr\u00e1mite de nacionalidad sefard\u00ed por Portugal?"},"content":{"rendered":"\t\t<div data-elementor-type=\"wp-post\" data-elementor-id=\"7299\" class=\"elementor elementor-7299\" data-elementor-settings=\"[]\">\n\t\t\t\t\t\t<div class=\"elementor-inner\">\n\t\t\t\t\t\t\t<div class=\"elementor-section-wrap\">\n\t\t\t\t\t\t\t<section class=\"elementor-section elementor-top-section elementor-element elementor-element-4c505a67 elementor-section-boxed elementor-section-height-default elementor-section-height-default\" data-id=\"4c505a67\" data-element_type=\"section\">\n\t\t\t\t\t\t<div class=\"elementor-container elementor-column-gap-default\">\n\t\t\t\t\t\t\t<div class=\"elementor-row\">\n\t\t\t\t\t<div class=\"elementor-column elementor-col-100 elementor-top-column elementor-element elementor-element-68be558b\" data-id=\"68be558b\" data-element_type=\"column\">\n\t\t\t<div class=\"elementor-column-wrap elementor-element-populated\">\n\t\t\t\t\t\t\t<div class=\"elementor-widget-wrap\">\n\t\t\t\t\t\t<div class=\"elementor-element elementor-element-593043f3 elementor-widget elementor-widget-text-editor\" data-id=\"593043f3\" data-element_type=\"widget\" data-widget_type=\"text-editor.default\">\n\t\t\t\t<div class=\"elementor-widget-container\">\n\t\t\t\t\t\t\t\t<div class=\"elementor-text-editor elementor-clearfix\">\n\t\t\t\t<p>Cuando inicias tu solicitud de nacionalidad por Portugal es muy importante tener en cuenta que existe una diferencia muy importante entre la comunidad jud\u00eda de Espa\u00f1a y la Comunidad jud\u00eda de Portugal. Para entender esto de una mejor forma, cada comunidad jud\u00eda es independiente, esto quiere decir que cada una cuenta con sus propios criterios y requisitos, y no comparten informaci\u00f3n.<\/p>\n<p>Durante el proceso de la obtenci\u00f3n de la nacionalidad por origen sefard\u00ed, es resulta fundamental tener claro que no todas las l\u00edneas geneal\u00f3gicas aceptas por comunidades jud\u00edas de Espa\u00f1a son aceptadas en Portugal. En otros t\u00e9rminos, cuando un integrante de un grupo familiar obtuvo certificados de comunidades jud\u00edas para su tr\u00e1mite por Espa\u00f1a, o cuenta con un informe geneal\u00f3gico hecho con ese fin, no significa que esta persona se exima de tener que presentar un nuevo informe a las comunidades jud\u00edas de Portugal. Para entender esto de una mejor forma, la solicitud de nacionalidad por ascendencia sefard\u00ed se debe realizar desde cero, es decir, desde el estudio de viabilidad. No siempre tener viabilidad para Espa\u00f1a significa que se tenga viabilidad para Portugal.<\/p>\n<p>Una vez realizado el estudio de viabilidad se debe solicitar el certificado de origen sefard\u00ed ante una de las comunidades jud\u00edas de Portugal. Estos dos pasos son los mas importantes para poder obtener un pasaporte portugu\u00e9s. Para contar con una asesor\u00eda completa puede consultar con Pro-Corp, abogados expertos para la obtenci\u00f3n de nacionalidad portuguesa por origen sefard\u00ed. Contar\u00e1 con un apoyo legal que resolver\u00e1 todas sus dudas e inquietudes de manera personalizada.<\/p><p>fecha de publicaci\u00f3n: 6 de septiembre de 2021<\/p>\t\t\t\t\t<\/div>\n\t\t\t\t\t\t<\/div>\n\t\t\t\t<\/div>\n\t\t\t\t\t\t<\/div>\n\t\t\t\t\t<\/div>\n\t\t<\/div>\n\t\t\t\t\t\t\t\t<\/div>\n\t\t\t\t\t<\/div>\n\t\t<\/section>\n\t\t\t\t<section class=\"elementor-section elementor-top-section elementor-element elementor-element-deb091d elementor-section-boxed elementor-section-height-default elementor-section-height-default\" data-id=\"deb091d\" data-element_type=\"section\">\n\t\t\t\t\t\t<div class=\"elementor-container elementor-column-gap-default\">\n\t\t\t\t\t\t\t<div class=\"elementor-row\">\n\t\t\t\t\t<div class=\"elementor-column elementor-col-100 elementor-top-column elementor-element elementor-element-4634cd4\" data-id=\"4634cd4\" data-element_type=\"column\">\n\t\t\t<div class=\"elementor-column-wrap elementor-element-populated\">\n\t\t\t\t\t\t\t<div class=\"elementor-widget-wrap\">\n\t\t\t\t\t\t<div class=\"elementor-element elementor-element-ac8ebe6 elementor-align-center elementor-widget elementor-widget-global elementor-global-6124 elementor-widget-button\" data-id=\"ac8ebe6\" data-element_type=\"widget\" data-widget_type=\"button.default\">\n\t\t\t\t<div class=\"elementor-widget-container\">\n\t\t\t\t\t<div class=\"elementor-button-wrapper\">\n\t\t\t<a href=\"#link_por\" class=\"elementor-button-link elementor-button elementor-size-md\" role=\"button\">\n\t\t\t\t\t\t<span class=\"elementor-button-content-wrapper\">\n\t\t\t\t\t\t<span class=\"elementor-button-text\"><strong> Descubre YA<\/strong> si tienes un origen sefard\u00ed<\/span>\n\t\t<\/span>\n\t\t\t\t\t<\/a>\n\t\t<\/div>\n\t\t\t\t<\/div>\n\t\t\t\t<\/div>\n\t\t\t\t\t\t<\/div>\n\t\t\t\t\t<\/div>\n\t\t<\/div>\n\t\t\t\t\t\t\t\t<\/div>\n\t\t\t\t\t<\/div>\n\t\t<\/section>\n\t\t\t\t\t\t<\/div>\n\t\t\t\t\t\t<\/div>\n\t\t\t\t\t<\/div>\n\t\t","protected":false},"excerpt":{"rendered":"<p>Cuando inicias tu solicitud de nacionalidad por Portugal es muy importante tener en cuenta que existe una diferencia muy importante entre la comunidad jud\u00eda de Espa\u00f1a y la Comunidad jud\u00eda de Portugal. Para entender esto de una mejor forma, cada comunidad jud\u00eda es independiente, esto quiere decir que cada una cuenta con sus propios criterios [&hellip;]<\/p>\n","protected":false},"author":1656,"featured_media":7301,"comment_status":"open","ping_status":"open","sticky":false,"template":"","format":"standard","meta":[],"categories":[58],"tags":[],"yoast_head":"<!-- This site is optimized with the Yoast SEO plugin v18.2 - https:\/\/yoast.com\/wordpress\/plugins\/seo\/ -->\n<title>Tr\u00e1mite de nacionalidad sefard\u00ed por Portugal - Pro-corp<\/title>\n<meta name=\"description\" content=\"Cuando inicias tu solicitud de nacionalidad por Portugal es muy importante tener en cuenta que existe una diferencia muy importante entre la comunidad jud\u00eda de Espa\u00f1a y la Comunidad jud\u00eda de Portugal. Para entender esto de una mejor forma, cada comunidad jud\u00eda es independiente, esto quiere decir que cada una cuenta con sus propios criterios y requisitos, y no comparten informaci\u00f3n.\" \/>\n<meta name=\"robots\" content=\"index, follow, max-snippet:-1, max-image-preview:large, max-video-preview:-1\" \/>\n<link rel=\"canonical\" href=\"https:\/\/www.pro-corp.net\/bck\/que-debo-saber-sobre-el-tramite-de-nacionalidad-sefardi-por-portugal\/\" \/>\n<meta property=\"og:locale\" content=\"es_ES\" \/>\n<meta property=\"og:type\" content=\"article\" \/>\n<meta property=\"og:title\" content=\"Tr\u00e1mite de nacionalidad sefard\u00ed por Portugal - Pro-corp\" \/>\n<meta property=\"og:description\" content=\"Cuando inicias tu solicitud de nacionalidad por Portugal es muy importante tener en cuenta que existe una diferencia muy importante entre la comunidad jud\u00eda de Espa\u00f1a y la Comunidad jud\u00eda de Portugal. Para entender esto de una mejor forma, cada comunidad jud\u00eda es independiente, esto quiere decir que cada una cuenta con sus propios criterios y requisitos, y no comparten informaci\u00f3n.\" \/>\n<meta property=\"og:url\" content=\"https:\/\/www.pro-corp.net\/bck\/que-debo-saber-sobre-el-tramite-de-nacionalidad-sefardi-por-portugal\/\" \/>\n<meta property=\"og:site_name\" content=\"Pro Corp Corporate Development\" \/>\n<meta property=\"article:publisher\" content=\"https:\/\/www.facebook.com\/Pro-Corp-Asesoria-legal-y-empresarial-105779337842842\/\" \/>\n<meta property=\"article:published_time\" content=\"2021-09-08T22:23:26+00:00\" \/>\n<meta property=\"article:modified_time\" content=\"2021-10-25T20:32:48+00:00\" \/>\n<meta property=\"og:image\" content=\"https:\/\/www.pro-corp.net\/bck\/wp-content\/uploads\/2021\/09\/tramite-scaled.jpeg\" \/>\n\t<meta property=\"og:image:width\" content=\"2560\" \/>\n\t<meta property=\"og:image:height\" content=\"1707\" \/>\n\t<meta property=\"og:image:type\" content=\"image\/jpeg\" \/>\n<meta name=\"twitter:card\" content=\"summary_large_image\" \/>\n<meta name=\"twitter:creator\" content=\"@Pro_Corp\" \/>\n<meta name=\"twitter:site\" content=\"@Pro_Corp\" \/>\n<meta name=\"twitter:label1\" content=\"Escrito por\" \/>\n\t<meta name=\"twitter:data1\" content=\"Christian Andres\" \/>\n\t<meta name=\"twitter:label2\" content=\"Tiempo de lectura\" \/>\n\t<meta name=\"twitter:data2\" content=\"2 minutos\" \/>\n<script type=\"application\/ld+json\" class=\"yoast-schema-graph\">{\"@context\":\"https:\/\/schema.org\",\"@graph\":[{\"@type\":\"Organization\",\"@id\":\"https:\/\/www.pro-corp.net\/bck\/#organization\",\"name\":\"Pro Corp Corporate Development\",\"url\":\"https:\/\/www.pro-corp.net\/bck\/\",\"sameAs\":[\"https:\/\/www.facebook.com\/Pro-Corp-Asesoria-legal-y-empresarial-105779337842842\/\",\"https:\/\/twitter.com\/Pro_Corp\"],\"logo\":{\"@type\":\"ImageObject\",\"@id\":\"https:\/\/www.pro-corp.net\/bck\/#logo\",\"inLanguage\":\"es\",\"url\":\"http:\/\/www.pro-corp.net\/bck\/wp-content\/uploads\/2020\/06\/icon.png\",\"contentUrl\":\"http:\/\/www.pro-corp.net\/bck\/wp-content\/uploads\/2020\/06\/icon.png\",\"width\":640,\"height\":640,\"caption\":\"Pro Corp Corporate Development\"},\"image\":{\"@id\":\"https:\/\/www.pro-corp.net\/bck\/#logo\"}},{\"@type\":\"WebSite\",\"@id\":\"https:\/\/www.pro-corp.net\/bck\/#website\",\"url\":\"https:\/\/www.pro-corp.net\/bck\/\",\"name\":\"Pro Corp Corporate Development\",\"description\":\"Nacionalidad Europea por Ley Sefard\u00ed\",\"publisher\":{\"@id\":\"https:\/\/www.pro-corp.net\/bck\/#organization\"},\"potentialAction\":[{\"@type\":\"SearchAction\",\"target\":{\"@type\":\"EntryPoint\",\"urlTemplate\":\"https:\/\/www.pro-corp.net\/bck\/?s={search_term_string}\"},\"query-input\":\"required name=search_term_string\"}],\"inLanguage\":\"es\"},{\"@type\":\"ImageObject\",\"@id\":\"https:\/\/www.pro-corp.net\/bck\/que-debo-saber-sobre-el-tramite-de-nacionalidad-sefardi-por-portugal\/#primaryimage\",\"inLanguage\":\"es\",\"url\":\"https:\/\/www.pro-corp.net\/bck\/wp-content\/uploads\/2021\/09\/tramite-scaled.jpeg\",\"contentUrl\":\"https:\/\/www.pro-corp.net\/bck\/wp-content\/uploads\/2021\/09\/tramite-scaled.jpeg\",\"width\":2560,\"height\":1707,\"caption\":\"Cuando inicias tu solicitud de nacionalidad por Portugal es muy importante tener en cuenta que existe una diferencia muy importante entre la comunidad jud\u00eda de Espa\u00f1a y la Comunidad jud\u00eda de Portugal. Para entender esto de una mejor forma, cada comunidad jud\u00eda es independiente, esto quiere decir que cada una cuenta con sus propios criterios y requisitos, y no comparten informaci\u00f3n.\"},{\"@type\":\"WebPage\",\"@id\":\"https:\/\/www.pro-corp.net\/bck\/que-debo-saber-sobre-el-tramite-de-nacionalidad-sefardi-por-portugal\/#webpage\",\"url\":\"https:\/\/www.pro-corp.net\/bck\/que-debo-saber-sobre-el-tramite-de-nacionalidad-sefardi-por-portugal\/\",\"name\":\"Tr\u00e1mite de nacionalidad sefard\u00ed por Portugal - Pro-corp\",\"isPartOf\":{\"@id\":\"https:\/\/www.pro-corp.net\/bck\/#website\"},\"primaryImageOfPage\":{\"@id\":\"https:\/\/www.pro-corp.net\/bck\/que-debo-saber-sobre-el-tramite-de-nacionalidad-sefardi-por-portugal\/#primaryimage\"},\"datePublished\":\"2021-09-08T22:23:26+00:00\",\"dateModified\":\"2021-10-25T20:32:48+00:00\",\"description\":\"Cuando inicias tu solicitud de nacionalidad por Portugal es muy importante tener en cuenta que existe una diferencia muy importante entre la comunidad jud\u00eda de Espa\u00f1a y la Comunidad jud\u00eda de Portugal. Para entender esto de una mejor forma, cada comunidad jud\u00eda es independiente, esto quiere decir que cada una cuenta con sus propios criterios y requisitos, y no comparten informaci\u00f3n.\",\"breadcrumb\":{\"@id\":\"https:\/\/www.pro-corp.net\/bck\/que-debo-saber-sobre-el-tramite-de-nacionalidad-sefardi-por-portugal\/#breadcrumb\"},\"inLanguage\":\"es\",\"potentialAction\":[{\"@type\":\"ReadAction\",\"target\":[\"https:\/\/www.pro-corp.net\/bck\/que-debo-saber-sobre-el-tramite-de-nacionalidad-sefardi-por-portugal\/\"]}]},{\"@type\":\"BreadcrumbList\",\"@id\":\"https:\/\/www.pro-corp.net\/bck\/que-debo-saber-sobre-el-tramite-de-nacionalidad-sefardi-por-portugal\/#breadcrumb\",\"itemListElement\":[{\"@type\":\"ListItem\",\"position\":1,\"name\":\"\u00bfQu\u00e9 debo saber sobre el tr\u00e1mite de nacionalidad sefard\u00ed por Portugal?\"}]},{\"@type\":\"Article\",\"@id\":\"https:\/\/www.pro-corp.net\/bck\/que-debo-saber-sobre-el-tramite-de-nacionalidad-sefardi-por-portugal\/#article\",\"isPartOf\":{\"@id\":\"https:\/\/www.pro-corp.net\/bck\/que-debo-saber-sobre-el-tramite-de-nacionalidad-sefardi-por-portugal\/#webpage\"},\"author\":{\"@id\":\"https:\/\/www.pro-corp.net\/bck\/#\/schema\/person\/d6eda375fcca981cadf1e8f102bb8966\"},\"headline\":\"\u00bfQu\u00e9 debo saber sobre el tr\u00e1mite de nacionalidad sefard\u00ed por Portugal?\",\"datePublished\":\"2021-09-08T22:23:26+00:00\",\"dateModified\":\"2021-10-25T20:32:48+00:00\",\"mainEntityOfPage\":{\"@id\":\"https:\/\/www.pro-corp.net\/bck\/que-debo-saber-sobre-el-tramite-de-nacionalidad-sefardi-por-portugal\/#webpage\"},\"wordCount\":302,\"commentCount\":0,\"publisher\":{\"@id\":\"https:\/\/www.pro-corp.net\/bck\/#organization\"},\"image\":{\"@id\":\"https:\/\/www.pro-corp.net\/bck\/que-debo-saber-sobre-el-tramite-de-nacionalidad-sefardi-por-portugal\/#primaryimage\"},\"thumbnailUrl\":\"https:\/\/www.pro-corp.net\/bck\/wp-content\/uploads\/2021\/09\/tramite-scaled.jpeg\",\"articleSection\":[\"Emigrar a Portugal\"],\"inLanguage\":\"es\",\"potentialAction\":[{\"@type\":\"CommentAction\",\"name\":\"Comment\",\"target\":[\"https:\/\/www.pro-corp.net\/bck\/que-debo-saber-sobre-el-tramite-de-nacionalidad-sefardi-por-portugal\/#respond\"]}]},{\"@type\":\"Person\",\"@id\":\"https:\/\/www.pro-corp.net\/bck\/#\/schema\/person\/d6eda375fcca981cadf1e8f102bb8966\",\"name\":\"Christian Andres\",\"image\":{\"@type\":\"ImageObject\",\"@id\":\"https:\/\/www.pro-corp.net\/bck\/#personlogo\",\"inLanguage\":\"es\",\"url\":\"https:\/\/secure.gravatar.com\/avatar\/87676f1df919f3ff761ee73fc0e15532?s=96&d=mm&r=g\",\"contentUrl\":\"https:\/\/secure.gravatar.com\/avatar\/87676f1df919f3ff761ee73fc0e15532?s=96&d=mm&r=g\",\"caption\":\"Christian Andres\"}}]}<\/script>\n<!-- \/ Yoast SEO plugin. -->","yoast_head_json":{"title":"Tr\u00e1mite de nacionalidad sefard\u00ed por Portugal - Pro-corp","description":"Cuando inicias tu solicitud de nacionalidad por Portugal es muy importante tener en cuenta que existe una diferencia muy importante entre la comunidad jud\u00eda de Espa\u00f1a y la Comunidad jud\u00eda de Portugal. Para entender esto de una mejor forma, cada comunidad jud\u00eda es independiente, esto quiere decir que cada una cuenta con sus propios criterios y requisitos, y no comparten informaci\u00f3n.","robots":{"index":"index","follow":"follow","max-snippet":"max-snippet:-1","max-image-preview":"max-image-preview:large","max-video-preview":"max-video-preview:-1"},"canonical":"https:\/\/www.pro-corp.net\/bck\/que-debo-saber-sobre-el-tramite-de-nacionalidad-sefardi-por-portugal\/","og_locale":"es_ES","og_type":"article","og_title":"Tr\u00e1mite de nacionalidad sefard\u00ed por Portugal - Pro-corp","og_description":"Cuando inicias tu solicitud de nacionalidad por Portugal es muy importante tener en cuenta que existe una diferencia muy importante entre la comunidad jud\u00eda de Espa\u00f1a y la Comunidad jud\u00eda de Portugal. Para entender esto de una mejor forma, cada comunidad jud\u00eda es independiente, esto quiere decir que cada una cuenta con sus propios criterios y requisitos, y no comparten informaci\u00f3n.","og_url":"https:\/\/www.pro-corp.net\/bck\/que-debo-saber-sobre-el-tramite-de-nacionalidad-sefardi-por-portugal\/","og_site_name":"Pro Corp Corporate Development","article_publisher":"https:\/\/www.facebook.com\/Pro-Corp-Asesoria-legal-y-empresarial-105779337842842\/","article_published_time":"2021-09-08T22:23:26+00:00","article_modified_time":"2021-10-25T20:32:48+00:00","og_image":[{"width":2560,"height":1707,"url":"https:\/\/www.pro-corp.net\/bck\/wp-content\/uploads\/2021\/09\/tramite-scaled.jpeg","type":"image\/jpeg"}],"twitter_card":"summary_large_image","twitter_creator":"@Pro_Corp","twitter_site":"@Pro_Corp","twitter_misc":{"Escrito por":"Christian Andres","Tiempo de lectura":"2 minutos"},"schema":{"@context":"https:\/\/schema.org","@graph":[{"@type":"Organization","@id":"https:\/\/www.pro-corp.net\/bck\/#organization","name":"Pro Corp Corporate Development","url":"https:\/\/www.pro-corp.net\/bck\/","sameAs":["https:\/\/www.facebook.com\/Pro-Corp-Asesoria-legal-y-empresarial-105779337842842\/","https:\/\/twitter.com\/Pro_Corp"],"logo":{"@type":"ImageObject","@id":"https:\/\/www.pro-corp.net\/bck\/#logo","inLanguage":"es","url":"http:\/\/www.pro-corp.net\/bck\/wp-content\/uploads\/2020\/06\/icon.png","contentUrl":"http:\/\/www.pro-corp.net\/bck\/wp-content\/uploads\/2020\/06\/icon.png","width":640,"height":640,"caption":"Pro Corp Corporate Development"},"image":{"@id":"https:\/\/www.pro-corp.net\/bck\/#logo"}},{"@type":"WebSite","@id":"https:\/\/www.pro-corp.net\/bck\/#website","url":"https:\/\/www.pro-corp.net\/bck\/","name":"Pro Corp Corporate Development","description":"Nacionalidad Europea por Ley Sefard\u00ed","publisher":{"@id":"https:\/\/www.pro-corp.net\/bck\/#organization"},"potentialAction":[{"@type":"SearchAction","target":{"@type":"EntryPoint","urlTemplate":"https:\/\/www.pro-corp.net\/bck\/?s={search_term_string}"},"query-input":"required name=search_term_string"}],"inLanguage":"es"},{"@type":"ImageObject","@id":"https:\/\/www.pro-corp.net\/bck\/que-debo-saber-sobre-el-tramite-de-nacionalidad-sefardi-por-portugal\/#primaryimage","inLanguage":"es","url":"https:\/\/www.pro-corp.net\/bck\/wp-content\/uploads\/2021\/09\/tramite-scaled.jpeg","contentUrl":"https:\/\/www.pro-corp.net\/bck\/wp-content\/uploads\/2021\/09\/tramite-scaled.jpeg","width":2560,"height":1707,"caption":"Cuando inicias tu solicitud de nacionalidad por Portugal es muy importante tener en cuenta que existe una diferencia muy importante entre la comunidad jud\u00eda de Espa\u00f1a y la Comunidad jud\u00eda de Portugal. Para entender esto de una mejor forma, cada comunidad jud\u00eda es independiente, esto quiere decir que cada una cuenta con sus propios criterios y requisitos, y no comparten informaci\u00f3n."},{"@type":"WebPage","@id":"https:\/\/www.pro-corp.net\/bck\/que-debo-saber-sobre-el-tramite-de-nacionalidad-sefardi-por-portugal\/#webpage","url":"https:\/\/www.pro-corp.net\/bck\/que-debo-saber-sobre-el-tramite-de-nacionalidad-sefardi-por-portugal\/","name":"Tr\u00e1mite de nacionalidad sefard\u00ed por Portugal - Pro-corp","isPartOf":{"@id":"https:\/\/www.pro-corp.net\/bck\/#website"},"primaryImageOfPage":{"@id":"https:\/\/www.pro-corp.net\/bck\/que-debo-saber-sobre-el-tramite-de-nacionalidad-sefardi-por-portugal\/#primaryimage"},"datePublished":"2021-09-08T22:23:26+00:00","dateModified":"2021-10-25T20:32:48+00:00","description":"Cuando inicias tu solicitud de nacionalidad por Portugal es muy importante tener en cuenta que existe una diferencia muy importante entre la comunidad jud\u00eda de Espa\u00f1a y la Comunidad jud\u00eda de Portugal. Para entender esto de una mejor forma, cada comunidad jud\u00eda es independiente, esto quiere decir que cada una cuenta con sus propios criterios y requisitos, y no comparten informaci\u00f3n.","breadcrumb":{"@id":"https:\/\/www.pro-corp.net\/bck\/que-debo-saber-sobre-el-tramite-de-nacionalidad-sefardi-por-portugal\/#breadcrumb"},"inLanguage":"es","potentialAction":[{"@type":"ReadAction","target":["https:\/\/www.pro-corp.net\/bck\/que-debo-saber-sobre-el-tramite-de-nacionalidad-sefardi-por-portugal\/"]}]},{"@type":"BreadcrumbList","@id":"https:\/\/www.pro-corp.net\/bck\/que-debo-saber-sobre-el-tramite-de-nacionalidad-sefardi-por-portugal\/#breadcrumb","itemListElement":[{"@type":"ListItem","position":1,"name":"\u00bfQu\u00e9 debo saber sobre el tr\u00e1mite de nacionalidad sefard\u00ed por Portugal?"}]},{"@type":"Article","@id":"https:\/\/www.pro-corp.net\/bck\/que-debo-saber-sobre-el-tramite-de-nacionalidad-sefardi-por-portugal\/#article","isPartOf":{"@id":"https:\/\/www.pro-corp.net\/bck\/que-debo-saber-sobre-el-tramite-de-nacionalidad-sefardi-por-portugal\/#webpage"},"author":{"@id":"https:\/\/www.pro-corp.net\/bck\/#\/schema\/person\/d6eda375fcca981cadf1e8f102bb8966"},"headline":"\u00bfQu\u00e9 debo saber sobre el tr\u00e1mite de nacionalidad sefard\u00ed por Portugal?","datePublished":"2021-09-08T22:23:26+00:00","dateModified":"2021-10-25T20:32:48+00:00","mainEntityOfPage":{"@id":"https:\/\/www.pro-corp.net\/bck\/que-debo-saber-sobre-el-tramite-de-nacionalidad-sefardi-por-portugal\/#webpage"},"wordCount":302,"commentCount":0,"publisher":{"@id":"https:\/\/www.pro-corp.net\/bck\/#organization"},"image":{"@id":"https:\/\/www.pro-corp.net\/bck\/que-debo-saber-sobre-el-tramite-de-nacionalidad-sefardi-por-portugal\/#primaryimage"},"thumbnailUrl":"https:\/\/www.pro-corp.net\/bck\/wp-content\/uploads\/2021\/09\/tramite-scaled.jpeg","articleSection":["Emigrar a Portugal"],"inLanguage":"es","potentialAction":[{"@type":"CommentAction","name":"Comment","target":["https:\/\/www.pro-corp.net\/bck\/que-debo-saber-sobre-el-tramite-de-nacionalidad-sefardi-por-portugal\/#respond"]}]},{"@type":"Person","@id":"https:\/\/www.pro-corp.net\/bck\/#\/schema\/person\/d6eda375fcca981cadf1e8f102bb8966","name":"Christian Andres","image":{"@type":"ImageObject","@id":"https:\/\/www.pro-corp.net\/bck\/#personlogo","inLanguage":"es","url":"https:\/\/secure.gravatar.com\/avatar\/87676f1df919f3ff761ee73fc0e15532?s=96&d=mm&r=g","contentUrl":"https:\/\/secure.gravatar.com\/avatar\/87676f1df919f3ff761ee73fc0e15532?s=96&d=mm&r=g","caption":"Christian Andres"}}]}},"_links":{"self":[{"href":"https:\/\/www.pro-corp.net\/bck\/wp-json\/wp\/v2\/posts\/7299"}],"collection":[{"href":"https:\/\/www.pro-corp.net\/bck\/wp-json\/wp\/v2\/posts"}],"about":[{"href":"https:\/\/www.pro-corp.net\/bck\/wp-json\/wp\/v2\/types\/post"}],"author":[{"embeddable":true,"href":"https:\/\/www.pro-corp.net\/bck\/wp-json\/wp\/v2\/users\/1656"}],"replies":[{"embeddable":true,"href":"https:\/\/www.pro-corp.net\/bck\/wp-json\/wp\/v2\/comments?post=7299"}],"version-history":[{"count":8,"href":"https:\/\/www.pro-corp.net\/bck\/wp-json\/wp\/v2\/posts\/7299\/revisions"}],"predecessor-version":[{"id":7936,"href":"https:\/\/www.pro-corp.net\/bck\/wp-json\/wp\/v2\/posts\/7299\/revisions\/7936"}],"wp:featuredmedia":[{"embeddable":true,"href":"https:\/\/www.pro-corp.net\/bck\/wp-json\/wp\/v2\/media\/7301"}],"wp:attachment":[{"href":"https:\/\/www.pro-corp.net\/bck\/wp-json\/wp\/v2\/media?parent=7299"}],"wp:term":[{"taxonomy":"category","embeddable":true,"href":"https:\/\/www.pro-corp.net\/bck\/wp-json\/wp\/v2\/categories?post=7299"},{"taxonomy":"post_tag","embeddable":true,"href":"https:\/\/www.pro-corp.net\/bck\/wp-json\/wp\/v2\/tags?post=7299"}],"curies":[{"name":"wp","href":"https:\/\/api.w.org\/{rel}","templated":true}]}}