{"id":7426,"date":"2021-09-15T04:00:00","date_gmt":"2021-09-15T09:00:00","guid":{"rendered":"http:\/\/www.pro-corp.net\/bck\/?p=7426"},"modified":"2021-10-25T15:20:09","modified_gmt":"2021-10-25T20:20:09","slug":"espana-y-portugal-modelo-justo-de-la-economia-social","status":"publish","type":"post","link":"https:\/\/www.pro-corp.net\/bck\/espana-y-portugal-modelo-justo-de-la-economia-social\/","title":{"rendered":"Espa\u00f1a y Portugal buscan cooperar reforzando el modelo justo de la Econom\u00eda Social"},"content":{"rendered":"<p>A trav\u00e9s de un memorando de Entendimiento y Cooperaci\u00f3n los gobiernos de Espa\u00f1a y Portugal buscan afianzar su compromiso con la Econom\u00eda Social. La propuesta busca centrarse en las personas, m\u00e1s a\u00fan bajo el contexto de recuperaci\u00f3n tras la grave crisis sanitaria, social y econ\u00f3mica del Covid-19. Detr\u00e1s de este acuerdo se encuentra la ministra espa\u00f1ola de Trabajo y Econom\u00eda Social Yolanda D\u00edaz y su homologa la ministra portuguesa Ana Mendes.<\/p>\n<p><\/p>\n<p>Durante el encuentro realizado en la ciudad portuguesa de Co\u00edmbra la ministra espa\u00f1ola asegur\u00f3 que \u201cEstamos ante la oportunidad de construir un mundo diferente y la Econom\u00eda Social, con sus valores de igualdad, cohesi\u00f3n social y mejora de las condiciones laborales, nos lega el camino, las ideas y la posibilidad para hacerlo\u201d. Los esfuerzos realizados por ambos gobiernos los llevan a asumir una posici\u00f3n de liderazgo en esta materia.<\/p>\n<p><\/p>\n<p>Para entrar un poco m\u00e1s en contexto este acuerdo tiene como finalidad crear una serie de pautas para fomentar y desarrollar acciones coordinadas que permitan que la Econom\u00eda Social sea uno de los principales motores de transformaci\u00f3n de la sociedad. El modelo de Econom\u00eda Social es una oportunidad in\u00e9dita para transformar el modelo econ\u00f3mico y productivo, orient\u00e1ndolo hacia un sistema m\u00e1s humano sostenible e inclusivo.<\/p>\n<p><\/p>\n<p>Ambos pa\u00edses han acordado el intercambio de informaci\u00f3n relacionada con estad\u00edsticas y metodolog\u00edas que faciliten la realizaci\u00f3n de informes para los estudios comparativos y a partir de estos desarrollar el plan de acci\u00f3n. Tambi\u00e9n dentro del marco del acuerdo ambas ministras de Trabajo buscan desarrollar propuestas conjuntas que impulsen la presencia de la Econom\u00eda Social en las cumbres Iberoamericanas.<\/p>\n<p>Fecha de publicaci\u00f3n: 15 de septiembre de 2021<\/p>\n\n\n<div class=\"wp-container-69f17da73857b wp-block-buttons is-content-justification-center\">\n<div class=\"wp-block-button is-style-fill\"><a class=\"wp-block-button__link has-white-color has-text-color has-background\" href=\"http:\/\/www.pro-corp.net\/bck\/asesoria\/\" style=\"border-radius:2px;background-color:#b70000\" target=\"_blank\" rel=\"noopener\">Empieza tu estudio de investigaci\u00f3n geneal\u00f3gica ac\u00e1<\/a><\/div>\n<\/div>\n","protected":false},"excerpt":{"rendered":"<p>A trav\u00e9s de un memorando de Entendimiento y Cooperaci\u00f3n los gobiernos de Espa\u00f1a y Portugal buscan afianzar su compromiso con la Econom\u00eda Social. La propuesta busca centrarse en las personas, m\u00e1s a\u00fan bajo el contexto de recuperaci\u00f3n tras la grave crisis sanitaria, social y econ\u00f3mica del Covid-19. Detr\u00e1s de este acuerdo se encuentra la ministra [&hellip;]<\/p>\n","protected":false},"author":1656,"featured_media":7428,"comment_status":"open","ping_status":"open","sticky":false,"template":"","format":"standard","meta":[],"categories":[59],"tags":[],"yoast_head":"<!-- This site is optimized with the Yoast SEO plugin v18.2 - https:\/\/yoast.com\/wordpress\/plugins\/seo\/ -->\n<title>Espa\u00f1a y Portugal buscan cooperar el modelo de la Econom\u00eda Social - Pro-corp<\/title>\n<meta name=\"description\" content=\"A trav\u00e9s de un memorando de Entendimiento y Cooperaci\u00f3n los gobiernos de Espa\u00f1a y Portugal buscan afianzar su compromiso con la Econom\u00eda Social.\" \/>\n<meta name=\"robots\" content=\"index, follow, max-snippet:-1, max-image-preview:large, max-video-preview:-1\" \/>\n<link rel=\"canonical\" href=\"https:\/\/www.pro-corp.net\/bck\/espana-y-portugal-modelo-justo-de-la-economia-social\/\" \/>\n<meta property=\"og:locale\" content=\"es_ES\" \/>\n<meta property=\"og:type\" content=\"article\" \/>\n<meta property=\"og:title\" content=\"Espa\u00f1a y Portugal buscan cooperar el modelo de la Econom\u00eda Social - Pro-corp\" \/>\n<meta property=\"og:description\" content=\"A trav\u00e9s de un memorando de Entendimiento y Cooperaci\u00f3n los gobiernos de Espa\u00f1a y Portugal buscan afianzar su compromiso con la Econom\u00eda Social.\" \/>\n<meta property=\"og:url\" content=\"https:\/\/www.pro-corp.net\/bck\/espana-y-portugal-modelo-justo-de-la-economia-social\/\" \/>\n<meta property=\"og:site_name\" content=\"Pro Corp Corporate Development\" \/>\n<meta property=\"article:publisher\" content=\"https:\/\/www.facebook.com\/Pro-Corp-Asesoria-legal-y-empresarial-105779337842842\/\" \/>\n<meta property=\"article:published_time\" content=\"2021-09-15T09:00:00+00:00\" \/>\n<meta property=\"article:modified_time\" content=\"2021-10-25T20:20:09+00:00\" \/>\n<meta property=\"og:image\" content=\"https:\/\/www.pro-corp.net\/bck\/wp-content\/uploads\/2021\/09\/Economia-scaled.jpeg\" \/>\n\t<meta property=\"og:image:width\" content=\"2560\" \/>\n\t<meta property=\"og:image:height\" content=\"1402\" \/>\n\t<meta property=\"og:image:type\" content=\"image\/jpeg\" \/>\n<meta name=\"twitter:card\" content=\"summary_large_image\" \/>\n<meta name=\"twitter:creator\" content=\"@Pro_Corp\" \/>\n<meta name=\"twitter:site\" content=\"@Pro_Corp\" \/>\n<meta name=\"twitter:label1\" content=\"Escrito por\" \/>\n\t<meta name=\"twitter:data1\" content=\"Christian Andres\" \/>\n\t<meta name=\"twitter:label2\" content=\"Tiempo de lectura\" \/>\n\t<meta name=\"twitter:data2\" content=\"2 minutos\" \/>\n<script type=\"application\/ld+json\" class=\"yoast-schema-graph\">{\"@context\":\"https:\/\/schema.org\",\"@graph\":[{\"@type\":\"Organization\",\"@id\":\"https:\/\/www.pro-corp.net\/bck\/#organization\",\"name\":\"Pro Corp Corporate Development\",\"url\":\"https:\/\/www.pro-corp.net\/bck\/\",\"sameAs\":[\"https:\/\/www.facebook.com\/Pro-Corp-Asesoria-legal-y-empresarial-105779337842842\/\",\"https:\/\/twitter.com\/Pro_Corp\"],\"logo\":{\"@type\":\"ImageObject\",\"@id\":\"https:\/\/www.pro-corp.net\/bck\/#logo\",\"inLanguage\":\"es\",\"url\":\"http:\/\/www.pro-corp.net\/bck\/wp-content\/uploads\/2020\/06\/icon.png\",\"contentUrl\":\"http:\/\/www.pro-corp.net\/bck\/wp-content\/uploads\/2020\/06\/icon.png\",\"width\":640,\"height\":640,\"caption\":\"Pro Corp Corporate Development\"},\"image\":{\"@id\":\"https:\/\/www.pro-corp.net\/bck\/#logo\"}},{\"@type\":\"WebSite\",\"@id\":\"https:\/\/www.pro-corp.net\/bck\/#website\",\"url\":\"https:\/\/www.pro-corp.net\/bck\/\",\"name\":\"Pro Corp Corporate Development\",\"description\":\"Nacionalidad Europea por Ley Sefard\u00ed\",\"publisher\":{\"@id\":\"https:\/\/www.pro-corp.net\/bck\/#organization\"},\"potentialAction\":[{\"@type\":\"SearchAction\",\"target\":{\"@type\":\"EntryPoint\",\"urlTemplate\":\"https:\/\/www.pro-corp.net\/bck\/?s={search_term_string}\"},\"query-input\":\"required name=search_term_string\"}],\"inLanguage\":\"es\"},{\"@type\":\"ImageObject\",\"@id\":\"https:\/\/www.pro-corp.net\/bck\/espana-y-portugal-modelo-justo-de-la-economia-social\/#primaryimage\",\"inLanguage\":\"es\",\"url\":\"https:\/\/www.pro-corp.net\/bck\/wp-content\/uploads\/2021\/09\/Economia-scaled.jpeg\",\"contentUrl\":\"https:\/\/www.pro-corp.net\/bck\/wp-content\/uploads\/2021\/09\/Economia-scaled.jpeg\",\"width\":2560,\"height\":1402,\"caption\":\"Espa\u00f1a y Portugal buscan cooperar reforzando el modelo justo de la Econom\u00eda Social\"},{\"@type\":\"WebPage\",\"@id\":\"https:\/\/www.pro-corp.net\/bck\/espana-y-portugal-modelo-justo-de-la-economia-social\/#webpage\",\"url\":\"https:\/\/www.pro-corp.net\/bck\/espana-y-portugal-modelo-justo-de-la-economia-social\/\",\"name\":\"Espa\u00f1a y Portugal buscan cooperar el modelo de la Econom\u00eda Social - Pro-corp\",\"isPartOf\":{\"@id\":\"https:\/\/www.pro-corp.net\/bck\/#website\"},\"primaryImageOfPage\":{\"@id\":\"https:\/\/www.pro-corp.net\/bck\/espana-y-portugal-modelo-justo-de-la-economia-social\/#primaryimage\"},\"datePublished\":\"2021-09-15T09:00:00+00:00\",\"dateModified\":\"2021-10-25T20:20:09+00:00\",\"description\":\"A trav\u00e9s de un memorando de Entendimiento y Cooperaci\u00f3n los gobiernos de Espa\u00f1a y Portugal buscan afianzar su compromiso con la Econom\u00eda Social.\",\"breadcrumb\":{\"@id\":\"https:\/\/www.pro-corp.net\/bck\/espana-y-portugal-modelo-justo-de-la-economia-social\/#breadcrumb\"},\"inLanguage\":\"es\",\"potentialAction\":[{\"@type\":\"ReadAction\",\"target\":[\"https:\/\/www.pro-corp.net\/bck\/espana-y-portugal-modelo-justo-de-la-economia-social\/\"]}]},{\"@type\":\"BreadcrumbList\",\"@id\":\"https:\/\/www.pro-corp.net\/bck\/espana-y-portugal-modelo-justo-de-la-economia-social\/#breadcrumb\",\"itemListElement\":[{\"@type\":\"ListItem\",\"position\":1,\"name\":\"Espa\u00f1a y Portugal buscan cooperar reforzando el modelo justo de la Econom\u00eda Social\"}]},{\"@type\":\"Article\",\"@id\":\"https:\/\/www.pro-corp.net\/bck\/espana-y-portugal-modelo-justo-de-la-economia-social\/#article\",\"isPartOf\":{\"@id\":\"https:\/\/www.pro-corp.net\/bck\/espana-y-portugal-modelo-justo-de-la-economia-social\/#webpage\"},\"author\":{\"@id\":\"https:\/\/www.pro-corp.net\/bck\/#\/schema\/person\/d6eda375fcca981cadf1e8f102bb8966\"},\"headline\":\"Espa\u00f1a y Portugal buscan cooperar reforzando el modelo justo de la Econom\u00eda Social\",\"datePublished\":\"2021-09-15T09:00:00+00:00\",\"dateModified\":\"2021-10-25T20:20:09+00:00\",\"mainEntityOfPage\":{\"@id\":\"https:\/\/www.pro-corp.net\/bck\/espana-y-portugal-modelo-justo-de-la-economia-social\/#webpage\"},\"wordCount\":319,\"commentCount\":0,\"publisher\":{\"@id\":\"https:\/\/www.pro-corp.net\/bck\/#organization\"},\"image\":{\"@id\":\"https:\/\/www.pro-corp.net\/bck\/espana-y-portugal-modelo-justo-de-la-economia-social\/#primaryimage\"},\"thumbnailUrl\":\"https:\/\/www.pro-corp.net\/bck\/wp-content\/uploads\/2021\/09\/Economia-scaled.jpeg\",\"articleSection\":[\"Vivir en Europa\"],\"inLanguage\":\"es\",\"potentialAction\":[{\"@type\":\"CommentAction\",\"name\":\"Comment\",\"target\":[\"https:\/\/www.pro-corp.net\/bck\/espana-y-portugal-modelo-justo-de-la-economia-social\/#respond\"]}]},{\"@type\":\"Person\",\"@id\":\"https:\/\/www.pro-corp.net\/bck\/#\/schema\/person\/d6eda375fcca981cadf1e8f102bb8966\",\"name\":\"Christian Andres\",\"image\":{\"@type\":\"ImageObject\",\"@id\":\"https:\/\/www.pro-corp.net\/bck\/#personlogo\",\"inLanguage\":\"es\",\"url\":\"https:\/\/secure.gravatar.com\/avatar\/87676f1df919f3ff761ee73fc0e15532?s=96&d=mm&r=g\",\"contentUrl\":\"https:\/\/secure.gravatar.com\/avatar\/87676f1df919f3ff761ee73fc0e15532?s=96&d=mm&r=g\",\"caption\":\"Christian Andres\"}}]}<\/script>\n<!-- \/ Yoast SEO plugin. -->","yoast_head_json":{"title":"Espa\u00f1a y Portugal buscan cooperar el modelo de la Econom\u00eda Social - Pro-corp","description":"A trav\u00e9s de un memorando de Entendimiento y Cooperaci\u00f3n los gobiernos de Espa\u00f1a y Portugal buscan afianzar su compromiso con la Econom\u00eda Social.","robots":{"index":"index","follow":"follow","max-snippet":"max-snippet:-1","max-image-preview":"max-image-preview:large","max-video-preview":"max-video-preview:-1"},"canonical":"https:\/\/www.pro-corp.net\/bck\/espana-y-portugal-modelo-justo-de-la-economia-social\/","og_locale":"es_ES","og_type":"article","og_title":"Espa\u00f1a y Portugal buscan cooperar el modelo de la Econom\u00eda Social - Pro-corp","og_description":"A trav\u00e9s de un memorando de Entendimiento y Cooperaci\u00f3n los gobiernos de Espa\u00f1a y Portugal buscan afianzar su compromiso con la Econom\u00eda Social.","og_url":"https:\/\/www.pro-corp.net\/bck\/espana-y-portugal-modelo-justo-de-la-economia-social\/","og_site_name":"Pro Corp Corporate Development","article_publisher":"https:\/\/www.facebook.com\/Pro-Corp-Asesoria-legal-y-empresarial-105779337842842\/","article_published_time":"2021-09-15T09:00:00+00:00","article_modified_time":"2021-10-25T20:20:09+00:00","og_image":[{"width":2560,"height":1402,"url":"https:\/\/www.pro-corp.net\/bck\/wp-content\/uploads\/2021\/09\/Economia-scaled.jpeg","type":"image\/jpeg"}],"twitter_card":"summary_large_image","twitter_creator":"@Pro_Corp","twitter_site":"@Pro_Corp","twitter_misc":{"Escrito por":"Christian Andres","Tiempo de lectura":"2 minutos"},"schema":{"@context":"https:\/\/schema.org","@graph":[{"@type":"Organization","@id":"https:\/\/www.pro-corp.net\/bck\/#organization","name":"Pro Corp Corporate Development","url":"https:\/\/www.pro-corp.net\/bck\/","sameAs":["https:\/\/www.facebook.com\/Pro-Corp-Asesoria-legal-y-empresarial-105779337842842\/","https:\/\/twitter.com\/Pro_Corp"],"logo":{"@type":"ImageObject","@id":"https:\/\/www.pro-corp.net\/bck\/#logo","inLanguage":"es","url":"http:\/\/www.pro-corp.net\/bck\/wp-content\/uploads\/2020\/06\/icon.png","contentUrl":"http:\/\/www.pro-corp.net\/bck\/wp-content\/uploads\/2020\/06\/icon.png","width":640,"height":640,"caption":"Pro Corp Corporate Development"},"image":{"@id":"https:\/\/www.pro-corp.net\/bck\/#logo"}},{"@type":"WebSite","@id":"https:\/\/www.pro-corp.net\/bck\/#website","url":"https:\/\/www.pro-corp.net\/bck\/","name":"Pro Corp Corporate Development","description":"Nacionalidad Europea por Ley Sefard\u00ed","publisher":{"@id":"https:\/\/www.pro-corp.net\/bck\/#organization"},"potentialAction":[{"@type":"SearchAction","target":{"@type":"EntryPoint","urlTemplate":"https:\/\/www.pro-corp.net\/bck\/?s={search_term_string}"},"query-input":"required name=search_term_string"}],"inLanguage":"es"},{"@type":"ImageObject","@id":"https:\/\/www.pro-corp.net\/bck\/espana-y-portugal-modelo-justo-de-la-economia-social\/#primaryimage","inLanguage":"es","url":"https:\/\/www.pro-corp.net\/bck\/wp-content\/uploads\/2021\/09\/Economia-scaled.jpeg","contentUrl":"https:\/\/www.pro-corp.net\/bck\/wp-content\/uploads\/2021\/09\/Economia-scaled.jpeg","width":2560,"height":1402,"caption":"Espa\u00f1a y Portugal buscan cooperar reforzando el modelo justo de la Econom\u00eda Social"},{"@type":"WebPage","@id":"https:\/\/www.pro-corp.net\/bck\/espana-y-portugal-modelo-justo-de-la-economia-social\/#webpage","url":"https:\/\/www.pro-corp.net\/bck\/espana-y-portugal-modelo-justo-de-la-economia-social\/","name":"Espa\u00f1a y Portugal buscan cooperar el modelo de la Econom\u00eda Social - Pro-corp","isPartOf":{"@id":"https:\/\/www.pro-corp.net\/bck\/#website"},"primaryImageOfPage":{"@id":"https:\/\/www.pro-corp.net\/bck\/espana-y-portugal-modelo-justo-de-la-economia-social\/#primaryimage"},"datePublished":"2021-09-15T09:00:00+00:00","dateModified":"2021-10-25T20:20:09+00:00","description":"A trav\u00e9s de un memorando de Entendimiento y Cooperaci\u00f3n los gobiernos de Espa\u00f1a y Portugal buscan afianzar su compromiso con la Econom\u00eda Social.","breadcrumb":{"@id":"https:\/\/www.pro-corp.net\/bck\/espana-y-portugal-modelo-justo-de-la-economia-social\/#breadcrumb"},"inLanguage":"es","potentialAction":[{"@type":"ReadAction","target":["https:\/\/www.pro-corp.net\/bck\/espana-y-portugal-modelo-justo-de-la-economia-social\/"]}]},{"@type":"BreadcrumbList","@id":"https:\/\/www.pro-corp.net\/bck\/espana-y-portugal-modelo-justo-de-la-economia-social\/#breadcrumb","itemListElement":[{"@type":"ListItem","position":1,"name":"Espa\u00f1a y Portugal buscan cooperar reforzando el modelo justo de la Econom\u00eda Social"}]},{"@type":"Article","@id":"https:\/\/www.pro-corp.net\/bck\/espana-y-portugal-modelo-justo-de-la-economia-social\/#article","isPartOf":{"@id":"https:\/\/www.pro-corp.net\/bck\/espana-y-portugal-modelo-justo-de-la-economia-social\/#webpage"},"author":{"@id":"https:\/\/www.pro-corp.net\/bck\/#\/schema\/person\/d6eda375fcca981cadf1e8f102bb8966"},"headline":"Espa\u00f1a y Portugal buscan cooperar reforzando el modelo justo de la Econom\u00eda Social","datePublished":"2021-09-15T09:00:00+00:00","dateModified":"2021-10-25T20:20:09+00:00","mainEntityOfPage":{"@id":"https:\/\/www.pro-corp.net\/bck\/espana-y-portugal-modelo-justo-de-la-economia-social\/#webpage"},"wordCount":319,"commentCount":0,"publisher":{"@id":"https:\/\/www.pro-corp.net\/bck\/#organization"},"image":{"@id":"https:\/\/www.pro-corp.net\/bck\/espana-y-portugal-modelo-justo-de-la-economia-social\/#primaryimage"},"thumbnailUrl":"https:\/\/www.pro-corp.net\/bck\/wp-content\/uploads\/2021\/09\/Economia-scaled.jpeg","articleSection":["Vivir en Europa"],"inLanguage":"es","potentialAction":[{"@type":"CommentAction","name":"Comment","target":["https:\/\/www.pro-corp.net\/bck\/espana-y-portugal-modelo-justo-de-la-economia-social\/#respond"]}]},{"@type":"Person","@id":"https:\/\/www.pro-corp.net\/bck\/#\/schema\/person\/d6eda375fcca981cadf1e8f102bb8966","name":"Christian Andres","image":{"@type":"ImageObject","@id":"https:\/\/www.pro-corp.net\/bck\/#personlogo","inLanguage":"es","url":"https:\/\/secure.gravatar.com\/avatar\/87676f1df919f3ff761ee73fc0e15532?s=96&d=mm&r=g","contentUrl":"https:\/\/secure.gravatar.com\/avatar\/87676f1df919f3ff761ee73fc0e15532?s=96&d=mm&r=g","caption":"Christian Andres"}}]}},"_links":{"self":[{"href":"https:\/\/www.pro-corp.net\/bck\/wp-json\/wp\/v2\/posts\/7426"}],"collection":[{"href":"https:\/\/www.pro-corp.net\/bck\/wp-json\/wp\/v2\/posts"}],"about":[{"href":"https:\/\/www.pro-corp.net\/bck\/wp-json\/wp\/v2\/types\/post"}],"author":[{"embeddable":true,"href":"https:\/\/www.pro-corp.net\/bck\/wp-json\/wp\/v2\/users\/1656"}],"replies":[{"embeddable":true,"href":"https:\/\/www.pro-corp.net\/bck\/wp-json\/wp\/v2\/comments?post=7426"}],"version-history":[{"count":5,"href":"https:\/\/www.pro-corp.net\/bck\/wp-json\/wp\/v2\/posts\/7426\/revisions"}],"predecessor-version":[{"id":7933,"href":"https:\/\/www.pro-corp.net\/bck\/wp-json\/wp\/v2\/posts\/7426\/revisions\/7933"}],"wp:featuredmedia":[{"embeddable":true,"href":"https:\/\/www.pro-corp.net\/bck\/wp-json\/wp\/v2\/media\/7428"}],"wp:attachment":[{"href":"https:\/\/www.pro-corp.net\/bck\/wp-json\/wp\/v2\/media?parent=7426"}],"wp:term":[{"taxonomy":"category","embeddable":true,"href":"https:\/\/www.pro-corp.net\/bck\/wp-json\/wp\/v2\/categories?post=7426"},{"taxonomy":"post_tag","embeddable":true,"href":"https:\/\/www.pro-corp.net\/bck\/wp-json\/wp\/v2\/tags?post=7426"}],"curies":[{"name":"wp","href":"https:\/\/api.w.org\/{rel}","templated":true}]}}