{"id":7529,"date":"2021-10-02T10:56:32","date_gmt":"2021-10-02T15:56:32","guid":{"rendered":"http:\/\/www.pro-corp.net\/bck\/?p=7529"},"modified":"2021-10-25T15:22:06","modified_gmt":"2021-10-25T20:22:06","slug":"acuerdos-entre-colombia-y-espana","status":"publish","type":"post","link":"https:\/\/www.pro-corp.net\/bck\/acuerdos-entre-colombia-y-espana\/","title":{"rendered":"Nuevos acuerdos entre Colombia y Espa\u00f1a durante la visita del presidente Duque"},"content":{"rendered":"<p>Durante la visita oficial del presidente Duque a Espa\u00f1a se firmaron cuatro acuerdos importantes de cooperaci\u00f3n internacional junto con el presidente del Gobierno espa\u00f1ol Pedro S\u00e1nchez. El objetivo de estos acuerdos busca reafirmar el fortalecimiento de las relaciones diplom\u00e1ticas entre ambas naciones las cuales datan de 140 a\u00f1os atr\u00e1s.<\/p>\n<p>Los jefes de estado de ambos pa\u00edses se reunieron en el Palacio de la Moncloa, en Madrid, buscando reforzar la cooperaci\u00f3n en el campo pol\u00edtico, econ\u00f3mico, comercial y cultural. En el campo de estos acuerdos se busca mejorar la inversi\u00f3n, la seguridad y la lucha contra la delincuencia entre ambos pa\u00edses. Recordemos que Espa\u00f1a es el segundo pa\u00eds m\u00e1s importante en temas de inversiones para Colombia.<\/p>\n<p>Los cuatro acuerdos<\/p>\n<p>Bien, ahora miremos cu\u00e1les son estos importantes acuerdos que se firmaron entre ambos pa\u00edses:<\/p>\n<p>El primer proyecto que se firm\u00f3 tiene como fin la creaci\u00f3n de una Comisi\u00f3n de Alto Nivel (CAN), la cual tiene como objetivo fortalecer la relaci\u00f3n y elevar el nivel de interlocuci\u00f3n entre ambas naciones.<\/p>\n<p>El segundo acuerdo que se suscribi\u00f3 entre ambas naciones, es un convenio de promoci\u00f3n y protecci\u00f3n rec\u00edproca de inversiones, con el cual se busca promover la llegada de inversionistas a cada pa\u00eds, logrando un relacionamiento econ\u00f3mico y comercial.<\/p>\n<p>El tercer acuerdo se enfoca en materia de seguridad donde ambos pa\u00edses buscan una cooperaci\u00f3n que permita fortalecer la lucha contra la delincuencia y atacar en operativos conjuntos las organizaciones delictivas entre las autoridades de ambos pa\u00edses.<\/p>\n<p>Finalmente, el cuarto convenio que se firm\u00f3 busca reforzar la difusi\u00f3n de la cultura colombiana e iberoamericana con actividades de intercambio cultural por medio del Instituto Cervantes. Los proyectos conjuntos entre ambos pa\u00edses se enfocan en programas acad\u00e9micos, vinculaci\u00f3n y cooperaci\u00f3n para la ense\u00f1anza del idioma espa\u00f1ol.<\/p>\n<p>Fecha de publicaci\u00f3n: 30 de septiembre de 2021<\/p>\n","protected":false},"excerpt":{"rendered":"<p>Durante la visita oficial del presidente Duque a Espa\u00f1a se firmaron cuatro acuerdos importantes de cooperaci\u00f3n internacional junto con el presidente del Gobierno espa\u00f1ol Pedro S\u00e1nchez. El objetivo de estos acuerdos busca reafirmar el fortalecimiento de las relaciones diplom\u00e1ticas entre ambas naciones las cuales datan de 140 a\u00f1os atr\u00e1s. Los jefes de estado de ambos [&hellip;]<\/p>\n","protected":false},"author":1656,"featured_media":7534,"comment_status":"open","ping_status":"open","sticky":false,"template":"","format":"standard","meta":[],"categories":[57],"tags":[],"yoast_head":"<!-- This site is optimized with the Yoast SEO plugin v18.2 - https:\/\/yoast.com\/wordpress\/plugins\/seo\/ -->\n<title>Acuerdos entre Colombia y Espa\u00f1a durante la visita del presidente Duque - Pro corp<\/title>\n<meta name=\"description\" content=\"Durante la visita oficial del presidente Duque a Espa\u00f1a se firmaron cuatro acuerdos importantes de cooperaci\u00f3n internacional junto con el presidente del Gobierno espa\u00f1ol Pedro S\u00e1nchez.\" \/>\n<meta name=\"robots\" content=\"index, follow, max-snippet:-1, max-image-preview:large, max-video-preview:-1\" \/>\n<link rel=\"canonical\" href=\"https:\/\/www.pro-corp.net\/bck\/acuerdos-entre-colombia-y-espana\/\" \/>\n<meta property=\"og:locale\" content=\"es_ES\" \/>\n<meta property=\"og:type\" content=\"article\" \/>\n<meta property=\"og:title\" content=\"Acuerdos entre Colombia y Espa\u00f1a durante la visita del presidente Duque - Pro corp\" \/>\n<meta property=\"og:description\" content=\"Durante la visita oficial del presidente Duque a Espa\u00f1a se firmaron cuatro acuerdos importantes de cooperaci\u00f3n internacional junto con el presidente del Gobierno espa\u00f1ol Pedro S\u00e1nchez.\" \/>\n<meta property=\"og:url\" content=\"https:\/\/www.pro-corp.net\/bck\/acuerdos-entre-colombia-y-espana\/\" \/>\n<meta property=\"og:site_name\" content=\"Pro Corp Corporate Development\" \/>\n<meta property=\"article:publisher\" content=\"https:\/\/www.facebook.com\/Pro-Corp-Asesoria-legal-y-empresarial-105779337842842\/\" \/>\n<meta property=\"article:published_time\" content=\"2021-10-02T15:56:32+00:00\" \/>\n<meta property=\"article:modified_time\" content=\"2021-10-25T20:22:06+00:00\" \/>\n<meta property=\"og:image\" content=\"https:\/\/www.pro-corp.net\/bck\/wp-content\/uploads\/2021\/09\/Acuerdos-scaled.jpeg\" \/>\n\t<meta property=\"og:image:width\" content=\"2560\" \/>\n\t<meta property=\"og:image:height\" content=\"1707\" \/>\n\t<meta property=\"og:image:type\" content=\"image\/jpeg\" \/>\n<meta name=\"twitter:card\" content=\"summary_large_image\" \/>\n<meta name=\"twitter:creator\" content=\"@Pro_Corp\" \/>\n<meta name=\"twitter:site\" content=\"@Pro_Corp\" \/>\n<meta name=\"twitter:label1\" content=\"Escrito por\" \/>\n\t<meta name=\"twitter:data1\" content=\"Christian Andres\" \/>\n\t<meta name=\"twitter:label2\" content=\"Tiempo de lectura\" \/>\n\t<meta name=\"twitter:data2\" content=\"2 minutos\" \/>\n<script type=\"application\/ld+json\" class=\"yoast-schema-graph\">{\"@context\":\"https:\/\/schema.org\",\"@graph\":[{\"@type\":\"Organization\",\"@id\":\"https:\/\/www.pro-corp.net\/bck\/#organization\",\"name\":\"Pro Corp Corporate Development\",\"url\":\"https:\/\/www.pro-corp.net\/bck\/\",\"sameAs\":[\"https:\/\/www.facebook.com\/Pro-Corp-Asesoria-legal-y-empresarial-105779337842842\/\",\"https:\/\/twitter.com\/Pro_Corp\"],\"logo\":{\"@type\":\"ImageObject\",\"@id\":\"https:\/\/www.pro-corp.net\/bck\/#logo\",\"inLanguage\":\"es\",\"url\":\"http:\/\/www.pro-corp.net\/bck\/wp-content\/uploads\/2020\/06\/icon.png\",\"contentUrl\":\"http:\/\/www.pro-corp.net\/bck\/wp-content\/uploads\/2020\/06\/icon.png\",\"width\":640,\"height\":640,\"caption\":\"Pro Corp Corporate Development\"},\"image\":{\"@id\":\"https:\/\/www.pro-corp.net\/bck\/#logo\"}},{\"@type\":\"WebSite\",\"@id\":\"https:\/\/www.pro-corp.net\/bck\/#website\",\"url\":\"https:\/\/www.pro-corp.net\/bck\/\",\"name\":\"Pro Corp Corporate Development\",\"description\":\"Nacionalidad Europea por Ley Sefard\u00ed\",\"publisher\":{\"@id\":\"https:\/\/www.pro-corp.net\/bck\/#organization\"},\"potentialAction\":[{\"@type\":\"SearchAction\",\"target\":{\"@type\":\"EntryPoint\",\"urlTemplate\":\"https:\/\/www.pro-corp.net\/bck\/?s={search_term_string}\"},\"query-input\":\"required name=search_term_string\"}],\"inLanguage\":\"es\"},{\"@type\":\"ImageObject\",\"@id\":\"https:\/\/www.pro-corp.net\/bck\/acuerdos-entre-colombia-y-espana\/#primaryimage\",\"inLanguage\":\"es\",\"url\":\"https:\/\/www.pro-corp.net\/bck\/wp-content\/uploads\/2021\/09\/Acuerdos-scaled.jpeg\",\"contentUrl\":\"https:\/\/www.pro-corp.net\/bck\/wp-content\/uploads\/2021\/09\/Acuerdos-scaled.jpeg\",\"width\":2560,\"height\":1707,\"caption\":\"Durante la visita oficial del presidente Duque a Espa\u00f1a se firmaron cuatro acuerdos importantes de cooperaci\u00f3n internacional junto con el presidente del Gobierno espa\u00f1ol Pedro S\u00e1nchez\"},{\"@type\":\"WebPage\",\"@id\":\"https:\/\/www.pro-corp.net\/bck\/acuerdos-entre-colombia-y-espana\/#webpage\",\"url\":\"https:\/\/www.pro-corp.net\/bck\/acuerdos-entre-colombia-y-espana\/\",\"name\":\"Acuerdos entre Colombia y Espa\u00f1a durante la visita del presidente Duque - Pro corp\",\"isPartOf\":{\"@id\":\"https:\/\/www.pro-corp.net\/bck\/#website\"},\"primaryImageOfPage\":{\"@id\":\"https:\/\/www.pro-corp.net\/bck\/acuerdos-entre-colombia-y-espana\/#primaryimage\"},\"datePublished\":\"2021-10-02T15:56:32+00:00\",\"dateModified\":\"2021-10-25T20:22:06+00:00\",\"description\":\"Durante la visita oficial del presidente Duque a Espa\u00f1a se firmaron cuatro acuerdos importantes de cooperaci\u00f3n internacional junto con el presidente del Gobierno espa\u00f1ol Pedro S\u00e1nchez.\",\"breadcrumb\":{\"@id\":\"https:\/\/www.pro-corp.net\/bck\/acuerdos-entre-colombia-y-espana\/#breadcrumb\"},\"inLanguage\":\"es\",\"potentialAction\":[{\"@type\":\"ReadAction\",\"target\":[\"https:\/\/www.pro-corp.net\/bck\/acuerdos-entre-colombia-y-espana\/\"]}]},{\"@type\":\"BreadcrumbList\",\"@id\":\"https:\/\/www.pro-corp.net\/bck\/acuerdos-entre-colombia-y-espana\/#breadcrumb\",\"itemListElement\":[{\"@type\":\"ListItem\",\"position\":1,\"name\":\"Nuevos acuerdos entre Colombia y Espa\u00f1a durante la visita del presidente Duque\"}]},{\"@type\":\"Article\",\"@id\":\"https:\/\/www.pro-corp.net\/bck\/acuerdos-entre-colombia-y-espana\/#article\",\"isPartOf\":{\"@id\":\"https:\/\/www.pro-corp.net\/bck\/acuerdos-entre-colombia-y-espana\/#webpage\"},\"author\":{\"@id\":\"https:\/\/www.pro-corp.net\/bck\/#\/schema\/person\/d6eda375fcca981cadf1e8f102bb8966\"},\"headline\":\"Nuevos acuerdos entre Colombia y Espa\u00f1a durante la visita del presidente Duque\",\"datePublished\":\"2021-10-02T15:56:32+00:00\",\"dateModified\":\"2021-10-25T20:22:06+00:00\",\"mainEntityOfPage\":{\"@id\":\"https:\/\/www.pro-corp.net\/bck\/acuerdos-entre-colombia-y-espana\/#webpage\"},\"wordCount\":345,\"commentCount\":0,\"publisher\":{\"@id\":\"https:\/\/www.pro-corp.net\/bck\/#organization\"},\"image\":{\"@id\":\"https:\/\/www.pro-corp.net\/bck\/acuerdos-entre-colombia-y-espana\/#primaryimage\"},\"thumbnailUrl\":\"https:\/\/www.pro-corp.net\/bck\/wp-content\/uploads\/2021\/09\/Acuerdos-scaled.jpeg\",\"articleSection\":[\"Emigrar a Espa\u00f1a\"],\"inLanguage\":\"es\",\"potentialAction\":[{\"@type\":\"CommentAction\",\"name\":\"Comment\",\"target\":[\"https:\/\/www.pro-corp.net\/bck\/acuerdos-entre-colombia-y-espana\/#respond\"]}]},{\"@type\":\"Person\",\"@id\":\"https:\/\/www.pro-corp.net\/bck\/#\/schema\/person\/d6eda375fcca981cadf1e8f102bb8966\",\"name\":\"Christian Andres\",\"image\":{\"@type\":\"ImageObject\",\"@id\":\"https:\/\/www.pro-corp.net\/bck\/#personlogo\",\"inLanguage\":\"es\",\"url\":\"https:\/\/secure.gravatar.com\/avatar\/87676f1df919f3ff761ee73fc0e15532?s=96&d=mm&r=g\",\"contentUrl\":\"https:\/\/secure.gravatar.com\/avatar\/87676f1df919f3ff761ee73fc0e15532?s=96&d=mm&r=g\",\"caption\":\"Christian Andres\"}}]}<\/script>\n<!-- \/ Yoast SEO plugin. -->","yoast_head_json":{"title":"Acuerdos entre Colombia y Espa\u00f1a durante la visita del presidente Duque - Pro corp","description":"Durante la visita oficial del presidente Duque a Espa\u00f1a se firmaron cuatro acuerdos importantes de cooperaci\u00f3n internacional junto con el presidente del Gobierno espa\u00f1ol Pedro S\u00e1nchez.","robots":{"index":"index","follow":"follow","max-snippet":"max-snippet:-1","max-image-preview":"max-image-preview:large","max-video-preview":"max-video-preview:-1"},"canonical":"https:\/\/www.pro-corp.net\/bck\/acuerdos-entre-colombia-y-espana\/","og_locale":"es_ES","og_type":"article","og_title":"Acuerdos entre Colombia y Espa\u00f1a durante la visita del presidente Duque - Pro corp","og_description":"Durante la visita oficial del presidente Duque a Espa\u00f1a se firmaron cuatro acuerdos importantes de cooperaci\u00f3n internacional junto con el presidente del Gobierno espa\u00f1ol Pedro S\u00e1nchez.","og_url":"https:\/\/www.pro-corp.net\/bck\/acuerdos-entre-colombia-y-espana\/","og_site_name":"Pro Corp Corporate Development","article_publisher":"https:\/\/www.facebook.com\/Pro-Corp-Asesoria-legal-y-empresarial-105779337842842\/","article_published_time":"2021-10-02T15:56:32+00:00","article_modified_time":"2021-10-25T20:22:06+00:00","og_image":[{"width":2560,"height":1707,"url":"https:\/\/www.pro-corp.net\/bck\/wp-content\/uploads\/2021\/09\/Acuerdos-scaled.jpeg","type":"image\/jpeg"}],"twitter_card":"summary_large_image","twitter_creator":"@Pro_Corp","twitter_site":"@Pro_Corp","twitter_misc":{"Escrito por":"Christian Andres","Tiempo de lectura":"2 minutos"},"schema":{"@context":"https:\/\/schema.org","@graph":[{"@type":"Organization","@id":"https:\/\/www.pro-corp.net\/bck\/#organization","name":"Pro Corp Corporate Development","url":"https:\/\/www.pro-corp.net\/bck\/","sameAs":["https:\/\/www.facebook.com\/Pro-Corp-Asesoria-legal-y-empresarial-105779337842842\/","https:\/\/twitter.com\/Pro_Corp"],"logo":{"@type":"ImageObject","@id":"https:\/\/www.pro-corp.net\/bck\/#logo","inLanguage":"es","url":"http:\/\/www.pro-corp.net\/bck\/wp-content\/uploads\/2020\/06\/icon.png","contentUrl":"http:\/\/www.pro-corp.net\/bck\/wp-content\/uploads\/2020\/06\/icon.png","width":640,"height":640,"caption":"Pro Corp Corporate Development"},"image":{"@id":"https:\/\/www.pro-corp.net\/bck\/#logo"}},{"@type":"WebSite","@id":"https:\/\/www.pro-corp.net\/bck\/#website","url":"https:\/\/www.pro-corp.net\/bck\/","name":"Pro Corp Corporate Development","description":"Nacionalidad Europea por Ley Sefard\u00ed","publisher":{"@id":"https:\/\/www.pro-corp.net\/bck\/#organization"},"potentialAction":[{"@type":"SearchAction","target":{"@type":"EntryPoint","urlTemplate":"https:\/\/www.pro-corp.net\/bck\/?s={search_term_string}"},"query-input":"required name=search_term_string"}],"inLanguage":"es"},{"@type":"ImageObject","@id":"https:\/\/www.pro-corp.net\/bck\/acuerdos-entre-colombia-y-espana\/#primaryimage","inLanguage":"es","url":"https:\/\/www.pro-corp.net\/bck\/wp-content\/uploads\/2021\/09\/Acuerdos-scaled.jpeg","contentUrl":"https:\/\/www.pro-corp.net\/bck\/wp-content\/uploads\/2021\/09\/Acuerdos-scaled.jpeg","width":2560,"height":1707,"caption":"Durante la visita oficial del presidente Duque a Espa\u00f1a se firmaron cuatro acuerdos importantes de cooperaci\u00f3n internacional junto con el presidente del Gobierno espa\u00f1ol Pedro S\u00e1nchez"},{"@type":"WebPage","@id":"https:\/\/www.pro-corp.net\/bck\/acuerdos-entre-colombia-y-espana\/#webpage","url":"https:\/\/www.pro-corp.net\/bck\/acuerdos-entre-colombia-y-espana\/","name":"Acuerdos entre Colombia y Espa\u00f1a durante la visita del presidente Duque - Pro corp","isPartOf":{"@id":"https:\/\/www.pro-corp.net\/bck\/#website"},"primaryImageOfPage":{"@id":"https:\/\/www.pro-corp.net\/bck\/acuerdos-entre-colombia-y-espana\/#primaryimage"},"datePublished":"2021-10-02T15:56:32+00:00","dateModified":"2021-10-25T20:22:06+00:00","description":"Durante la visita oficial del presidente Duque a Espa\u00f1a se firmaron cuatro acuerdos importantes de cooperaci\u00f3n internacional junto con el presidente del Gobierno espa\u00f1ol Pedro S\u00e1nchez.","breadcrumb":{"@id":"https:\/\/www.pro-corp.net\/bck\/acuerdos-entre-colombia-y-espana\/#breadcrumb"},"inLanguage":"es","potentialAction":[{"@type":"ReadAction","target":["https:\/\/www.pro-corp.net\/bck\/acuerdos-entre-colombia-y-espana\/"]}]},{"@type":"BreadcrumbList","@id":"https:\/\/www.pro-corp.net\/bck\/acuerdos-entre-colombia-y-espana\/#breadcrumb","itemListElement":[{"@type":"ListItem","position":1,"name":"Nuevos acuerdos entre Colombia y Espa\u00f1a durante la visita del presidente Duque"}]},{"@type":"Article","@id":"https:\/\/www.pro-corp.net\/bck\/acuerdos-entre-colombia-y-espana\/#article","isPartOf":{"@id":"https:\/\/www.pro-corp.net\/bck\/acuerdos-entre-colombia-y-espana\/#webpage"},"author":{"@id":"https:\/\/www.pro-corp.net\/bck\/#\/schema\/person\/d6eda375fcca981cadf1e8f102bb8966"},"headline":"Nuevos acuerdos entre Colombia y Espa\u00f1a durante la visita del presidente Duque","datePublished":"2021-10-02T15:56:32+00:00","dateModified":"2021-10-25T20:22:06+00:00","mainEntityOfPage":{"@id":"https:\/\/www.pro-corp.net\/bck\/acuerdos-entre-colombia-y-espana\/#webpage"},"wordCount":345,"commentCount":0,"publisher":{"@id":"https:\/\/www.pro-corp.net\/bck\/#organization"},"image":{"@id":"https:\/\/www.pro-corp.net\/bck\/acuerdos-entre-colombia-y-espana\/#primaryimage"},"thumbnailUrl":"https:\/\/www.pro-corp.net\/bck\/wp-content\/uploads\/2021\/09\/Acuerdos-scaled.jpeg","articleSection":["Emigrar a Espa\u00f1a"],"inLanguage":"es","potentialAction":[{"@type":"CommentAction","name":"Comment","target":["https:\/\/www.pro-corp.net\/bck\/acuerdos-entre-colombia-y-espana\/#respond"]}]},{"@type":"Person","@id":"https:\/\/www.pro-corp.net\/bck\/#\/schema\/person\/d6eda375fcca981cadf1e8f102bb8966","name":"Christian Andres","image":{"@type":"ImageObject","@id":"https:\/\/www.pro-corp.net\/bck\/#personlogo","inLanguage":"es","url":"https:\/\/secure.gravatar.com\/avatar\/87676f1df919f3ff761ee73fc0e15532?s=96&d=mm&r=g","contentUrl":"https:\/\/secure.gravatar.com\/avatar\/87676f1df919f3ff761ee73fc0e15532?s=96&d=mm&r=g","caption":"Christian Andres"}}]}},"_links":{"self":[{"href":"https:\/\/www.pro-corp.net\/bck\/wp-json\/wp\/v2\/posts\/7529"}],"collection":[{"href":"https:\/\/www.pro-corp.net\/bck\/wp-json\/wp\/v2\/posts"}],"about":[{"href":"https:\/\/www.pro-corp.net\/bck\/wp-json\/wp\/v2\/types\/post"}],"author":[{"embeddable":true,"href":"https:\/\/www.pro-corp.net\/bck\/wp-json\/wp\/v2\/users\/1656"}],"replies":[{"embeddable":true,"href":"https:\/\/www.pro-corp.net\/bck\/wp-json\/wp\/v2\/comments?post=7529"}],"version-history":[{"count":3,"href":"https:\/\/www.pro-corp.net\/bck\/wp-json\/wp\/v2\/posts\/7529\/revisions"}],"predecessor-version":[{"id":7934,"href":"https:\/\/www.pro-corp.net\/bck\/wp-json\/wp\/v2\/posts\/7529\/revisions\/7934"}],"wp:featuredmedia":[{"embeddable":true,"href":"https:\/\/www.pro-corp.net\/bck\/wp-json\/wp\/v2\/media\/7534"}],"wp:attachment":[{"href":"https:\/\/www.pro-corp.net\/bck\/wp-json\/wp\/v2\/media?parent=7529"}],"wp:term":[{"taxonomy":"category","embeddable":true,"href":"https:\/\/www.pro-corp.net\/bck\/wp-json\/wp\/v2\/categories?post=7529"},{"taxonomy":"post_tag","embeddable":true,"href":"https:\/\/www.pro-corp.net\/bck\/wp-json\/wp\/v2\/tags?post=7529"}],"curies":[{"name":"wp","href":"https:\/\/api.w.org\/{rel}","templated":true}]}}