{"id":8134,"date":"2022-01-29T08:30:49","date_gmt":"2022-01-29T13:30:49","guid":{"rendered":"http:\/\/www.pro-corp.net\/bck\/?p=8134"},"modified":"2022-01-29T08:31:30","modified_gmt":"2022-01-29T13:31:30","slug":"espana-levanta-restricciones-a-viajeros","status":"publish","type":"post","link":"https:\/\/www.pro-corp.net\/bck\/espana-levanta-restricciones-a-viajeros\/","title":{"rendered":"Espa\u00f1a levanta restricciones a viajeros provenientes de Colombia"},"content":{"rendered":"<p>Si eres uno de esos viajeros provenientes de Colombia que han venido planeando su visita a Espa\u00f1a, pero no la han podido consolidar debido a las \u00faltimas restricciones por pandemia del COVID-19 en este pa\u00eds, la siguiente informaci\u00f3n seguramente te alegrar\u00e1 y te motivar\u00e1 a llevarla a cabo.<\/p>\n<p>A partir del pasado jueves 27 de enero del 2022, este pa\u00eds elimin\u00f3 dichas restricciones para el ingreso de los viajeros provenientes de Colombia, sin embargo, estableci\u00f3 algunos requisitos b\u00e1sicos para poder recibirlos de forma satisfactoria en su territorio.<\/p>\n<p>De acuerdo al Consulado General de Espa\u00f1a en Bogot\u00e1, podr\u00e1n hacerlo una vez diligencien\u00a0el formulario de salud <a href=\"https:\/\/www.spth.gob.es\/\" target=\"_blank\" rel=\"noopener\">Spth<\/a> <em>Spain Travel Health<\/em> y cumplan con las siguientes condiciones sanitarias.<\/p>\n<h2><strong>Condiciones sanitarias para viajeros provenientes de Colombia:<\/strong><\/h2>\n<h3>Certificado de vacunaci\u00f3n contra el COVID-19<\/h3>\n<p>Los viajeros provenientes de Colombia deben contar con el certificado de vacunaci\u00f3n contra el COVID-19 al llegar a Espa\u00f1a, el cual deber\u00e1 contener el esquema completo. Este documento debe ser expedido por las autoridades competentes del pa\u00eds de origen del viajero a partir de los 14 d\u00edas posteriores a la fecha de recibir la \u00faltima dosis.<\/p>\n<p>Adem\u00e1s de lo anterior, este certificado de vacunaci\u00f3n deber\u00e1 contar como m\u00ednimo con los siguientes datos:<\/p>\n<ul>\n<li>Nombres y apellidos del viajero.<\/li>\n<li>Fecha de vacunaci\u00f3n.<\/li>\n<li>Dosis administradas.<\/li>\n<li>Tipo(s) de vacuna.<\/li>\n<li>Pa\u00eds emisor.<\/li>\n<li>Identificaci\u00f3n del organismo emisor del certificado de vacunaci\u00f3n.<\/li>\n<\/ul>\n<p>Es fundamental tener en cuenta que a partir del 01 de febrero del 2022 este certificado de vacunaci\u00f3n ser\u00e1 v\u00e1lido siempre y cuando la \u00faltima dosis aplicada no haya sido suministrada con m\u00e1s de 270 d\u00edas, de lo contario, las entidades competentes del pa\u00eds de origen que expidieron dicho documento deber\u00e1n reportar la necesidad de suministrar la dosis de refuerzo.<\/p>\n<h3>Resultado negativo de COVID-19<\/h3>\n<p>Adem\u00e1s de lo mencionado, es necesario presentar en Espa\u00f1a el certificado de la prueba con resultado negativo del COVID-19. Los certificados aceptados deben pertenecer a alguno de los siguientes grupos:<\/p>\n<ul>\n<li>Pruebas de amplificaci\u00f3n de \u00e1cido nucleico molecular (NAAT) v\u00e1lidas con 72 horas antes de llegar a Espa\u00f1a. (PCR)<\/li>\n<li>Test de detecci\u00f3n de ant\u00edgeno, el cual no debe superar las 48 horas una vez se haya realizado.<\/li>\n<\/ul>\n<h3>Certificado de recuperaci\u00f3n frente al COVID-19<\/h3>\n<p>Para ingresar de forma satisfactoria al pa\u00eds europeo, tambi\u00e9n se debe presentar el certificado de recuperaci\u00f3n que demuestra que la persona ya no cuenta con el virus activo de COVID-19.<\/p>\n<p>Los certificados de recuperaci\u00f3n para que puedan considerarse v\u00e1lidos en Espa\u00f1a, deben ser expedidos por una autoridad, entidad o servicio m\u00e9dico autorizado, m\u00ednimo 11 d\u00edas despu\u00e9s de la primera prueba diagn\u00f3stica PCR, teniendo una validez de 180 d\u00edas a partir de la fecha en la que se realiz\u00f3.<\/p>\n<p>Teniendo en cuenta la informaci\u00f3n emitida, en PRO CORP estamos listos para cumplir tu sue\u00f1o de viajar a Espa\u00f1a y empezar a escribir juntos una nueva historia de vida. Ingresa aqu\u00ed y conoce m\u00e1s:\u00a0 <a href=\"http:\/\/www.pro-corp.net\/bck\/pro-corp-sas\/soluciones-legales-y-comunitarias\/nacionalidad-europea-por-ley-sefardi\/espana\/\">http:\/\/www.pro-corp.net\/bck\/pro-corp-sas\/soluciones-legales-y-comunitarias\/nacionalidad-europea-por-ley-sefardi\/espana\/<\/a><\/p>\n","protected":false},"excerpt":{"rendered":"<p>Si eres uno de esos viajeros provenientes de Colombia que han venido planeando su visita a Espa\u00f1a, pero no la han podido consolidar debido a las \u00faltimas restricciones por pandemia del COVID-19 en este pa\u00eds, la siguiente informaci\u00f3n seguramente te alegrar\u00e1 y te motivar\u00e1 a llevarla a cabo. A partir del pasado jueves 27 de [&hellip;]<\/p>\n","protected":false},"author":1656,"featured_media":8135,"comment_status":"open","ping_status":"open","sticky":false,"template":"","format":"standard","meta":[],"categories":[1],"tags":[160,159,158],"yoast_head":"<!-- This site is optimized with the Yoast SEO plugin v18.2 - https:\/\/yoast.com\/wordpress\/plugins\/seo\/ -->\n<title>Espa\u00f1a levanta restricciones a viajeros - Pro-corp<\/title>\n<meta name=\"description\" content=\"Buenas noticias viajero, Espa\u00f1a levant\u00f3 sus restricciones temporales para recibirte.\" \/>\n<meta name=\"robots\" content=\"index, follow, max-snippet:-1, max-image-preview:large, max-video-preview:-1\" \/>\n<link rel=\"canonical\" href=\"https:\/\/www.pro-corp.net\/bck\/espana-levanta-restricciones-a-viajeros\/\" \/>\n<meta property=\"og:locale\" content=\"es_ES\" \/>\n<meta property=\"og:type\" content=\"article\" \/>\n<meta property=\"og:title\" content=\"Espa\u00f1a levanta restricciones a viajeros - Pro-corp\" \/>\n<meta property=\"og:description\" content=\"Buenas noticias viajero, Espa\u00f1a levant\u00f3 sus restricciones temporales para recibirte.\" \/>\n<meta property=\"og:url\" content=\"https:\/\/www.pro-corp.net\/bck\/espana-levanta-restricciones-a-viajeros\/\" \/>\n<meta property=\"og:site_name\" content=\"Pro Corp Corporate Development\" \/>\n<meta property=\"article:publisher\" content=\"https:\/\/www.facebook.com\/Pro-Corp-Asesoria-legal-y-empresarial-105779337842842\/\" \/>\n<meta property=\"article:published_time\" content=\"2022-01-29T13:30:49+00:00\" \/>\n<meta property=\"article:modified_time\" content=\"2022-01-29T13:31:30+00:00\" \/>\n<meta property=\"og:image\" content=\"https:\/\/www.pro-corp.net\/bck\/wp-content\/uploads\/2022\/01\/pexels-mikhail-nilov-8430374-scaled.jpg\" \/>\n\t<meta property=\"og:image:width\" content=\"2560\" \/>\n\t<meta property=\"og:image:height\" content=\"1705\" \/>\n\t<meta property=\"og:image:type\" content=\"image\/jpeg\" \/>\n<meta name=\"twitter:card\" content=\"summary_large_image\" \/>\n<meta name=\"twitter:creator\" content=\"@Pro_Corp\" \/>\n<meta name=\"twitter:site\" content=\"@Pro_Corp\" \/>\n<meta name=\"twitter:label1\" content=\"Escrito por\" \/>\n\t<meta name=\"twitter:data1\" content=\"Christian Andres\" \/>\n\t<meta name=\"twitter:label2\" content=\"Tiempo de lectura\" \/>\n\t<meta name=\"twitter:data2\" content=\"3 minutos\" \/>\n<script type=\"application\/ld+json\" class=\"yoast-schema-graph\">{\"@context\":\"https:\/\/schema.org\",\"@graph\":[{\"@type\":\"Organization\",\"@id\":\"https:\/\/www.pro-corp.net\/bck\/#organization\",\"name\":\"Pro Corp Corporate Development\",\"url\":\"https:\/\/www.pro-corp.net\/bck\/\",\"sameAs\":[\"https:\/\/www.facebook.com\/Pro-Corp-Asesoria-legal-y-empresarial-105779337842842\/\",\"https:\/\/twitter.com\/Pro_Corp\"],\"logo\":{\"@type\":\"ImageObject\",\"@id\":\"https:\/\/www.pro-corp.net\/bck\/#logo\",\"inLanguage\":\"es\",\"url\":\"http:\/\/www.pro-corp.net\/bck\/wp-content\/uploads\/2020\/06\/icon.png\",\"contentUrl\":\"http:\/\/www.pro-corp.net\/bck\/wp-content\/uploads\/2020\/06\/icon.png\",\"width\":640,\"height\":640,\"caption\":\"Pro Corp Corporate Development\"},\"image\":{\"@id\":\"https:\/\/www.pro-corp.net\/bck\/#logo\"}},{\"@type\":\"WebSite\",\"@id\":\"https:\/\/www.pro-corp.net\/bck\/#website\",\"url\":\"https:\/\/www.pro-corp.net\/bck\/\",\"name\":\"Pro Corp Corporate Development\",\"description\":\"Nacionalidad Europea por Ley Sefard\u00ed\",\"publisher\":{\"@id\":\"https:\/\/www.pro-corp.net\/bck\/#organization\"},\"potentialAction\":[{\"@type\":\"SearchAction\",\"target\":{\"@type\":\"EntryPoint\",\"urlTemplate\":\"https:\/\/www.pro-corp.net\/bck\/?s={search_term_string}\"},\"query-input\":\"required name=search_term_string\"}],\"inLanguage\":\"es\"},{\"@type\":\"ImageObject\",\"@id\":\"https:\/\/www.pro-corp.net\/bck\/espana-levanta-restricciones-a-viajeros\/#primaryimage\",\"inLanguage\":\"es\",\"url\":\"https:\/\/www.pro-corp.net\/bck\/wp-content\/uploads\/2022\/01\/pexels-mikhail-nilov-8430374-scaled.jpg\",\"contentUrl\":\"https:\/\/www.pro-corp.net\/bck\/wp-content\/uploads\/2022\/01\/pexels-mikhail-nilov-8430374-scaled.jpg\",\"width\":2560,\"height\":1705,\"caption\":\"Foto de Mikhail Nilov en Pexels\"},{\"@type\":\"WebPage\",\"@id\":\"https:\/\/www.pro-corp.net\/bck\/espana-levanta-restricciones-a-viajeros\/#webpage\",\"url\":\"https:\/\/www.pro-corp.net\/bck\/espana-levanta-restricciones-a-viajeros\/\",\"name\":\"Espa\u00f1a levanta restricciones a viajeros - Pro-corp\",\"isPartOf\":{\"@id\":\"https:\/\/www.pro-corp.net\/bck\/#website\"},\"primaryImageOfPage\":{\"@id\":\"https:\/\/www.pro-corp.net\/bck\/espana-levanta-restricciones-a-viajeros\/#primaryimage\"},\"datePublished\":\"2022-01-29T13:30:49+00:00\",\"dateModified\":\"2022-01-29T13:31:30+00:00\",\"description\":\"Buenas noticias viajero, Espa\u00f1a levant\u00f3 sus restricciones temporales para recibirte.\",\"breadcrumb\":{\"@id\":\"https:\/\/www.pro-corp.net\/bck\/espana-levanta-restricciones-a-viajeros\/#breadcrumb\"},\"inLanguage\":\"es\",\"potentialAction\":[{\"@type\":\"ReadAction\",\"target\":[\"https:\/\/www.pro-corp.net\/bck\/espana-levanta-restricciones-a-viajeros\/\"]}]},{\"@type\":\"BreadcrumbList\",\"@id\":\"https:\/\/www.pro-corp.net\/bck\/espana-levanta-restricciones-a-viajeros\/#breadcrumb\",\"itemListElement\":[{\"@type\":\"ListItem\",\"position\":1,\"name\":\"Espa\u00f1a levanta restricciones a viajeros provenientes de Colombia\"}]},{\"@type\":\"Article\",\"@id\":\"https:\/\/www.pro-corp.net\/bck\/espana-levanta-restricciones-a-viajeros\/#article\",\"isPartOf\":{\"@id\":\"https:\/\/www.pro-corp.net\/bck\/espana-levanta-restricciones-a-viajeros\/#webpage\"},\"author\":{\"@id\":\"https:\/\/www.pro-corp.net\/bck\/#\/schema\/person\/d6eda375fcca981cadf1e8f102bb8966\"},\"headline\":\"Espa\u00f1a levanta restricciones a viajeros provenientes de Colombia\",\"datePublished\":\"2022-01-29T13:30:49+00:00\",\"dateModified\":\"2022-01-29T13:31:30+00:00\",\"mainEntityOfPage\":{\"@id\":\"https:\/\/www.pro-corp.net\/bck\/espana-levanta-restricciones-a-viajeros\/#webpage\"},\"wordCount\":530,\"commentCount\":0,\"publisher\":{\"@id\":\"https:\/\/www.pro-corp.net\/bck\/#organization\"},\"image\":{\"@id\":\"https:\/\/www.pro-corp.net\/bck\/espana-levanta-restricciones-a-viajeros\/#primaryimage\"},\"thumbnailUrl\":\"https:\/\/www.pro-corp.net\/bck\/wp-content\/uploads\/2022\/01\/pexels-mikhail-nilov-8430374-scaled.jpg\",\"keywords\":[\"Certificado de recuperaci\u00f3n frente al COVID-19.\",\"Certificado de vacunaci\u00f3n\",\"Resultado negativo de COVID-19\"],\"articleSection\":[\"Uncategorized\"],\"inLanguage\":\"es\",\"potentialAction\":[{\"@type\":\"CommentAction\",\"name\":\"Comment\",\"target\":[\"https:\/\/www.pro-corp.net\/bck\/espana-levanta-restricciones-a-viajeros\/#respond\"]}]},{\"@type\":\"Person\",\"@id\":\"https:\/\/www.pro-corp.net\/bck\/#\/schema\/person\/d6eda375fcca981cadf1e8f102bb8966\",\"name\":\"Christian Andres\",\"image\":{\"@type\":\"ImageObject\",\"@id\":\"https:\/\/www.pro-corp.net\/bck\/#personlogo\",\"inLanguage\":\"es\",\"url\":\"https:\/\/secure.gravatar.com\/avatar\/87676f1df919f3ff761ee73fc0e15532?s=96&d=mm&r=g\",\"contentUrl\":\"https:\/\/secure.gravatar.com\/avatar\/87676f1df919f3ff761ee73fc0e15532?s=96&d=mm&r=g\",\"caption\":\"Christian Andres\"}}]}<\/script>\n<!-- \/ Yoast SEO plugin. -->","yoast_head_json":{"title":"Espa\u00f1a levanta restricciones a viajeros - Pro-corp","description":"Buenas noticias viajero, Espa\u00f1a levant\u00f3 sus restricciones temporales para recibirte.","robots":{"index":"index","follow":"follow","max-snippet":"max-snippet:-1","max-image-preview":"max-image-preview:large","max-video-preview":"max-video-preview:-1"},"canonical":"https:\/\/www.pro-corp.net\/bck\/espana-levanta-restricciones-a-viajeros\/","og_locale":"es_ES","og_type":"article","og_title":"Espa\u00f1a levanta restricciones a viajeros - Pro-corp","og_description":"Buenas noticias viajero, Espa\u00f1a levant\u00f3 sus restricciones temporales para recibirte.","og_url":"https:\/\/www.pro-corp.net\/bck\/espana-levanta-restricciones-a-viajeros\/","og_site_name":"Pro Corp Corporate Development","article_publisher":"https:\/\/www.facebook.com\/Pro-Corp-Asesoria-legal-y-empresarial-105779337842842\/","article_published_time":"2022-01-29T13:30:49+00:00","article_modified_time":"2022-01-29T13:31:30+00:00","og_image":[{"width":2560,"height":1705,"url":"https:\/\/www.pro-corp.net\/bck\/wp-content\/uploads\/2022\/01\/pexels-mikhail-nilov-8430374-scaled.jpg","type":"image\/jpeg"}],"twitter_card":"summary_large_image","twitter_creator":"@Pro_Corp","twitter_site":"@Pro_Corp","twitter_misc":{"Escrito por":"Christian Andres","Tiempo de lectura":"3 minutos"},"schema":{"@context":"https:\/\/schema.org","@graph":[{"@type":"Organization","@id":"https:\/\/www.pro-corp.net\/bck\/#organization","name":"Pro Corp Corporate Development","url":"https:\/\/www.pro-corp.net\/bck\/","sameAs":["https:\/\/www.facebook.com\/Pro-Corp-Asesoria-legal-y-empresarial-105779337842842\/","https:\/\/twitter.com\/Pro_Corp"],"logo":{"@type":"ImageObject","@id":"https:\/\/www.pro-corp.net\/bck\/#logo","inLanguage":"es","url":"http:\/\/www.pro-corp.net\/bck\/wp-content\/uploads\/2020\/06\/icon.png","contentUrl":"http:\/\/www.pro-corp.net\/bck\/wp-content\/uploads\/2020\/06\/icon.png","width":640,"height":640,"caption":"Pro Corp Corporate Development"},"image":{"@id":"https:\/\/www.pro-corp.net\/bck\/#logo"}},{"@type":"WebSite","@id":"https:\/\/www.pro-corp.net\/bck\/#website","url":"https:\/\/www.pro-corp.net\/bck\/","name":"Pro Corp Corporate Development","description":"Nacionalidad Europea por Ley Sefard\u00ed","publisher":{"@id":"https:\/\/www.pro-corp.net\/bck\/#organization"},"potentialAction":[{"@type":"SearchAction","target":{"@type":"EntryPoint","urlTemplate":"https:\/\/www.pro-corp.net\/bck\/?s={search_term_string}"},"query-input":"required name=search_term_string"}],"inLanguage":"es"},{"@type":"ImageObject","@id":"https:\/\/www.pro-corp.net\/bck\/espana-levanta-restricciones-a-viajeros\/#primaryimage","inLanguage":"es","url":"https:\/\/www.pro-corp.net\/bck\/wp-content\/uploads\/2022\/01\/pexels-mikhail-nilov-8430374-scaled.jpg","contentUrl":"https:\/\/www.pro-corp.net\/bck\/wp-content\/uploads\/2022\/01\/pexels-mikhail-nilov-8430374-scaled.jpg","width":2560,"height":1705,"caption":"Foto de Mikhail Nilov en Pexels"},{"@type":"WebPage","@id":"https:\/\/www.pro-corp.net\/bck\/espana-levanta-restricciones-a-viajeros\/#webpage","url":"https:\/\/www.pro-corp.net\/bck\/espana-levanta-restricciones-a-viajeros\/","name":"Espa\u00f1a levanta restricciones a viajeros - Pro-corp","isPartOf":{"@id":"https:\/\/www.pro-corp.net\/bck\/#website"},"primaryImageOfPage":{"@id":"https:\/\/www.pro-corp.net\/bck\/espana-levanta-restricciones-a-viajeros\/#primaryimage"},"datePublished":"2022-01-29T13:30:49+00:00","dateModified":"2022-01-29T13:31:30+00:00","description":"Buenas noticias viajero, Espa\u00f1a levant\u00f3 sus restricciones temporales para recibirte.","breadcrumb":{"@id":"https:\/\/www.pro-corp.net\/bck\/espana-levanta-restricciones-a-viajeros\/#breadcrumb"},"inLanguage":"es","potentialAction":[{"@type":"ReadAction","target":["https:\/\/www.pro-corp.net\/bck\/espana-levanta-restricciones-a-viajeros\/"]}]},{"@type":"BreadcrumbList","@id":"https:\/\/www.pro-corp.net\/bck\/espana-levanta-restricciones-a-viajeros\/#breadcrumb","itemListElement":[{"@type":"ListItem","position":1,"name":"Espa\u00f1a levanta restricciones a viajeros provenientes de Colombia"}]},{"@type":"Article","@id":"https:\/\/www.pro-corp.net\/bck\/espana-levanta-restricciones-a-viajeros\/#article","isPartOf":{"@id":"https:\/\/www.pro-corp.net\/bck\/espana-levanta-restricciones-a-viajeros\/#webpage"},"author":{"@id":"https:\/\/www.pro-corp.net\/bck\/#\/schema\/person\/d6eda375fcca981cadf1e8f102bb8966"},"headline":"Espa\u00f1a levanta restricciones a viajeros provenientes de Colombia","datePublished":"2022-01-29T13:30:49+00:00","dateModified":"2022-01-29T13:31:30+00:00","mainEntityOfPage":{"@id":"https:\/\/www.pro-corp.net\/bck\/espana-levanta-restricciones-a-viajeros\/#webpage"},"wordCount":530,"commentCount":0,"publisher":{"@id":"https:\/\/www.pro-corp.net\/bck\/#organization"},"image":{"@id":"https:\/\/www.pro-corp.net\/bck\/espana-levanta-restricciones-a-viajeros\/#primaryimage"},"thumbnailUrl":"https:\/\/www.pro-corp.net\/bck\/wp-content\/uploads\/2022\/01\/pexels-mikhail-nilov-8430374-scaled.jpg","keywords":["Certificado de recuperaci\u00f3n frente al COVID-19.","Certificado de vacunaci\u00f3n","Resultado negativo de COVID-19"],"articleSection":["Uncategorized"],"inLanguage":"es","potentialAction":[{"@type":"CommentAction","name":"Comment","target":["https:\/\/www.pro-corp.net\/bck\/espana-levanta-restricciones-a-viajeros\/#respond"]}]},{"@type":"Person","@id":"https:\/\/www.pro-corp.net\/bck\/#\/schema\/person\/d6eda375fcca981cadf1e8f102bb8966","name":"Christian Andres","image":{"@type":"ImageObject","@id":"https:\/\/www.pro-corp.net\/bck\/#personlogo","inLanguage":"es","url":"https:\/\/secure.gravatar.com\/avatar\/87676f1df919f3ff761ee73fc0e15532?s=96&d=mm&r=g","contentUrl":"https:\/\/secure.gravatar.com\/avatar\/87676f1df919f3ff761ee73fc0e15532?s=96&d=mm&r=g","caption":"Christian Andres"}}]}},"_links":{"self":[{"href":"https:\/\/www.pro-corp.net\/bck\/wp-json\/wp\/v2\/posts\/8134"}],"collection":[{"href":"https:\/\/www.pro-corp.net\/bck\/wp-json\/wp\/v2\/posts"}],"about":[{"href":"https:\/\/www.pro-corp.net\/bck\/wp-json\/wp\/v2\/types\/post"}],"author":[{"embeddable":true,"href":"https:\/\/www.pro-corp.net\/bck\/wp-json\/wp\/v2\/users\/1656"}],"replies":[{"embeddable":true,"href":"https:\/\/www.pro-corp.net\/bck\/wp-json\/wp\/v2\/comments?post=8134"}],"version-history":[{"count":2,"href":"https:\/\/www.pro-corp.net\/bck\/wp-json\/wp\/v2\/posts\/8134\/revisions"}],"predecessor-version":[{"id":8137,"href":"https:\/\/www.pro-corp.net\/bck\/wp-json\/wp\/v2\/posts\/8134\/revisions\/8137"}],"wp:featuredmedia":[{"embeddable":true,"href":"https:\/\/www.pro-corp.net\/bck\/wp-json\/wp\/v2\/media\/8135"}],"wp:attachment":[{"href":"https:\/\/www.pro-corp.net\/bck\/wp-json\/wp\/v2\/media?parent=8134"}],"wp:term":[{"taxonomy":"category","embeddable":true,"href":"https:\/\/www.pro-corp.net\/bck\/wp-json\/wp\/v2\/categories?post=8134"},{"taxonomy":"post_tag","embeddable":true,"href":"https:\/\/www.pro-corp.net\/bck\/wp-json\/wp\/v2\/tags?post=8134"}],"curies":[{"name":"wp","href":"https:\/\/api.w.org\/{rel}","templated":true}]}}